{"id":12204,"date":"2025-06-11T10:32:06","date_gmt":"2025-06-11T10:32:06","guid":{"rendered":"https:\/\/culturbaine.com\/?p=12204"},"modified":"2025-06-11T10:32:06","modified_gmt":"2025-06-11T10:32:06","slug":"coupe-du-tchad-de-slam-2025-cap-sur-la-finale-ce-vendredi","status":"publish","type":"post","link":"https:\/\/culturbaine.com\/index.php\/2025\/06\/11\/coupe-du-tchad-de-slam-2025-cap-sur-la-finale-ce-vendredi\/","title":{"rendered":"Coupe du Tchad de Slam 2025 : cap sur la finale ce vendredi"},"content":{"rendered":"<p>Ce vendredi 13 juin, de 15h30 \u00e0 17h30, le CEFOD (Salle Multim\u00e9dia) accueillera les demi-finales et la finale de<strong> la Coupe du Tchad de Slam.<\/strong> Cinq voix, cinq styles, cinq trajectoires. Ils viennent de diff\u00e9rentes villes du pays pour d\u00e9fendre leur plume et tenter de repartir avec le troph\u00e9e.<\/p>\n<p>En lice : <strong>Tanzy Larime<\/strong> (N\u2019Djamena), <strong>Loulou Montana<\/strong> (N\u2019Djamena), <strong>Di-Mallah<\/strong> (Sarh), <strong>Dani<\/strong> (Koumra) et <strong>David<\/strong> <strong>Le Fou de Dieu<\/strong> (N\u2019Djamena)<\/p>\n<p>Apr\u00e8s <strong>Alvin, Abed-N\u00e9go Kassir<\/strong> et <strong>Triciana<\/strong>, le micro sacr\u00e9 cherche son prochain porteur de flamme. Le public aura droit \u00e0 un final br\u00fblant entre punchlines, po\u00e9sie engag\u00e9e et \u00e9nergie sc\u00e9nique.<\/p>\n<p>Qui marquera cette \u00e9dition de son empreinte ? R\u00e9ponse ce vendredi.<\/p>\n<p><strong>Mohamed Cinq Sylla<\/strong><\/p>\n","protected":false},"excerpt":{"rendered":"<p>Ce vendredi 13 juin, de 15h30 \u00e0 17h30, le CEFOD (Salle Multim\u00e9dia) accueillera les demi-finales et la finale de la Coupe du Tchad de Slam. Cinq voix, cinq styles, cinq trajectoires. Ils viennent de diff\u00e9rentes villes du pays pour d\u00e9fendre leur plume et tenter de repartir avec le troph\u00e9e. En lice : Tanzy Larime (N\u2019Djamena), [&hellip;]<\/p>\n","protected":false},"author":2,"featured_media":12205,"comment_status":"closed","ping_status":"closed","sticky":false,"template":"","format":"standard","meta":{"_mi_skip_tracking":false,"_monsterinsights_sitenote_active":false,"_monsterinsights_sitenote_note":"","_monsterinsights_sitenote_category":0,"footnotes":""},"categories":[21,33,2386],"tags":[4014],"class_list":["post-12204","post","type-post","status-publish","format-standard","has-post-thumbnail","hentry","category-actualite","category-agenda","category-slam","tag-coupe-du-tchad-de-slam-2025-cap-sur-la-finale-ce-vendredi"],"yoast_head":"<!-- This site is optimized with the Yoast SEO Premium plugin v20.1 (Yoast SEO v24.0) - https:\/\/yoast.com\/wordpress\/plugins\/seo\/ -->\n<title>Coupe du Tchad de Slam 2025 : cap sur la finale ce vendredi - Culturbaine<\/title>\n<meta name=\"robots\" content=\"index, follow, max-snippet:-1, max-image-preview:large, max-video-preview:-1\" \/>\n<link rel=\"canonical\" href=\"https:\/\/culturbaine.com\/index.php\/2025\/06\/11\/coupe-du-tchad-de-slam-2025-cap-sur-la-finale-ce-vendredi\/\" \/>\n<meta property=\"og:locale\" content=\"fr_FR\" \/>\n<meta property=\"og:type\" content=\"article\" \/>\n<meta property=\"og:title\" content=\"Coupe du Tchad de Slam 2025 : cap sur la finale ce vendredi\" \/>\n<meta property=\"og:description\" content=\"Ce vendredi 13 juin, de 15h30 \u00e0 17h30, le CEFOD (Salle Multim\u00e9dia) accueillera les demi-finales et la finale de la Coupe du Tchad de Slam. Cinq voix, cinq styles, cinq trajectoires. Ils viennent de diff\u00e9rentes villes du pays pour d\u00e9fendre leur plume et tenter de repartir avec le troph\u00e9e. En lice : Tanzy Larime (N\u2019Djamena), [&hellip;]\" \/>\n<meta property=\"og:url\" content=\"https:\/\/culturbaine.com\/index.php\/2025\/06\/11\/coupe-du-tchad-de-slam-2025-cap-sur-la-finale-ce-vendredi\/\" \/>\n<meta property=\"og:site_name\" content=\"Culturbaine\" \/>\n<meta property=\"article:publisher\" content=\"https:\/\/www.facebook.com\/Culturbaines\" \/>\n<meta property=\"article:published_time\" content=\"2025-06-11T10:32:06+00:00\" \/>\n<meta property=\"og:image\" content=\"https:\/\/culturbaine.com\/wp-content\/uploads\/2025\/06\/1749636121837.jpg\" \/>\n\t<meta property=\"og:image:width\" content=\"720\" \/>\n\t<meta property=\"og:image:height\" content=\"538\" \/>\n\t<meta property=\"og:image:type\" content=\"image\/jpeg\" \/>\n<meta name=\"author\" content=\"admin1\" \/>\n<meta name=\"twitter:card\" content=\"summary_large_image\" \/>\n<meta name=\"twitter:creator\" content=\"@culturbaines\" \/>\n<meta name=\"twitter:site\" content=\"@culturbaines\" \/>\n<meta name=\"twitter:label1\" content=\"\u00c9crit par\" \/>\n\t<meta name=\"twitter:data1\" content=\"admin1\" \/>\n\t<meta name=\"twitter:label2\" content=\"Dur\u00e9e de lecture estim\u00e9e\" \/>\n\t<meta name=\"twitter:data2\" content=\"1 minute\" \/>\n<script type=\"application\/ld+json\" class=\"yoast-schema-graph\">{\"@context\":\"https:\/\/schema.org\",\"@graph\":[{\"@type\":\"Article\",\"@id\":\"https:\/\/culturbaine.com\/index.php\/2025\/06\/11\/coupe-du-tchad-de-slam-2025-cap-sur-la-finale-ce-vendredi\/#article\",\"isPartOf\":{\"@id\":\"https:\/\/culturbaine.com\/index.php\/2025\/06\/11\/coupe-du-tchad-de-slam-2025-cap-sur-la-finale-ce-vendredi\/\"},\"author\":{\"name\":\"admin1\",\"@id\":\"https:\/\/culturbaine.com\/#\/schema\/person\/42eb7485c572e0746c1ea6b8216c3814\"},\"headline\":\"Coupe du Tchad de Slam 2025 : cap sur la finale ce vendredi\",\"datePublished\":\"2025-06-11T10:32:06+00:00\",\"dateModified\":\"2025-06-11T10:32:06+00:00\",\"mainEntityOfPage\":{\"@id\":\"https:\/\/culturbaine.com\/index.php\/2025\/06\/11\/coupe-du-tchad-de-slam-2025-cap-sur-la-finale-ce-vendredi\/\"},\"wordCount\":133,\"publisher\":{\"@id\":\"https:\/\/culturbaine.com\/#organization\"},\"image\":{\"@id\":\"https:\/\/culturbaine.com\/index.php\/2025\/06\/11\/coupe-du-tchad-de-slam-2025-cap-sur-la-finale-ce-vendredi\/#primaryimage\"},\"thumbnailUrl\":\"https:\/\/culturbaine.com\/wp-content\/uploads\/2025\/06\/1749636121837.jpg\",\"keywords\":[\"Coupe du Tchad de Slam 2025 : cap sur la finale ce vendredi\"],\"articleSection\":[\"Actualit\u00e9\",\"Agenda\",\"Slam\"],\"inLanguage\":\"fr-FR\"},{\"@type\":\"WebPage\",\"@id\":\"https:\/\/culturbaine.com\/index.php\/2025\/06\/11\/coupe-du-tchad-de-slam-2025-cap-sur-la-finale-ce-vendredi\/\",\"url\":\"https:\/\/culturbaine.com\/index.php\/2025\/06\/11\/coupe-du-tchad-de-slam-2025-cap-sur-la-finale-ce-vendredi\/\",\"name\":\"Coupe du Tchad de Slam 2025 : cap sur la finale ce vendredi - Culturbaine\",\"isPartOf\":{\"@id\":\"https:\/\/culturbaine.com\/#website\"},\"primaryImageOfPage\":{\"@id\":\"https:\/\/culturbaine.com\/index.php\/2025\/06\/11\/coupe-du-tchad-de-slam-2025-cap-sur-la-finale-ce-vendredi\/#primaryimage\"},\"image\":{\"@id\":\"https:\/\/culturbaine.com\/index.php\/2025\/06\/11\/coupe-du-tchad-de-slam-2025-cap-sur-la-finale-ce-vendredi\/#primaryimage\"},\"thumbnailUrl\":\"https:\/\/culturbaine.com\/wp-content\/uploads\/2025\/06\/1749636121837.jpg\",\"datePublished\":\"2025-06-11T10:32:06+00:00\",\"dateModified\":\"2025-06-11T10:32:06+00:00\",\"breadcrumb\":{\"@id\":\"https:\/\/culturbaine.com\/index.php\/2025\/06\/11\/coupe-du-tchad-de-slam-2025-cap-sur-la-finale-ce-vendredi\/#breadcrumb\"},\"inLanguage\":\"fr-FR\",\"potentialAction\":[{\"@type\":\"ReadAction\",\"target\":[\"https:\/\/culturbaine.com\/index.php\/2025\/06\/11\/coupe-du-tchad-de-slam-2025-cap-sur-la-finale-ce-vendredi\/\"]}]},{\"@type\":\"ImageObject\",\"inLanguage\":\"fr-FR\",\"@id\":\"https:\/\/culturbaine.com\/index.php\/2025\/06\/11\/coupe-du-tchad-de-slam-2025-cap-sur-la-finale-ce-vendredi\/#primaryimage\",\"url\":\"https:\/\/culturbaine.com\/wp-content\/uploads\/2025\/06\/1749636121837.jpg\",\"contentUrl\":\"https:\/\/culturbaine.com\/wp-content\/uploads\/2025\/06\/1749636121837.jpg\",\"width\":720,\"height\":538},{\"@type\":\"BreadcrumbList\",\"@id\":\"https:\/\/culturbaine.com\/index.php\/2025\/06\/11\/coupe-du-tchad-de-slam-2025-cap-sur-la-finale-ce-vendredi\/#breadcrumb\",\"itemListElement\":[{\"@type\":\"ListItem\",\"position\":1,\"name\":\"Home\",\"item\":\"https:\/\/culturbaine.com\/\"},{\"@type\":\"ListItem\",\"position\":2,\"name\":\"Coupe du Tchad de Slam 2025 : cap sur la finale ce vendredi\"}]},{\"@type\":\"WebSite\",\"@id\":\"https:\/\/culturbaine.com\/#website\",\"url\":\"https:\/\/culturbaine.com\/\",\"name\":\"Culturbaine.com\",\"description\":\"Toute l&#039;actualit\u00e9 des Cultures Urbaines, en un clic  !\",\"publisher\":{\"@id\":\"https:\/\/culturbaine.com\/#organization\"},\"potentialAction\":[{\"@type\":\"SearchAction\",\"target\":{\"@type\":\"EntryPoint\",\"urlTemplate\":\"https:\/\/culturbaine.com\/?s={search_term_string}\"},\"query-input\":{\"@type\":\"PropertyValueSpecification\",\"valueRequired\":true,\"valueName\":\"search_term_string\"}}],\"inLanguage\":\"fr-FR\"},{\"@type\":\"Organization\",\"@id\":\"https:\/\/culturbaine.com\/#organization\",\"name\":\"Culturbaine.com\",\"url\":\"https:\/\/culturbaine.com\/\",\"logo\":{\"@type\":\"ImageObject\",\"inLanguage\":\"fr-FR\",\"@id\":\"https:\/\/culturbaine.com\/#\/schema\/logo\/image\/\",\"url\":\"https:\/\/culturbaine.com\/wp-content\/uploads\/2023\/07\/WhatsApp-Image-2023-07-17-at-14.38.18.jpeg\",\"contentUrl\":\"https:\/\/culturbaine.com\/wp-content\/uploads\/2023\/07\/WhatsApp-Image-2023-07-17-at-14.38.18.jpeg\",\"width\":855,\"height\":270,\"caption\":\"Culturbaine.com\"},\"image\":{\"@id\":\"https:\/\/culturbaine.com\/#\/schema\/logo\/image\/\"},\"sameAs\":[\"https:\/\/www.facebook.com\/Culturbaines\",\"https:\/\/x.com\/culturbaines\"]},{\"@type\":\"Person\",\"@id\":\"https:\/\/culturbaine.com\/#\/schema\/person\/42eb7485c572e0746c1ea6b8216c3814\",\"name\":\"admin1\",\"image\":{\"@type\":\"ImageObject\",\"inLanguage\":\"fr-FR\",\"@id\":\"https:\/\/culturbaine.com\/#\/schema\/person\/image\/\",\"url\":\"https:\/\/secure.gravatar.com\/avatar\/c268f4d483ce0486e5a10fee87bbf756?s=96&d=mm&r=g\",\"contentUrl\":\"https:\/\/secure.gravatar.com\/avatar\/c268f4d483ce0486e5a10fee87bbf756?s=96&d=mm&r=g\",\"caption\":\"admin1\"},\"url\":\"https:\/\/culturbaine.com\/index.php\/author\/admin1\/\"}]}<\/script>\n<!-- \/ Yoast SEO Premium plugin. -->","yoast_head_json":{"title":"Coupe du Tchad de Slam 2025 : cap sur la finale ce vendredi - Culturbaine","robots":{"index":"index","follow":"follow","max-snippet":"max-snippet:-1","max-image-preview":"max-image-preview:large","max-video-preview":"max-video-preview:-1"},"canonical":"https:\/\/culturbaine.com\/index.php\/2025\/06\/11\/coupe-du-tchad-de-slam-2025-cap-sur-la-finale-ce-vendredi\/","og_locale":"fr_FR","og_type":"article","og_title":"Coupe du Tchad de Slam 2025 : cap sur la finale ce vendredi","og_description":"Ce vendredi 13 juin, de 15h30 \u00e0 17h30, le CEFOD (Salle Multim\u00e9dia) accueillera les demi-finales et la finale de la Coupe du Tchad de Slam. Cinq voix, cinq styles, cinq trajectoires. Ils viennent de diff\u00e9rentes villes du pays pour d\u00e9fendre leur plume et tenter de repartir avec le troph\u00e9e. En lice : Tanzy Larime (N\u2019Djamena), [&hellip;]","og_url":"https:\/\/culturbaine.com\/index.php\/2025\/06\/11\/coupe-du-tchad-de-slam-2025-cap-sur-la-finale-ce-vendredi\/","og_site_name":"Culturbaine","article_publisher":"https:\/\/www.facebook.com\/Culturbaines","article_published_time":"2025-06-11T10:32:06+00:00","og_image":[{"width":720,"height":538,"url":"https:\/\/culturbaine.com\/wp-content\/uploads\/2025\/06\/1749636121837.jpg","type":"image\/jpeg"}],"author":"admin1","twitter_card":"summary_large_image","twitter_creator":"@culturbaines","twitter_site":"@culturbaines","twitter_misc":{"\u00c9crit par":"admin1","Dur\u00e9e de lecture estim\u00e9e":"1 minute"},"schema":{"@context":"https:\/\/schema.org","@graph":[{"@type":"Article","@id":"https:\/\/culturbaine.com\/index.php\/2025\/06\/11\/coupe-du-tchad-de-slam-2025-cap-sur-la-finale-ce-vendredi\/#article","isPartOf":{"@id":"https:\/\/culturbaine.com\/index.php\/2025\/06\/11\/coupe-du-tchad-de-slam-2025-cap-sur-la-finale-ce-vendredi\/"},"author":{"name":"admin1","@id":"https:\/\/culturbaine.com\/#\/schema\/person\/42eb7485c572e0746c1ea6b8216c3814"},"headline":"Coupe du Tchad de Slam 2025 : cap sur la finale ce vendredi","datePublished":"2025-06-11T10:32:06+00:00","dateModified":"2025-06-11T10:32:06+00:00","mainEntityOfPage":{"@id":"https:\/\/culturbaine.com\/index.php\/2025\/06\/11\/coupe-du-tchad-de-slam-2025-cap-sur-la-finale-ce-vendredi\/"},"wordCount":133,"publisher":{"@id":"https:\/\/culturbaine.com\/#organization"},"image":{"@id":"https:\/\/culturbaine.com\/index.php\/2025\/06\/11\/coupe-du-tchad-de-slam-2025-cap-sur-la-finale-ce-vendredi\/#primaryimage"},"thumbnailUrl":"https:\/\/culturbaine.com\/wp-content\/uploads\/2025\/06\/1749636121837.jpg","keywords":["Coupe du Tchad de Slam 2025 : cap sur la finale ce vendredi"],"articleSection":["Actualit\u00e9","Agenda","Slam"],"inLanguage":"fr-FR"},{"@type":"WebPage","@id":"https:\/\/culturbaine.com\/index.php\/2025\/06\/11\/coupe-du-tchad-de-slam-2025-cap-sur-la-finale-ce-vendredi\/","url":"https:\/\/culturbaine.com\/index.php\/2025\/06\/11\/coupe-du-tchad-de-slam-2025-cap-sur-la-finale-ce-vendredi\/","name":"Coupe du Tchad de Slam 2025 : cap sur la finale ce vendredi - Culturbaine","isPartOf":{"@id":"https:\/\/culturbaine.com\/#website"},"primaryImageOfPage":{"@id":"https:\/\/culturbaine.com\/index.php\/2025\/06\/11\/coupe-du-tchad-de-slam-2025-cap-sur-la-finale-ce-vendredi\/#primaryimage"},"image":{"@id":"https:\/\/culturbaine.com\/index.php\/2025\/06\/11\/coupe-du-tchad-de-slam-2025-cap-sur-la-finale-ce-vendredi\/#primaryimage"},"thumbnailUrl":"https:\/\/culturbaine.com\/wp-content\/uploads\/2025\/06\/1749636121837.jpg","datePublished":"2025-06-11T10:32:06+00:00","dateModified":"2025-06-11T10:32:06+00:00","breadcrumb":{"@id":"https:\/\/culturbaine.com\/index.php\/2025\/06\/11\/coupe-du-tchad-de-slam-2025-cap-sur-la-finale-ce-vendredi\/#breadcrumb"},"inLanguage":"fr-FR","potentialAction":[{"@type":"ReadAction","target":["https:\/\/culturbaine.com\/index.php\/2025\/06\/11\/coupe-du-tchad-de-slam-2025-cap-sur-la-finale-ce-vendredi\/"]}]},{"@type":"ImageObject","inLanguage":"fr-FR","@id":"https:\/\/culturbaine.com\/index.php\/2025\/06\/11\/coupe-du-tchad-de-slam-2025-cap-sur-la-finale-ce-vendredi\/#primaryimage","url":"https:\/\/culturbaine.com\/wp-content\/uploads\/2025\/06\/1749636121837.jpg","contentUrl":"https:\/\/culturbaine.com\/wp-content\/uploads\/2025\/06\/1749636121837.jpg","width":720,"height":538},{"@type":"BreadcrumbList","@id":"https:\/\/culturbaine.com\/index.php\/2025\/06\/11\/coupe-du-tchad-de-slam-2025-cap-sur-la-finale-ce-vendredi\/#breadcrumb","itemListElement":[{"@type":"ListItem","position":1,"name":"Home","item":"https:\/\/culturbaine.com\/"},{"@type":"ListItem","position":2,"name":"Coupe du Tchad de Slam 2025 : cap sur la finale ce vendredi"}]},{"@type":"WebSite","@id":"https:\/\/culturbaine.com\/#website","url":"https:\/\/culturbaine.com\/","name":"Culturbaine.com","description":"Toute l&#039;actualit\u00e9 des Cultures Urbaines, en un clic  !","publisher":{"@id":"https:\/\/culturbaine.com\/#organization"},"potentialAction":[{"@type":"SearchAction","target":{"@type":"EntryPoint","urlTemplate":"https:\/\/culturbaine.com\/?s={search_term_string}"},"query-input":{"@type":"PropertyValueSpecification","valueRequired":true,"valueName":"search_term_string"}}],"inLanguage":"fr-FR"},{"@type":"Organization","@id":"https:\/\/culturbaine.com\/#organization","name":"Culturbaine.com","url":"https:\/\/culturbaine.com\/","logo":{"@type":"ImageObject","inLanguage":"fr-FR","@id":"https:\/\/culturbaine.com\/#\/schema\/logo\/image\/","url":"https:\/\/culturbaine.com\/wp-content\/uploads\/2023\/07\/WhatsApp-Image-2023-07-17-at-14.38.18.jpeg","contentUrl":"https:\/\/culturbaine.com\/wp-content\/uploads\/2023\/07\/WhatsApp-Image-2023-07-17-at-14.38.18.jpeg","width":855,"height":270,"caption":"Culturbaine.com"},"image":{"@id":"https:\/\/culturbaine.com\/#\/schema\/logo\/image\/"},"sameAs":["https:\/\/www.facebook.com\/Culturbaines","https:\/\/x.com\/culturbaines"]},{"@type":"Person","@id":"https:\/\/culturbaine.com\/#\/schema\/person\/42eb7485c572e0746c1ea6b8216c3814","name":"admin1","image":{"@type":"ImageObject","inLanguage":"fr-FR","@id":"https:\/\/culturbaine.com\/#\/schema\/person\/image\/","url":"https:\/\/secure.gravatar.com\/avatar\/c268f4d483ce0486e5a10fee87bbf756?s=96&d=mm&r=g","contentUrl":"https:\/\/secure.gravatar.com\/avatar\/c268f4d483ce0486e5a10fee87bbf756?s=96&d=mm&r=g","caption":"admin1"},"url":"https:\/\/culturbaine.com\/index.php\/author\/admin1\/"}]}},"_links":{"self":[{"href":"https:\/\/culturbaine.com\/index.php\/wp-json\/wp\/v2\/posts\/12204"}],"collection":[{"href":"https:\/\/culturbaine.com\/index.php\/wp-json\/wp\/v2\/posts"}],"about":[{"href":"https:\/\/culturbaine.com\/index.php\/wp-json\/wp\/v2\/types\/post"}],"author":[{"embeddable":true,"href":"https:\/\/culturbaine.com\/index.php\/wp-json\/wp\/v2\/users\/2"}],"replies":[{"embeddable":true,"href":"https:\/\/culturbaine.com\/index.php\/wp-json\/wp\/v2\/comments?post=12204"}],"version-history":[{"count":0,"href":"https:\/\/culturbaine.com\/index.php\/wp-json\/wp\/v2\/posts\/12204\/revisions"}],"wp:featuredmedia":[{"embeddable":true,"href":"https:\/\/culturbaine.com\/index.php\/wp-json\/wp\/v2\/media\/12205"}],"wp:attachment":[{"href":"https:\/\/culturbaine.com\/index.php\/wp-json\/wp\/v2\/media?parent=12204"}],"wp:term":[{"taxonomy":"category","embeddable":true,"href":"https:\/\/culturbaine.com\/index.php\/wp-json\/wp\/v2\/categories?post=12204"},{"taxonomy":"post_tag","embeddable":true,"href":"https:\/\/culturbaine.com\/index.php\/wp-json\/wp\/v2\/tags?post=12204"}],"curies":[{"name":"wp","href":"https:\/\/api.w.org\/{rel}","templated":true}]}}