{"id":12025,"date":"2025-05-22T11:43:20","date_gmt":"2025-05-22T11:43:20","guid":{"rendered":"https:\/\/culturbaine.com\/?p=12025"},"modified":"2025-05-22T11:43:20","modified_gmt":"2025-05-22T11:43:20","slug":"finale-regionale-a-dakar-le-lycee-lycee-seydina-issa-rohou-laye-lpa-sacre-champion-du-slam","status":"publish","type":"post","link":"https:\/\/culturbaine.com\/index.php\/2025\/05\/22\/finale-regionale-a-dakar-le-lycee-lycee-seydina-issa-rohou-laye-lpa-sacre-champion-du-slam\/","title":{"rendered":"Finale R\u00e9gionale \u00e0 Dakar : Le Lyc\u00e9e Lyc\u00e9e Seydina Issa Rohou Laye (LPA) Sacr\u00e9 Champion du Slam"},"content":{"rendered":"<p>Comme annonc\u00e9 dans l\u2019un de nos pr\u00e9c\u00e9dents articles, la grande finale r\u00e9gionale du <strong>Slam School Tour<\/strong> pour l\u2019\u00e9tape de Dakar s\u2019est tenue le 17 mai dernier au Centre Culturel R\u00e9gional Blaise Senghor.<\/p>\n<p>Plac\u00e9e sous le th\u00e8me \u00ab <strong>Le r\u00f4le du num\u00e9rique dans l\u2019\u00e9ducation et l\u2019employabilit\u00e9 des jeunes \u00bb<\/strong>, cette \u00e9dition a rassembl\u00e9 plusieurs \u00e9tablissements scolaires de la r\u00e9gion dans une comp\u00e9tition haute en verbe et riche en \u00e9motions.<\/p>\n<p>Dans un duel palpitant, o\u00f9 les mots ont \u00e9t\u00e9 mani\u00e9s avec finesse et les rimes brillamment align\u00e9es, chaque \u00e9cole participante a su faire preuve de cr\u00e9ativit\u00e9 et d&rsquo;engagement.<\/p>\n<p>Au terme de deux manches intenses, c\u2019est le <strong>Lyc\u00e9e Seydina Issa Rohou Laye (LPA)<\/strong> qui s\u2019est hiss\u00e9 sur la plus haute marche du podium, d\u00e9crochant le titre de champion r\u00e9gional.<\/p>\n<p>Le Lyc\u00e9e <strong>Keur Massar<\/strong> et le Lyc\u00e9e El<strong> Hadji Ibrahima Diop<\/strong> de Yeumbeul ont respectivement remport\u00e9 la deuxi\u00e8me et la troisi\u00e8me place, compl\u00e9tant ainsi le trio de t\u00eate.<\/p>\n<p>Cette finale a une fois de plus d\u00e9montr\u00e9 le potentiel des jeunes dans l\u2019expression artistique et l\u2019importance du slam comme outil de sensibilisation et de r\u00e9flexion sur les enjeux actuels.<\/p>\n<p><img loading=\"lazy\" decoding=\"async\" class=\"aligncenter size-full wp-image-12027\" src=\"https:\/\/culturbaine.com\/wp-content\/uploads\/2025\/05\/1747913873616.jpg\" alt=\"\" width=\"720\" height=\"480\" srcset=\"https:\/\/culturbaine.com\/wp-content\/uploads\/2025\/05\/1747913873616.jpg 720w, https:\/\/culturbaine.com\/wp-content\/uploads\/2025\/05\/1747913873616-300x200.jpg 300w\" sizes=\"(max-width: 720px) 100vw, 720px\" \/><\/p>\n<p>Rendez-vous tr\u00e8s bient\u00f4t \u00e0 la Grande Finale Nationale<\/p>\n<p><strong>Mohamed Cinq Sylla<\/strong><\/p>\n","protected":false},"excerpt":{"rendered":"<p>Comme annonc\u00e9 dans l\u2019un de nos pr\u00e9c\u00e9dents articles, la grande finale r\u00e9gionale du Slam School Tour pour l\u2019\u00e9tape de Dakar s\u2019est tenue le 17 mai dernier au Centre Culturel R\u00e9gional Blaise Senghor. Plac\u00e9e sous le th\u00e8me \u00ab Le r\u00f4le du num\u00e9rique dans l\u2019\u00e9ducation et l\u2019employabilit\u00e9 des jeunes \u00bb, cette \u00e9dition a rassembl\u00e9 plusieurs \u00e9tablissements scolaires [&hellip;]<\/p>\n","protected":false},"author":2,"featured_media":12026,"comment_status":"closed","ping_status":"closed","sticky":false,"template":"","format":"standard","meta":{"_mi_skip_tracking":false,"_monsterinsights_sitenote_active":false,"_monsterinsights_sitenote_note":"","_monsterinsights_sitenote_category":0,"footnotes":""},"categories":[21,2386],"tags":[3943],"class_list":["post-12025","post","type-post","status-publish","format-standard","has-post-thumbnail","hentry","category-actualite","category-slam","tag-finale-regionale-a-dakar-le-lycee-lycee-seydina-issa-rohou-laye-lpa-sacre-champion-du-slam"],"yoast_head":"<!-- This site is optimized with the Yoast SEO Premium plugin v20.1 (Yoast SEO v24.0) - https:\/\/yoast.com\/wordpress\/plugins\/seo\/ -->\n<title>Finale R\u00e9gionale \u00e0 Dakar : Le Lyc\u00e9e Lyc\u00e9e Seydina Issa Rohou Laye (LPA) Sacr\u00e9 Champion du Slam - Culturbaine<\/title>\n<meta name=\"robots\" content=\"index, follow, max-snippet:-1, max-image-preview:large, max-video-preview:-1\" \/>\n<link rel=\"canonical\" href=\"https:\/\/culturbaine.com\/index.php\/2025\/05\/22\/finale-regionale-a-dakar-le-lycee-lycee-seydina-issa-rohou-laye-lpa-sacre-champion-du-slam\/\" \/>\n<meta property=\"og:locale\" content=\"fr_FR\" \/>\n<meta property=\"og:type\" content=\"article\" \/>\n<meta property=\"og:title\" content=\"Finale R\u00e9gionale \u00e0 Dakar : Le Lyc\u00e9e Lyc\u00e9e Seydina Issa Rohou Laye (LPA) Sacr\u00e9 Champion du Slam\" \/>\n<meta property=\"og:description\" content=\"Comme annonc\u00e9 dans l\u2019un de nos pr\u00e9c\u00e9dents articles, la grande finale r\u00e9gionale du Slam School Tour pour l\u2019\u00e9tape de Dakar s\u2019est tenue le 17 mai dernier au Centre Culturel R\u00e9gional Blaise Senghor. Plac\u00e9e sous le th\u00e8me \u00ab Le r\u00f4le du num\u00e9rique dans l\u2019\u00e9ducation et l\u2019employabilit\u00e9 des jeunes \u00bb, cette \u00e9dition a rassembl\u00e9 plusieurs \u00e9tablissements scolaires [&hellip;]\" \/>\n<meta property=\"og:url\" content=\"https:\/\/culturbaine.com\/index.php\/2025\/05\/22\/finale-regionale-a-dakar-le-lycee-lycee-seydina-issa-rohou-laye-lpa-sacre-champion-du-slam\/\" \/>\n<meta property=\"og:site_name\" content=\"Culturbaine\" \/>\n<meta property=\"article:publisher\" content=\"https:\/\/www.facebook.com\/Culturbaines\" \/>\n<meta property=\"article:published_time\" content=\"2025-05-22T11:43:20+00:00\" \/>\n<meta property=\"og:image\" content=\"https:\/\/culturbaine.com\/wp-content\/uploads\/2025\/05\/1747913885114.jpg\" \/>\n\t<meta property=\"og:image:width\" content=\"720\" \/>\n\t<meta property=\"og:image:height\" content=\"480\" \/>\n\t<meta property=\"og:image:type\" content=\"image\/jpeg\" \/>\n<meta name=\"author\" content=\"admin1\" \/>\n<meta name=\"twitter:card\" content=\"summary_large_image\" \/>\n<meta name=\"twitter:creator\" content=\"@culturbaines\" \/>\n<meta name=\"twitter:site\" content=\"@culturbaines\" \/>\n<meta name=\"twitter:label1\" content=\"\u00c9crit par\" \/>\n\t<meta name=\"twitter:data1\" content=\"admin1\" \/>\n\t<meta name=\"twitter:label2\" content=\"Dur\u00e9e de lecture estim\u00e9e\" \/>\n\t<meta name=\"twitter:data2\" content=\"2 minutes\" \/>\n<script type=\"application\/ld+json\" class=\"yoast-schema-graph\">{\"@context\":\"https:\/\/schema.org\",\"@graph\":[{\"@type\":\"Article\",\"@id\":\"https:\/\/culturbaine.com\/index.php\/2025\/05\/22\/finale-regionale-a-dakar-le-lycee-lycee-seydina-issa-rohou-laye-lpa-sacre-champion-du-slam\/#article\",\"isPartOf\":{\"@id\":\"https:\/\/culturbaine.com\/index.php\/2025\/05\/22\/finale-regionale-a-dakar-le-lycee-lycee-seydina-issa-rohou-laye-lpa-sacre-champion-du-slam\/\"},\"author\":{\"name\":\"admin1\",\"@id\":\"https:\/\/culturbaine.com\/#\/schema\/person\/42eb7485c572e0746c1ea6b8216c3814\"},\"headline\":\"Finale R\u00e9gionale \u00e0 Dakar : Le Lyc\u00e9e Lyc\u00e9e Seydina Issa Rohou Laye (LPA) Sacr\u00e9 Champion du Slam\",\"datePublished\":\"2025-05-22T11:43:20+00:00\",\"dateModified\":\"2025-05-22T11:43:20+00:00\",\"mainEntityOfPage\":{\"@id\":\"https:\/\/culturbaine.com\/index.php\/2025\/05\/22\/finale-regionale-a-dakar-le-lycee-lycee-seydina-issa-rohou-laye-lpa-sacre-champion-du-slam\/\"},\"wordCount\":245,\"publisher\":{\"@id\":\"https:\/\/culturbaine.com\/#organization\"},\"image\":{\"@id\":\"https:\/\/culturbaine.com\/index.php\/2025\/05\/22\/finale-regionale-a-dakar-le-lycee-lycee-seydina-issa-rohou-laye-lpa-sacre-champion-du-slam\/#primaryimage\"},\"thumbnailUrl\":\"https:\/\/culturbaine.com\/wp-content\/uploads\/2025\/05\/1747913885114.jpg\",\"keywords\":[\"Finale R\u00e9gionale \u00e0 Dakar : Le Lyc\u00e9e Lyc\u00e9e Seydina Issa Rohou Laye (LPA) Sacr\u00e9 Champion du Slam\"],\"articleSection\":[\"Actualit\u00e9\",\"Slam\"],\"inLanguage\":\"fr-FR\"},{\"@type\":\"WebPage\",\"@id\":\"https:\/\/culturbaine.com\/index.php\/2025\/05\/22\/finale-regionale-a-dakar-le-lycee-lycee-seydina-issa-rohou-laye-lpa-sacre-champion-du-slam\/\",\"url\":\"https:\/\/culturbaine.com\/index.php\/2025\/05\/22\/finale-regionale-a-dakar-le-lycee-lycee-seydina-issa-rohou-laye-lpa-sacre-champion-du-slam\/\",\"name\":\"Finale R\u00e9gionale \u00e0 Dakar : Le Lyc\u00e9e Lyc\u00e9e Seydina Issa Rohou Laye (LPA) Sacr\u00e9 Champion du Slam - Culturbaine\",\"isPartOf\":{\"@id\":\"https:\/\/culturbaine.com\/#website\"},\"primaryImageOfPage\":{\"@id\":\"https:\/\/culturbaine.com\/index.php\/2025\/05\/22\/finale-regionale-a-dakar-le-lycee-lycee-seydina-issa-rohou-laye-lpa-sacre-champion-du-slam\/#primaryimage\"},\"image\":{\"@id\":\"https:\/\/culturbaine.com\/index.php\/2025\/05\/22\/finale-regionale-a-dakar-le-lycee-lycee-seydina-issa-rohou-laye-lpa-sacre-champion-du-slam\/#primaryimage\"},\"thumbnailUrl\":\"https:\/\/culturbaine.com\/wp-content\/uploads\/2025\/05\/1747913885114.jpg\",\"datePublished\":\"2025-05-22T11:43:20+00:00\",\"dateModified\":\"2025-05-22T11:43:20+00:00\",\"breadcrumb\":{\"@id\":\"https:\/\/culturbaine.com\/index.php\/2025\/05\/22\/finale-regionale-a-dakar-le-lycee-lycee-seydina-issa-rohou-laye-lpa-sacre-champion-du-slam\/#breadcrumb\"},\"inLanguage\":\"fr-FR\",\"potentialAction\":[{\"@type\":\"ReadAction\",\"target\":[\"https:\/\/culturbaine.com\/index.php\/2025\/05\/22\/finale-regionale-a-dakar-le-lycee-lycee-seydina-issa-rohou-laye-lpa-sacre-champion-du-slam\/\"]}]},{\"@type\":\"ImageObject\",\"inLanguage\":\"fr-FR\",\"@id\":\"https:\/\/culturbaine.com\/index.php\/2025\/05\/22\/finale-regionale-a-dakar-le-lycee-lycee-seydina-issa-rohou-laye-lpa-sacre-champion-du-slam\/#primaryimage\",\"url\":\"https:\/\/culturbaine.com\/wp-content\/uploads\/2025\/05\/1747913885114.jpg\",\"contentUrl\":\"https:\/\/culturbaine.com\/wp-content\/uploads\/2025\/05\/1747913885114.jpg\",\"width\":720,\"height\":480},{\"@type\":\"BreadcrumbList\",\"@id\":\"https:\/\/culturbaine.com\/index.php\/2025\/05\/22\/finale-regionale-a-dakar-le-lycee-lycee-seydina-issa-rohou-laye-lpa-sacre-champion-du-slam\/#breadcrumb\",\"itemListElement\":[{\"@type\":\"ListItem\",\"position\":1,\"name\":\"Home\",\"item\":\"https:\/\/culturbaine.com\/\"},{\"@type\":\"ListItem\",\"position\":2,\"name\":\"Finale R\u00e9gionale \u00e0 Dakar : Le Lyc\u00e9e Lyc\u00e9e Seydina Issa Rohou Laye (LPA) Sacr\u00e9 Champion du Slam\"}]},{\"@type\":\"WebSite\",\"@id\":\"https:\/\/culturbaine.com\/#website\",\"url\":\"https:\/\/culturbaine.com\/\",\"name\":\"Culturbaine.com\",\"description\":\"Toute l&#039;actualit\u00e9 des Cultures Urbaines, en un clic  !\",\"publisher\":{\"@id\":\"https:\/\/culturbaine.com\/#organization\"},\"potentialAction\":[{\"@type\":\"SearchAction\",\"target\":{\"@type\":\"EntryPoint\",\"urlTemplate\":\"https:\/\/culturbaine.com\/?s={search_term_string}\"},\"query-input\":{\"@type\":\"PropertyValueSpecification\",\"valueRequired\":true,\"valueName\":\"search_term_string\"}}],\"inLanguage\":\"fr-FR\"},{\"@type\":\"Organization\",\"@id\":\"https:\/\/culturbaine.com\/#organization\",\"name\":\"Culturbaine.com\",\"url\":\"https:\/\/culturbaine.com\/\",\"logo\":{\"@type\":\"ImageObject\",\"inLanguage\":\"fr-FR\",\"@id\":\"https:\/\/culturbaine.com\/#\/schema\/logo\/image\/\",\"url\":\"https:\/\/culturbaine.com\/wp-content\/uploads\/2023\/07\/WhatsApp-Image-2023-07-17-at-14.38.18.jpeg\",\"contentUrl\":\"https:\/\/culturbaine.com\/wp-content\/uploads\/2023\/07\/WhatsApp-Image-2023-07-17-at-14.38.18.jpeg\",\"width\":855,\"height\":270,\"caption\":\"Culturbaine.com\"},\"image\":{\"@id\":\"https:\/\/culturbaine.com\/#\/schema\/logo\/image\/\"},\"sameAs\":[\"https:\/\/www.facebook.com\/Culturbaines\",\"https:\/\/x.com\/culturbaines\"]},{\"@type\":\"Person\",\"@id\":\"https:\/\/culturbaine.com\/#\/schema\/person\/42eb7485c572e0746c1ea6b8216c3814\",\"name\":\"admin1\",\"image\":{\"@type\":\"ImageObject\",\"inLanguage\":\"fr-FR\",\"@id\":\"https:\/\/culturbaine.com\/#\/schema\/person\/image\/\",\"url\":\"https:\/\/secure.gravatar.com\/avatar\/c268f4d483ce0486e5a10fee87bbf756?s=96&d=mm&r=g\",\"contentUrl\":\"https:\/\/secure.gravatar.com\/avatar\/c268f4d483ce0486e5a10fee87bbf756?s=96&d=mm&r=g\",\"caption\":\"admin1\"},\"url\":\"https:\/\/culturbaine.com\/index.php\/author\/admin1\/\"}]}<\/script>\n<!-- \/ Yoast SEO Premium plugin. -->","yoast_head_json":{"title":"Finale R\u00e9gionale \u00e0 Dakar : Le Lyc\u00e9e Lyc\u00e9e Seydina Issa Rohou Laye (LPA) Sacr\u00e9 Champion du Slam - Culturbaine","robots":{"index":"index","follow":"follow","max-snippet":"max-snippet:-1","max-image-preview":"max-image-preview:large","max-video-preview":"max-video-preview:-1"},"canonical":"https:\/\/culturbaine.com\/index.php\/2025\/05\/22\/finale-regionale-a-dakar-le-lycee-lycee-seydina-issa-rohou-laye-lpa-sacre-champion-du-slam\/","og_locale":"fr_FR","og_type":"article","og_title":"Finale R\u00e9gionale \u00e0 Dakar : Le Lyc\u00e9e Lyc\u00e9e Seydina Issa Rohou Laye (LPA) Sacr\u00e9 Champion du Slam","og_description":"Comme annonc\u00e9 dans l\u2019un de nos pr\u00e9c\u00e9dents articles, la grande finale r\u00e9gionale du Slam School Tour pour l\u2019\u00e9tape de Dakar s\u2019est tenue le 17 mai dernier au Centre Culturel R\u00e9gional Blaise Senghor. Plac\u00e9e sous le th\u00e8me \u00ab Le r\u00f4le du num\u00e9rique dans l\u2019\u00e9ducation et l\u2019employabilit\u00e9 des jeunes \u00bb, cette \u00e9dition a rassembl\u00e9 plusieurs \u00e9tablissements scolaires [&hellip;]","og_url":"https:\/\/culturbaine.com\/index.php\/2025\/05\/22\/finale-regionale-a-dakar-le-lycee-lycee-seydina-issa-rohou-laye-lpa-sacre-champion-du-slam\/","og_site_name":"Culturbaine","article_publisher":"https:\/\/www.facebook.com\/Culturbaines","article_published_time":"2025-05-22T11:43:20+00:00","og_image":[{"width":720,"height":480,"url":"https:\/\/culturbaine.com\/wp-content\/uploads\/2025\/05\/1747913885114.jpg","type":"image\/jpeg"}],"author":"admin1","twitter_card":"summary_large_image","twitter_creator":"@culturbaines","twitter_site":"@culturbaines","twitter_misc":{"\u00c9crit par":"admin1","Dur\u00e9e de lecture estim\u00e9e":"2 minutes"},"schema":{"@context":"https:\/\/schema.org","@graph":[{"@type":"Article","@id":"https:\/\/culturbaine.com\/index.php\/2025\/05\/22\/finale-regionale-a-dakar-le-lycee-lycee-seydina-issa-rohou-laye-lpa-sacre-champion-du-slam\/#article","isPartOf":{"@id":"https:\/\/culturbaine.com\/index.php\/2025\/05\/22\/finale-regionale-a-dakar-le-lycee-lycee-seydina-issa-rohou-laye-lpa-sacre-champion-du-slam\/"},"author":{"name":"admin1","@id":"https:\/\/culturbaine.com\/#\/schema\/person\/42eb7485c572e0746c1ea6b8216c3814"},"headline":"Finale R\u00e9gionale \u00e0 Dakar : Le Lyc\u00e9e Lyc\u00e9e Seydina Issa Rohou Laye (LPA) Sacr\u00e9 Champion du Slam","datePublished":"2025-05-22T11:43:20+00:00","dateModified":"2025-05-22T11:43:20+00:00","mainEntityOfPage":{"@id":"https:\/\/culturbaine.com\/index.php\/2025\/05\/22\/finale-regionale-a-dakar-le-lycee-lycee-seydina-issa-rohou-laye-lpa-sacre-champion-du-slam\/"},"wordCount":245,"publisher":{"@id":"https:\/\/culturbaine.com\/#organization"},"image":{"@id":"https:\/\/culturbaine.com\/index.php\/2025\/05\/22\/finale-regionale-a-dakar-le-lycee-lycee-seydina-issa-rohou-laye-lpa-sacre-champion-du-slam\/#primaryimage"},"thumbnailUrl":"https:\/\/culturbaine.com\/wp-content\/uploads\/2025\/05\/1747913885114.jpg","keywords":["Finale R\u00e9gionale \u00e0 Dakar : Le Lyc\u00e9e Lyc\u00e9e Seydina Issa Rohou Laye (LPA) Sacr\u00e9 Champion du Slam"],"articleSection":["Actualit\u00e9","Slam"],"inLanguage":"fr-FR"},{"@type":"WebPage","@id":"https:\/\/culturbaine.com\/index.php\/2025\/05\/22\/finale-regionale-a-dakar-le-lycee-lycee-seydina-issa-rohou-laye-lpa-sacre-champion-du-slam\/","url":"https:\/\/culturbaine.com\/index.php\/2025\/05\/22\/finale-regionale-a-dakar-le-lycee-lycee-seydina-issa-rohou-laye-lpa-sacre-champion-du-slam\/","name":"Finale R\u00e9gionale \u00e0 Dakar : Le Lyc\u00e9e Lyc\u00e9e Seydina Issa Rohou Laye (LPA) Sacr\u00e9 Champion du Slam - Culturbaine","isPartOf":{"@id":"https:\/\/culturbaine.com\/#website"},"primaryImageOfPage":{"@id":"https:\/\/culturbaine.com\/index.php\/2025\/05\/22\/finale-regionale-a-dakar-le-lycee-lycee-seydina-issa-rohou-laye-lpa-sacre-champion-du-slam\/#primaryimage"},"image":{"@id":"https:\/\/culturbaine.com\/index.php\/2025\/05\/22\/finale-regionale-a-dakar-le-lycee-lycee-seydina-issa-rohou-laye-lpa-sacre-champion-du-slam\/#primaryimage"},"thumbnailUrl":"https:\/\/culturbaine.com\/wp-content\/uploads\/2025\/05\/1747913885114.jpg","datePublished":"2025-05-22T11:43:20+00:00","dateModified":"2025-05-22T11:43:20+00:00","breadcrumb":{"@id":"https:\/\/culturbaine.com\/index.php\/2025\/05\/22\/finale-regionale-a-dakar-le-lycee-lycee-seydina-issa-rohou-laye-lpa-sacre-champion-du-slam\/#breadcrumb"},"inLanguage":"fr-FR","potentialAction":[{"@type":"ReadAction","target":["https:\/\/culturbaine.com\/index.php\/2025\/05\/22\/finale-regionale-a-dakar-le-lycee-lycee-seydina-issa-rohou-laye-lpa-sacre-champion-du-slam\/"]}]},{"@type":"ImageObject","inLanguage":"fr-FR","@id":"https:\/\/culturbaine.com\/index.php\/2025\/05\/22\/finale-regionale-a-dakar-le-lycee-lycee-seydina-issa-rohou-laye-lpa-sacre-champion-du-slam\/#primaryimage","url":"https:\/\/culturbaine.com\/wp-content\/uploads\/2025\/05\/1747913885114.jpg","contentUrl":"https:\/\/culturbaine.com\/wp-content\/uploads\/2025\/05\/1747913885114.jpg","width":720,"height":480},{"@type":"BreadcrumbList","@id":"https:\/\/culturbaine.com\/index.php\/2025\/05\/22\/finale-regionale-a-dakar-le-lycee-lycee-seydina-issa-rohou-laye-lpa-sacre-champion-du-slam\/#breadcrumb","itemListElement":[{"@type":"ListItem","position":1,"name":"Home","item":"https:\/\/culturbaine.com\/"},{"@type":"ListItem","position":2,"name":"Finale R\u00e9gionale \u00e0 Dakar : Le Lyc\u00e9e Lyc\u00e9e Seydina Issa Rohou Laye (LPA) Sacr\u00e9 Champion du Slam"}]},{"@type":"WebSite","@id":"https:\/\/culturbaine.com\/#website","url":"https:\/\/culturbaine.com\/","name":"Culturbaine.com","description":"Toute l&#039;actualit\u00e9 des Cultures Urbaines, en un clic  !","publisher":{"@id":"https:\/\/culturbaine.com\/#organization"},"potentialAction":[{"@type":"SearchAction","target":{"@type":"EntryPoint","urlTemplate":"https:\/\/culturbaine.com\/?s={search_term_string}"},"query-input":{"@type":"PropertyValueSpecification","valueRequired":true,"valueName":"search_term_string"}}],"inLanguage":"fr-FR"},{"@type":"Organization","@id":"https:\/\/culturbaine.com\/#organization","name":"Culturbaine.com","url":"https:\/\/culturbaine.com\/","logo":{"@type":"ImageObject","inLanguage":"fr-FR","@id":"https:\/\/culturbaine.com\/#\/schema\/logo\/image\/","url":"https:\/\/culturbaine.com\/wp-content\/uploads\/2023\/07\/WhatsApp-Image-2023-07-17-at-14.38.18.jpeg","contentUrl":"https:\/\/culturbaine.com\/wp-content\/uploads\/2023\/07\/WhatsApp-Image-2023-07-17-at-14.38.18.jpeg","width":855,"height":270,"caption":"Culturbaine.com"},"image":{"@id":"https:\/\/culturbaine.com\/#\/schema\/logo\/image\/"},"sameAs":["https:\/\/www.facebook.com\/Culturbaines","https:\/\/x.com\/culturbaines"]},{"@type":"Person","@id":"https:\/\/culturbaine.com\/#\/schema\/person\/42eb7485c572e0746c1ea6b8216c3814","name":"admin1","image":{"@type":"ImageObject","inLanguage":"fr-FR","@id":"https:\/\/culturbaine.com\/#\/schema\/person\/image\/","url":"https:\/\/secure.gravatar.com\/avatar\/c268f4d483ce0486e5a10fee87bbf756?s=96&d=mm&r=g","contentUrl":"https:\/\/secure.gravatar.com\/avatar\/c268f4d483ce0486e5a10fee87bbf756?s=96&d=mm&r=g","caption":"admin1"},"url":"https:\/\/culturbaine.com\/index.php\/author\/admin1\/"}]}},"_links":{"self":[{"href":"https:\/\/culturbaine.com\/index.php\/wp-json\/wp\/v2\/posts\/12025"}],"collection":[{"href":"https:\/\/culturbaine.com\/index.php\/wp-json\/wp\/v2\/posts"}],"about":[{"href":"https:\/\/culturbaine.com\/index.php\/wp-json\/wp\/v2\/types\/post"}],"author":[{"embeddable":true,"href":"https:\/\/culturbaine.com\/index.php\/wp-json\/wp\/v2\/users\/2"}],"replies":[{"embeddable":true,"href":"https:\/\/culturbaine.com\/index.php\/wp-json\/wp\/v2\/comments?post=12025"}],"version-history":[{"count":0,"href":"https:\/\/culturbaine.com\/index.php\/wp-json\/wp\/v2\/posts\/12025\/revisions"}],"wp:featuredmedia":[{"embeddable":true,"href":"https:\/\/culturbaine.com\/index.php\/wp-json\/wp\/v2\/media\/12026"}],"wp:attachment":[{"href":"https:\/\/culturbaine.com\/index.php\/wp-json\/wp\/v2\/media?parent=12025"}],"wp:term":[{"taxonomy":"category","embeddable":true,"href":"https:\/\/culturbaine.com\/index.php\/wp-json\/wp\/v2\/categories?post=12025"},{"taxonomy":"post_tag","embeddable":true,"href":"https:\/\/culturbaine.com\/index.php\/wp-json\/wp\/v2\/tags?post=12025"}],"curies":[{"name":"wp","href":"https:\/\/api.w.org\/{rel}","templated":true}]}}