{"id":1200,"date":"2023-09-08T18:04:42","date_gmt":"2023-09-08T18:04:42","guid":{"rendered":"http:\/\/culturbaine.com\/?p=1200"},"modified":"2023-09-08T18:04:42","modified_gmt":"2023-09-08T18:04:42","slug":"booba-pense-a-faire-signer-wejdene-pour-en-faire-la-nouvelle-shay","status":"publish","type":"post","link":"https:\/\/culturbaine.com\/index.php\/2023\/09\/08\/booba-pense-a-faire-signer-wejdene-pour-en-faire-la-nouvelle-shay\/","title":{"rendered":"Booba pense \u00e0 faire signer Wejdene pour en faire la nouvelle Shay !"},"content":{"rendered":"<p><span>Super actif sur les r\u00e9seaux sociaux, le Duc de Boulogne \u00e0 travers son label 92i veut s&rsquo;int\u00e9resser \u00e0 <\/span><b>Wejdene<\/b><span>. Depuis le flop du dernier album <\/span><b>Glow Up <\/b><span>de cette derni\u00e8re, elle est devenue plus discr\u00e8te dans les m\u00e9dias, mais continue tout de m\u00eame \u00e0 poster sur son compte Instagram.<\/span><\/p>\n<p><span style=\"font-weight: 400;\">R\u00e9cemment, elle a ajout\u00e9 une vid\u00e9o d&rsquo;elle sur Instagram qui a fait r\u00e9agir \u00e0 plus d&rsquo;un les internautes, y compris le patron <\/span><b>Booba<\/b><span style=\"font-weight: 400;\">. Si certains ont pr\u00e9f\u00e9r\u00e9 se moquer d&rsquo;elle sur sa forme, l&rsquo;ancien producteur de <\/span><b>Damso<\/b><span style=\"font-weight: 400;\"> \u00e0 tout de m\u00eame pris sa d\u00e9fense, avant de l\u00e2cher un mot allant dans le sens de la signature.<\/span><\/p>\n<p><span style=\"font-weight: 400;\">\u00ab <\/span><b><i>Si on la signe on en fait la nouvelle Shay \u00e0 son apog\u00e9e, Y lui manque les bonnes, prods, les bons textes, la bonne com\u2019. Y lui manque tout en fait !<\/i><\/b><span style=\"font-weight: 400;\"> \u00bb\u00a0 a \u00e9crit le Duc dans sa storie Instagram.<\/span><\/p>\n<p><span style=\"font-weight: 400;\">Pour la petite histoire, <\/span><b>Shay<\/b><span style=\"font-weight: 400;\"> a commenc\u00e9 de briller de mille feux sous les couleurs de 92i, avant de quitter le label par apr\u00e8s, pour prendre son envol solo.<\/span><\/p>\n<p><img loading=\"lazy\" decoding=\"async\" class=\"alignnone size-medium wp-image-1203\" src=\"http:\/\/culturbaine.com\/wp-content\/uploads\/2023\/09\/wejdene-booba-3.jpg-179x300.jpg\" alt=\"\" width=\"179\" height=\"300\" srcset=\"https:\/\/culturbaine.com\/wp-content\/uploads\/2023\/09\/wejdene-booba-3.jpg-179x300.jpg 179w, https:\/\/culturbaine.com\/wp-content\/uploads\/2023\/09\/wejdene-booba-3.jpg.jpg 511w\" sizes=\"(max-width: 179px) 100vw, 179px\" \/><\/p>\n<p><b>Mohamed Cinq Sylla<\/b><\/p>\n","protected":false},"excerpt":{"rendered":"<p>Super actif sur les r\u00e9seaux sociaux, le Duc de Boulogne \u00e0 travers son label 92i veut s&rsquo;int\u00e9resser \u00e0 Wejdene. Depuis le flop du dernier album Glow Up de cette derni\u00e8re, elle est devenue plus discr\u00e8te dans les m\u00e9dias, mais continue tout de m\u00eame \u00e0 poster sur son compte Instagram. R\u00e9cemment, elle a ajout\u00e9 une vid\u00e9o [&hellip;]<\/p>\n","protected":false},"author":2,"featured_media":1202,"comment_status":"open","ping_status":"open","sticky":false,"template":"","format":"standard","meta":{"_mi_skip_tracking":false,"_monsterinsights_sitenote_active":false,"_monsterinsights_sitenote_note":"","_monsterinsights_sitenote_category":0,"footnotes":""},"categories":[21],"tags":[550,153,52,549,548],"class_list":["post-1200","post","type-post","status-publish","format-standard","has-post-thumbnail","hentry","category-actualite","tag-92i","tag-booba","tag-rap-francais","tag-shay","tag-wejdene"],"yoast_head":"<!-- This site is optimized with the Yoast SEO Premium plugin v20.1 (Yoast SEO v24.0) - https:\/\/yoast.com\/wordpress\/plugins\/seo\/ -->\n<title>Booba pense \u00e0 faire signer Wejdene pour en faire la nouvelle Shay ! - Culturbaine<\/title>\n<meta name=\"robots\" content=\"index, follow, max-snippet:-1, max-image-preview:large, max-video-preview:-1\" \/>\n<link rel=\"canonical\" href=\"http:\/\/culturbaine.com\/index.php\/2023\/09\/08\/booba-pense-a-faire-signer-wejdene-pour-en-faire-la-nouvelle-shay\/\" \/>\n<meta property=\"og:locale\" content=\"fr_FR\" \/>\n<meta property=\"og:type\" content=\"article\" \/>\n<meta property=\"og:title\" content=\"Booba pense \u00e0 faire signer Wejdene pour en faire la nouvelle Shay !\" \/>\n<meta property=\"og:description\" content=\"Super actif sur les r\u00e9seaux sociaux, le Duc de Boulogne \u00e0 travers son label 92i veut s&rsquo;int\u00e9resser \u00e0 Wejdene. Depuis le flop du dernier album Glow Up de cette derni\u00e8re, elle est devenue plus discr\u00e8te dans les m\u00e9dias, mais continue tout de m\u00eame \u00e0 poster sur son compte Instagram. R\u00e9cemment, elle a ajout\u00e9 une vid\u00e9o [&hellip;]\" \/>\n<meta property=\"og:url\" content=\"http:\/\/culturbaine.com\/index.php\/2023\/09\/08\/booba-pense-a-faire-signer-wejdene-pour-en-faire-la-nouvelle-shay\/\" \/>\n<meta property=\"og:site_name\" content=\"Culturbaine\" \/>\n<meta property=\"article:publisher\" content=\"https:\/\/www.facebook.com\/Culturbaines\" \/>\n<meta property=\"article:published_time\" content=\"2023-09-08T18:04:42+00:00\" \/>\n<meta property=\"og:image\" content=\"http:\/\/culturbaine.com\/wp-content\/uploads\/2023\/09\/PhotoCollage_1694196010681.png\" \/>\n\t<meta property=\"og:image:width\" content=\"1920\" \/>\n\t<meta property=\"og:image:height\" content=\"1080\" \/>\n\t<meta property=\"og:image:type\" content=\"image\/png\" \/>\n<meta name=\"author\" content=\"admin1\" \/>\n<meta name=\"twitter:card\" content=\"summary_large_image\" \/>\n<meta name=\"twitter:creator\" content=\"@culturbaines\" \/>\n<meta name=\"twitter:site\" content=\"@culturbaines\" \/>\n<meta name=\"twitter:label1\" content=\"\u00c9crit par\" \/>\n\t<meta name=\"twitter:data1\" content=\"admin1\" \/>\n\t<meta name=\"twitter:label2\" content=\"Dur\u00e9e de lecture estim\u00e9e\" \/>\n\t<meta name=\"twitter:data2\" content=\"2 minutes\" \/>\n<script type=\"application\/ld+json\" class=\"yoast-schema-graph\">{\"@context\":\"https:\/\/schema.org\",\"@graph\":[{\"@type\":\"Article\",\"@id\":\"http:\/\/culturbaine.com\/index.php\/2023\/09\/08\/booba-pense-a-faire-signer-wejdene-pour-en-faire-la-nouvelle-shay\/#article\",\"isPartOf\":{\"@id\":\"http:\/\/culturbaine.com\/index.php\/2023\/09\/08\/booba-pense-a-faire-signer-wejdene-pour-en-faire-la-nouvelle-shay\/\"},\"author\":{\"name\":\"admin1\",\"@id\":\"https:\/\/culturbaine.com\/#\/schema\/person\/42eb7485c572e0746c1ea6b8216c3814\"},\"headline\":\"Booba pense \u00e0 faire signer Wejdene pour en faire la nouvelle Shay !\",\"datePublished\":\"2023-09-08T18:04:42+00:00\",\"dateModified\":\"2023-09-08T18:04:42+00:00\",\"mainEntityOfPage\":{\"@id\":\"http:\/\/culturbaine.com\/index.php\/2023\/09\/08\/booba-pense-a-faire-signer-wejdene-pour-en-faire-la-nouvelle-shay\/\"},\"wordCount\":202,\"commentCount\":0,\"publisher\":{\"@id\":\"https:\/\/culturbaine.com\/#organization\"},\"image\":{\"@id\":\"http:\/\/culturbaine.com\/index.php\/2023\/09\/08\/booba-pense-a-faire-signer-wejdene-pour-en-faire-la-nouvelle-shay\/#primaryimage\"},\"thumbnailUrl\":\"https:\/\/culturbaine.com\/wp-content\/uploads\/2023\/09\/PhotoCollage_1694196010681.png\",\"keywords\":[\"92I\",\"Booba\",\"rap fran\u00e7ais\",\"Shay\",\"Wejdene\"],\"articleSection\":[\"Actualit\u00e9\"],\"inLanguage\":\"fr-FR\"},{\"@type\":\"WebPage\",\"@id\":\"http:\/\/culturbaine.com\/index.php\/2023\/09\/08\/booba-pense-a-faire-signer-wejdene-pour-en-faire-la-nouvelle-shay\/\",\"url\":\"http:\/\/culturbaine.com\/index.php\/2023\/09\/08\/booba-pense-a-faire-signer-wejdene-pour-en-faire-la-nouvelle-shay\/\",\"name\":\"Booba pense \u00e0 faire signer Wejdene pour en faire la nouvelle Shay ! - Culturbaine\",\"isPartOf\":{\"@id\":\"https:\/\/culturbaine.com\/#website\"},\"primaryImageOfPage\":{\"@id\":\"http:\/\/culturbaine.com\/index.php\/2023\/09\/08\/booba-pense-a-faire-signer-wejdene-pour-en-faire-la-nouvelle-shay\/#primaryimage\"},\"image\":{\"@id\":\"http:\/\/culturbaine.com\/index.php\/2023\/09\/08\/booba-pense-a-faire-signer-wejdene-pour-en-faire-la-nouvelle-shay\/#primaryimage\"},\"thumbnailUrl\":\"https:\/\/culturbaine.com\/wp-content\/uploads\/2023\/09\/PhotoCollage_1694196010681.png\",\"datePublished\":\"2023-09-08T18:04:42+00:00\",\"dateModified\":\"2023-09-08T18:04:42+00:00\",\"breadcrumb\":{\"@id\":\"http:\/\/culturbaine.com\/index.php\/2023\/09\/08\/booba-pense-a-faire-signer-wejdene-pour-en-faire-la-nouvelle-shay\/#breadcrumb\"},\"inLanguage\":\"fr-FR\",\"potentialAction\":[{\"@type\":\"ReadAction\",\"target\":[\"http:\/\/culturbaine.com\/index.php\/2023\/09\/08\/booba-pense-a-faire-signer-wejdene-pour-en-faire-la-nouvelle-shay\/\"]}]},{\"@type\":\"ImageObject\",\"inLanguage\":\"fr-FR\",\"@id\":\"http:\/\/culturbaine.com\/index.php\/2023\/09\/08\/booba-pense-a-faire-signer-wejdene-pour-en-faire-la-nouvelle-shay\/#primaryimage\",\"url\":\"https:\/\/culturbaine.com\/wp-content\/uploads\/2023\/09\/PhotoCollage_1694196010681.png\",\"contentUrl\":\"https:\/\/culturbaine.com\/wp-content\/uploads\/2023\/09\/PhotoCollage_1694196010681.png\",\"width\":1920,\"height\":1080},{\"@type\":\"BreadcrumbList\",\"@id\":\"http:\/\/culturbaine.com\/index.php\/2023\/09\/08\/booba-pense-a-faire-signer-wejdene-pour-en-faire-la-nouvelle-shay\/#breadcrumb\",\"itemListElement\":[{\"@type\":\"ListItem\",\"position\":1,\"name\":\"Home\",\"item\":\"https:\/\/culturbaine.com\/\"},{\"@type\":\"ListItem\",\"position\":2,\"name\":\"Booba pense \u00e0 faire signer Wejdene pour en faire la nouvelle Shay !\"}]},{\"@type\":\"WebSite\",\"@id\":\"https:\/\/culturbaine.com\/#website\",\"url\":\"https:\/\/culturbaine.com\/\",\"name\":\"Culturbaine.com\",\"description\":\"Toute l&#039;actualit\u00e9 des Cultures Urbaines, en un clic  !\",\"publisher\":{\"@id\":\"https:\/\/culturbaine.com\/#organization\"},\"potentialAction\":[{\"@type\":\"SearchAction\",\"target\":{\"@type\":\"EntryPoint\",\"urlTemplate\":\"https:\/\/culturbaine.com\/?s={search_term_string}\"},\"query-input\":{\"@type\":\"PropertyValueSpecification\",\"valueRequired\":true,\"valueName\":\"search_term_string\"}}],\"inLanguage\":\"fr-FR\"},{\"@type\":\"Organization\",\"@id\":\"https:\/\/culturbaine.com\/#organization\",\"name\":\"Culturbaine.com\",\"url\":\"https:\/\/culturbaine.com\/\",\"logo\":{\"@type\":\"ImageObject\",\"inLanguage\":\"fr-FR\",\"@id\":\"https:\/\/culturbaine.com\/#\/schema\/logo\/image\/\",\"url\":\"https:\/\/culturbaine.com\/wp-content\/uploads\/2023\/07\/WhatsApp-Image-2023-07-17-at-14.38.18.jpeg\",\"contentUrl\":\"https:\/\/culturbaine.com\/wp-content\/uploads\/2023\/07\/WhatsApp-Image-2023-07-17-at-14.38.18.jpeg\",\"width\":855,\"height\":270,\"caption\":\"Culturbaine.com\"},\"image\":{\"@id\":\"https:\/\/culturbaine.com\/#\/schema\/logo\/image\/\"},\"sameAs\":[\"https:\/\/www.facebook.com\/Culturbaines\",\"https:\/\/x.com\/culturbaines\"]},{\"@type\":\"Person\",\"@id\":\"https:\/\/culturbaine.com\/#\/schema\/person\/42eb7485c572e0746c1ea6b8216c3814\",\"name\":\"admin1\",\"image\":{\"@type\":\"ImageObject\",\"inLanguage\":\"fr-FR\",\"@id\":\"https:\/\/culturbaine.com\/#\/schema\/person\/image\/\",\"url\":\"https:\/\/secure.gravatar.com\/avatar\/c268f4d483ce0486e5a10fee87bbf756?s=96&d=mm&r=g\",\"contentUrl\":\"https:\/\/secure.gravatar.com\/avatar\/c268f4d483ce0486e5a10fee87bbf756?s=96&d=mm&r=g\",\"caption\":\"admin1\"},\"url\":\"https:\/\/culturbaine.com\/index.php\/author\/admin1\/\"}]}<\/script>\n<!-- \/ Yoast SEO Premium plugin. -->","yoast_head_json":{"title":"Booba pense \u00e0 faire signer Wejdene pour en faire la nouvelle Shay ! - Culturbaine","robots":{"index":"index","follow":"follow","max-snippet":"max-snippet:-1","max-image-preview":"max-image-preview:large","max-video-preview":"max-video-preview:-1"},"canonical":"http:\/\/culturbaine.com\/index.php\/2023\/09\/08\/booba-pense-a-faire-signer-wejdene-pour-en-faire-la-nouvelle-shay\/","og_locale":"fr_FR","og_type":"article","og_title":"Booba pense \u00e0 faire signer Wejdene pour en faire la nouvelle Shay !","og_description":"Super actif sur les r\u00e9seaux sociaux, le Duc de Boulogne \u00e0 travers son label 92i veut s&rsquo;int\u00e9resser \u00e0 Wejdene. Depuis le flop du dernier album Glow Up de cette derni\u00e8re, elle est devenue plus discr\u00e8te dans les m\u00e9dias, mais continue tout de m\u00eame \u00e0 poster sur son compte Instagram. R\u00e9cemment, elle a ajout\u00e9 une vid\u00e9o [&hellip;]","og_url":"http:\/\/culturbaine.com\/index.php\/2023\/09\/08\/booba-pense-a-faire-signer-wejdene-pour-en-faire-la-nouvelle-shay\/","og_site_name":"Culturbaine","article_publisher":"https:\/\/www.facebook.com\/Culturbaines","article_published_time":"2023-09-08T18:04:42+00:00","og_image":[{"width":1920,"height":1080,"url":"http:\/\/culturbaine.com\/wp-content\/uploads\/2023\/09\/PhotoCollage_1694196010681.png","type":"image\/png"}],"author":"admin1","twitter_card":"summary_large_image","twitter_creator":"@culturbaines","twitter_site":"@culturbaines","twitter_misc":{"\u00c9crit par":"admin1","Dur\u00e9e de lecture estim\u00e9e":"2 minutes"},"schema":{"@context":"https:\/\/schema.org","@graph":[{"@type":"Article","@id":"http:\/\/culturbaine.com\/index.php\/2023\/09\/08\/booba-pense-a-faire-signer-wejdene-pour-en-faire-la-nouvelle-shay\/#article","isPartOf":{"@id":"http:\/\/culturbaine.com\/index.php\/2023\/09\/08\/booba-pense-a-faire-signer-wejdene-pour-en-faire-la-nouvelle-shay\/"},"author":{"name":"admin1","@id":"https:\/\/culturbaine.com\/#\/schema\/person\/42eb7485c572e0746c1ea6b8216c3814"},"headline":"Booba pense \u00e0 faire signer Wejdene pour en faire la nouvelle Shay !","datePublished":"2023-09-08T18:04:42+00:00","dateModified":"2023-09-08T18:04:42+00:00","mainEntityOfPage":{"@id":"http:\/\/culturbaine.com\/index.php\/2023\/09\/08\/booba-pense-a-faire-signer-wejdene-pour-en-faire-la-nouvelle-shay\/"},"wordCount":202,"commentCount":0,"publisher":{"@id":"https:\/\/culturbaine.com\/#organization"},"image":{"@id":"http:\/\/culturbaine.com\/index.php\/2023\/09\/08\/booba-pense-a-faire-signer-wejdene-pour-en-faire-la-nouvelle-shay\/#primaryimage"},"thumbnailUrl":"https:\/\/culturbaine.com\/wp-content\/uploads\/2023\/09\/PhotoCollage_1694196010681.png","keywords":["92I","Booba","rap fran\u00e7ais","Shay","Wejdene"],"articleSection":["Actualit\u00e9"],"inLanguage":"fr-FR"},{"@type":"WebPage","@id":"http:\/\/culturbaine.com\/index.php\/2023\/09\/08\/booba-pense-a-faire-signer-wejdene-pour-en-faire-la-nouvelle-shay\/","url":"http:\/\/culturbaine.com\/index.php\/2023\/09\/08\/booba-pense-a-faire-signer-wejdene-pour-en-faire-la-nouvelle-shay\/","name":"Booba pense \u00e0 faire signer Wejdene pour en faire la nouvelle Shay ! - Culturbaine","isPartOf":{"@id":"https:\/\/culturbaine.com\/#website"},"primaryImageOfPage":{"@id":"http:\/\/culturbaine.com\/index.php\/2023\/09\/08\/booba-pense-a-faire-signer-wejdene-pour-en-faire-la-nouvelle-shay\/#primaryimage"},"image":{"@id":"http:\/\/culturbaine.com\/index.php\/2023\/09\/08\/booba-pense-a-faire-signer-wejdene-pour-en-faire-la-nouvelle-shay\/#primaryimage"},"thumbnailUrl":"https:\/\/culturbaine.com\/wp-content\/uploads\/2023\/09\/PhotoCollage_1694196010681.png","datePublished":"2023-09-08T18:04:42+00:00","dateModified":"2023-09-08T18:04:42+00:00","breadcrumb":{"@id":"http:\/\/culturbaine.com\/index.php\/2023\/09\/08\/booba-pense-a-faire-signer-wejdene-pour-en-faire-la-nouvelle-shay\/#breadcrumb"},"inLanguage":"fr-FR","potentialAction":[{"@type":"ReadAction","target":["http:\/\/culturbaine.com\/index.php\/2023\/09\/08\/booba-pense-a-faire-signer-wejdene-pour-en-faire-la-nouvelle-shay\/"]}]},{"@type":"ImageObject","inLanguage":"fr-FR","@id":"http:\/\/culturbaine.com\/index.php\/2023\/09\/08\/booba-pense-a-faire-signer-wejdene-pour-en-faire-la-nouvelle-shay\/#primaryimage","url":"https:\/\/culturbaine.com\/wp-content\/uploads\/2023\/09\/PhotoCollage_1694196010681.png","contentUrl":"https:\/\/culturbaine.com\/wp-content\/uploads\/2023\/09\/PhotoCollage_1694196010681.png","width":1920,"height":1080},{"@type":"BreadcrumbList","@id":"http:\/\/culturbaine.com\/index.php\/2023\/09\/08\/booba-pense-a-faire-signer-wejdene-pour-en-faire-la-nouvelle-shay\/#breadcrumb","itemListElement":[{"@type":"ListItem","position":1,"name":"Home","item":"https:\/\/culturbaine.com\/"},{"@type":"ListItem","position":2,"name":"Booba pense \u00e0 faire signer Wejdene pour en faire la nouvelle Shay !"}]},{"@type":"WebSite","@id":"https:\/\/culturbaine.com\/#website","url":"https:\/\/culturbaine.com\/","name":"Culturbaine.com","description":"Toute l&#039;actualit\u00e9 des Cultures Urbaines, en un clic  !","publisher":{"@id":"https:\/\/culturbaine.com\/#organization"},"potentialAction":[{"@type":"SearchAction","target":{"@type":"EntryPoint","urlTemplate":"https:\/\/culturbaine.com\/?s={search_term_string}"},"query-input":{"@type":"PropertyValueSpecification","valueRequired":true,"valueName":"search_term_string"}}],"inLanguage":"fr-FR"},{"@type":"Organization","@id":"https:\/\/culturbaine.com\/#organization","name":"Culturbaine.com","url":"https:\/\/culturbaine.com\/","logo":{"@type":"ImageObject","inLanguage":"fr-FR","@id":"https:\/\/culturbaine.com\/#\/schema\/logo\/image\/","url":"https:\/\/culturbaine.com\/wp-content\/uploads\/2023\/07\/WhatsApp-Image-2023-07-17-at-14.38.18.jpeg","contentUrl":"https:\/\/culturbaine.com\/wp-content\/uploads\/2023\/07\/WhatsApp-Image-2023-07-17-at-14.38.18.jpeg","width":855,"height":270,"caption":"Culturbaine.com"},"image":{"@id":"https:\/\/culturbaine.com\/#\/schema\/logo\/image\/"},"sameAs":["https:\/\/www.facebook.com\/Culturbaines","https:\/\/x.com\/culturbaines"]},{"@type":"Person","@id":"https:\/\/culturbaine.com\/#\/schema\/person\/42eb7485c572e0746c1ea6b8216c3814","name":"admin1","image":{"@type":"ImageObject","inLanguage":"fr-FR","@id":"https:\/\/culturbaine.com\/#\/schema\/person\/image\/","url":"https:\/\/secure.gravatar.com\/avatar\/c268f4d483ce0486e5a10fee87bbf756?s=96&d=mm&r=g","contentUrl":"https:\/\/secure.gravatar.com\/avatar\/c268f4d483ce0486e5a10fee87bbf756?s=96&d=mm&r=g","caption":"admin1"},"url":"https:\/\/culturbaine.com\/index.php\/author\/admin1\/"}]}},"_links":{"self":[{"href":"https:\/\/culturbaine.com\/index.php\/wp-json\/wp\/v2\/posts\/1200"}],"collection":[{"href":"https:\/\/culturbaine.com\/index.php\/wp-json\/wp\/v2\/posts"}],"about":[{"href":"https:\/\/culturbaine.com\/index.php\/wp-json\/wp\/v2\/types\/post"}],"author":[{"embeddable":true,"href":"https:\/\/culturbaine.com\/index.php\/wp-json\/wp\/v2\/users\/2"}],"replies":[{"embeddable":true,"href":"https:\/\/culturbaine.com\/index.php\/wp-json\/wp\/v2\/comments?post=1200"}],"version-history":[{"count":0,"href":"https:\/\/culturbaine.com\/index.php\/wp-json\/wp\/v2\/posts\/1200\/revisions"}],"wp:featuredmedia":[{"embeddable":true,"href":"https:\/\/culturbaine.com\/index.php\/wp-json\/wp\/v2\/media\/1202"}],"wp:attachment":[{"href":"https:\/\/culturbaine.com\/index.php\/wp-json\/wp\/v2\/media?parent=1200"}],"wp:term":[{"taxonomy":"category","embeddable":true,"href":"https:\/\/culturbaine.com\/index.php\/wp-json\/wp\/v2\/categories?post=1200"},{"taxonomy":"post_tag","embeddable":true,"href":"https:\/\/culturbaine.com\/index.php\/wp-json\/wp\/v2\/tags?post=1200"}],"curies":[{"name":"wp","href":"https:\/\/api.w.org\/{rel}","templated":true}]}}