{"id":11641,"date":"2025-04-19T12:02:11","date_gmt":"2025-04-19T12:02:11","guid":{"rendered":"https:\/\/culturbaine.com\/?p=11641"},"modified":"2025-04-19T12:02:11","modified_gmt":"2025-04-19T12:02:11","slug":"conakry-montreal-lil-saako-et-antoine-gilbert-lancent-un-projet-afro-canadien-inedit","status":"publish","type":"post","link":"https:\/\/culturbaine.com\/index.php\/2025\/04\/19\/conakry-montreal-lil-saako-et-antoine-gilbert-lancent-un-projet-afro-canadien-inedit\/","title":{"rendered":"Conakry-Montr\u00e9al : Lil Saako et Antoine Gilbert lancent un projet afro-canadien in\u00e9dit"},"content":{"rendered":"<p>Entre les rives du fleuve Niger et celles du Saint-Laurent au Canada, une collaboration artistique singuli\u00e8re voit le jour. Le chanteur guin\u00e9en <strong>Mouctar Saako,<\/strong> plus connu sous le nom de <strong>Lil Saako,<\/strong> et le Canadien <strong>Antoine Gilbert<\/strong>, auteur-compositeur et interpr\u00e8te, unissent leurs talents pour un projet musical qui promet de marquer les esprits : un semi-album de six titres, m\u00ealant afrobeat, pop et rythmes urbains dont le titre n&rsquo;a pas encore \u00e9t\u00e9 d\u00e9voil\u00e9.<\/p>\n<p>Le vendredi 18 avril \u00e0 Conakry, les deux artistes ont lev\u00e9 le voile sur ce projet ambitieux, fruit d\u2019une rencontre humaine et musicale. Premier extrait d\u00e9voil\u00e9 : \u00ab\u00a0<strong>Love Me Now<\/strong>\u00ab\u00a0, une chanson poignante, o\u00f9 les voix de <strong>Lil Saako<\/strong> et d\u2019<strong>Antoine Gilbert<\/strong> s\u2019entrelacent avec intensit\u00e9, entre douceur et \u00e9nergie. Accueilli avec enthousiasme par le public, ce morceau incarne d\u00e9j\u00e0 l\u2019esprit de ce projet : un m\u00e9tissage sonore et culturel, entre Afrique de l\u2019Ouest et Am\u00e9rique du Nord.<br \/>\n<em><strong>\u00ab Ce projet, c\u2019est une fusion entre la culture guin\u00e9enne et la culture nord-am\u00e9ricaine<\/strong> <\/em>\u00bb, a d\u00e9clar\u00e9 <strong>Lil Saako<\/strong>. \u00ab <em><strong>Il repr\u00e9sente ce que je veux faire de ma musique : une vitrine pour la Guin\u00e9e \u00e0 l\u2019international, un pont entre les peuples. \u00bb<\/strong><\/em><\/p>\n<p>Pour <strong>Antoine Gilbert,<\/strong> cette collaboration est n\u00e9e d\u2019une admiration mutuelle. <em><strong>\u00ab J\u2019ai toujours aim\u00e9 son style, sa fa\u00e7on de chanter. Et au-del\u00e0 de la musique, Lil Sacko est un artiste engag\u00e9 dans le social, ce qui me touche personnellement \u00bb<\/strong><\/em>, explique-t-il.<\/p>\n<p>Car au-del\u00e0 de la cr\u00e9ation musicale, les deux artistes partagent une m\u00eame vision humanitaire. <strong>Lil Saako<\/strong> reverse 10 % des recettes de ses concerts \u00e0 des causes sociales, une d\u00e9marche \u00e9galement soutenue par <strong>Antoine Gilbert.<\/strong> Un engagement qui conf\u00e8re au projet une dimension solidaire forte.<\/p>\n<p>Avec d\u00e9j\u00e0 80 % du semi-album finalis\u00e9, <strong>Lil Saako <\/strong>et <strong>Antoine Gilbert<\/strong> ambitionnent une diffusion \u00e0 l\u2019\u00e9chelle mondiale. Ils appellent les publics africain, canadien, et au-del\u00e0, \u00e0 soutenir cette initiative porteuse d\u2019un message universel : l\u2019amour, le dialogue entre les cultures et la solidarit\u00e9.<\/p>\n","protected":false},"excerpt":{"rendered":"<p>Entre les rives du fleuve Niger et celles du Saint-Laurent au Canada, une collaboration artistique singuli\u00e8re voit le jour. Le chanteur guin\u00e9en Mouctar Saako, plus connu sous le nom de Lil Saako, et le Canadien Antoine Gilbert, auteur-compositeur et interpr\u00e8te, unissent leurs talents pour un projet musical qui promet de marquer les esprits : un [&hellip;]<\/p>\n","protected":false},"author":2,"featured_media":11642,"comment_status":"closed","ping_status":"closed","sticky":false,"template":"","format":"standard","meta":{"_mi_skip_tracking":false,"_monsterinsights_sitenote_active":false,"_monsterinsights_sitenote_note":"","_monsterinsights_sitenote_category":0,"footnotes":""},"categories":[21],"tags":[3838],"class_list":["post-11641","post","type-post","status-publish","format-standard","has-post-thumbnail","hentry","category-actualite","tag-conakry-montreal-lil-saako-et-antoine-gilbert-lancent-un-projet-afro-canadien-inedit"],"yoast_head":"<!-- This site is optimized with the Yoast SEO Premium plugin v20.1 (Yoast SEO v24.0) - https:\/\/yoast.com\/wordpress\/plugins\/seo\/ -->\n<title>Conakry-Montr\u00e9al : Lil Saako et Antoine Gilbert lancent un projet afro-canadien in\u00e9dit - Culturbaine<\/title>\n<meta name=\"robots\" content=\"index, follow, max-snippet:-1, max-image-preview:large, max-video-preview:-1\" \/>\n<link rel=\"canonical\" href=\"https:\/\/culturbaine.com\/index.php\/2025\/04\/19\/conakry-montreal-lil-saako-et-antoine-gilbert-lancent-un-projet-afro-canadien-inedit\/\" \/>\n<meta property=\"og:locale\" content=\"fr_FR\" \/>\n<meta property=\"og:type\" content=\"article\" \/>\n<meta property=\"og:title\" content=\"Conakry-Montr\u00e9al : Lil Saako et Antoine Gilbert lancent un projet afro-canadien in\u00e9dit\" \/>\n<meta property=\"og:description\" content=\"Entre les rives du fleuve Niger et celles du Saint-Laurent au Canada, une collaboration artistique singuli\u00e8re voit le jour. Le chanteur guin\u00e9en Mouctar Saako, plus connu sous le nom de Lil Saako, et le Canadien Antoine Gilbert, auteur-compositeur et interpr\u00e8te, unissent leurs talents pour un projet musical qui promet de marquer les esprits : un [&hellip;]\" \/>\n<meta property=\"og:url\" content=\"https:\/\/culturbaine.com\/index.php\/2025\/04\/19\/conakry-montreal-lil-saako-et-antoine-gilbert-lancent-un-projet-afro-canadien-inedit\/\" \/>\n<meta property=\"og:site_name\" content=\"Culturbaine\" \/>\n<meta property=\"article:publisher\" content=\"https:\/\/www.facebook.com\/Culturbaines\" \/>\n<meta property=\"article:published_time\" content=\"2025-04-19T12:02:11+00:00\" \/>\n<meta property=\"og:image\" content=\"https:\/\/culturbaine.com\/wp-content\/uploads\/2025\/04\/IMG-20250419-WA0005.jpg\" \/>\n\t<meta property=\"og:image:width\" content=\"1280\" \/>\n\t<meta property=\"og:image:height\" content=\"960\" \/>\n\t<meta property=\"og:image:type\" content=\"image\/jpeg\" \/>\n<meta name=\"author\" content=\"admin1\" \/>\n<meta name=\"twitter:card\" content=\"summary_large_image\" \/>\n<meta name=\"twitter:creator\" content=\"@culturbaines\" \/>\n<meta name=\"twitter:site\" content=\"@culturbaines\" \/>\n<meta name=\"twitter:label1\" content=\"\u00c9crit par\" \/>\n\t<meta name=\"twitter:data1\" content=\"admin1\" \/>\n\t<meta name=\"twitter:label2\" content=\"Dur\u00e9e de lecture estim\u00e9e\" \/>\n\t<meta name=\"twitter:data2\" content=\"2 minutes\" \/>\n<script type=\"application\/ld+json\" class=\"yoast-schema-graph\">{\"@context\":\"https:\/\/schema.org\",\"@graph\":[{\"@type\":\"Article\",\"@id\":\"https:\/\/culturbaine.com\/index.php\/2025\/04\/19\/conakry-montreal-lil-saako-et-antoine-gilbert-lancent-un-projet-afro-canadien-inedit\/#article\",\"isPartOf\":{\"@id\":\"https:\/\/culturbaine.com\/index.php\/2025\/04\/19\/conakry-montreal-lil-saako-et-antoine-gilbert-lancent-un-projet-afro-canadien-inedit\/\"},\"author\":{\"name\":\"admin1\",\"@id\":\"https:\/\/culturbaine.com\/#\/schema\/person\/42eb7485c572e0746c1ea6b8216c3814\"},\"headline\":\"Conakry-Montr\u00e9al : Lil Saako et Antoine Gilbert lancent un projet afro-canadien in\u00e9dit\",\"datePublished\":\"2025-04-19T12:02:11+00:00\",\"dateModified\":\"2025-04-19T12:02:11+00:00\",\"mainEntityOfPage\":{\"@id\":\"https:\/\/culturbaine.com\/index.php\/2025\/04\/19\/conakry-montreal-lil-saako-et-antoine-gilbert-lancent-un-projet-afro-canadien-inedit\/\"},\"wordCount\":350,\"publisher\":{\"@id\":\"https:\/\/culturbaine.com\/#organization\"},\"image\":{\"@id\":\"https:\/\/culturbaine.com\/index.php\/2025\/04\/19\/conakry-montreal-lil-saako-et-antoine-gilbert-lancent-un-projet-afro-canadien-inedit\/#primaryimage\"},\"thumbnailUrl\":\"https:\/\/culturbaine.com\/wp-content\/uploads\/2025\/04\/IMG-20250419-WA0005.jpg\",\"keywords\":[\"Conakry-Montr\u00e9al : Lil Saako et Antoine Gilbert lancent un projet afro-canadien in\u00e9dit\"],\"articleSection\":[\"Actualit\u00e9\"],\"inLanguage\":\"fr-FR\"},{\"@type\":\"WebPage\",\"@id\":\"https:\/\/culturbaine.com\/index.php\/2025\/04\/19\/conakry-montreal-lil-saako-et-antoine-gilbert-lancent-un-projet-afro-canadien-inedit\/\",\"url\":\"https:\/\/culturbaine.com\/index.php\/2025\/04\/19\/conakry-montreal-lil-saako-et-antoine-gilbert-lancent-un-projet-afro-canadien-inedit\/\",\"name\":\"Conakry-Montr\u00e9al : Lil Saako et Antoine Gilbert lancent un projet afro-canadien in\u00e9dit - Culturbaine\",\"isPartOf\":{\"@id\":\"https:\/\/culturbaine.com\/#website\"},\"primaryImageOfPage\":{\"@id\":\"https:\/\/culturbaine.com\/index.php\/2025\/04\/19\/conakry-montreal-lil-saako-et-antoine-gilbert-lancent-un-projet-afro-canadien-inedit\/#primaryimage\"},\"image\":{\"@id\":\"https:\/\/culturbaine.com\/index.php\/2025\/04\/19\/conakry-montreal-lil-saako-et-antoine-gilbert-lancent-un-projet-afro-canadien-inedit\/#primaryimage\"},\"thumbnailUrl\":\"https:\/\/culturbaine.com\/wp-content\/uploads\/2025\/04\/IMG-20250419-WA0005.jpg\",\"datePublished\":\"2025-04-19T12:02:11+00:00\",\"dateModified\":\"2025-04-19T12:02:11+00:00\",\"breadcrumb\":{\"@id\":\"https:\/\/culturbaine.com\/index.php\/2025\/04\/19\/conakry-montreal-lil-saako-et-antoine-gilbert-lancent-un-projet-afro-canadien-inedit\/#breadcrumb\"},\"inLanguage\":\"fr-FR\",\"potentialAction\":[{\"@type\":\"ReadAction\",\"target\":[\"https:\/\/culturbaine.com\/index.php\/2025\/04\/19\/conakry-montreal-lil-saako-et-antoine-gilbert-lancent-un-projet-afro-canadien-inedit\/\"]}]},{\"@type\":\"ImageObject\",\"inLanguage\":\"fr-FR\",\"@id\":\"https:\/\/culturbaine.com\/index.php\/2025\/04\/19\/conakry-montreal-lil-saako-et-antoine-gilbert-lancent-un-projet-afro-canadien-inedit\/#primaryimage\",\"url\":\"https:\/\/culturbaine.com\/wp-content\/uploads\/2025\/04\/IMG-20250419-WA0005.jpg\",\"contentUrl\":\"https:\/\/culturbaine.com\/wp-content\/uploads\/2025\/04\/IMG-20250419-WA0005.jpg\",\"width\":1280,\"height\":960},{\"@type\":\"BreadcrumbList\",\"@id\":\"https:\/\/culturbaine.com\/index.php\/2025\/04\/19\/conakry-montreal-lil-saako-et-antoine-gilbert-lancent-un-projet-afro-canadien-inedit\/#breadcrumb\",\"itemListElement\":[{\"@type\":\"ListItem\",\"position\":1,\"name\":\"Home\",\"item\":\"https:\/\/culturbaine.com\/\"},{\"@type\":\"ListItem\",\"position\":2,\"name\":\"Conakry-Montr\u00e9al : Lil Saako et Antoine Gilbert lancent un projet afro-canadien in\u00e9dit\"}]},{\"@type\":\"WebSite\",\"@id\":\"https:\/\/culturbaine.com\/#website\",\"url\":\"https:\/\/culturbaine.com\/\",\"name\":\"Culturbaine.com\",\"description\":\"Toute l&#039;actualit\u00e9 des Cultures Urbaines, en un clic  !\",\"publisher\":{\"@id\":\"https:\/\/culturbaine.com\/#organization\"},\"potentialAction\":[{\"@type\":\"SearchAction\",\"target\":{\"@type\":\"EntryPoint\",\"urlTemplate\":\"https:\/\/culturbaine.com\/?s={search_term_string}\"},\"query-input\":{\"@type\":\"PropertyValueSpecification\",\"valueRequired\":true,\"valueName\":\"search_term_string\"}}],\"inLanguage\":\"fr-FR\"},{\"@type\":\"Organization\",\"@id\":\"https:\/\/culturbaine.com\/#organization\",\"name\":\"Culturbaine.com\",\"url\":\"https:\/\/culturbaine.com\/\",\"logo\":{\"@type\":\"ImageObject\",\"inLanguage\":\"fr-FR\",\"@id\":\"https:\/\/culturbaine.com\/#\/schema\/logo\/image\/\",\"url\":\"https:\/\/culturbaine.com\/wp-content\/uploads\/2023\/07\/WhatsApp-Image-2023-07-17-at-14.38.18.jpeg\",\"contentUrl\":\"https:\/\/culturbaine.com\/wp-content\/uploads\/2023\/07\/WhatsApp-Image-2023-07-17-at-14.38.18.jpeg\",\"width\":855,\"height\":270,\"caption\":\"Culturbaine.com\"},\"image\":{\"@id\":\"https:\/\/culturbaine.com\/#\/schema\/logo\/image\/\"},\"sameAs\":[\"https:\/\/www.facebook.com\/Culturbaines\",\"https:\/\/x.com\/culturbaines\"]},{\"@type\":\"Person\",\"@id\":\"https:\/\/culturbaine.com\/#\/schema\/person\/42eb7485c572e0746c1ea6b8216c3814\",\"name\":\"admin1\",\"image\":{\"@type\":\"ImageObject\",\"inLanguage\":\"fr-FR\",\"@id\":\"https:\/\/culturbaine.com\/#\/schema\/person\/image\/\",\"url\":\"https:\/\/secure.gravatar.com\/avatar\/c268f4d483ce0486e5a10fee87bbf756?s=96&d=mm&r=g\",\"contentUrl\":\"https:\/\/secure.gravatar.com\/avatar\/c268f4d483ce0486e5a10fee87bbf756?s=96&d=mm&r=g\",\"caption\":\"admin1\"},\"url\":\"https:\/\/culturbaine.com\/index.php\/author\/admin1\/\"}]}<\/script>\n<!-- \/ Yoast SEO Premium plugin. -->","yoast_head_json":{"title":"Conakry-Montr\u00e9al : Lil Saako et Antoine Gilbert lancent un projet afro-canadien in\u00e9dit - Culturbaine","robots":{"index":"index","follow":"follow","max-snippet":"max-snippet:-1","max-image-preview":"max-image-preview:large","max-video-preview":"max-video-preview:-1"},"canonical":"https:\/\/culturbaine.com\/index.php\/2025\/04\/19\/conakry-montreal-lil-saako-et-antoine-gilbert-lancent-un-projet-afro-canadien-inedit\/","og_locale":"fr_FR","og_type":"article","og_title":"Conakry-Montr\u00e9al : Lil Saako et Antoine Gilbert lancent un projet afro-canadien in\u00e9dit","og_description":"Entre les rives du fleuve Niger et celles du Saint-Laurent au Canada, une collaboration artistique singuli\u00e8re voit le jour. Le chanteur guin\u00e9en Mouctar Saako, plus connu sous le nom de Lil Saako, et le Canadien Antoine Gilbert, auteur-compositeur et interpr\u00e8te, unissent leurs talents pour un projet musical qui promet de marquer les esprits : un [&hellip;]","og_url":"https:\/\/culturbaine.com\/index.php\/2025\/04\/19\/conakry-montreal-lil-saako-et-antoine-gilbert-lancent-un-projet-afro-canadien-inedit\/","og_site_name":"Culturbaine","article_publisher":"https:\/\/www.facebook.com\/Culturbaines","article_published_time":"2025-04-19T12:02:11+00:00","og_image":[{"width":1280,"height":960,"url":"https:\/\/culturbaine.com\/wp-content\/uploads\/2025\/04\/IMG-20250419-WA0005.jpg","type":"image\/jpeg"}],"author":"admin1","twitter_card":"summary_large_image","twitter_creator":"@culturbaines","twitter_site":"@culturbaines","twitter_misc":{"\u00c9crit par":"admin1","Dur\u00e9e de lecture estim\u00e9e":"2 minutes"},"schema":{"@context":"https:\/\/schema.org","@graph":[{"@type":"Article","@id":"https:\/\/culturbaine.com\/index.php\/2025\/04\/19\/conakry-montreal-lil-saako-et-antoine-gilbert-lancent-un-projet-afro-canadien-inedit\/#article","isPartOf":{"@id":"https:\/\/culturbaine.com\/index.php\/2025\/04\/19\/conakry-montreal-lil-saako-et-antoine-gilbert-lancent-un-projet-afro-canadien-inedit\/"},"author":{"name":"admin1","@id":"https:\/\/culturbaine.com\/#\/schema\/person\/42eb7485c572e0746c1ea6b8216c3814"},"headline":"Conakry-Montr\u00e9al : Lil Saako et Antoine Gilbert lancent un projet afro-canadien in\u00e9dit","datePublished":"2025-04-19T12:02:11+00:00","dateModified":"2025-04-19T12:02:11+00:00","mainEntityOfPage":{"@id":"https:\/\/culturbaine.com\/index.php\/2025\/04\/19\/conakry-montreal-lil-saako-et-antoine-gilbert-lancent-un-projet-afro-canadien-inedit\/"},"wordCount":350,"publisher":{"@id":"https:\/\/culturbaine.com\/#organization"},"image":{"@id":"https:\/\/culturbaine.com\/index.php\/2025\/04\/19\/conakry-montreal-lil-saako-et-antoine-gilbert-lancent-un-projet-afro-canadien-inedit\/#primaryimage"},"thumbnailUrl":"https:\/\/culturbaine.com\/wp-content\/uploads\/2025\/04\/IMG-20250419-WA0005.jpg","keywords":["Conakry-Montr\u00e9al : Lil Saako et Antoine Gilbert lancent un projet afro-canadien in\u00e9dit"],"articleSection":["Actualit\u00e9"],"inLanguage":"fr-FR"},{"@type":"WebPage","@id":"https:\/\/culturbaine.com\/index.php\/2025\/04\/19\/conakry-montreal-lil-saako-et-antoine-gilbert-lancent-un-projet-afro-canadien-inedit\/","url":"https:\/\/culturbaine.com\/index.php\/2025\/04\/19\/conakry-montreal-lil-saako-et-antoine-gilbert-lancent-un-projet-afro-canadien-inedit\/","name":"Conakry-Montr\u00e9al : Lil Saako et Antoine Gilbert lancent un projet afro-canadien in\u00e9dit - Culturbaine","isPartOf":{"@id":"https:\/\/culturbaine.com\/#website"},"primaryImageOfPage":{"@id":"https:\/\/culturbaine.com\/index.php\/2025\/04\/19\/conakry-montreal-lil-saako-et-antoine-gilbert-lancent-un-projet-afro-canadien-inedit\/#primaryimage"},"image":{"@id":"https:\/\/culturbaine.com\/index.php\/2025\/04\/19\/conakry-montreal-lil-saako-et-antoine-gilbert-lancent-un-projet-afro-canadien-inedit\/#primaryimage"},"thumbnailUrl":"https:\/\/culturbaine.com\/wp-content\/uploads\/2025\/04\/IMG-20250419-WA0005.jpg","datePublished":"2025-04-19T12:02:11+00:00","dateModified":"2025-04-19T12:02:11+00:00","breadcrumb":{"@id":"https:\/\/culturbaine.com\/index.php\/2025\/04\/19\/conakry-montreal-lil-saako-et-antoine-gilbert-lancent-un-projet-afro-canadien-inedit\/#breadcrumb"},"inLanguage":"fr-FR","potentialAction":[{"@type":"ReadAction","target":["https:\/\/culturbaine.com\/index.php\/2025\/04\/19\/conakry-montreal-lil-saako-et-antoine-gilbert-lancent-un-projet-afro-canadien-inedit\/"]}]},{"@type":"ImageObject","inLanguage":"fr-FR","@id":"https:\/\/culturbaine.com\/index.php\/2025\/04\/19\/conakry-montreal-lil-saako-et-antoine-gilbert-lancent-un-projet-afro-canadien-inedit\/#primaryimage","url":"https:\/\/culturbaine.com\/wp-content\/uploads\/2025\/04\/IMG-20250419-WA0005.jpg","contentUrl":"https:\/\/culturbaine.com\/wp-content\/uploads\/2025\/04\/IMG-20250419-WA0005.jpg","width":1280,"height":960},{"@type":"BreadcrumbList","@id":"https:\/\/culturbaine.com\/index.php\/2025\/04\/19\/conakry-montreal-lil-saako-et-antoine-gilbert-lancent-un-projet-afro-canadien-inedit\/#breadcrumb","itemListElement":[{"@type":"ListItem","position":1,"name":"Home","item":"https:\/\/culturbaine.com\/"},{"@type":"ListItem","position":2,"name":"Conakry-Montr\u00e9al : Lil Saako et Antoine Gilbert lancent un projet afro-canadien in\u00e9dit"}]},{"@type":"WebSite","@id":"https:\/\/culturbaine.com\/#website","url":"https:\/\/culturbaine.com\/","name":"Culturbaine.com","description":"Toute l&#039;actualit\u00e9 des Cultures Urbaines, en un clic  !","publisher":{"@id":"https:\/\/culturbaine.com\/#organization"},"potentialAction":[{"@type":"SearchAction","target":{"@type":"EntryPoint","urlTemplate":"https:\/\/culturbaine.com\/?s={search_term_string}"},"query-input":{"@type":"PropertyValueSpecification","valueRequired":true,"valueName":"search_term_string"}}],"inLanguage":"fr-FR"},{"@type":"Organization","@id":"https:\/\/culturbaine.com\/#organization","name":"Culturbaine.com","url":"https:\/\/culturbaine.com\/","logo":{"@type":"ImageObject","inLanguage":"fr-FR","@id":"https:\/\/culturbaine.com\/#\/schema\/logo\/image\/","url":"https:\/\/culturbaine.com\/wp-content\/uploads\/2023\/07\/WhatsApp-Image-2023-07-17-at-14.38.18.jpeg","contentUrl":"https:\/\/culturbaine.com\/wp-content\/uploads\/2023\/07\/WhatsApp-Image-2023-07-17-at-14.38.18.jpeg","width":855,"height":270,"caption":"Culturbaine.com"},"image":{"@id":"https:\/\/culturbaine.com\/#\/schema\/logo\/image\/"},"sameAs":["https:\/\/www.facebook.com\/Culturbaines","https:\/\/x.com\/culturbaines"]},{"@type":"Person","@id":"https:\/\/culturbaine.com\/#\/schema\/person\/42eb7485c572e0746c1ea6b8216c3814","name":"admin1","image":{"@type":"ImageObject","inLanguage":"fr-FR","@id":"https:\/\/culturbaine.com\/#\/schema\/person\/image\/","url":"https:\/\/secure.gravatar.com\/avatar\/c268f4d483ce0486e5a10fee87bbf756?s=96&d=mm&r=g","contentUrl":"https:\/\/secure.gravatar.com\/avatar\/c268f4d483ce0486e5a10fee87bbf756?s=96&d=mm&r=g","caption":"admin1"},"url":"https:\/\/culturbaine.com\/index.php\/author\/admin1\/"}]}},"_links":{"self":[{"href":"https:\/\/culturbaine.com\/index.php\/wp-json\/wp\/v2\/posts\/11641"}],"collection":[{"href":"https:\/\/culturbaine.com\/index.php\/wp-json\/wp\/v2\/posts"}],"about":[{"href":"https:\/\/culturbaine.com\/index.php\/wp-json\/wp\/v2\/types\/post"}],"author":[{"embeddable":true,"href":"https:\/\/culturbaine.com\/index.php\/wp-json\/wp\/v2\/users\/2"}],"replies":[{"embeddable":true,"href":"https:\/\/culturbaine.com\/index.php\/wp-json\/wp\/v2\/comments?post=11641"}],"version-history":[{"count":0,"href":"https:\/\/culturbaine.com\/index.php\/wp-json\/wp\/v2\/posts\/11641\/revisions"}],"wp:featuredmedia":[{"embeddable":true,"href":"https:\/\/culturbaine.com\/index.php\/wp-json\/wp\/v2\/media\/11642"}],"wp:attachment":[{"href":"https:\/\/culturbaine.com\/index.php\/wp-json\/wp\/v2\/media?parent=11641"}],"wp:term":[{"taxonomy":"category","embeddable":true,"href":"https:\/\/culturbaine.com\/index.php\/wp-json\/wp\/v2\/categories?post=11641"},{"taxonomy":"post_tag","embeddable":true,"href":"https:\/\/culturbaine.com\/index.php\/wp-json\/wp\/v2\/tags?post=11641"}],"curies":[{"name":"wp","href":"https:\/\/api.w.org\/{rel}","templated":true}]}}