{"id":11533,"date":"2025-04-06T08:43:04","date_gmt":"2025-04-06T08:43:04","guid":{"rendered":"https:\/\/culturbaine.com\/?p=11533"},"modified":"2025-04-06T08:43:04","modified_gmt":"2025-04-06T08:43:04","slug":"le-bilan-a-25-ans-neg-marrons-de-retour-sur-scene","status":"publish","type":"post","link":"https:\/\/culturbaine.com\/index.php\/2025\/04\/06\/le-bilan-a-25-ans-neg-marrons-de-retour-sur-scene\/","title":{"rendered":"\u201cLe Bilan\u201d a 25 ans : Neg\u2019 Marrons de retour sur sc\u00e8ne"},"content":{"rendered":"<p>Le 5 avril 2000 sortait l\u2019un des classiques incontournables du reggae fran\u00e7ais <b>: Le Bilan. <\/b>Extrait de leur deuxi\u00e8me album \u00e9ponym, ce morceau culte est sign\u00e9 du groupe<b> Neg\u2019 Marrons,<\/b> form\u00e9 par le duo <b>Jacky et Ben-J<\/b> sans <strong>Djamatik<\/strong>. Le groupe a connu un immense succ\u00e8s, d\u00e9passant les fronti\u00e8res hexagonales pour marquer durablement l\u2019histoire du reggae francophone.<\/p>\n<p>Aujourd\u2019hui, 25 ans apr\u00e8s la sortie de ce morceau embl\u00e9matique, les <b>Neg\u2019 Marrons<\/b> entament une tourn\u00e9e, avec un premier concert donn\u00e9 \u00e0 <b>La Passerelle \u00e0 Florange.<\/b> Ce retour sur sc\u00e8ne c\u00e9l\u00e8bre non seulement leur carri\u00e8re, mais aussi l\u2019impact du <b>Bilan<\/b> sur toute une g\u00e9n\u00e9ration.<\/p>\n<p>L\u2019histoire de cette chanson d\u00e9bute gr\u00e2ce \u00e0 l\u2019id\u00e9e ing\u00e9nieuse d\u2019un producteur en l\u2019an 2000 : adapter un classique jama\u00efcain et le proposer au duo. Le morceau repose sur le <b>Truth &amp; Rights Riddim<\/b>, rendu c\u00e9l\u00e8bre par <b>Johnny Osbourne<\/b> en 1979 avec <b>Truths and Rights<\/b>, lui-m\u00eame inspir\u00e9 de l\u2019instrumental <b>Take a Ride<\/b> datant de 1978.<\/p>\n<p>Dans <b>Le Bilan, Jacky<\/b> et <b>Ben-J<\/b> retracent leur parcours avec une touche de nostalgie m\u00eal\u00e9e \u00e0 un humour bien \u00e0 eux. Cet humour transpara\u00eet \u00e9galement dans le clip, o\u00f9 les deux artistes, grim\u00e9s en vieillards, participent \u00e0 une \u00e9mission de t\u00e9l\u00e9vision d\u00e9cal\u00e9e, offrant une mise en sc\u00e8ne m\u00e9morable.<\/p>\n<p>Consacr\u00e9 classique du reggae francophone, <b>Le Bilan<\/b> a \u00e9t\u00e9 certifi\u00e9 Disque de Platine en 2023, preuve de son succ\u00e8s toujours intact. La tourn\u00e9e qui s\u2019annonce est donc l\u2019occasion pour les fans de revivre cette \u00e9poque dor\u00e9e, et pour les plus jeunes de d\u00e9couvrir un pan essentiel de la culture musicale urbaine fran\u00e7aise.<\/p>\n<p><b>Mohamed Cinq Sylla\u00a0<\/b><\/p>\n","protected":false},"excerpt":{"rendered":"<p>Le 5 avril 2000 sortait l\u2019un des classiques incontournables du reggae fran\u00e7ais : Le Bilan. Extrait de leur deuxi\u00e8me album \u00e9ponym, ce morceau culte est sign\u00e9 du groupe Neg\u2019 Marrons, form\u00e9 par le duo Jacky et Ben-J sans Djamatik. Le groupe a connu un immense succ\u00e8s, d\u00e9passant les fronti\u00e8res hexagonales pour marquer durablement l\u2019histoire du [&hellip;]<\/p>\n","protected":false},"author":2,"featured_media":11534,"comment_status":"closed","ping_status":"closed","sticky":false,"template":"","format":"standard","meta":{"_mi_skip_tracking":false,"_monsterinsights_sitenote_active":false,"_monsterinsights_sitenote_note":"","_monsterinsights_sitenote_category":0,"footnotes":""},"categories":[21,35,2394],"tags":[3808],"class_list":["post-11533","post","type-post","status-publish","format-standard","has-post-thumbnail","hentry","category-actualite","category-nostal-ziks","category-reggae","tag-le-bilan-a-25-ans-neg-marrons-de-retour-sur-scene"],"yoast_head":"<!-- This site is optimized with the Yoast SEO Premium plugin v20.1 (Yoast SEO v24.0) - https:\/\/yoast.com\/wordpress\/plugins\/seo\/ -->\n<title>\u201cLe Bilan\u201d a 25 ans : Neg\u2019 Marrons de retour sur sc\u00e8ne - Culturbaine<\/title>\n<meta name=\"robots\" content=\"index, follow, max-snippet:-1, max-image-preview:large, max-video-preview:-1\" \/>\n<link rel=\"canonical\" href=\"https:\/\/culturbaine.com\/index.php\/2025\/04\/06\/le-bilan-a-25-ans-neg-marrons-de-retour-sur-scene\/\" \/>\n<meta property=\"og:locale\" content=\"fr_FR\" \/>\n<meta property=\"og:type\" content=\"article\" \/>\n<meta property=\"og:title\" content=\"\u201cLe Bilan\u201d a 25 ans : Neg\u2019 Marrons de retour sur sc\u00e8ne\" \/>\n<meta property=\"og:description\" content=\"Le 5 avril 2000 sortait l\u2019un des classiques incontournables du reggae fran\u00e7ais : Le Bilan. Extrait de leur deuxi\u00e8me album \u00e9ponym, ce morceau culte est sign\u00e9 du groupe Neg\u2019 Marrons, form\u00e9 par le duo Jacky et Ben-J sans Djamatik. Le groupe a connu un immense succ\u00e8s, d\u00e9passant les fronti\u00e8res hexagonales pour marquer durablement l\u2019histoire du [&hellip;]\" \/>\n<meta property=\"og:url\" content=\"https:\/\/culturbaine.com\/index.php\/2025\/04\/06\/le-bilan-a-25-ans-neg-marrons-de-retour-sur-scene\/\" \/>\n<meta property=\"og:site_name\" content=\"Culturbaine\" \/>\n<meta property=\"article:publisher\" content=\"https:\/\/www.facebook.com\/Culturbaines\" \/>\n<meta property=\"article:published_time\" content=\"2025-04-06T08:43:04+00:00\" \/>\n<meta property=\"og:image\" content=\"https:\/\/culturbaine.com\/wp-content\/uploads\/2025\/04\/17439285032752.jpg\" \/>\n\t<meta property=\"og:image:width\" content=\"562\" \/>\n\t<meta property=\"og:image:height\" content=\"388\" \/>\n\t<meta property=\"og:image:type\" content=\"image\/jpeg\" \/>\n<meta name=\"author\" content=\"admin1\" \/>\n<meta name=\"twitter:card\" content=\"summary_large_image\" \/>\n<meta name=\"twitter:creator\" content=\"@culturbaines\" \/>\n<meta name=\"twitter:site\" content=\"@culturbaines\" \/>\n<meta name=\"twitter:label1\" content=\"\u00c9crit par\" \/>\n\t<meta name=\"twitter:data1\" content=\"admin1\" \/>\n\t<meta name=\"twitter:label2\" content=\"Dur\u00e9e de lecture estim\u00e9e\" \/>\n\t<meta name=\"twitter:data2\" content=\"2 minutes\" \/>\n<script type=\"application\/ld+json\" class=\"yoast-schema-graph\">{\"@context\":\"https:\/\/schema.org\",\"@graph\":[{\"@type\":\"Article\",\"@id\":\"https:\/\/culturbaine.com\/index.php\/2025\/04\/06\/le-bilan-a-25-ans-neg-marrons-de-retour-sur-scene\/#article\",\"isPartOf\":{\"@id\":\"https:\/\/culturbaine.com\/index.php\/2025\/04\/06\/le-bilan-a-25-ans-neg-marrons-de-retour-sur-scene\/\"},\"author\":{\"name\":\"admin1\",\"@id\":\"https:\/\/culturbaine.com\/#\/schema\/person\/42eb7485c572e0746c1ea6b8216c3814\"},\"headline\":\"\u201cLe Bilan\u201d a 25 ans : Neg\u2019 Marrons de retour sur sc\u00e8ne\",\"datePublished\":\"2025-04-06T08:43:04+00:00\",\"dateModified\":\"2025-04-06T08:43:04+00:00\",\"mainEntityOfPage\":{\"@id\":\"https:\/\/culturbaine.com\/index.php\/2025\/04\/06\/le-bilan-a-25-ans-neg-marrons-de-retour-sur-scene\/\"},\"wordCount\":302,\"publisher\":{\"@id\":\"https:\/\/culturbaine.com\/#organization\"},\"image\":{\"@id\":\"https:\/\/culturbaine.com\/index.php\/2025\/04\/06\/le-bilan-a-25-ans-neg-marrons-de-retour-sur-scene\/#primaryimage\"},\"thumbnailUrl\":\"https:\/\/culturbaine.com\/wp-content\/uploads\/2025\/04\/17439285032752.jpg\",\"keywords\":[\"\u201cLe Bilan\u201d a 25 ans : Neg\u2019 Marrons de retour sur sc\u00e8ne\"],\"articleSection\":[\"Actualit\u00e9\",\"Nostal-Ziks\",\"Reggae\"],\"inLanguage\":\"fr-FR\"},{\"@type\":\"WebPage\",\"@id\":\"https:\/\/culturbaine.com\/index.php\/2025\/04\/06\/le-bilan-a-25-ans-neg-marrons-de-retour-sur-scene\/\",\"url\":\"https:\/\/culturbaine.com\/index.php\/2025\/04\/06\/le-bilan-a-25-ans-neg-marrons-de-retour-sur-scene\/\",\"name\":\"\u201cLe Bilan\u201d a 25 ans : Neg\u2019 Marrons de retour sur sc\u00e8ne - Culturbaine\",\"isPartOf\":{\"@id\":\"https:\/\/culturbaine.com\/#website\"},\"primaryImageOfPage\":{\"@id\":\"https:\/\/culturbaine.com\/index.php\/2025\/04\/06\/le-bilan-a-25-ans-neg-marrons-de-retour-sur-scene\/#primaryimage\"},\"image\":{\"@id\":\"https:\/\/culturbaine.com\/index.php\/2025\/04\/06\/le-bilan-a-25-ans-neg-marrons-de-retour-sur-scene\/#primaryimage\"},\"thumbnailUrl\":\"https:\/\/culturbaine.com\/wp-content\/uploads\/2025\/04\/17439285032752.jpg\",\"datePublished\":\"2025-04-06T08:43:04+00:00\",\"dateModified\":\"2025-04-06T08:43:04+00:00\",\"breadcrumb\":{\"@id\":\"https:\/\/culturbaine.com\/index.php\/2025\/04\/06\/le-bilan-a-25-ans-neg-marrons-de-retour-sur-scene\/#breadcrumb\"},\"inLanguage\":\"fr-FR\",\"potentialAction\":[{\"@type\":\"ReadAction\",\"target\":[\"https:\/\/culturbaine.com\/index.php\/2025\/04\/06\/le-bilan-a-25-ans-neg-marrons-de-retour-sur-scene\/\"]}]},{\"@type\":\"ImageObject\",\"inLanguage\":\"fr-FR\",\"@id\":\"https:\/\/culturbaine.com\/index.php\/2025\/04\/06\/le-bilan-a-25-ans-neg-marrons-de-retour-sur-scene\/#primaryimage\",\"url\":\"https:\/\/culturbaine.com\/wp-content\/uploads\/2025\/04\/17439285032752.jpg\",\"contentUrl\":\"https:\/\/culturbaine.com\/wp-content\/uploads\/2025\/04\/17439285032752.jpg\",\"width\":562,\"height\":388},{\"@type\":\"BreadcrumbList\",\"@id\":\"https:\/\/culturbaine.com\/index.php\/2025\/04\/06\/le-bilan-a-25-ans-neg-marrons-de-retour-sur-scene\/#breadcrumb\",\"itemListElement\":[{\"@type\":\"ListItem\",\"position\":1,\"name\":\"Home\",\"item\":\"https:\/\/culturbaine.com\/\"},{\"@type\":\"ListItem\",\"position\":2,\"name\":\"\u201cLe Bilan\u201d a 25 ans : Neg\u2019 Marrons de retour sur sc\u00e8ne\"}]},{\"@type\":\"WebSite\",\"@id\":\"https:\/\/culturbaine.com\/#website\",\"url\":\"https:\/\/culturbaine.com\/\",\"name\":\"Culturbaine.com\",\"description\":\"Toute l&#039;actualit\u00e9 des Cultures Urbaines, en un clic  !\",\"publisher\":{\"@id\":\"https:\/\/culturbaine.com\/#organization\"},\"potentialAction\":[{\"@type\":\"SearchAction\",\"target\":{\"@type\":\"EntryPoint\",\"urlTemplate\":\"https:\/\/culturbaine.com\/?s={search_term_string}\"},\"query-input\":{\"@type\":\"PropertyValueSpecification\",\"valueRequired\":true,\"valueName\":\"search_term_string\"}}],\"inLanguage\":\"fr-FR\"},{\"@type\":\"Organization\",\"@id\":\"https:\/\/culturbaine.com\/#organization\",\"name\":\"Culturbaine.com\",\"url\":\"https:\/\/culturbaine.com\/\",\"logo\":{\"@type\":\"ImageObject\",\"inLanguage\":\"fr-FR\",\"@id\":\"https:\/\/culturbaine.com\/#\/schema\/logo\/image\/\",\"url\":\"https:\/\/culturbaine.com\/wp-content\/uploads\/2023\/07\/WhatsApp-Image-2023-07-17-at-14.38.18.jpeg\",\"contentUrl\":\"https:\/\/culturbaine.com\/wp-content\/uploads\/2023\/07\/WhatsApp-Image-2023-07-17-at-14.38.18.jpeg\",\"width\":855,\"height\":270,\"caption\":\"Culturbaine.com\"},\"image\":{\"@id\":\"https:\/\/culturbaine.com\/#\/schema\/logo\/image\/\"},\"sameAs\":[\"https:\/\/www.facebook.com\/Culturbaines\",\"https:\/\/x.com\/culturbaines\"]},{\"@type\":\"Person\",\"@id\":\"https:\/\/culturbaine.com\/#\/schema\/person\/42eb7485c572e0746c1ea6b8216c3814\",\"name\":\"admin1\",\"image\":{\"@type\":\"ImageObject\",\"inLanguage\":\"fr-FR\",\"@id\":\"https:\/\/culturbaine.com\/#\/schema\/person\/image\/\",\"url\":\"https:\/\/secure.gravatar.com\/avatar\/c268f4d483ce0486e5a10fee87bbf756?s=96&d=mm&r=g\",\"contentUrl\":\"https:\/\/secure.gravatar.com\/avatar\/c268f4d483ce0486e5a10fee87bbf756?s=96&d=mm&r=g\",\"caption\":\"admin1\"},\"url\":\"https:\/\/culturbaine.com\/index.php\/author\/admin1\/\"}]}<\/script>\n<!-- \/ Yoast SEO Premium plugin. -->","yoast_head_json":{"title":"\u201cLe Bilan\u201d a 25 ans : Neg\u2019 Marrons de retour sur sc\u00e8ne - Culturbaine","robots":{"index":"index","follow":"follow","max-snippet":"max-snippet:-1","max-image-preview":"max-image-preview:large","max-video-preview":"max-video-preview:-1"},"canonical":"https:\/\/culturbaine.com\/index.php\/2025\/04\/06\/le-bilan-a-25-ans-neg-marrons-de-retour-sur-scene\/","og_locale":"fr_FR","og_type":"article","og_title":"\u201cLe Bilan\u201d a 25 ans : Neg\u2019 Marrons de retour sur sc\u00e8ne","og_description":"Le 5 avril 2000 sortait l\u2019un des classiques incontournables du reggae fran\u00e7ais : Le Bilan. Extrait de leur deuxi\u00e8me album \u00e9ponym, ce morceau culte est sign\u00e9 du groupe Neg\u2019 Marrons, form\u00e9 par le duo Jacky et Ben-J sans Djamatik. Le groupe a connu un immense succ\u00e8s, d\u00e9passant les fronti\u00e8res hexagonales pour marquer durablement l\u2019histoire du [&hellip;]","og_url":"https:\/\/culturbaine.com\/index.php\/2025\/04\/06\/le-bilan-a-25-ans-neg-marrons-de-retour-sur-scene\/","og_site_name":"Culturbaine","article_publisher":"https:\/\/www.facebook.com\/Culturbaines","article_published_time":"2025-04-06T08:43:04+00:00","og_image":[{"width":562,"height":388,"url":"https:\/\/culturbaine.com\/wp-content\/uploads\/2025\/04\/17439285032752.jpg","type":"image\/jpeg"}],"author":"admin1","twitter_card":"summary_large_image","twitter_creator":"@culturbaines","twitter_site":"@culturbaines","twitter_misc":{"\u00c9crit par":"admin1","Dur\u00e9e de lecture estim\u00e9e":"2 minutes"},"schema":{"@context":"https:\/\/schema.org","@graph":[{"@type":"Article","@id":"https:\/\/culturbaine.com\/index.php\/2025\/04\/06\/le-bilan-a-25-ans-neg-marrons-de-retour-sur-scene\/#article","isPartOf":{"@id":"https:\/\/culturbaine.com\/index.php\/2025\/04\/06\/le-bilan-a-25-ans-neg-marrons-de-retour-sur-scene\/"},"author":{"name":"admin1","@id":"https:\/\/culturbaine.com\/#\/schema\/person\/42eb7485c572e0746c1ea6b8216c3814"},"headline":"\u201cLe Bilan\u201d a 25 ans : Neg\u2019 Marrons de retour sur sc\u00e8ne","datePublished":"2025-04-06T08:43:04+00:00","dateModified":"2025-04-06T08:43:04+00:00","mainEntityOfPage":{"@id":"https:\/\/culturbaine.com\/index.php\/2025\/04\/06\/le-bilan-a-25-ans-neg-marrons-de-retour-sur-scene\/"},"wordCount":302,"publisher":{"@id":"https:\/\/culturbaine.com\/#organization"},"image":{"@id":"https:\/\/culturbaine.com\/index.php\/2025\/04\/06\/le-bilan-a-25-ans-neg-marrons-de-retour-sur-scene\/#primaryimage"},"thumbnailUrl":"https:\/\/culturbaine.com\/wp-content\/uploads\/2025\/04\/17439285032752.jpg","keywords":["\u201cLe Bilan\u201d a 25 ans : Neg\u2019 Marrons de retour sur sc\u00e8ne"],"articleSection":["Actualit\u00e9","Nostal-Ziks","Reggae"],"inLanguage":"fr-FR"},{"@type":"WebPage","@id":"https:\/\/culturbaine.com\/index.php\/2025\/04\/06\/le-bilan-a-25-ans-neg-marrons-de-retour-sur-scene\/","url":"https:\/\/culturbaine.com\/index.php\/2025\/04\/06\/le-bilan-a-25-ans-neg-marrons-de-retour-sur-scene\/","name":"\u201cLe Bilan\u201d a 25 ans : Neg\u2019 Marrons de retour sur sc\u00e8ne - Culturbaine","isPartOf":{"@id":"https:\/\/culturbaine.com\/#website"},"primaryImageOfPage":{"@id":"https:\/\/culturbaine.com\/index.php\/2025\/04\/06\/le-bilan-a-25-ans-neg-marrons-de-retour-sur-scene\/#primaryimage"},"image":{"@id":"https:\/\/culturbaine.com\/index.php\/2025\/04\/06\/le-bilan-a-25-ans-neg-marrons-de-retour-sur-scene\/#primaryimage"},"thumbnailUrl":"https:\/\/culturbaine.com\/wp-content\/uploads\/2025\/04\/17439285032752.jpg","datePublished":"2025-04-06T08:43:04+00:00","dateModified":"2025-04-06T08:43:04+00:00","breadcrumb":{"@id":"https:\/\/culturbaine.com\/index.php\/2025\/04\/06\/le-bilan-a-25-ans-neg-marrons-de-retour-sur-scene\/#breadcrumb"},"inLanguage":"fr-FR","potentialAction":[{"@type":"ReadAction","target":["https:\/\/culturbaine.com\/index.php\/2025\/04\/06\/le-bilan-a-25-ans-neg-marrons-de-retour-sur-scene\/"]}]},{"@type":"ImageObject","inLanguage":"fr-FR","@id":"https:\/\/culturbaine.com\/index.php\/2025\/04\/06\/le-bilan-a-25-ans-neg-marrons-de-retour-sur-scene\/#primaryimage","url":"https:\/\/culturbaine.com\/wp-content\/uploads\/2025\/04\/17439285032752.jpg","contentUrl":"https:\/\/culturbaine.com\/wp-content\/uploads\/2025\/04\/17439285032752.jpg","width":562,"height":388},{"@type":"BreadcrumbList","@id":"https:\/\/culturbaine.com\/index.php\/2025\/04\/06\/le-bilan-a-25-ans-neg-marrons-de-retour-sur-scene\/#breadcrumb","itemListElement":[{"@type":"ListItem","position":1,"name":"Home","item":"https:\/\/culturbaine.com\/"},{"@type":"ListItem","position":2,"name":"\u201cLe Bilan\u201d a 25 ans : Neg\u2019 Marrons de retour sur sc\u00e8ne"}]},{"@type":"WebSite","@id":"https:\/\/culturbaine.com\/#website","url":"https:\/\/culturbaine.com\/","name":"Culturbaine.com","description":"Toute l&#039;actualit\u00e9 des Cultures Urbaines, en un clic  !","publisher":{"@id":"https:\/\/culturbaine.com\/#organization"},"potentialAction":[{"@type":"SearchAction","target":{"@type":"EntryPoint","urlTemplate":"https:\/\/culturbaine.com\/?s={search_term_string}"},"query-input":{"@type":"PropertyValueSpecification","valueRequired":true,"valueName":"search_term_string"}}],"inLanguage":"fr-FR"},{"@type":"Organization","@id":"https:\/\/culturbaine.com\/#organization","name":"Culturbaine.com","url":"https:\/\/culturbaine.com\/","logo":{"@type":"ImageObject","inLanguage":"fr-FR","@id":"https:\/\/culturbaine.com\/#\/schema\/logo\/image\/","url":"https:\/\/culturbaine.com\/wp-content\/uploads\/2023\/07\/WhatsApp-Image-2023-07-17-at-14.38.18.jpeg","contentUrl":"https:\/\/culturbaine.com\/wp-content\/uploads\/2023\/07\/WhatsApp-Image-2023-07-17-at-14.38.18.jpeg","width":855,"height":270,"caption":"Culturbaine.com"},"image":{"@id":"https:\/\/culturbaine.com\/#\/schema\/logo\/image\/"},"sameAs":["https:\/\/www.facebook.com\/Culturbaines","https:\/\/x.com\/culturbaines"]},{"@type":"Person","@id":"https:\/\/culturbaine.com\/#\/schema\/person\/42eb7485c572e0746c1ea6b8216c3814","name":"admin1","image":{"@type":"ImageObject","inLanguage":"fr-FR","@id":"https:\/\/culturbaine.com\/#\/schema\/person\/image\/","url":"https:\/\/secure.gravatar.com\/avatar\/c268f4d483ce0486e5a10fee87bbf756?s=96&d=mm&r=g","contentUrl":"https:\/\/secure.gravatar.com\/avatar\/c268f4d483ce0486e5a10fee87bbf756?s=96&d=mm&r=g","caption":"admin1"},"url":"https:\/\/culturbaine.com\/index.php\/author\/admin1\/"}]}},"_links":{"self":[{"href":"https:\/\/culturbaine.com\/index.php\/wp-json\/wp\/v2\/posts\/11533"}],"collection":[{"href":"https:\/\/culturbaine.com\/index.php\/wp-json\/wp\/v2\/posts"}],"about":[{"href":"https:\/\/culturbaine.com\/index.php\/wp-json\/wp\/v2\/types\/post"}],"author":[{"embeddable":true,"href":"https:\/\/culturbaine.com\/index.php\/wp-json\/wp\/v2\/users\/2"}],"replies":[{"embeddable":true,"href":"https:\/\/culturbaine.com\/index.php\/wp-json\/wp\/v2\/comments?post=11533"}],"version-history":[{"count":0,"href":"https:\/\/culturbaine.com\/index.php\/wp-json\/wp\/v2\/posts\/11533\/revisions"}],"wp:featuredmedia":[{"embeddable":true,"href":"https:\/\/culturbaine.com\/index.php\/wp-json\/wp\/v2\/media\/11534"}],"wp:attachment":[{"href":"https:\/\/culturbaine.com\/index.php\/wp-json\/wp\/v2\/media?parent=11533"}],"wp:term":[{"taxonomy":"category","embeddable":true,"href":"https:\/\/culturbaine.com\/index.php\/wp-json\/wp\/v2\/categories?post=11533"},{"taxonomy":"post_tag","embeddable":true,"href":"https:\/\/culturbaine.com\/index.php\/wp-json\/wp\/v2\/tags?post=11533"}],"curies":[{"name":"wp","href":"https:\/\/api.w.org\/{rel}","templated":true}]}}