{"id":11454,"date":"2025-03-28T21:19:32","date_gmt":"2025-03-28T21:19:32","guid":{"rendered":"https:\/\/culturbaine.com\/?p=11454"},"modified":"2025-03-28T21:19:32","modified_gmt":"2025-03-28T21:19:32","slug":"face-a-la-presse-symphonie-poetesse-nimba-leve-le-voile-sur-son-spectaclesheguey","status":"publish","type":"post","link":"https:\/\/culturbaine.com\/index.php\/2025\/03\/28\/face-a-la-presse-symphonie-poetesse-nimba-leve-le-voile-sur-son-spectaclesheguey\/","title":{"rendered":"Face \u00e0 la presse, Symphonie Po\u00e9tesse Nimba l\u00e8ve le voile sur son spectacle\u00a0\u00bbSheguey\u201d"},"content":{"rendered":"<p>En pr\u00e9lude \u00e0 son spectacle \u00ab\u00a0<b>Sheguey<\/b>\u00ab\u00a0, programm\u00e9 le 5 avril prochain au Centre culturel franco-guin\u00e9en (CCFG), la slameuse guin\u00e9enne <b>Symphonie Po\u00e9tesse Nimba<\/b> a anim\u00e9 une conf\u00e9rence de presse ce vendredi matin dans les locaux du CCFG.<\/p>\n<p>D\u2019entr\u00e9e, cette po\u00e9tesse des mots a expliqu\u00e9 en quoi consiste son spectacle \u00ab\u00a0<b>Sheguey<\/b>\u00a0\u00bb :<\/p>\n<p>\u00ab\u00a0<em><strong>Sheguey a commenc\u00e9 en 2021, mais le 5 avril, il d\u00e9ploiera ses ailes comme l&rsquo;albatros, pour tenter d\u2019\u00eatre libre et d\u2019exprimer sans d\u00e9tour les mots qu\u2019il ressent. Le spectacle &lsquo;Sheguey&rsquo;, c\u2019est une voix que nous essayons de porter, notamment dans des pays comme le Tchad et la Centrafrique. &lsquo;Sheguey&rsquo;, c\u2019est le probl\u00e8me, c\u2019est un enfant de la rue. Mais lorsqu&rsquo;il est dans la rue, il y a beaucoup de probl\u00e8me dont il fait face. Et l&rsquo;enfant de la rue c&rsquo;est celui-l\u00e0 quii nous apporte beaucoup de vice, beaucoup de r\u00e9confort. Que ce soit dans la joie qu&rsquo;il partage, dans la douleur qu&rsquo;il partage mais aussi dans l&rsquo;espoir qu&rsquo;il essaie de semer dans chaque c\u0153ur, de chaque personne qu&rsquo;il voit dans la rue, de chaque personne qui voit une personne qui a mal, qui souffre mais essaye tant bien que ma d&rsquo;\u00eatre libre ou de pouvoir se sentir mieux \u00bb<\/strong> <\/em>a expliqu\u00e9 <b>Symphonie Po\u00e9tesse Nimba.<\/b><\/p>\n<p>\u00c9galement pr\u00e9sent \u00e0 cette conf\u00e9rence, l\u2019humoriste guin\u00e9en de renom, <b>Sow Pedro<\/b>, qui est le metteur en sc\u00e8ne du spectacle \u00ab\u00a0<b>Sheguey<\/b>\u00ab\u00a0, a r\u00e9pondu \u00e0 une question sur l&rsquo;avancement des pr\u00e9paratifs. Il a pr\u00e9cis\u00e9 qu\u2019ils en sont \u00e0 la phase de cr\u00e9ation musicale, suivie des autres \u00e9tapes de production. Quant aux r\u00e9p\u00e9titions, elles d\u00e9buteront le 1er avril et se poursuivront jusqu\u2019au jour du spectacle.<\/p>\n<p>Pour la premi\u00e8re partie du spectacle \u00ab\u00a0<b>Sheguey<\/b>\u00ab\u00a0, <b>Symphonie Po\u00e9tesse Nimba<\/b> a souhait\u00e9 mettre en avant des femmes, notamment <b>Journaliste<\/b> et\u00a0 <b>FBELL\u2019ART<\/b>.<\/p>\n<p>Tous les billets ont d\u00e9j\u00e0 \u00e9t\u00e9 vendus. Rendez-vous donc le 5 avril au CCFG pour c\u00e9l\u00e9brer ce spectacle exceptionnel.<\/p>\n<p><b>Mohamed Cinq Sylla<\/b><\/p>\n","protected":false},"excerpt":{"rendered":"<p>En pr\u00e9lude \u00e0 son spectacle \u00ab\u00a0Sheguey\u00ab\u00a0, programm\u00e9 le 5 avril prochain au Centre culturel franco-guin\u00e9en (CCFG), la slameuse guin\u00e9enne Symphonie Po\u00e9tesse Nimba a anim\u00e9 une conf\u00e9rence de presse ce vendredi matin dans les locaux du CCFG. D\u2019entr\u00e9e, cette po\u00e9tesse des mots a expliqu\u00e9 en quoi consiste son spectacle \u00ab\u00a0Sheguey\u00a0\u00bb : \u00ab\u00a0Sheguey a commenc\u00e9 en 2021, [&hellip;]<\/p>\n","protected":false},"author":2,"featured_media":11455,"comment_status":"closed","ping_status":"closed","sticky":false,"template":"","format":"standard","meta":{"_mi_skip_tracking":false,"_monsterinsights_sitenote_active":false,"_monsterinsights_sitenote_note":"","_monsterinsights_sitenote_category":0,"footnotes":""},"categories":[21,33,2386],"tags":[3785],"class_list":["post-11454","post","type-post","status-publish","format-standard","has-post-thumbnail","hentry","category-actualite","category-agenda","category-slam","tag-symphonie-poetesse-nimba-leve-le-voile-sur-son-spectaclesheguey"],"yoast_head":"<!-- This site is optimized with the Yoast SEO Premium plugin v20.1 (Yoast SEO v24.0) - https:\/\/yoast.com\/wordpress\/plugins\/seo\/ -->\n<title>Face \u00e0 la presse, Symphonie Po\u00e9tesse Nimba l\u00e8ve le voile sur son spectacle&quot;Sheguey\u201d - Culturbaine<\/title>\n<meta name=\"robots\" content=\"index, follow, max-snippet:-1, max-image-preview:large, max-video-preview:-1\" \/>\n<link rel=\"canonical\" href=\"https:\/\/culturbaine.com\/index.php\/2025\/03\/28\/face-a-la-presse-symphonie-poetesse-nimba-leve-le-voile-sur-son-spectaclesheguey\/\" \/>\n<meta property=\"og:locale\" content=\"fr_FR\" \/>\n<meta property=\"og:type\" content=\"article\" \/>\n<meta property=\"og:title\" content=\"Face \u00e0 la presse, Symphonie Po\u00e9tesse Nimba l\u00e8ve le voile sur son spectacle&quot;Sheguey\u201d\" \/>\n<meta property=\"og:description\" content=\"En pr\u00e9lude \u00e0 son spectacle \u00ab\u00a0Sheguey\u00ab\u00a0, programm\u00e9 le 5 avril prochain au Centre culturel franco-guin\u00e9en (CCFG), la slameuse guin\u00e9enne Symphonie Po\u00e9tesse Nimba a anim\u00e9 une conf\u00e9rence de presse ce vendredi matin dans les locaux du CCFG. D\u2019entr\u00e9e, cette po\u00e9tesse des mots a expliqu\u00e9 en quoi consiste son spectacle \u00ab\u00a0Sheguey\u00a0\u00bb : \u00ab\u00a0Sheguey a commenc\u00e9 en 2021, [&hellip;]\" \/>\n<meta property=\"og:url\" content=\"https:\/\/culturbaine.com\/index.php\/2025\/03\/28\/face-a-la-presse-symphonie-poetesse-nimba-leve-le-voile-sur-son-spectaclesheguey\/\" \/>\n<meta property=\"og:site_name\" content=\"Culturbaine\" \/>\n<meta property=\"article:publisher\" content=\"https:\/\/www.facebook.com\/Culturbaines\" \/>\n<meta property=\"article:published_time\" content=\"2025-03-28T21:19:32+00:00\" \/>\n<meta property=\"og:image\" content=\"https:\/\/culturbaine.com\/wp-content\/uploads\/2025\/03\/IMG_20250328_1106422-scaled.jpg\" \/>\n\t<meta property=\"og:image:width\" content=\"2560\" \/>\n\t<meta property=\"og:image:height\" content=\"1535\" \/>\n\t<meta property=\"og:image:type\" content=\"image\/jpeg\" \/>\n<meta name=\"author\" content=\"admin1\" \/>\n<meta name=\"twitter:card\" content=\"summary_large_image\" \/>\n<meta name=\"twitter:creator\" content=\"@culturbaines\" \/>\n<meta name=\"twitter:site\" content=\"@culturbaines\" \/>\n<meta name=\"twitter:label1\" content=\"\u00c9crit par\" \/>\n\t<meta name=\"twitter:data1\" content=\"admin1\" \/>\n\t<meta name=\"twitter:label2\" content=\"Dur\u00e9e de lecture estim\u00e9e\" \/>\n\t<meta name=\"twitter:data2\" content=\"2 minutes\" \/>\n<script type=\"application\/ld+json\" class=\"yoast-schema-graph\">{\"@context\":\"https:\/\/schema.org\",\"@graph\":[{\"@type\":\"Article\",\"@id\":\"https:\/\/culturbaine.com\/index.php\/2025\/03\/28\/face-a-la-presse-symphonie-poetesse-nimba-leve-le-voile-sur-son-spectaclesheguey\/#article\",\"isPartOf\":{\"@id\":\"https:\/\/culturbaine.com\/index.php\/2025\/03\/28\/face-a-la-presse-symphonie-poetesse-nimba-leve-le-voile-sur-son-spectaclesheguey\/\"},\"author\":{\"name\":\"admin1\",\"@id\":\"https:\/\/culturbaine.com\/#\/schema\/person\/42eb7485c572e0746c1ea6b8216c3814\"},\"headline\":\"Face \u00e0 la presse, Symphonie Po\u00e9tesse Nimba l\u00e8ve le voile sur son spectacle\u00a0\u00bbSheguey\u201d\",\"datePublished\":\"2025-03-28T21:19:32+00:00\",\"dateModified\":\"2025-03-28T21:19:32+00:00\",\"mainEntityOfPage\":{\"@id\":\"https:\/\/culturbaine.com\/index.php\/2025\/03\/28\/face-a-la-presse-symphonie-poetesse-nimba-leve-le-voile-sur-son-spectaclesheguey\/\"},\"wordCount\":366,\"publisher\":{\"@id\":\"https:\/\/culturbaine.com\/#organization\"},\"image\":{\"@id\":\"https:\/\/culturbaine.com\/index.php\/2025\/03\/28\/face-a-la-presse-symphonie-poetesse-nimba-leve-le-voile-sur-son-spectaclesheguey\/#primaryimage\"},\"thumbnailUrl\":\"https:\/\/culturbaine.com\/wp-content\/uploads\/2025\/03\/IMG_20250328_1106422-scaled.jpg\",\"keywords\":[\"Symphonie Po\u00e9tesse Nimba l\u00e8ve le voile sur son spectacle\\\"Sheguey\u201d\"],\"articleSection\":[\"Actualit\u00e9\",\"Agenda\",\"Slam\"],\"inLanguage\":\"fr-FR\"},{\"@type\":\"WebPage\",\"@id\":\"https:\/\/culturbaine.com\/index.php\/2025\/03\/28\/face-a-la-presse-symphonie-poetesse-nimba-leve-le-voile-sur-son-spectaclesheguey\/\",\"url\":\"https:\/\/culturbaine.com\/index.php\/2025\/03\/28\/face-a-la-presse-symphonie-poetesse-nimba-leve-le-voile-sur-son-spectaclesheguey\/\",\"name\":\"Face \u00e0 la presse, Symphonie Po\u00e9tesse Nimba l\u00e8ve le voile sur son spectacle\\\"Sheguey\u201d - Culturbaine\",\"isPartOf\":{\"@id\":\"https:\/\/culturbaine.com\/#website\"},\"primaryImageOfPage\":{\"@id\":\"https:\/\/culturbaine.com\/index.php\/2025\/03\/28\/face-a-la-presse-symphonie-poetesse-nimba-leve-le-voile-sur-son-spectaclesheguey\/#primaryimage\"},\"image\":{\"@id\":\"https:\/\/culturbaine.com\/index.php\/2025\/03\/28\/face-a-la-presse-symphonie-poetesse-nimba-leve-le-voile-sur-son-spectaclesheguey\/#primaryimage\"},\"thumbnailUrl\":\"https:\/\/culturbaine.com\/wp-content\/uploads\/2025\/03\/IMG_20250328_1106422-scaled.jpg\",\"datePublished\":\"2025-03-28T21:19:32+00:00\",\"dateModified\":\"2025-03-28T21:19:32+00:00\",\"breadcrumb\":{\"@id\":\"https:\/\/culturbaine.com\/index.php\/2025\/03\/28\/face-a-la-presse-symphonie-poetesse-nimba-leve-le-voile-sur-son-spectaclesheguey\/#breadcrumb\"},\"inLanguage\":\"fr-FR\",\"potentialAction\":[{\"@type\":\"ReadAction\",\"target\":[\"https:\/\/culturbaine.com\/index.php\/2025\/03\/28\/face-a-la-presse-symphonie-poetesse-nimba-leve-le-voile-sur-son-spectaclesheguey\/\"]}]},{\"@type\":\"ImageObject\",\"inLanguage\":\"fr-FR\",\"@id\":\"https:\/\/culturbaine.com\/index.php\/2025\/03\/28\/face-a-la-presse-symphonie-poetesse-nimba-leve-le-voile-sur-son-spectaclesheguey\/#primaryimage\",\"url\":\"https:\/\/culturbaine.com\/wp-content\/uploads\/2025\/03\/IMG_20250328_1106422-scaled.jpg\",\"contentUrl\":\"https:\/\/culturbaine.com\/wp-content\/uploads\/2025\/03\/IMG_20250328_1106422-scaled.jpg\",\"width\":2560,\"height\":1535},{\"@type\":\"BreadcrumbList\",\"@id\":\"https:\/\/culturbaine.com\/index.php\/2025\/03\/28\/face-a-la-presse-symphonie-poetesse-nimba-leve-le-voile-sur-son-spectaclesheguey\/#breadcrumb\",\"itemListElement\":[{\"@type\":\"ListItem\",\"position\":1,\"name\":\"Home\",\"item\":\"https:\/\/culturbaine.com\/\"},{\"@type\":\"ListItem\",\"position\":2,\"name\":\"Face \u00e0 la presse, Symphonie Po\u00e9tesse Nimba l\u00e8ve le voile sur son spectacle\u00a0\u00bbSheguey\u201d\"}]},{\"@type\":\"WebSite\",\"@id\":\"https:\/\/culturbaine.com\/#website\",\"url\":\"https:\/\/culturbaine.com\/\",\"name\":\"Culturbaine.com\",\"description\":\"Toute l&#039;actualit\u00e9 des Cultures Urbaines, en un clic  !\",\"publisher\":{\"@id\":\"https:\/\/culturbaine.com\/#organization\"},\"potentialAction\":[{\"@type\":\"SearchAction\",\"target\":{\"@type\":\"EntryPoint\",\"urlTemplate\":\"https:\/\/culturbaine.com\/?s={search_term_string}\"},\"query-input\":{\"@type\":\"PropertyValueSpecification\",\"valueRequired\":true,\"valueName\":\"search_term_string\"}}],\"inLanguage\":\"fr-FR\"},{\"@type\":\"Organization\",\"@id\":\"https:\/\/culturbaine.com\/#organization\",\"name\":\"Culturbaine.com\",\"url\":\"https:\/\/culturbaine.com\/\",\"logo\":{\"@type\":\"ImageObject\",\"inLanguage\":\"fr-FR\",\"@id\":\"https:\/\/culturbaine.com\/#\/schema\/logo\/image\/\",\"url\":\"https:\/\/culturbaine.com\/wp-content\/uploads\/2023\/07\/WhatsApp-Image-2023-07-17-at-14.38.18.jpeg\",\"contentUrl\":\"https:\/\/culturbaine.com\/wp-content\/uploads\/2023\/07\/WhatsApp-Image-2023-07-17-at-14.38.18.jpeg\",\"width\":855,\"height\":270,\"caption\":\"Culturbaine.com\"},\"image\":{\"@id\":\"https:\/\/culturbaine.com\/#\/schema\/logo\/image\/\"},\"sameAs\":[\"https:\/\/www.facebook.com\/Culturbaines\",\"https:\/\/x.com\/culturbaines\"]},{\"@type\":\"Person\",\"@id\":\"https:\/\/culturbaine.com\/#\/schema\/person\/42eb7485c572e0746c1ea6b8216c3814\",\"name\":\"admin1\",\"image\":{\"@type\":\"ImageObject\",\"inLanguage\":\"fr-FR\",\"@id\":\"https:\/\/culturbaine.com\/#\/schema\/person\/image\/\",\"url\":\"https:\/\/secure.gravatar.com\/avatar\/c268f4d483ce0486e5a10fee87bbf756?s=96&d=mm&r=g\",\"contentUrl\":\"https:\/\/secure.gravatar.com\/avatar\/c268f4d483ce0486e5a10fee87bbf756?s=96&d=mm&r=g\",\"caption\":\"admin1\"},\"url\":\"https:\/\/culturbaine.com\/index.php\/author\/admin1\/\"}]}<\/script>\n<!-- \/ Yoast SEO Premium plugin. -->","yoast_head_json":{"title":"Face \u00e0 la presse, Symphonie Po\u00e9tesse Nimba l\u00e8ve le voile sur son spectacle\"Sheguey\u201d - Culturbaine","robots":{"index":"index","follow":"follow","max-snippet":"max-snippet:-1","max-image-preview":"max-image-preview:large","max-video-preview":"max-video-preview:-1"},"canonical":"https:\/\/culturbaine.com\/index.php\/2025\/03\/28\/face-a-la-presse-symphonie-poetesse-nimba-leve-le-voile-sur-son-spectaclesheguey\/","og_locale":"fr_FR","og_type":"article","og_title":"Face \u00e0 la presse, Symphonie Po\u00e9tesse Nimba l\u00e8ve le voile sur son spectacle\"Sheguey\u201d","og_description":"En pr\u00e9lude \u00e0 son spectacle \u00ab\u00a0Sheguey\u00ab\u00a0, programm\u00e9 le 5 avril prochain au Centre culturel franco-guin\u00e9en (CCFG), la slameuse guin\u00e9enne Symphonie Po\u00e9tesse Nimba a anim\u00e9 une conf\u00e9rence de presse ce vendredi matin dans les locaux du CCFG. D\u2019entr\u00e9e, cette po\u00e9tesse des mots a expliqu\u00e9 en quoi consiste son spectacle \u00ab\u00a0Sheguey\u00a0\u00bb : \u00ab\u00a0Sheguey a commenc\u00e9 en 2021, [&hellip;]","og_url":"https:\/\/culturbaine.com\/index.php\/2025\/03\/28\/face-a-la-presse-symphonie-poetesse-nimba-leve-le-voile-sur-son-spectaclesheguey\/","og_site_name":"Culturbaine","article_publisher":"https:\/\/www.facebook.com\/Culturbaines","article_published_time":"2025-03-28T21:19:32+00:00","og_image":[{"width":2560,"height":1535,"url":"https:\/\/culturbaine.com\/wp-content\/uploads\/2025\/03\/IMG_20250328_1106422-scaled.jpg","type":"image\/jpeg"}],"author":"admin1","twitter_card":"summary_large_image","twitter_creator":"@culturbaines","twitter_site":"@culturbaines","twitter_misc":{"\u00c9crit par":"admin1","Dur\u00e9e de lecture estim\u00e9e":"2 minutes"},"schema":{"@context":"https:\/\/schema.org","@graph":[{"@type":"Article","@id":"https:\/\/culturbaine.com\/index.php\/2025\/03\/28\/face-a-la-presse-symphonie-poetesse-nimba-leve-le-voile-sur-son-spectaclesheguey\/#article","isPartOf":{"@id":"https:\/\/culturbaine.com\/index.php\/2025\/03\/28\/face-a-la-presse-symphonie-poetesse-nimba-leve-le-voile-sur-son-spectaclesheguey\/"},"author":{"name":"admin1","@id":"https:\/\/culturbaine.com\/#\/schema\/person\/42eb7485c572e0746c1ea6b8216c3814"},"headline":"Face \u00e0 la presse, Symphonie Po\u00e9tesse Nimba l\u00e8ve le voile sur son spectacle\u00a0\u00bbSheguey\u201d","datePublished":"2025-03-28T21:19:32+00:00","dateModified":"2025-03-28T21:19:32+00:00","mainEntityOfPage":{"@id":"https:\/\/culturbaine.com\/index.php\/2025\/03\/28\/face-a-la-presse-symphonie-poetesse-nimba-leve-le-voile-sur-son-spectaclesheguey\/"},"wordCount":366,"publisher":{"@id":"https:\/\/culturbaine.com\/#organization"},"image":{"@id":"https:\/\/culturbaine.com\/index.php\/2025\/03\/28\/face-a-la-presse-symphonie-poetesse-nimba-leve-le-voile-sur-son-spectaclesheguey\/#primaryimage"},"thumbnailUrl":"https:\/\/culturbaine.com\/wp-content\/uploads\/2025\/03\/IMG_20250328_1106422-scaled.jpg","keywords":["Symphonie Po\u00e9tesse Nimba l\u00e8ve le voile sur son spectacle\"Sheguey\u201d"],"articleSection":["Actualit\u00e9","Agenda","Slam"],"inLanguage":"fr-FR"},{"@type":"WebPage","@id":"https:\/\/culturbaine.com\/index.php\/2025\/03\/28\/face-a-la-presse-symphonie-poetesse-nimba-leve-le-voile-sur-son-spectaclesheguey\/","url":"https:\/\/culturbaine.com\/index.php\/2025\/03\/28\/face-a-la-presse-symphonie-poetesse-nimba-leve-le-voile-sur-son-spectaclesheguey\/","name":"Face \u00e0 la presse, Symphonie Po\u00e9tesse Nimba l\u00e8ve le voile sur son spectacle\"Sheguey\u201d - Culturbaine","isPartOf":{"@id":"https:\/\/culturbaine.com\/#website"},"primaryImageOfPage":{"@id":"https:\/\/culturbaine.com\/index.php\/2025\/03\/28\/face-a-la-presse-symphonie-poetesse-nimba-leve-le-voile-sur-son-spectaclesheguey\/#primaryimage"},"image":{"@id":"https:\/\/culturbaine.com\/index.php\/2025\/03\/28\/face-a-la-presse-symphonie-poetesse-nimba-leve-le-voile-sur-son-spectaclesheguey\/#primaryimage"},"thumbnailUrl":"https:\/\/culturbaine.com\/wp-content\/uploads\/2025\/03\/IMG_20250328_1106422-scaled.jpg","datePublished":"2025-03-28T21:19:32+00:00","dateModified":"2025-03-28T21:19:32+00:00","breadcrumb":{"@id":"https:\/\/culturbaine.com\/index.php\/2025\/03\/28\/face-a-la-presse-symphonie-poetesse-nimba-leve-le-voile-sur-son-spectaclesheguey\/#breadcrumb"},"inLanguage":"fr-FR","potentialAction":[{"@type":"ReadAction","target":["https:\/\/culturbaine.com\/index.php\/2025\/03\/28\/face-a-la-presse-symphonie-poetesse-nimba-leve-le-voile-sur-son-spectaclesheguey\/"]}]},{"@type":"ImageObject","inLanguage":"fr-FR","@id":"https:\/\/culturbaine.com\/index.php\/2025\/03\/28\/face-a-la-presse-symphonie-poetesse-nimba-leve-le-voile-sur-son-spectaclesheguey\/#primaryimage","url":"https:\/\/culturbaine.com\/wp-content\/uploads\/2025\/03\/IMG_20250328_1106422-scaled.jpg","contentUrl":"https:\/\/culturbaine.com\/wp-content\/uploads\/2025\/03\/IMG_20250328_1106422-scaled.jpg","width":2560,"height":1535},{"@type":"BreadcrumbList","@id":"https:\/\/culturbaine.com\/index.php\/2025\/03\/28\/face-a-la-presse-symphonie-poetesse-nimba-leve-le-voile-sur-son-spectaclesheguey\/#breadcrumb","itemListElement":[{"@type":"ListItem","position":1,"name":"Home","item":"https:\/\/culturbaine.com\/"},{"@type":"ListItem","position":2,"name":"Face \u00e0 la presse, Symphonie Po\u00e9tesse Nimba l\u00e8ve le voile sur son spectacle\u00a0\u00bbSheguey\u201d"}]},{"@type":"WebSite","@id":"https:\/\/culturbaine.com\/#website","url":"https:\/\/culturbaine.com\/","name":"Culturbaine.com","description":"Toute l&#039;actualit\u00e9 des Cultures Urbaines, en un clic  !","publisher":{"@id":"https:\/\/culturbaine.com\/#organization"},"potentialAction":[{"@type":"SearchAction","target":{"@type":"EntryPoint","urlTemplate":"https:\/\/culturbaine.com\/?s={search_term_string}"},"query-input":{"@type":"PropertyValueSpecification","valueRequired":true,"valueName":"search_term_string"}}],"inLanguage":"fr-FR"},{"@type":"Organization","@id":"https:\/\/culturbaine.com\/#organization","name":"Culturbaine.com","url":"https:\/\/culturbaine.com\/","logo":{"@type":"ImageObject","inLanguage":"fr-FR","@id":"https:\/\/culturbaine.com\/#\/schema\/logo\/image\/","url":"https:\/\/culturbaine.com\/wp-content\/uploads\/2023\/07\/WhatsApp-Image-2023-07-17-at-14.38.18.jpeg","contentUrl":"https:\/\/culturbaine.com\/wp-content\/uploads\/2023\/07\/WhatsApp-Image-2023-07-17-at-14.38.18.jpeg","width":855,"height":270,"caption":"Culturbaine.com"},"image":{"@id":"https:\/\/culturbaine.com\/#\/schema\/logo\/image\/"},"sameAs":["https:\/\/www.facebook.com\/Culturbaines","https:\/\/x.com\/culturbaines"]},{"@type":"Person","@id":"https:\/\/culturbaine.com\/#\/schema\/person\/42eb7485c572e0746c1ea6b8216c3814","name":"admin1","image":{"@type":"ImageObject","inLanguage":"fr-FR","@id":"https:\/\/culturbaine.com\/#\/schema\/person\/image\/","url":"https:\/\/secure.gravatar.com\/avatar\/c268f4d483ce0486e5a10fee87bbf756?s=96&d=mm&r=g","contentUrl":"https:\/\/secure.gravatar.com\/avatar\/c268f4d483ce0486e5a10fee87bbf756?s=96&d=mm&r=g","caption":"admin1"},"url":"https:\/\/culturbaine.com\/index.php\/author\/admin1\/"}]}},"_links":{"self":[{"href":"https:\/\/culturbaine.com\/index.php\/wp-json\/wp\/v2\/posts\/11454"}],"collection":[{"href":"https:\/\/culturbaine.com\/index.php\/wp-json\/wp\/v2\/posts"}],"about":[{"href":"https:\/\/culturbaine.com\/index.php\/wp-json\/wp\/v2\/types\/post"}],"author":[{"embeddable":true,"href":"https:\/\/culturbaine.com\/index.php\/wp-json\/wp\/v2\/users\/2"}],"replies":[{"embeddable":true,"href":"https:\/\/culturbaine.com\/index.php\/wp-json\/wp\/v2\/comments?post=11454"}],"version-history":[{"count":0,"href":"https:\/\/culturbaine.com\/index.php\/wp-json\/wp\/v2\/posts\/11454\/revisions"}],"wp:featuredmedia":[{"embeddable":true,"href":"https:\/\/culturbaine.com\/index.php\/wp-json\/wp\/v2\/media\/11455"}],"wp:attachment":[{"href":"https:\/\/culturbaine.com\/index.php\/wp-json\/wp\/v2\/media?parent=11454"}],"wp:term":[{"taxonomy":"category","embeddable":true,"href":"https:\/\/culturbaine.com\/index.php\/wp-json\/wp\/v2\/categories?post=11454"},{"taxonomy":"post_tag","embeddable":true,"href":"https:\/\/culturbaine.com\/index.php\/wp-json\/wp\/v2\/tags?post=11454"}],"curies":[{"name":"wp","href":"https:\/\/api.w.org\/{rel}","templated":true}]}}