{"id":11406,"date":"2025-03-22T14:24:29","date_gmt":"2025-03-22T14:24:29","guid":{"rendered":"https:\/\/culturbaine.com\/?p=11406"},"modified":"2025-03-22T14:24:29","modified_gmt":"2025-03-22T14:24:29","slug":"en-route-pour-la-premiere-edition-de-la-rencontre-des-industries-culturelles-et-creatives-ricc","status":"publish","type":"post","link":"https:\/\/culturbaine.com\/index.php\/2025\/03\/22\/en-route-pour-la-premiere-edition-de-la-rencontre-des-industries-culturelles-et-creatives-ricc\/","title":{"rendered":"En route pour la premi\u00e8re \u00e9dition de la Rencontre des Industries Culturelles et Cr\u00e9atives &#8211; RICC\u00a0"},"content":{"rendered":"<p>Professionnels de la culture, entrepreneurs, cr\u00e9ateurs, d\u00e9cideurs, investisseurs\u2026 pr\u00e9parez-vous \u00e0 vivre une r\u00e9volution.<\/p>\n<p><b>La RICC &#8211; Rencontre des Industries Culturelles et Cr\u00e9atives<\/b> est plus qu\u2019un simple \u00e9v\u00e9nement, c\u2019est un salon professionnel, un laboratoire d&rsquo;id\u00e9es, une sc\u00e8ne d&rsquo;opportunit\u00e9s et un tremplin pour les talents, qui ambitionne de r\u00e9unir \u00e0 Conakry, des professionnels des ICC avec pour vision \u00ab\u00a0<b>faire des ICC un v\u00e9ritable levier de croissance \u00e9conomique\u00a0\u00bb.<\/b><\/p>\n<p>L&rsquo;\u00e9conomie cr\u00e9ative est en pleine expansion et la Guin\u00e9e doit jouer sa partition. Mais comment structurer les ICC pour g\u00e9n\u00e9rer des emplois, attirer des investisseurs et positionner la culture Guin\u00e9enne sur la sc\u00e8ne internationale ? <b>La RICC<\/b> se veut \u00eatre cette plateforme qui r\u00e9pond \u00e0 ces questions.<\/p>\n<p><b>AU PROGRAMME :<\/b><\/p>\n<p><b>-Conf\u00e9rences et panels :<\/b> vous retrouverez des d\u00e9cideurs, des professionnels, des cr\u00e9ateurs et des entrepreneurs qui cassent les codes et qui partagent des strat\u00e9gies gagnantes ;<\/p>\n<p><b>-Ateliers &amp; Masterclass :<\/b> des s\u00e9ances de formation seront anim\u00e9es pour apprendre \u00e0 mon\u00e9tiser sa cr\u00e9ativit\u00e9, d\u00e9velopper son projet et conqu\u00e9rir de nouveaux march\u00e9s ;<\/p>\n<p><b>-Networking &amp; Rencontres B2B :<\/b> la RICC est l&rsquo;endroit id\u00e9al pour se connecter aux bonnes personnes et tisser des collaborations strat\u00e9giques ;<\/p>\n<p><b>-Expositions &amp; Espaces d&rsquo;innovation :<\/b> vous d\u00e9couvrirez des start-ups culturelles qui bousculent les codes et les nouvelles tendances des ICC.<\/p>\n<p><b>POURQUOI VOUS NE DEVEZ PAS MANQUER #RICC 2025 ?<\/b><\/p>\n<p>-Parce que l&rsquo;avenir de la culture #Guin\u00e9enne sera d\u00e9crypt\u00e9 par des professionnels ;<\/p>\n<p>-Parce que vous avez du talent et qu&rsquo;il est temps de le rentabiliser ;<\/p>\n<p>-Parce que l&rsquo;\u00e9conomie cr\u00e9ative est un march\u00e9 en plein boom et que la Guin\u00e9e doit \u00eatre pr\u00eate ;<\/p>\n<p>-Parce qu&rsquo;un bon contact peut changer votre carri\u00e8re.<\/p>\n<p>Bient\u00f4t \u00e0 Conakry donc restez connect\u00e9s !<b> Mail :<\/b> riccgn@gmail.com<\/p>\n","protected":false},"excerpt":{"rendered":"<p>Professionnels de la culture, entrepreneurs, cr\u00e9ateurs, d\u00e9cideurs, investisseurs\u2026 pr\u00e9parez-vous \u00e0 vivre une r\u00e9volution. La RICC &#8211; Rencontre des Industries Culturelles et Cr\u00e9atives est plus qu\u2019un simple \u00e9v\u00e9nement, c\u2019est un salon professionnel, un laboratoire d&rsquo;id\u00e9es, une sc\u00e8ne d&rsquo;opportunit\u00e9s et un tremplin pour les talents, qui ambitionne de r\u00e9unir \u00e0 Conakry, des professionnels des ICC avec pour [&hellip;]<\/p>\n","protected":false},"author":2,"featured_media":11407,"comment_status":"closed","ping_status":"closed","sticky":false,"template":"","format":"standard","meta":{"_mi_skip_tracking":false,"_monsterinsights_sitenote_active":false,"_monsterinsights_sitenote_note":"","_monsterinsights_sitenote_category":0,"footnotes":""},"categories":[21],"tags":[3773],"class_list":["post-11406","post","type-post","status-publish","format-standard","has-post-thumbnail","hentry","category-actualite","tag-en-route-pour-la-premiere-edition-de-la-rencontre-des-industries-culturelles-et-creatives-ricc"],"yoast_head":"<!-- This site is optimized with the Yoast SEO Premium plugin v20.1 (Yoast SEO v24.0) - https:\/\/yoast.com\/wordpress\/plugins\/seo\/ -->\n<title>En route pour la premi\u00e8re \u00e9dition de la Rencontre des Industries Culturelles et Cr\u00e9atives - RICC\u00a0 - Culturbaine<\/title>\n<meta name=\"robots\" content=\"index, follow, max-snippet:-1, max-image-preview:large, max-video-preview:-1\" \/>\n<link rel=\"canonical\" href=\"https:\/\/culturbaine.com\/index.php\/2025\/03\/22\/en-route-pour-la-premiere-edition-de-la-rencontre-des-industries-culturelles-et-creatives-ricc\/\" \/>\n<meta property=\"og:locale\" content=\"fr_FR\" \/>\n<meta property=\"og:type\" content=\"article\" \/>\n<meta property=\"og:title\" content=\"En route pour la premi\u00e8re \u00e9dition de la Rencontre des Industries Culturelles et Cr\u00e9atives - RICC\u00a0\" \/>\n<meta property=\"og:description\" content=\"Professionnels de la culture, entrepreneurs, cr\u00e9ateurs, d\u00e9cideurs, investisseurs\u2026 pr\u00e9parez-vous \u00e0 vivre une r\u00e9volution. La RICC &#8211; Rencontre des Industries Culturelles et Cr\u00e9atives est plus qu\u2019un simple \u00e9v\u00e9nement, c\u2019est un salon professionnel, un laboratoire d&rsquo;id\u00e9es, une sc\u00e8ne d&rsquo;opportunit\u00e9s et un tremplin pour les talents, qui ambitionne de r\u00e9unir \u00e0 Conakry, des professionnels des ICC avec pour [&hellip;]\" \/>\n<meta property=\"og:url\" content=\"https:\/\/culturbaine.com\/index.php\/2025\/03\/22\/en-route-pour-la-premiere-edition-de-la-rencontre-des-industries-culturelles-et-creatives-ricc\/\" \/>\n<meta property=\"og:site_name\" content=\"Culturbaine\" \/>\n<meta property=\"article:publisher\" content=\"https:\/\/www.facebook.com\/Culturbaines\" \/>\n<meta property=\"article:published_time\" content=\"2025-03-22T14:24:29+00:00\" \/>\n<meta property=\"og:image\" content=\"https:\/\/culturbaine.com\/wp-content\/uploads\/2025\/03\/IMG-20250322-WA00012.jpg\" \/>\n\t<meta property=\"og:image:width\" content=\"1600\" \/>\n\t<meta property=\"og:image:height\" content=\"1093\" \/>\n\t<meta property=\"og:image:type\" content=\"image\/jpeg\" \/>\n<meta name=\"author\" content=\"admin1\" \/>\n<meta name=\"twitter:card\" content=\"summary_large_image\" \/>\n<meta name=\"twitter:creator\" content=\"@culturbaines\" \/>\n<meta name=\"twitter:site\" content=\"@culturbaines\" \/>\n<meta name=\"twitter:label1\" content=\"\u00c9crit par\" \/>\n\t<meta name=\"twitter:data1\" content=\"admin1\" \/>\n\t<meta name=\"twitter:label2\" content=\"Dur\u00e9e de lecture estim\u00e9e\" \/>\n\t<meta name=\"twitter:data2\" content=\"2 minutes\" \/>\n<script type=\"application\/ld+json\" class=\"yoast-schema-graph\">{\"@context\":\"https:\/\/schema.org\",\"@graph\":[{\"@type\":\"Article\",\"@id\":\"https:\/\/culturbaine.com\/index.php\/2025\/03\/22\/en-route-pour-la-premiere-edition-de-la-rencontre-des-industries-culturelles-et-creatives-ricc\/#article\",\"isPartOf\":{\"@id\":\"https:\/\/culturbaine.com\/index.php\/2025\/03\/22\/en-route-pour-la-premiere-edition-de-la-rencontre-des-industries-culturelles-et-creatives-ricc\/\"},\"author\":{\"name\":\"admin1\",\"@id\":\"https:\/\/culturbaine.com\/#\/schema\/person\/42eb7485c572e0746c1ea6b8216c3814\"},\"headline\":\"En route pour la premi\u00e8re \u00e9dition de la Rencontre des Industries Culturelles et Cr\u00e9atives &#8211; RICC\u00a0\",\"datePublished\":\"2025-03-22T14:24:29+00:00\",\"dateModified\":\"2025-03-22T14:24:29+00:00\",\"mainEntityOfPage\":{\"@id\":\"https:\/\/culturbaine.com\/index.php\/2025\/03\/22\/en-route-pour-la-premiere-edition-de-la-rencontre-des-industries-culturelles-et-creatives-ricc\/\"},\"wordCount\":331,\"publisher\":{\"@id\":\"https:\/\/culturbaine.com\/#organization\"},\"image\":{\"@id\":\"https:\/\/culturbaine.com\/index.php\/2025\/03\/22\/en-route-pour-la-premiere-edition-de-la-rencontre-des-industries-culturelles-et-creatives-ricc\/#primaryimage\"},\"thumbnailUrl\":\"https:\/\/culturbaine.com\/wp-content\/uploads\/2025\/03\/IMG-20250322-WA00012.jpg\",\"keywords\":[\"En route pour la premi\u00e8re \u00e9dition de la Rencontre des Industries Culturelles et Cr\u00e9atives - RICC\"],\"articleSection\":[\"Actualit\u00e9\"],\"inLanguage\":\"fr-FR\"},{\"@type\":\"WebPage\",\"@id\":\"https:\/\/culturbaine.com\/index.php\/2025\/03\/22\/en-route-pour-la-premiere-edition-de-la-rencontre-des-industries-culturelles-et-creatives-ricc\/\",\"url\":\"https:\/\/culturbaine.com\/index.php\/2025\/03\/22\/en-route-pour-la-premiere-edition-de-la-rencontre-des-industries-culturelles-et-creatives-ricc\/\",\"name\":\"En route pour la premi\u00e8re \u00e9dition de la Rencontre des Industries Culturelles et Cr\u00e9atives - RICC\u00a0 - Culturbaine\",\"isPartOf\":{\"@id\":\"https:\/\/culturbaine.com\/#website\"},\"primaryImageOfPage\":{\"@id\":\"https:\/\/culturbaine.com\/index.php\/2025\/03\/22\/en-route-pour-la-premiere-edition-de-la-rencontre-des-industries-culturelles-et-creatives-ricc\/#primaryimage\"},\"image\":{\"@id\":\"https:\/\/culturbaine.com\/index.php\/2025\/03\/22\/en-route-pour-la-premiere-edition-de-la-rencontre-des-industries-culturelles-et-creatives-ricc\/#primaryimage\"},\"thumbnailUrl\":\"https:\/\/culturbaine.com\/wp-content\/uploads\/2025\/03\/IMG-20250322-WA00012.jpg\",\"datePublished\":\"2025-03-22T14:24:29+00:00\",\"dateModified\":\"2025-03-22T14:24:29+00:00\",\"breadcrumb\":{\"@id\":\"https:\/\/culturbaine.com\/index.php\/2025\/03\/22\/en-route-pour-la-premiere-edition-de-la-rencontre-des-industries-culturelles-et-creatives-ricc\/#breadcrumb\"},\"inLanguage\":\"fr-FR\",\"potentialAction\":[{\"@type\":\"ReadAction\",\"target\":[\"https:\/\/culturbaine.com\/index.php\/2025\/03\/22\/en-route-pour-la-premiere-edition-de-la-rencontre-des-industries-culturelles-et-creatives-ricc\/\"]}]},{\"@type\":\"ImageObject\",\"inLanguage\":\"fr-FR\",\"@id\":\"https:\/\/culturbaine.com\/index.php\/2025\/03\/22\/en-route-pour-la-premiere-edition-de-la-rencontre-des-industries-culturelles-et-creatives-ricc\/#primaryimage\",\"url\":\"https:\/\/culturbaine.com\/wp-content\/uploads\/2025\/03\/IMG-20250322-WA00012.jpg\",\"contentUrl\":\"https:\/\/culturbaine.com\/wp-content\/uploads\/2025\/03\/IMG-20250322-WA00012.jpg\",\"width\":1600,\"height\":1093},{\"@type\":\"BreadcrumbList\",\"@id\":\"https:\/\/culturbaine.com\/index.php\/2025\/03\/22\/en-route-pour-la-premiere-edition-de-la-rencontre-des-industries-culturelles-et-creatives-ricc\/#breadcrumb\",\"itemListElement\":[{\"@type\":\"ListItem\",\"position\":1,\"name\":\"Home\",\"item\":\"https:\/\/culturbaine.com\/\"},{\"@type\":\"ListItem\",\"position\":2,\"name\":\"En route pour la premi\u00e8re \u00e9dition de la Rencontre des Industries Culturelles et Cr\u00e9atives &#8211; RICC\u00a0\"}]},{\"@type\":\"WebSite\",\"@id\":\"https:\/\/culturbaine.com\/#website\",\"url\":\"https:\/\/culturbaine.com\/\",\"name\":\"Culturbaine.com\",\"description\":\"Toute l&#039;actualit\u00e9 des Cultures Urbaines, en un clic  !\",\"publisher\":{\"@id\":\"https:\/\/culturbaine.com\/#organization\"},\"potentialAction\":[{\"@type\":\"SearchAction\",\"target\":{\"@type\":\"EntryPoint\",\"urlTemplate\":\"https:\/\/culturbaine.com\/?s={search_term_string}\"},\"query-input\":{\"@type\":\"PropertyValueSpecification\",\"valueRequired\":true,\"valueName\":\"search_term_string\"}}],\"inLanguage\":\"fr-FR\"},{\"@type\":\"Organization\",\"@id\":\"https:\/\/culturbaine.com\/#organization\",\"name\":\"Culturbaine.com\",\"url\":\"https:\/\/culturbaine.com\/\",\"logo\":{\"@type\":\"ImageObject\",\"inLanguage\":\"fr-FR\",\"@id\":\"https:\/\/culturbaine.com\/#\/schema\/logo\/image\/\",\"url\":\"https:\/\/culturbaine.com\/wp-content\/uploads\/2023\/07\/WhatsApp-Image-2023-07-17-at-14.38.18.jpeg\",\"contentUrl\":\"https:\/\/culturbaine.com\/wp-content\/uploads\/2023\/07\/WhatsApp-Image-2023-07-17-at-14.38.18.jpeg\",\"width\":855,\"height\":270,\"caption\":\"Culturbaine.com\"},\"image\":{\"@id\":\"https:\/\/culturbaine.com\/#\/schema\/logo\/image\/\"},\"sameAs\":[\"https:\/\/www.facebook.com\/Culturbaines\",\"https:\/\/x.com\/culturbaines\"]},{\"@type\":\"Person\",\"@id\":\"https:\/\/culturbaine.com\/#\/schema\/person\/42eb7485c572e0746c1ea6b8216c3814\",\"name\":\"admin1\",\"image\":{\"@type\":\"ImageObject\",\"inLanguage\":\"fr-FR\",\"@id\":\"https:\/\/culturbaine.com\/#\/schema\/person\/image\/\",\"url\":\"https:\/\/secure.gravatar.com\/avatar\/c268f4d483ce0486e5a10fee87bbf756?s=96&d=mm&r=g\",\"contentUrl\":\"https:\/\/secure.gravatar.com\/avatar\/c268f4d483ce0486e5a10fee87bbf756?s=96&d=mm&r=g\",\"caption\":\"admin1\"},\"url\":\"https:\/\/culturbaine.com\/index.php\/author\/admin1\/\"}]}<\/script>\n<!-- \/ Yoast SEO Premium plugin. -->","yoast_head_json":{"title":"En route pour la premi\u00e8re \u00e9dition de la Rencontre des Industries Culturelles et Cr\u00e9atives - RICC\u00a0 - Culturbaine","robots":{"index":"index","follow":"follow","max-snippet":"max-snippet:-1","max-image-preview":"max-image-preview:large","max-video-preview":"max-video-preview:-1"},"canonical":"https:\/\/culturbaine.com\/index.php\/2025\/03\/22\/en-route-pour-la-premiere-edition-de-la-rencontre-des-industries-culturelles-et-creatives-ricc\/","og_locale":"fr_FR","og_type":"article","og_title":"En route pour la premi\u00e8re \u00e9dition de la Rencontre des Industries Culturelles et Cr\u00e9atives - RICC\u00a0","og_description":"Professionnels de la culture, entrepreneurs, cr\u00e9ateurs, d\u00e9cideurs, investisseurs\u2026 pr\u00e9parez-vous \u00e0 vivre une r\u00e9volution. La RICC &#8211; Rencontre des Industries Culturelles et Cr\u00e9atives est plus qu\u2019un simple \u00e9v\u00e9nement, c\u2019est un salon professionnel, un laboratoire d&rsquo;id\u00e9es, une sc\u00e8ne d&rsquo;opportunit\u00e9s et un tremplin pour les talents, qui ambitionne de r\u00e9unir \u00e0 Conakry, des professionnels des ICC avec pour [&hellip;]","og_url":"https:\/\/culturbaine.com\/index.php\/2025\/03\/22\/en-route-pour-la-premiere-edition-de-la-rencontre-des-industries-culturelles-et-creatives-ricc\/","og_site_name":"Culturbaine","article_publisher":"https:\/\/www.facebook.com\/Culturbaines","article_published_time":"2025-03-22T14:24:29+00:00","og_image":[{"width":1600,"height":1093,"url":"https:\/\/culturbaine.com\/wp-content\/uploads\/2025\/03\/IMG-20250322-WA00012.jpg","type":"image\/jpeg"}],"author":"admin1","twitter_card":"summary_large_image","twitter_creator":"@culturbaines","twitter_site":"@culturbaines","twitter_misc":{"\u00c9crit par":"admin1","Dur\u00e9e de lecture estim\u00e9e":"2 minutes"},"schema":{"@context":"https:\/\/schema.org","@graph":[{"@type":"Article","@id":"https:\/\/culturbaine.com\/index.php\/2025\/03\/22\/en-route-pour-la-premiere-edition-de-la-rencontre-des-industries-culturelles-et-creatives-ricc\/#article","isPartOf":{"@id":"https:\/\/culturbaine.com\/index.php\/2025\/03\/22\/en-route-pour-la-premiere-edition-de-la-rencontre-des-industries-culturelles-et-creatives-ricc\/"},"author":{"name":"admin1","@id":"https:\/\/culturbaine.com\/#\/schema\/person\/42eb7485c572e0746c1ea6b8216c3814"},"headline":"En route pour la premi\u00e8re \u00e9dition de la Rencontre des Industries Culturelles et Cr\u00e9atives &#8211; RICC\u00a0","datePublished":"2025-03-22T14:24:29+00:00","dateModified":"2025-03-22T14:24:29+00:00","mainEntityOfPage":{"@id":"https:\/\/culturbaine.com\/index.php\/2025\/03\/22\/en-route-pour-la-premiere-edition-de-la-rencontre-des-industries-culturelles-et-creatives-ricc\/"},"wordCount":331,"publisher":{"@id":"https:\/\/culturbaine.com\/#organization"},"image":{"@id":"https:\/\/culturbaine.com\/index.php\/2025\/03\/22\/en-route-pour-la-premiere-edition-de-la-rencontre-des-industries-culturelles-et-creatives-ricc\/#primaryimage"},"thumbnailUrl":"https:\/\/culturbaine.com\/wp-content\/uploads\/2025\/03\/IMG-20250322-WA00012.jpg","keywords":["En route pour la premi\u00e8re \u00e9dition de la Rencontre des Industries Culturelles et Cr\u00e9atives - RICC"],"articleSection":["Actualit\u00e9"],"inLanguage":"fr-FR"},{"@type":"WebPage","@id":"https:\/\/culturbaine.com\/index.php\/2025\/03\/22\/en-route-pour-la-premiere-edition-de-la-rencontre-des-industries-culturelles-et-creatives-ricc\/","url":"https:\/\/culturbaine.com\/index.php\/2025\/03\/22\/en-route-pour-la-premiere-edition-de-la-rencontre-des-industries-culturelles-et-creatives-ricc\/","name":"En route pour la premi\u00e8re \u00e9dition de la Rencontre des Industries Culturelles et Cr\u00e9atives - RICC\u00a0 - Culturbaine","isPartOf":{"@id":"https:\/\/culturbaine.com\/#website"},"primaryImageOfPage":{"@id":"https:\/\/culturbaine.com\/index.php\/2025\/03\/22\/en-route-pour-la-premiere-edition-de-la-rencontre-des-industries-culturelles-et-creatives-ricc\/#primaryimage"},"image":{"@id":"https:\/\/culturbaine.com\/index.php\/2025\/03\/22\/en-route-pour-la-premiere-edition-de-la-rencontre-des-industries-culturelles-et-creatives-ricc\/#primaryimage"},"thumbnailUrl":"https:\/\/culturbaine.com\/wp-content\/uploads\/2025\/03\/IMG-20250322-WA00012.jpg","datePublished":"2025-03-22T14:24:29+00:00","dateModified":"2025-03-22T14:24:29+00:00","breadcrumb":{"@id":"https:\/\/culturbaine.com\/index.php\/2025\/03\/22\/en-route-pour-la-premiere-edition-de-la-rencontre-des-industries-culturelles-et-creatives-ricc\/#breadcrumb"},"inLanguage":"fr-FR","potentialAction":[{"@type":"ReadAction","target":["https:\/\/culturbaine.com\/index.php\/2025\/03\/22\/en-route-pour-la-premiere-edition-de-la-rencontre-des-industries-culturelles-et-creatives-ricc\/"]}]},{"@type":"ImageObject","inLanguage":"fr-FR","@id":"https:\/\/culturbaine.com\/index.php\/2025\/03\/22\/en-route-pour-la-premiere-edition-de-la-rencontre-des-industries-culturelles-et-creatives-ricc\/#primaryimage","url":"https:\/\/culturbaine.com\/wp-content\/uploads\/2025\/03\/IMG-20250322-WA00012.jpg","contentUrl":"https:\/\/culturbaine.com\/wp-content\/uploads\/2025\/03\/IMG-20250322-WA00012.jpg","width":1600,"height":1093},{"@type":"BreadcrumbList","@id":"https:\/\/culturbaine.com\/index.php\/2025\/03\/22\/en-route-pour-la-premiere-edition-de-la-rencontre-des-industries-culturelles-et-creatives-ricc\/#breadcrumb","itemListElement":[{"@type":"ListItem","position":1,"name":"Home","item":"https:\/\/culturbaine.com\/"},{"@type":"ListItem","position":2,"name":"En route pour la premi\u00e8re \u00e9dition de la Rencontre des Industries Culturelles et Cr\u00e9atives &#8211; RICC\u00a0"}]},{"@type":"WebSite","@id":"https:\/\/culturbaine.com\/#website","url":"https:\/\/culturbaine.com\/","name":"Culturbaine.com","description":"Toute l&#039;actualit\u00e9 des Cultures Urbaines, en un clic  !","publisher":{"@id":"https:\/\/culturbaine.com\/#organization"},"potentialAction":[{"@type":"SearchAction","target":{"@type":"EntryPoint","urlTemplate":"https:\/\/culturbaine.com\/?s={search_term_string}"},"query-input":{"@type":"PropertyValueSpecification","valueRequired":true,"valueName":"search_term_string"}}],"inLanguage":"fr-FR"},{"@type":"Organization","@id":"https:\/\/culturbaine.com\/#organization","name":"Culturbaine.com","url":"https:\/\/culturbaine.com\/","logo":{"@type":"ImageObject","inLanguage":"fr-FR","@id":"https:\/\/culturbaine.com\/#\/schema\/logo\/image\/","url":"https:\/\/culturbaine.com\/wp-content\/uploads\/2023\/07\/WhatsApp-Image-2023-07-17-at-14.38.18.jpeg","contentUrl":"https:\/\/culturbaine.com\/wp-content\/uploads\/2023\/07\/WhatsApp-Image-2023-07-17-at-14.38.18.jpeg","width":855,"height":270,"caption":"Culturbaine.com"},"image":{"@id":"https:\/\/culturbaine.com\/#\/schema\/logo\/image\/"},"sameAs":["https:\/\/www.facebook.com\/Culturbaines","https:\/\/x.com\/culturbaines"]},{"@type":"Person","@id":"https:\/\/culturbaine.com\/#\/schema\/person\/42eb7485c572e0746c1ea6b8216c3814","name":"admin1","image":{"@type":"ImageObject","inLanguage":"fr-FR","@id":"https:\/\/culturbaine.com\/#\/schema\/person\/image\/","url":"https:\/\/secure.gravatar.com\/avatar\/c268f4d483ce0486e5a10fee87bbf756?s=96&d=mm&r=g","contentUrl":"https:\/\/secure.gravatar.com\/avatar\/c268f4d483ce0486e5a10fee87bbf756?s=96&d=mm&r=g","caption":"admin1"},"url":"https:\/\/culturbaine.com\/index.php\/author\/admin1\/"}]}},"_links":{"self":[{"href":"https:\/\/culturbaine.com\/index.php\/wp-json\/wp\/v2\/posts\/11406"}],"collection":[{"href":"https:\/\/culturbaine.com\/index.php\/wp-json\/wp\/v2\/posts"}],"about":[{"href":"https:\/\/culturbaine.com\/index.php\/wp-json\/wp\/v2\/types\/post"}],"author":[{"embeddable":true,"href":"https:\/\/culturbaine.com\/index.php\/wp-json\/wp\/v2\/users\/2"}],"replies":[{"embeddable":true,"href":"https:\/\/culturbaine.com\/index.php\/wp-json\/wp\/v2\/comments?post=11406"}],"version-history":[{"count":0,"href":"https:\/\/culturbaine.com\/index.php\/wp-json\/wp\/v2\/posts\/11406\/revisions"}],"wp:featuredmedia":[{"embeddable":true,"href":"https:\/\/culturbaine.com\/index.php\/wp-json\/wp\/v2\/media\/11407"}],"wp:attachment":[{"href":"https:\/\/culturbaine.com\/index.php\/wp-json\/wp\/v2\/media?parent=11406"}],"wp:term":[{"taxonomy":"category","embeddable":true,"href":"https:\/\/culturbaine.com\/index.php\/wp-json\/wp\/v2\/categories?post=11406"},{"taxonomy":"post_tag","embeddable":true,"href":"https:\/\/culturbaine.com\/index.php\/wp-json\/wp\/v2\/tags?post=11406"}],"curies":[{"name":"wp","href":"https:\/\/api.w.org\/{rel}","templated":true}]}}