{"id":11403,"date":"2025-03-21T20:13:48","date_gmt":"2025-03-21T20:13:48","guid":{"rendered":"https:\/\/culturbaine.com\/?p=11403"},"modified":"2025-03-21T20:13:48","modified_gmt":"2025-03-21T20:13:48","slug":"lassociation-cultures-ensemble-denonce-le-refus-de-visas-pour-babel-music-xp","status":"publish","type":"post","link":"https:\/\/culturbaine.com\/index.php\/2025\/03\/21\/lassociation-cultures-ensemble-denonce-le-refus-de-visas-pour-babel-music-xp\/","title":{"rendered":"L\u2019Association Cultures Ensemble d\u00e9nonce le refus de visas pour Babel Music XP !"},"content":{"rendered":"<p>Alors qu\u2019elle devait participer \u00e0 <strong>Babel<\/strong> <strong>Music XP<\/strong>, un \u00e9v\u00e9nement culturel international pr\u00e9vu du 20 au 23 mars \u00e0 Marseille, en France, la d\u00e9l\u00e9gation de l\u2019<strong>Association Cultures Ensemble,<\/strong> compos\u00e9e d\u2019une dizaine d\u2019op\u00e9rateurs culturels, d\u2019artistes et de journalistes, s\u2019est vue refuser l\u2019obtention de visas par l\u2019ambassade de France en Guin\u00e9e et en Sierra Leone.<\/p>\n<p>Face \u00e0 cette situation, l\u2019<strong>Association Cultures Ensemble<\/strong> a tenu une conf\u00e9rence de presse afin d\u2019exposer sa version des faits. Selon son pr\u00e9sident, <strong>Lassine Kon\u00e9,<\/strong> toutes les d\u00e9marches requises ont \u00e9t\u00e9 accomplies en bonne et due forme.<\/p>\n<p>\u00ab <em><strong>Nous avons suivi l\u2019ensemble des proc\u00e9dures pour la demande de visa Schengen via Capago Guin\u00e9e, mais nous avons \u00e9t\u00e9 profond\u00e9ment d\u00e9\u00e7us de constater qu\u2019aucun membre de la d\u00e9l\u00e9gation n\u2019a obtenu son visa, malgr\u00e9 les efforts notables du Centre Culturel Franco-Guin\u00e9en et les garanties fournies \u00e0 plusieurs reprises par notre partenaire Babel Music XP<\/strong> <\/em>\u00bb, a d\u00e9clar\u00e9 <strong>Lassine Kon\u00e9.<\/strong><\/p>\n<p>Il a \u00e9galement soulign\u00e9 que la pr\u00e9sence de la d\u00e9l\u00e9gation guin\u00e9enne \u00e0 cet \u00e9v\u00e9nement s\u2019inscrivait dans le cadre d\u2019un \u00e9change culturel et d\u2019une collaboration entre la direction de <strong>Babel Music XP<\/strong> et l\u2019<strong>Association<\/strong> <strong>Cultures Ensemble.<\/strong> Cette participation visait \u00e0 mettre en lumi\u00e8re l\u2019\u00e9cosyst\u00e8me musical guin\u00e9en lors d\u2019un salon professionnel rassemblant plus de 50 pays cette ann\u00e9e.<\/p>\n<p>Pour l\u2019association, ce refus de visas ne rel\u00e8ve pas d\u2019un simple hasard. : <b><i>\u00ab Des informations cr\u00e9dibles nous indiquent que certaines personnes mal intentionn\u00e9es chercheraient \u00e0 nuire \u00e0 notre projet aupr\u00e8s de nos partenaires. Il s\u2019agit d\u2019une situation inhabituelle qui pourrait provoquer des incidents regrettables \u00e0 plusieurs niveaux \u00bb<\/i><\/b>, a affirm\u00e9 <b>Lassine Kon\u00e9<\/b>.<\/p>\n<p>Afin d\u2019\u00e9viter qu\u2019un tel sc\u00e9nario ne se reproduise \u00e0 l\u2019avenir, le ministre de la Culture, <b>Moussa Mo\u00efse Sylla<\/b>, s\u2019est engag\u00e9 \u00e0 intervenir pour garantir que d\u2019autres Guin\u00e9ens ne soient pas victimes de la m\u00eame m\u00e9saventure.<\/p>\n<p><b>L\u2019Association Cultures Ensemble<\/b> esp\u00e8re que cette situation trouvera une issue favorable et que les artistes guin\u00e9ens pourront bient\u00f4t b\u00e9n\u00e9ficier d\u2019un meilleur acc\u00e8s aux \u00e9v\u00e9nements culturels internationaux.<\/p>\n<p><b>Mohamed Cinq Sylla<\/b><\/p>\n","protected":false},"excerpt":{"rendered":"<p>Alors qu\u2019elle devait participer \u00e0 Babel Music XP, un \u00e9v\u00e9nement culturel international pr\u00e9vu du 20 au 23 mars \u00e0 Marseille, en France, la d\u00e9l\u00e9gation de l\u2019Association Cultures Ensemble, compos\u00e9e d\u2019une dizaine d\u2019op\u00e9rateurs culturels, d\u2019artistes et de journalistes, s\u2019est vue refuser l\u2019obtention de visas par l\u2019ambassade de France en Guin\u00e9e et en Sierra Leone. Face \u00e0 [&hellip;]<\/p>\n","protected":false},"author":2,"featured_media":11404,"comment_status":"closed","ping_status":"closed","sticky":false,"template":"","format":"standard","meta":{"_mi_skip_tracking":false,"_monsterinsights_sitenote_active":false,"_monsterinsights_sitenote_note":"","_monsterinsights_sitenote_category":0,"footnotes":""},"categories":[21],"tags":[3772],"class_list":["post-11403","post","type-post","status-publish","format-standard","has-post-thumbnail","hentry","category-actualite","tag-lassociation-cultures-ensemble-denonce-le-refus-de-visas-pour-babel-music-xp"],"yoast_head":"<!-- This site is optimized with the Yoast SEO Premium plugin v20.1 (Yoast SEO v24.0) - https:\/\/yoast.com\/wordpress\/plugins\/seo\/ -->\n<title>L\u2019Association Cultures Ensemble d\u00e9nonce le refus de visas pour Babel Music XP ! - Culturbaine<\/title>\n<meta name=\"robots\" content=\"index, follow, max-snippet:-1, max-image-preview:large, max-video-preview:-1\" \/>\n<link rel=\"canonical\" href=\"https:\/\/culturbaine.com\/index.php\/2025\/03\/21\/lassociation-cultures-ensemble-denonce-le-refus-de-visas-pour-babel-music-xp\/\" \/>\n<meta property=\"og:locale\" content=\"fr_FR\" \/>\n<meta property=\"og:type\" content=\"article\" \/>\n<meta property=\"og:title\" content=\"L\u2019Association Cultures Ensemble d\u00e9nonce le refus de visas pour Babel Music XP !\" \/>\n<meta property=\"og:description\" content=\"Alors qu\u2019elle devait participer \u00e0 Babel Music XP, un \u00e9v\u00e9nement culturel international pr\u00e9vu du 20 au 23 mars \u00e0 Marseille, en France, la d\u00e9l\u00e9gation de l\u2019Association Cultures Ensemble, compos\u00e9e d\u2019une dizaine d\u2019op\u00e9rateurs culturels, d\u2019artistes et de journalistes, s\u2019est vue refuser l\u2019obtention de visas par l\u2019ambassade de France en Guin\u00e9e et en Sierra Leone. Face \u00e0 [&hellip;]\" \/>\n<meta property=\"og:url\" content=\"https:\/\/culturbaine.com\/index.php\/2025\/03\/21\/lassociation-cultures-ensemble-denonce-le-refus-de-visas-pour-babel-music-xp\/\" \/>\n<meta property=\"og:site_name\" content=\"Culturbaine\" \/>\n<meta property=\"article:publisher\" content=\"https:\/\/www.facebook.com\/Culturbaines\" \/>\n<meta property=\"article:published_time\" content=\"2025-03-21T20:13:48+00:00\" \/>\n<meta property=\"og:image\" content=\"https:\/\/culturbaine.com\/wp-content\/uploads\/2025\/03\/IMG-20250321-WA0005.jpg\" \/>\n\t<meta property=\"og:image:width\" content=\"1280\" \/>\n\t<meta property=\"og:image:height\" content=\"720\" \/>\n\t<meta property=\"og:image:type\" content=\"image\/jpeg\" \/>\n<meta name=\"author\" content=\"admin1\" \/>\n<meta name=\"twitter:card\" content=\"summary_large_image\" \/>\n<meta name=\"twitter:creator\" content=\"@culturbaines\" \/>\n<meta name=\"twitter:site\" content=\"@culturbaines\" \/>\n<meta name=\"twitter:label1\" content=\"\u00c9crit par\" \/>\n\t<meta name=\"twitter:data1\" content=\"admin1\" \/>\n\t<meta name=\"twitter:label2\" content=\"Dur\u00e9e de lecture estim\u00e9e\" \/>\n\t<meta name=\"twitter:data2\" content=\"2 minutes\" \/>\n<script type=\"application\/ld+json\" class=\"yoast-schema-graph\">{\"@context\":\"https:\/\/schema.org\",\"@graph\":[{\"@type\":\"Article\",\"@id\":\"https:\/\/culturbaine.com\/index.php\/2025\/03\/21\/lassociation-cultures-ensemble-denonce-le-refus-de-visas-pour-babel-music-xp\/#article\",\"isPartOf\":{\"@id\":\"https:\/\/culturbaine.com\/index.php\/2025\/03\/21\/lassociation-cultures-ensemble-denonce-le-refus-de-visas-pour-babel-music-xp\/\"},\"author\":{\"name\":\"admin1\",\"@id\":\"https:\/\/culturbaine.com\/#\/schema\/person\/42eb7485c572e0746c1ea6b8216c3814\"},\"headline\":\"L\u2019Association Cultures Ensemble d\u00e9nonce le refus de visas pour Babel Music XP !\",\"datePublished\":\"2025-03-21T20:13:48+00:00\",\"dateModified\":\"2025-03-21T20:13:48+00:00\",\"mainEntityOfPage\":{\"@id\":\"https:\/\/culturbaine.com\/index.php\/2025\/03\/21\/lassociation-cultures-ensemble-denonce-le-refus-de-visas-pour-babel-music-xp\/\"},\"wordCount\":389,\"publisher\":{\"@id\":\"https:\/\/culturbaine.com\/#organization\"},\"image\":{\"@id\":\"https:\/\/culturbaine.com\/index.php\/2025\/03\/21\/lassociation-cultures-ensemble-denonce-le-refus-de-visas-pour-babel-music-xp\/#primaryimage\"},\"thumbnailUrl\":\"https:\/\/culturbaine.com\/wp-content\/uploads\/2025\/03\/IMG-20250321-WA0005.jpg\",\"keywords\":[\"L\u2019Association Cultures Ensemble d\u00e9nonce le refus de visas pour Babel Music XP !\"],\"articleSection\":[\"Actualit\u00e9\"],\"inLanguage\":\"fr-FR\"},{\"@type\":\"WebPage\",\"@id\":\"https:\/\/culturbaine.com\/index.php\/2025\/03\/21\/lassociation-cultures-ensemble-denonce-le-refus-de-visas-pour-babel-music-xp\/\",\"url\":\"https:\/\/culturbaine.com\/index.php\/2025\/03\/21\/lassociation-cultures-ensemble-denonce-le-refus-de-visas-pour-babel-music-xp\/\",\"name\":\"L\u2019Association Cultures Ensemble d\u00e9nonce le refus de visas pour Babel Music XP ! - Culturbaine\",\"isPartOf\":{\"@id\":\"https:\/\/culturbaine.com\/#website\"},\"primaryImageOfPage\":{\"@id\":\"https:\/\/culturbaine.com\/index.php\/2025\/03\/21\/lassociation-cultures-ensemble-denonce-le-refus-de-visas-pour-babel-music-xp\/#primaryimage\"},\"image\":{\"@id\":\"https:\/\/culturbaine.com\/index.php\/2025\/03\/21\/lassociation-cultures-ensemble-denonce-le-refus-de-visas-pour-babel-music-xp\/#primaryimage\"},\"thumbnailUrl\":\"https:\/\/culturbaine.com\/wp-content\/uploads\/2025\/03\/IMG-20250321-WA0005.jpg\",\"datePublished\":\"2025-03-21T20:13:48+00:00\",\"dateModified\":\"2025-03-21T20:13:48+00:00\",\"breadcrumb\":{\"@id\":\"https:\/\/culturbaine.com\/index.php\/2025\/03\/21\/lassociation-cultures-ensemble-denonce-le-refus-de-visas-pour-babel-music-xp\/#breadcrumb\"},\"inLanguage\":\"fr-FR\",\"potentialAction\":[{\"@type\":\"ReadAction\",\"target\":[\"https:\/\/culturbaine.com\/index.php\/2025\/03\/21\/lassociation-cultures-ensemble-denonce-le-refus-de-visas-pour-babel-music-xp\/\"]}]},{\"@type\":\"ImageObject\",\"inLanguage\":\"fr-FR\",\"@id\":\"https:\/\/culturbaine.com\/index.php\/2025\/03\/21\/lassociation-cultures-ensemble-denonce-le-refus-de-visas-pour-babel-music-xp\/#primaryimage\",\"url\":\"https:\/\/culturbaine.com\/wp-content\/uploads\/2025\/03\/IMG-20250321-WA0005.jpg\",\"contentUrl\":\"https:\/\/culturbaine.com\/wp-content\/uploads\/2025\/03\/IMG-20250321-WA0005.jpg\",\"width\":1280,\"height\":720},{\"@type\":\"BreadcrumbList\",\"@id\":\"https:\/\/culturbaine.com\/index.php\/2025\/03\/21\/lassociation-cultures-ensemble-denonce-le-refus-de-visas-pour-babel-music-xp\/#breadcrumb\",\"itemListElement\":[{\"@type\":\"ListItem\",\"position\":1,\"name\":\"Home\",\"item\":\"https:\/\/culturbaine.com\/\"},{\"@type\":\"ListItem\",\"position\":2,\"name\":\"L\u2019Association Cultures Ensemble d\u00e9nonce le refus de visas pour Babel Music XP !\"}]},{\"@type\":\"WebSite\",\"@id\":\"https:\/\/culturbaine.com\/#website\",\"url\":\"https:\/\/culturbaine.com\/\",\"name\":\"Culturbaine.com\",\"description\":\"Toute l&#039;actualit\u00e9 des Cultures Urbaines, en un clic  !\",\"publisher\":{\"@id\":\"https:\/\/culturbaine.com\/#organization\"},\"potentialAction\":[{\"@type\":\"SearchAction\",\"target\":{\"@type\":\"EntryPoint\",\"urlTemplate\":\"https:\/\/culturbaine.com\/?s={search_term_string}\"},\"query-input\":{\"@type\":\"PropertyValueSpecification\",\"valueRequired\":true,\"valueName\":\"search_term_string\"}}],\"inLanguage\":\"fr-FR\"},{\"@type\":\"Organization\",\"@id\":\"https:\/\/culturbaine.com\/#organization\",\"name\":\"Culturbaine.com\",\"url\":\"https:\/\/culturbaine.com\/\",\"logo\":{\"@type\":\"ImageObject\",\"inLanguage\":\"fr-FR\",\"@id\":\"https:\/\/culturbaine.com\/#\/schema\/logo\/image\/\",\"url\":\"https:\/\/culturbaine.com\/wp-content\/uploads\/2023\/07\/WhatsApp-Image-2023-07-17-at-14.38.18.jpeg\",\"contentUrl\":\"https:\/\/culturbaine.com\/wp-content\/uploads\/2023\/07\/WhatsApp-Image-2023-07-17-at-14.38.18.jpeg\",\"width\":855,\"height\":270,\"caption\":\"Culturbaine.com\"},\"image\":{\"@id\":\"https:\/\/culturbaine.com\/#\/schema\/logo\/image\/\"},\"sameAs\":[\"https:\/\/www.facebook.com\/Culturbaines\",\"https:\/\/x.com\/culturbaines\"]},{\"@type\":\"Person\",\"@id\":\"https:\/\/culturbaine.com\/#\/schema\/person\/42eb7485c572e0746c1ea6b8216c3814\",\"name\":\"admin1\",\"image\":{\"@type\":\"ImageObject\",\"inLanguage\":\"fr-FR\",\"@id\":\"https:\/\/culturbaine.com\/#\/schema\/person\/image\/\",\"url\":\"https:\/\/secure.gravatar.com\/avatar\/c268f4d483ce0486e5a10fee87bbf756?s=96&d=mm&r=g\",\"contentUrl\":\"https:\/\/secure.gravatar.com\/avatar\/c268f4d483ce0486e5a10fee87bbf756?s=96&d=mm&r=g\",\"caption\":\"admin1\"},\"url\":\"https:\/\/culturbaine.com\/index.php\/author\/admin1\/\"}]}<\/script>\n<!-- \/ Yoast SEO Premium plugin. -->","yoast_head_json":{"title":"L\u2019Association Cultures Ensemble d\u00e9nonce le refus de visas pour Babel Music XP ! - Culturbaine","robots":{"index":"index","follow":"follow","max-snippet":"max-snippet:-1","max-image-preview":"max-image-preview:large","max-video-preview":"max-video-preview:-1"},"canonical":"https:\/\/culturbaine.com\/index.php\/2025\/03\/21\/lassociation-cultures-ensemble-denonce-le-refus-de-visas-pour-babel-music-xp\/","og_locale":"fr_FR","og_type":"article","og_title":"L\u2019Association Cultures Ensemble d\u00e9nonce le refus de visas pour Babel Music XP !","og_description":"Alors qu\u2019elle devait participer \u00e0 Babel Music XP, un \u00e9v\u00e9nement culturel international pr\u00e9vu du 20 au 23 mars \u00e0 Marseille, en France, la d\u00e9l\u00e9gation de l\u2019Association Cultures Ensemble, compos\u00e9e d\u2019une dizaine d\u2019op\u00e9rateurs culturels, d\u2019artistes et de journalistes, s\u2019est vue refuser l\u2019obtention de visas par l\u2019ambassade de France en Guin\u00e9e et en Sierra Leone. Face \u00e0 [&hellip;]","og_url":"https:\/\/culturbaine.com\/index.php\/2025\/03\/21\/lassociation-cultures-ensemble-denonce-le-refus-de-visas-pour-babel-music-xp\/","og_site_name":"Culturbaine","article_publisher":"https:\/\/www.facebook.com\/Culturbaines","article_published_time":"2025-03-21T20:13:48+00:00","og_image":[{"width":1280,"height":720,"url":"https:\/\/culturbaine.com\/wp-content\/uploads\/2025\/03\/IMG-20250321-WA0005.jpg","type":"image\/jpeg"}],"author":"admin1","twitter_card":"summary_large_image","twitter_creator":"@culturbaines","twitter_site":"@culturbaines","twitter_misc":{"\u00c9crit par":"admin1","Dur\u00e9e de lecture estim\u00e9e":"2 minutes"},"schema":{"@context":"https:\/\/schema.org","@graph":[{"@type":"Article","@id":"https:\/\/culturbaine.com\/index.php\/2025\/03\/21\/lassociation-cultures-ensemble-denonce-le-refus-de-visas-pour-babel-music-xp\/#article","isPartOf":{"@id":"https:\/\/culturbaine.com\/index.php\/2025\/03\/21\/lassociation-cultures-ensemble-denonce-le-refus-de-visas-pour-babel-music-xp\/"},"author":{"name":"admin1","@id":"https:\/\/culturbaine.com\/#\/schema\/person\/42eb7485c572e0746c1ea6b8216c3814"},"headline":"L\u2019Association Cultures Ensemble d\u00e9nonce le refus de visas pour Babel Music XP !","datePublished":"2025-03-21T20:13:48+00:00","dateModified":"2025-03-21T20:13:48+00:00","mainEntityOfPage":{"@id":"https:\/\/culturbaine.com\/index.php\/2025\/03\/21\/lassociation-cultures-ensemble-denonce-le-refus-de-visas-pour-babel-music-xp\/"},"wordCount":389,"publisher":{"@id":"https:\/\/culturbaine.com\/#organization"},"image":{"@id":"https:\/\/culturbaine.com\/index.php\/2025\/03\/21\/lassociation-cultures-ensemble-denonce-le-refus-de-visas-pour-babel-music-xp\/#primaryimage"},"thumbnailUrl":"https:\/\/culturbaine.com\/wp-content\/uploads\/2025\/03\/IMG-20250321-WA0005.jpg","keywords":["L\u2019Association Cultures Ensemble d\u00e9nonce le refus de visas pour Babel Music XP !"],"articleSection":["Actualit\u00e9"],"inLanguage":"fr-FR"},{"@type":"WebPage","@id":"https:\/\/culturbaine.com\/index.php\/2025\/03\/21\/lassociation-cultures-ensemble-denonce-le-refus-de-visas-pour-babel-music-xp\/","url":"https:\/\/culturbaine.com\/index.php\/2025\/03\/21\/lassociation-cultures-ensemble-denonce-le-refus-de-visas-pour-babel-music-xp\/","name":"L\u2019Association Cultures Ensemble d\u00e9nonce le refus de visas pour Babel Music XP ! - Culturbaine","isPartOf":{"@id":"https:\/\/culturbaine.com\/#website"},"primaryImageOfPage":{"@id":"https:\/\/culturbaine.com\/index.php\/2025\/03\/21\/lassociation-cultures-ensemble-denonce-le-refus-de-visas-pour-babel-music-xp\/#primaryimage"},"image":{"@id":"https:\/\/culturbaine.com\/index.php\/2025\/03\/21\/lassociation-cultures-ensemble-denonce-le-refus-de-visas-pour-babel-music-xp\/#primaryimage"},"thumbnailUrl":"https:\/\/culturbaine.com\/wp-content\/uploads\/2025\/03\/IMG-20250321-WA0005.jpg","datePublished":"2025-03-21T20:13:48+00:00","dateModified":"2025-03-21T20:13:48+00:00","breadcrumb":{"@id":"https:\/\/culturbaine.com\/index.php\/2025\/03\/21\/lassociation-cultures-ensemble-denonce-le-refus-de-visas-pour-babel-music-xp\/#breadcrumb"},"inLanguage":"fr-FR","potentialAction":[{"@type":"ReadAction","target":["https:\/\/culturbaine.com\/index.php\/2025\/03\/21\/lassociation-cultures-ensemble-denonce-le-refus-de-visas-pour-babel-music-xp\/"]}]},{"@type":"ImageObject","inLanguage":"fr-FR","@id":"https:\/\/culturbaine.com\/index.php\/2025\/03\/21\/lassociation-cultures-ensemble-denonce-le-refus-de-visas-pour-babel-music-xp\/#primaryimage","url":"https:\/\/culturbaine.com\/wp-content\/uploads\/2025\/03\/IMG-20250321-WA0005.jpg","contentUrl":"https:\/\/culturbaine.com\/wp-content\/uploads\/2025\/03\/IMG-20250321-WA0005.jpg","width":1280,"height":720},{"@type":"BreadcrumbList","@id":"https:\/\/culturbaine.com\/index.php\/2025\/03\/21\/lassociation-cultures-ensemble-denonce-le-refus-de-visas-pour-babel-music-xp\/#breadcrumb","itemListElement":[{"@type":"ListItem","position":1,"name":"Home","item":"https:\/\/culturbaine.com\/"},{"@type":"ListItem","position":2,"name":"L\u2019Association Cultures Ensemble d\u00e9nonce le refus de visas pour Babel Music XP !"}]},{"@type":"WebSite","@id":"https:\/\/culturbaine.com\/#website","url":"https:\/\/culturbaine.com\/","name":"Culturbaine.com","description":"Toute l&#039;actualit\u00e9 des Cultures Urbaines, en un clic  !","publisher":{"@id":"https:\/\/culturbaine.com\/#organization"},"potentialAction":[{"@type":"SearchAction","target":{"@type":"EntryPoint","urlTemplate":"https:\/\/culturbaine.com\/?s={search_term_string}"},"query-input":{"@type":"PropertyValueSpecification","valueRequired":true,"valueName":"search_term_string"}}],"inLanguage":"fr-FR"},{"@type":"Organization","@id":"https:\/\/culturbaine.com\/#organization","name":"Culturbaine.com","url":"https:\/\/culturbaine.com\/","logo":{"@type":"ImageObject","inLanguage":"fr-FR","@id":"https:\/\/culturbaine.com\/#\/schema\/logo\/image\/","url":"https:\/\/culturbaine.com\/wp-content\/uploads\/2023\/07\/WhatsApp-Image-2023-07-17-at-14.38.18.jpeg","contentUrl":"https:\/\/culturbaine.com\/wp-content\/uploads\/2023\/07\/WhatsApp-Image-2023-07-17-at-14.38.18.jpeg","width":855,"height":270,"caption":"Culturbaine.com"},"image":{"@id":"https:\/\/culturbaine.com\/#\/schema\/logo\/image\/"},"sameAs":["https:\/\/www.facebook.com\/Culturbaines","https:\/\/x.com\/culturbaines"]},{"@type":"Person","@id":"https:\/\/culturbaine.com\/#\/schema\/person\/42eb7485c572e0746c1ea6b8216c3814","name":"admin1","image":{"@type":"ImageObject","inLanguage":"fr-FR","@id":"https:\/\/culturbaine.com\/#\/schema\/person\/image\/","url":"https:\/\/secure.gravatar.com\/avatar\/c268f4d483ce0486e5a10fee87bbf756?s=96&d=mm&r=g","contentUrl":"https:\/\/secure.gravatar.com\/avatar\/c268f4d483ce0486e5a10fee87bbf756?s=96&d=mm&r=g","caption":"admin1"},"url":"https:\/\/culturbaine.com\/index.php\/author\/admin1\/"}]}},"_links":{"self":[{"href":"https:\/\/culturbaine.com\/index.php\/wp-json\/wp\/v2\/posts\/11403"}],"collection":[{"href":"https:\/\/culturbaine.com\/index.php\/wp-json\/wp\/v2\/posts"}],"about":[{"href":"https:\/\/culturbaine.com\/index.php\/wp-json\/wp\/v2\/types\/post"}],"author":[{"embeddable":true,"href":"https:\/\/culturbaine.com\/index.php\/wp-json\/wp\/v2\/users\/2"}],"replies":[{"embeddable":true,"href":"https:\/\/culturbaine.com\/index.php\/wp-json\/wp\/v2\/comments?post=11403"}],"version-history":[{"count":0,"href":"https:\/\/culturbaine.com\/index.php\/wp-json\/wp\/v2\/posts\/11403\/revisions"}],"wp:featuredmedia":[{"embeddable":true,"href":"https:\/\/culturbaine.com\/index.php\/wp-json\/wp\/v2\/media\/11404"}],"wp:attachment":[{"href":"https:\/\/culturbaine.com\/index.php\/wp-json\/wp\/v2\/media?parent=11403"}],"wp:term":[{"taxonomy":"category","embeddable":true,"href":"https:\/\/culturbaine.com\/index.php\/wp-json\/wp\/v2\/categories?post=11403"},{"taxonomy":"post_tag","embeddable":true,"href":"https:\/\/culturbaine.com\/index.php\/wp-json\/wp\/v2\/tags?post=11403"}],"curies":[{"name":"wp","href":"https:\/\/api.w.org\/{rel}","templated":true}]}}