{"id":11399,"date":"2025-03-21T15:20:40","date_gmt":"2025-03-21T15:20:40","guid":{"rendered":"https:\/\/culturbaine.com\/?p=11399"},"modified":"2025-03-21T15:20:40","modified_gmt":"2025-03-21T15:20:40","slug":"sika-rlion-devoile-valer-avant-la-sortie-de-son-album-endemik","status":"publish","type":"post","link":"https:\/\/culturbaine.com\/index.php\/2025\/03\/21\/sika-rlion-devoile-valer-avant-la-sortie-de-son-album-endemik\/","title":{"rendered":"Sika Rlion d\u00e9voile \u2018Val\u00e8r\u2019 avant la sortie de son album Endemik"},"content":{"rendered":"<p>\u00c0 l\u2019approche de la sortie de son album Endemik, pr\u00e9vu pour le 25 avril prochain, la chanteuse r\u00e9unionnaise de reggae <strong>Sika Rlion<\/strong> continue de d\u00e9voiler, au compte-gouttes, des extraits de son projet. Le dernier en date est <strong>Val\u00e8r<\/strong>, un nouveau clip r\u00e9cemment mis en ligne sur sa cha\u00eene YouTube.<\/p>\n<p>Compos\u00e9 par <strong>Herv\u00e9 Castelnau, Val\u00e8r<\/strong> s&rsquo;inscrit dans un style reggae roots authentique, port\u00e9 par un message d\u2019amour et d\u2019espoir. \u00c0 travers cette chanson, <strong>Sika Rlion<\/strong> met en avant les liens fondamentaux qui nous rapprochent et nous unissent.<\/p>\n<p>Le clip, r\u00e9alis\u00e9 par <strong>Castelnau<\/strong>, se d\u00e9roule en grande partie au bord de la mer. On y voit l\u2019artiste v\u00eatue d\u2019un tricot blanc, arborant des locks, ou encore en train de jouer de la guitare. Les plans soigneusement s\u00e9lectionn\u00e9s captent l\u2019attention et renforcent l\u2019\u00e9motion du morceau.<\/p>\n<p>Avec <strong>Val\u00e8r<\/strong>, Sika Rlion continue d\u2019offrir un avant-go\u00fbt prometteur de Endemik, un album qui s\u2019annonce aussi inspirant qu\u2019authentique.<\/p>\n<p><iframe loading=\"lazy\" title=\"Sika Rlion - Val\u00e8r\" width=\"1170\" height=\"658\" src=\"https:\/\/www.youtube.com\/embed\/wU6lQ_GGXR8?wmode=transparent&amp;rel=0&amp;feature=oembed\" frameborder=\"0\" allow=\"accelerometer; autoplay; clipboard-write; encrypted-media; gyroscope; picture-in-picture; web-share\" referrerpolicy=\"strict-origin-when-cross-origin\" allowfullscreen><\/iframe><\/p>\n<p><b>Mohamed Cinq Sylla<\/b><\/p>\n","protected":false},"excerpt":{"rendered":"<p>\u00c0 l\u2019approche de la sortie de son album Endemik, pr\u00e9vu pour le 25 avril prochain, la chanteuse r\u00e9unionnaise de reggae Sika Rlion continue de d\u00e9voiler, au compte-gouttes, des extraits de son projet. Le dernier en date est Val\u00e8r, un nouveau clip r\u00e9cemment mis en ligne sur sa cha\u00eene YouTube. Compos\u00e9 par Herv\u00e9 Castelnau, Val\u00e8r s&rsquo;inscrit [&hellip;]<\/p>\n","protected":false},"author":2,"featured_media":11400,"comment_status":"closed","ping_status":"closed","sticky":false,"template":"","format":"standard","meta":{"_mi_skip_tracking":false,"_monsterinsights_sitenote_active":false,"_monsterinsights_sitenote_note":"","_monsterinsights_sitenote_category":0,"footnotes":""},"categories":[21,27,2394],"tags":[3771,3770],"class_list":["post-11399","post","type-post","status-publish","format-standard","has-post-thumbnail","hentry","category-actualite","category-clip","category-reggae","tag-sika-rlion-chanteuse-de-reggae","tag-sika-rlion-devoile-valer-avant-la-sortie-de-son-album-endemik"],"yoast_head":"<!-- This site is optimized with the Yoast SEO Premium plugin v20.1 (Yoast SEO v24.0) - https:\/\/yoast.com\/wordpress\/plugins\/seo\/ -->\n<title>Sika Rlion d\u00e9voile \u2018Val\u00e8r\u2019 avant la sortie de son album Endemik - Culturbaine<\/title>\n<meta name=\"robots\" content=\"index, follow, max-snippet:-1, max-image-preview:large, max-video-preview:-1\" \/>\n<link rel=\"canonical\" href=\"https:\/\/culturbaine.com\/index.php\/2025\/03\/21\/sika-rlion-devoile-valer-avant-la-sortie-de-son-album-endemik\/\" \/>\n<meta property=\"og:locale\" content=\"fr_FR\" \/>\n<meta property=\"og:type\" content=\"article\" \/>\n<meta property=\"og:title\" content=\"Sika Rlion d\u00e9voile \u2018Val\u00e8r\u2019 avant la sortie de son album Endemik\" \/>\n<meta property=\"og:description\" content=\"\u00c0 l\u2019approche de la sortie de son album Endemik, pr\u00e9vu pour le 25 avril prochain, la chanteuse r\u00e9unionnaise de reggae Sika Rlion continue de d\u00e9voiler, au compte-gouttes, des extraits de son projet. Le dernier en date est Val\u00e8r, un nouveau clip r\u00e9cemment mis en ligne sur sa cha\u00eene YouTube. Compos\u00e9 par Herv\u00e9 Castelnau, Val\u00e8r s&rsquo;inscrit [&hellip;]\" \/>\n<meta property=\"og:url\" content=\"https:\/\/culturbaine.com\/index.php\/2025\/03\/21\/sika-rlion-devoile-valer-avant-la-sortie-de-son-album-endemik\/\" \/>\n<meta property=\"og:site_name\" content=\"Culturbaine\" \/>\n<meta property=\"article:publisher\" content=\"https:\/\/www.facebook.com\/Culturbaines\" \/>\n<meta property=\"article:published_time\" content=\"2025-03-21T15:20:40+00:00\" \/>\n<meta property=\"og:image\" content=\"https:\/\/culturbaine.com\/wp-content\/uploads\/2025\/03\/Screenshot_20250321-145045.jpg\" \/>\n\t<meta property=\"og:image:width\" content=\"696\" \/>\n\t<meta property=\"og:image:height\" content=\"395\" \/>\n\t<meta property=\"og:image:type\" content=\"image\/jpeg\" \/>\n<meta name=\"author\" content=\"admin1\" \/>\n<meta name=\"twitter:card\" content=\"summary_large_image\" \/>\n<meta name=\"twitter:creator\" content=\"@culturbaines\" \/>\n<meta name=\"twitter:site\" content=\"@culturbaines\" \/>\n<meta name=\"twitter:label1\" content=\"\u00c9crit par\" \/>\n\t<meta name=\"twitter:data1\" content=\"admin1\" \/>\n\t<meta name=\"twitter:label2\" content=\"Dur\u00e9e de lecture estim\u00e9e\" \/>\n\t<meta name=\"twitter:data2\" content=\"1 minute\" \/>\n<script type=\"application\/ld+json\" class=\"yoast-schema-graph\">{\"@context\":\"https:\/\/schema.org\",\"@graph\":[{\"@type\":\"Article\",\"@id\":\"https:\/\/culturbaine.com\/index.php\/2025\/03\/21\/sika-rlion-devoile-valer-avant-la-sortie-de-son-album-endemik\/#article\",\"isPartOf\":{\"@id\":\"https:\/\/culturbaine.com\/index.php\/2025\/03\/21\/sika-rlion-devoile-valer-avant-la-sortie-de-son-album-endemik\/\"},\"author\":{\"name\":\"admin1\",\"@id\":\"https:\/\/culturbaine.com\/#\/schema\/person\/42eb7485c572e0746c1ea6b8216c3814\"},\"headline\":\"Sika Rlion d\u00e9voile \u2018Val\u00e8r\u2019 avant la sortie de son album Endemik\",\"datePublished\":\"2025-03-21T15:20:40+00:00\",\"dateModified\":\"2025-03-21T15:20:40+00:00\",\"mainEntityOfPage\":{\"@id\":\"https:\/\/culturbaine.com\/index.php\/2025\/03\/21\/sika-rlion-devoile-valer-avant-la-sortie-de-son-album-endemik\/\"},\"wordCount\":198,\"publisher\":{\"@id\":\"https:\/\/culturbaine.com\/#organization\"},\"image\":{\"@id\":\"https:\/\/culturbaine.com\/index.php\/2025\/03\/21\/sika-rlion-devoile-valer-avant-la-sortie-de-son-album-endemik\/#primaryimage\"},\"thumbnailUrl\":\"https:\/\/culturbaine.com\/wp-content\/uploads\/2025\/03\/Screenshot_20250321-145045.jpg\",\"keywords\":[\"Sika Rlion chanteuse de reggae\",\"Sika Rlion d\u00e9voile \u2018Val\u00e8r\u2019 avant la sortie de son album Endemik\"],\"articleSection\":[\"Actualit\u00e9\",\"Clip\",\"Reggae\"],\"inLanguage\":\"fr-FR\"},{\"@type\":\"WebPage\",\"@id\":\"https:\/\/culturbaine.com\/index.php\/2025\/03\/21\/sika-rlion-devoile-valer-avant-la-sortie-de-son-album-endemik\/\",\"url\":\"https:\/\/culturbaine.com\/index.php\/2025\/03\/21\/sika-rlion-devoile-valer-avant-la-sortie-de-son-album-endemik\/\",\"name\":\"Sika Rlion d\u00e9voile \u2018Val\u00e8r\u2019 avant la sortie de son album Endemik - Culturbaine\",\"isPartOf\":{\"@id\":\"https:\/\/culturbaine.com\/#website\"},\"primaryImageOfPage\":{\"@id\":\"https:\/\/culturbaine.com\/index.php\/2025\/03\/21\/sika-rlion-devoile-valer-avant-la-sortie-de-son-album-endemik\/#primaryimage\"},\"image\":{\"@id\":\"https:\/\/culturbaine.com\/index.php\/2025\/03\/21\/sika-rlion-devoile-valer-avant-la-sortie-de-son-album-endemik\/#primaryimage\"},\"thumbnailUrl\":\"https:\/\/culturbaine.com\/wp-content\/uploads\/2025\/03\/Screenshot_20250321-145045.jpg\",\"datePublished\":\"2025-03-21T15:20:40+00:00\",\"dateModified\":\"2025-03-21T15:20:40+00:00\",\"breadcrumb\":{\"@id\":\"https:\/\/culturbaine.com\/index.php\/2025\/03\/21\/sika-rlion-devoile-valer-avant-la-sortie-de-son-album-endemik\/#breadcrumb\"},\"inLanguage\":\"fr-FR\",\"potentialAction\":[{\"@type\":\"ReadAction\",\"target\":[\"https:\/\/culturbaine.com\/index.php\/2025\/03\/21\/sika-rlion-devoile-valer-avant-la-sortie-de-son-album-endemik\/\"]}]},{\"@type\":\"ImageObject\",\"inLanguage\":\"fr-FR\",\"@id\":\"https:\/\/culturbaine.com\/index.php\/2025\/03\/21\/sika-rlion-devoile-valer-avant-la-sortie-de-son-album-endemik\/#primaryimage\",\"url\":\"https:\/\/culturbaine.com\/wp-content\/uploads\/2025\/03\/Screenshot_20250321-145045.jpg\",\"contentUrl\":\"https:\/\/culturbaine.com\/wp-content\/uploads\/2025\/03\/Screenshot_20250321-145045.jpg\",\"width\":696,\"height\":395},{\"@type\":\"BreadcrumbList\",\"@id\":\"https:\/\/culturbaine.com\/index.php\/2025\/03\/21\/sika-rlion-devoile-valer-avant-la-sortie-de-son-album-endemik\/#breadcrumb\",\"itemListElement\":[{\"@type\":\"ListItem\",\"position\":1,\"name\":\"Home\",\"item\":\"https:\/\/culturbaine.com\/\"},{\"@type\":\"ListItem\",\"position\":2,\"name\":\"Sika Rlion d\u00e9voile \u2018Val\u00e8r\u2019 avant la sortie de son album Endemik\"}]},{\"@type\":\"WebSite\",\"@id\":\"https:\/\/culturbaine.com\/#website\",\"url\":\"https:\/\/culturbaine.com\/\",\"name\":\"Culturbaine.com\",\"description\":\"Toute l&#039;actualit\u00e9 des Cultures Urbaines, en un clic  !\",\"publisher\":{\"@id\":\"https:\/\/culturbaine.com\/#organization\"},\"potentialAction\":[{\"@type\":\"SearchAction\",\"target\":{\"@type\":\"EntryPoint\",\"urlTemplate\":\"https:\/\/culturbaine.com\/?s={search_term_string}\"},\"query-input\":{\"@type\":\"PropertyValueSpecification\",\"valueRequired\":true,\"valueName\":\"search_term_string\"}}],\"inLanguage\":\"fr-FR\"},{\"@type\":\"Organization\",\"@id\":\"https:\/\/culturbaine.com\/#organization\",\"name\":\"Culturbaine.com\",\"url\":\"https:\/\/culturbaine.com\/\",\"logo\":{\"@type\":\"ImageObject\",\"inLanguage\":\"fr-FR\",\"@id\":\"https:\/\/culturbaine.com\/#\/schema\/logo\/image\/\",\"url\":\"https:\/\/culturbaine.com\/wp-content\/uploads\/2023\/07\/WhatsApp-Image-2023-07-17-at-14.38.18.jpeg\",\"contentUrl\":\"https:\/\/culturbaine.com\/wp-content\/uploads\/2023\/07\/WhatsApp-Image-2023-07-17-at-14.38.18.jpeg\",\"width\":855,\"height\":270,\"caption\":\"Culturbaine.com\"},\"image\":{\"@id\":\"https:\/\/culturbaine.com\/#\/schema\/logo\/image\/\"},\"sameAs\":[\"https:\/\/www.facebook.com\/Culturbaines\",\"https:\/\/x.com\/culturbaines\"]},{\"@type\":\"Person\",\"@id\":\"https:\/\/culturbaine.com\/#\/schema\/person\/42eb7485c572e0746c1ea6b8216c3814\",\"name\":\"admin1\",\"image\":{\"@type\":\"ImageObject\",\"inLanguage\":\"fr-FR\",\"@id\":\"https:\/\/culturbaine.com\/#\/schema\/person\/image\/\",\"url\":\"https:\/\/secure.gravatar.com\/avatar\/c268f4d483ce0486e5a10fee87bbf756?s=96&d=mm&r=g\",\"contentUrl\":\"https:\/\/secure.gravatar.com\/avatar\/c268f4d483ce0486e5a10fee87bbf756?s=96&d=mm&r=g\",\"caption\":\"admin1\"},\"url\":\"https:\/\/culturbaine.com\/index.php\/author\/admin1\/\"}]}<\/script>\n<!-- \/ Yoast SEO Premium plugin. -->","yoast_head_json":{"title":"Sika Rlion d\u00e9voile \u2018Val\u00e8r\u2019 avant la sortie de son album Endemik - Culturbaine","robots":{"index":"index","follow":"follow","max-snippet":"max-snippet:-1","max-image-preview":"max-image-preview:large","max-video-preview":"max-video-preview:-1"},"canonical":"https:\/\/culturbaine.com\/index.php\/2025\/03\/21\/sika-rlion-devoile-valer-avant-la-sortie-de-son-album-endemik\/","og_locale":"fr_FR","og_type":"article","og_title":"Sika Rlion d\u00e9voile \u2018Val\u00e8r\u2019 avant la sortie de son album Endemik","og_description":"\u00c0 l\u2019approche de la sortie de son album Endemik, pr\u00e9vu pour le 25 avril prochain, la chanteuse r\u00e9unionnaise de reggae Sika Rlion continue de d\u00e9voiler, au compte-gouttes, des extraits de son projet. Le dernier en date est Val\u00e8r, un nouveau clip r\u00e9cemment mis en ligne sur sa cha\u00eene YouTube. Compos\u00e9 par Herv\u00e9 Castelnau, Val\u00e8r s&rsquo;inscrit [&hellip;]","og_url":"https:\/\/culturbaine.com\/index.php\/2025\/03\/21\/sika-rlion-devoile-valer-avant-la-sortie-de-son-album-endemik\/","og_site_name":"Culturbaine","article_publisher":"https:\/\/www.facebook.com\/Culturbaines","article_published_time":"2025-03-21T15:20:40+00:00","og_image":[{"width":696,"height":395,"url":"https:\/\/culturbaine.com\/wp-content\/uploads\/2025\/03\/Screenshot_20250321-145045.jpg","type":"image\/jpeg"}],"author":"admin1","twitter_card":"summary_large_image","twitter_creator":"@culturbaines","twitter_site":"@culturbaines","twitter_misc":{"\u00c9crit par":"admin1","Dur\u00e9e de lecture estim\u00e9e":"1 minute"},"schema":{"@context":"https:\/\/schema.org","@graph":[{"@type":"Article","@id":"https:\/\/culturbaine.com\/index.php\/2025\/03\/21\/sika-rlion-devoile-valer-avant-la-sortie-de-son-album-endemik\/#article","isPartOf":{"@id":"https:\/\/culturbaine.com\/index.php\/2025\/03\/21\/sika-rlion-devoile-valer-avant-la-sortie-de-son-album-endemik\/"},"author":{"name":"admin1","@id":"https:\/\/culturbaine.com\/#\/schema\/person\/42eb7485c572e0746c1ea6b8216c3814"},"headline":"Sika Rlion d\u00e9voile \u2018Val\u00e8r\u2019 avant la sortie de son album Endemik","datePublished":"2025-03-21T15:20:40+00:00","dateModified":"2025-03-21T15:20:40+00:00","mainEntityOfPage":{"@id":"https:\/\/culturbaine.com\/index.php\/2025\/03\/21\/sika-rlion-devoile-valer-avant-la-sortie-de-son-album-endemik\/"},"wordCount":198,"publisher":{"@id":"https:\/\/culturbaine.com\/#organization"},"image":{"@id":"https:\/\/culturbaine.com\/index.php\/2025\/03\/21\/sika-rlion-devoile-valer-avant-la-sortie-de-son-album-endemik\/#primaryimage"},"thumbnailUrl":"https:\/\/culturbaine.com\/wp-content\/uploads\/2025\/03\/Screenshot_20250321-145045.jpg","keywords":["Sika Rlion chanteuse de reggae","Sika Rlion d\u00e9voile \u2018Val\u00e8r\u2019 avant la sortie de son album Endemik"],"articleSection":["Actualit\u00e9","Clip","Reggae"],"inLanguage":"fr-FR"},{"@type":"WebPage","@id":"https:\/\/culturbaine.com\/index.php\/2025\/03\/21\/sika-rlion-devoile-valer-avant-la-sortie-de-son-album-endemik\/","url":"https:\/\/culturbaine.com\/index.php\/2025\/03\/21\/sika-rlion-devoile-valer-avant-la-sortie-de-son-album-endemik\/","name":"Sika Rlion d\u00e9voile \u2018Val\u00e8r\u2019 avant la sortie de son album Endemik - Culturbaine","isPartOf":{"@id":"https:\/\/culturbaine.com\/#website"},"primaryImageOfPage":{"@id":"https:\/\/culturbaine.com\/index.php\/2025\/03\/21\/sika-rlion-devoile-valer-avant-la-sortie-de-son-album-endemik\/#primaryimage"},"image":{"@id":"https:\/\/culturbaine.com\/index.php\/2025\/03\/21\/sika-rlion-devoile-valer-avant-la-sortie-de-son-album-endemik\/#primaryimage"},"thumbnailUrl":"https:\/\/culturbaine.com\/wp-content\/uploads\/2025\/03\/Screenshot_20250321-145045.jpg","datePublished":"2025-03-21T15:20:40+00:00","dateModified":"2025-03-21T15:20:40+00:00","breadcrumb":{"@id":"https:\/\/culturbaine.com\/index.php\/2025\/03\/21\/sika-rlion-devoile-valer-avant-la-sortie-de-son-album-endemik\/#breadcrumb"},"inLanguage":"fr-FR","potentialAction":[{"@type":"ReadAction","target":["https:\/\/culturbaine.com\/index.php\/2025\/03\/21\/sika-rlion-devoile-valer-avant-la-sortie-de-son-album-endemik\/"]}]},{"@type":"ImageObject","inLanguage":"fr-FR","@id":"https:\/\/culturbaine.com\/index.php\/2025\/03\/21\/sika-rlion-devoile-valer-avant-la-sortie-de-son-album-endemik\/#primaryimage","url":"https:\/\/culturbaine.com\/wp-content\/uploads\/2025\/03\/Screenshot_20250321-145045.jpg","contentUrl":"https:\/\/culturbaine.com\/wp-content\/uploads\/2025\/03\/Screenshot_20250321-145045.jpg","width":696,"height":395},{"@type":"BreadcrumbList","@id":"https:\/\/culturbaine.com\/index.php\/2025\/03\/21\/sika-rlion-devoile-valer-avant-la-sortie-de-son-album-endemik\/#breadcrumb","itemListElement":[{"@type":"ListItem","position":1,"name":"Home","item":"https:\/\/culturbaine.com\/"},{"@type":"ListItem","position":2,"name":"Sika Rlion d\u00e9voile \u2018Val\u00e8r\u2019 avant la sortie de son album Endemik"}]},{"@type":"WebSite","@id":"https:\/\/culturbaine.com\/#website","url":"https:\/\/culturbaine.com\/","name":"Culturbaine.com","description":"Toute l&#039;actualit\u00e9 des Cultures Urbaines, en un clic  !","publisher":{"@id":"https:\/\/culturbaine.com\/#organization"},"potentialAction":[{"@type":"SearchAction","target":{"@type":"EntryPoint","urlTemplate":"https:\/\/culturbaine.com\/?s={search_term_string}"},"query-input":{"@type":"PropertyValueSpecification","valueRequired":true,"valueName":"search_term_string"}}],"inLanguage":"fr-FR"},{"@type":"Organization","@id":"https:\/\/culturbaine.com\/#organization","name":"Culturbaine.com","url":"https:\/\/culturbaine.com\/","logo":{"@type":"ImageObject","inLanguage":"fr-FR","@id":"https:\/\/culturbaine.com\/#\/schema\/logo\/image\/","url":"https:\/\/culturbaine.com\/wp-content\/uploads\/2023\/07\/WhatsApp-Image-2023-07-17-at-14.38.18.jpeg","contentUrl":"https:\/\/culturbaine.com\/wp-content\/uploads\/2023\/07\/WhatsApp-Image-2023-07-17-at-14.38.18.jpeg","width":855,"height":270,"caption":"Culturbaine.com"},"image":{"@id":"https:\/\/culturbaine.com\/#\/schema\/logo\/image\/"},"sameAs":["https:\/\/www.facebook.com\/Culturbaines","https:\/\/x.com\/culturbaines"]},{"@type":"Person","@id":"https:\/\/culturbaine.com\/#\/schema\/person\/42eb7485c572e0746c1ea6b8216c3814","name":"admin1","image":{"@type":"ImageObject","inLanguage":"fr-FR","@id":"https:\/\/culturbaine.com\/#\/schema\/person\/image\/","url":"https:\/\/secure.gravatar.com\/avatar\/c268f4d483ce0486e5a10fee87bbf756?s=96&d=mm&r=g","contentUrl":"https:\/\/secure.gravatar.com\/avatar\/c268f4d483ce0486e5a10fee87bbf756?s=96&d=mm&r=g","caption":"admin1"},"url":"https:\/\/culturbaine.com\/index.php\/author\/admin1\/"}]}},"_links":{"self":[{"href":"https:\/\/culturbaine.com\/index.php\/wp-json\/wp\/v2\/posts\/11399"}],"collection":[{"href":"https:\/\/culturbaine.com\/index.php\/wp-json\/wp\/v2\/posts"}],"about":[{"href":"https:\/\/culturbaine.com\/index.php\/wp-json\/wp\/v2\/types\/post"}],"author":[{"embeddable":true,"href":"https:\/\/culturbaine.com\/index.php\/wp-json\/wp\/v2\/users\/2"}],"replies":[{"embeddable":true,"href":"https:\/\/culturbaine.com\/index.php\/wp-json\/wp\/v2\/comments?post=11399"}],"version-history":[{"count":0,"href":"https:\/\/culturbaine.com\/index.php\/wp-json\/wp\/v2\/posts\/11399\/revisions"}],"wp:featuredmedia":[{"embeddable":true,"href":"https:\/\/culturbaine.com\/index.php\/wp-json\/wp\/v2\/media\/11400"}],"wp:attachment":[{"href":"https:\/\/culturbaine.com\/index.php\/wp-json\/wp\/v2\/media?parent=11399"}],"wp:term":[{"taxonomy":"category","embeddable":true,"href":"https:\/\/culturbaine.com\/index.php\/wp-json\/wp\/v2\/categories?post=11399"},{"taxonomy":"post_tag","embeddable":true,"href":"https:\/\/culturbaine.com\/index.php\/wp-json\/wp\/v2\/tags?post=11399"}],"curies":[{"name":"wp","href":"https:\/\/api.w.org\/{rel}","templated":true}]}}