{"id":1138,"date":"2023-09-05T21:26:43","date_gmt":"2023-09-05T21:26:43","guid":{"rendered":"http:\/\/culturbaine.com\/?p=1138"},"modified":"2023-09-05T21:26:43","modified_gmt":"2023-09-05T21:26:43","slug":"djanii-alfa-sinterroge-sur-le-depart-du-colonel-doumbouya-du-pouvoir-dans-son-clip-camarade-salut","status":"publish","type":"post","link":"https:\/\/culturbaine.com\/index.php\/2023\/09\/05\/djanii-alfa-sinterroge-sur-le-depart-du-colonel-doumbouya-du-pouvoir-dans-son-clip-camarade-salut\/","title":{"rendered":"Djanii Alfa s&rsquo;interroge sur le d\u00e9part du Colonel Doumbouya du pouvoir dans son clip \u00ab\u00a0Camarade Salut \u00ab\u00a0"},"content":{"rendered":"<p><span>\u00c0 l&rsquo;occasion de l&rsquo;an 2 de l&rsquo;arriv\u00e9e du <\/span><b>Colonel Mamadi Doumbouya<\/b><span> \u00e0 la t\u00eate de la Guin\u00e9e, le rappeur et activiste guin\u00e9en exil\u00e9 en France, <\/span><b>Djanii Alfa <\/b><span>a tenu \u00e0 exprimer sa pens\u00e9e. Cet apr\u00e8s-midi, dans un verbe aussi haut qu&rsquo;\u00e0 l&rsquo;accoutum\u00e9e, il a d\u00e9voil\u00e9 via sa cha\u00eene YouTube, son fameux clip intitul\u00e9 <\/span><b>Camarade Salut.<\/b><\/p>\n<p><span style=\"font-weight: 400;\">Avec une plume aussi \u00e9paisse et un flow d\u00e9guis\u00e9, le chef rebelle tape sur les consciences sur toute la ligne. Dans son costume d&rsquo;artiste engag\u00e9, il aborde plusieurs sujets y compris l&rsquo;injustice. Un peu en bas, il n&rsquo;a pas omis de peindre le comportement de nos chefs d&rsquo;\u00c9tats africains d&rsquo;une part, mais celui de la Guin\u00e9e. Dans un de ses passages, il s&rsquo;interroge sur le d\u00e9part du parrain O+ du CNRD du pouvoir en ce termes :\u00a0<\/span><\/p>\n<p><b>\u00abAlpha n&rsquo;est plus au pouvoir mais aujourd&rsquo;hui encore j&rsquo;applaudis \u00e7a, mais dites-moi et Doumbouya il part quand<\/b><span style=\"font-weight: 400;\"> \u00bb<\/span><\/p>\n<p><span style=\"font-weight: 400;\">Mr <\/span><b>Zouzou<\/b><span style=\"font-weight: 400;\"> a r\u00e9alis\u00e9 ce clip. Devant le micro, arborant son Pull de marque <\/span><b>Peace, <\/b><span style=\"font-weight: 400;\">l&rsquo;enfant de Pita sort des lyrics, suivis de mouvement pour exprimer en art sa pens\u00e9e. Avec le tricolore guin\u00e9en comme fond et quelques photos de nos h\u00e9ros guin\u00e9ens voire africains coll\u00e9s au mur, tous les ingr\u00e9dients sont r\u00e9unis pour crever l&rsquo;\u00e9cran de ce game. Je vous laisse suivre ce clip.<\/span><\/p>\n<p><iframe loading=\"lazy\" title=\"camarade salut\" width=\"1170\" height=\"658\" src=\"https:\/\/www.youtube.com\/embed\/egR16eBoJHY?wmode=transparent&amp;rel=0&amp;feature=oembed\" frameborder=\"0\" allow=\"accelerometer; autoplay; clipboard-write; encrypted-media; gyroscope; picture-in-picture; web-share\" allowfullscreen><\/iframe><\/p>\n<p><b>Mohamed Cinq Sylla\u00a0<\/b><\/p>\n","protected":false},"excerpt":{"rendered":"<p>\u00c0 l&rsquo;occasion de l&rsquo;an 2 de l&rsquo;arriv\u00e9e du Colonel Mamadi Doumbouya \u00e0 la t\u00eate de la Guin\u00e9e, le rappeur et activiste guin\u00e9en exil\u00e9 en France, Djanii Alfa a tenu \u00e0 exprimer sa pens\u00e9e. Cet apr\u00e8s-midi, dans un verbe aussi haut qu&rsquo;\u00e0 l&rsquo;accoutum\u00e9e, il a d\u00e9voil\u00e9 via sa cha\u00eene YouTube, son fameux clip intitul\u00e9 Camarade Salut. [&hellip;]<\/p>\n","protected":false},"author":2,"featured_media":1140,"comment_status":"open","ping_status":"open","sticky":false,"template":"","format":"standard","meta":{"_mi_skip_tracking":false,"_monsterinsights_sitenote_active":false,"_monsterinsights_sitenote_note":"","_monsterinsights_sitenote_category":0,"footnotes":""},"categories":[21,27,32],"tags":[519,29,518,368],"class_list":["post-1138","post","type-post","status-publish","format-standard","has-post-thumbnail","hentry","category-actualite","category-clip","category-dernieres-sorties","tag-clip-camarade-salut","tag-djanii-alfa","tag-exile","tag-rappeur-guineen"],"yoast_head":"<!-- This site is optimized with the Yoast SEO Premium plugin v20.1 (Yoast SEO v24.0) - https:\/\/yoast.com\/wordpress\/plugins\/seo\/ -->\n<title>Djanii Alfa s&#039;interroge sur le d\u00e9part du Colonel Doumbouya du pouvoir dans son clip &quot;Camarade Salut &quot; - Culturbaine<\/title>\n<meta name=\"robots\" content=\"index, follow, max-snippet:-1, max-image-preview:large, max-video-preview:-1\" \/>\n<link rel=\"canonical\" href=\"http:\/\/culturbaine.com\/index.php\/2023\/09\/05\/djanii-alfa-sinterroge-sur-le-depart-du-colonel-doumbouya-du-pouvoir-dans-son-clip-camarade-salut\/\" \/>\n<meta property=\"og:locale\" content=\"fr_FR\" \/>\n<meta property=\"og:type\" content=\"article\" \/>\n<meta property=\"og:title\" content=\"Djanii Alfa s&#039;interroge sur le d\u00e9part du Colonel Doumbouya du pouvoir dans son clip &quot;Camarade Salut &quot;\" \/>\n<meta property=\"og:description\" content=\"\u00c0 l&rsquo;occasion de l&rsquo;an 2 de l&rsquo;arriv\u00e9e du Colonel Mamadi Doumbouya \u00e0 la t\u00eate de la Guin\u00e9e, le rappeur et activiste guin\u00e9en exil\u00e9 en France, Djanii Alfa a tenu \u00e0 exprimer sa pens\u00e9e. Cet apr\u00e8s-midi, dans un verbe aussi haut qu&rsquo;\u00e0 l&rsquo;accoutum\u00e9e, il a d\u00e9voil\u00e9 via sa cha\u00eene YouTube, son fameux clip intitul\u00e9 Camarade Salut. [&hellip;]\" \/>\n<meta property=\"og:url\" content=\"http:\/\/culturbaine.com\/index.php\/2023\/09\/05\/djanii-alfa-sinterroge-sur-le-depart-du-colonel-doumbouya-du-pouvoir-dans-son-clip-camarade-salut\/\" \/>\n<meta property=\"og:site_name\" content=\"Culturbaine\" \/>\n<meta property=\"article:publisher\" content=\"https:\/\/www.facebook.com\/Culturbaines\" \/>\n<meta property=\"article:published_time\" content=\"2023-09-05T21:26:43+00:00\" \/>\n<meta property=\"og:image\" content=\"http:\/\/culturbaine.com\/wp-content\/uploads\/2023\/09\/Screenshot_20230905-204737.jpg\" \/>\n\t<meta property=\"og:image:width\" content=\"1129\" \/>\n\t<meta property=\"og:image:height\" content=\"633\" \/>\n\t<meta property=\"og:image:type\" content=\"image\/jpeg\" \/>\n<meta name=\"author\" content=\"admin1\" \/>\n<meta name=\"twitter:card\" content=\"summary_large_image\" \/>\n<meta name=\"twitter:creator\" content=\"@culturbaines\" \/>\n<meta name=\"twitter:site\" content=\"@culturbaines\" \/>\n<meta name=\"twitter:label1\" content=\"\u00c9crit par\" \/>\n\t<meta name=\"twitter:data1\" content=\"admin1\" \/>\n\t<meta name=\"twitter:label2\" content=\"Dur\u00e9e de lecture estim\u00e9e\" \/>\n\t<meta name=\"twitter:data2\" content=\"2 minutes\" \/>\n<script type=\"application\/ld+json\" class=\"yoast-schema-graph\">{\"@context\":\"https:\/\/schema.org\",\"@graph\":[{\"@type\":\"Article\",\"@id\":\"http:\/\/culturbaine.com\/index.php\/2023\/09\/05\/djanii-alfa-sinterroge-sur-le-depart-du-colonel-doumbouya-du-pouvoir-dans-son-clip-camarade-salut\/#article\",\"isPartOf\":{\"@id\":\"http:\/\/culturbaine.com\/index.php\/2023\/09\/05\/djanii-alfa-sinterroge-sur-le-depart-du-colonel-doumbouya-du-pouvoir-dans-son-clip-camarade-salut\/\"},\"author\":{\"name\":\"admin1\",\"@id\":\"https:\/\/culturbaine.com\/#\/schema\/person\/42eb7485c572e0746c1ea6b8216c3814\"},\"headline\":\"Djanii Alfa s&rsquo;interroge sur le d\u00e9part du Colonel Doumbouya du pouvoir dans son clip \u00ab\u00a0Camarade Salut \u00ab\u00a0\",\"datePublished\":\"2023-09-05T21:26:43+00:00\",\"dateModified\":\"2023-09-05T21:26:43+00:00\",\"mainEntityOfPage\":{\"@id\":\"http:\/\/culturbaine.com\/index.php\/2023\/09\/05\/djanii-alfa-sinterroge-sur-le-depart-du-colonel-doumbouya-du-pouvoir-dans-son-clip-camarade-salut\/\"},\"wordCount\":275,\"commentCount\":0,\"publisher\":{\"@id\":\"https:\/\/culturbaine.com\/#organization\"},\"image\":{\"@id\":\"http:\/\/culturbaine.com\/index.php\/2023\/09\/05\/djanii-alfa-sinterroge-sur-le-depart-du-colonel-doumbouya-du-pouvoir-dans-son-clip-camarade-salut\/#primaryimage\"},\"thumbnailUrl\":\"https:\/\/culturbaine.com\/wp-content\/uploads\/2023\/09\/Screenshot_20230905-204737.jpg\",\"keywords\":[\"Clip Camarade Salut\",\"djanii alfa\",\"exil\u00e9\",\"rappeur guin\u00e9en\"],\"articleSection\":[\"Actualit\u00e9\",\"Clip\",\"Derni\u00e8res sorties\"],\"inLanguage\":\"fr-FR\"},{\"@type\":\"WebPage\",\"@id\":\"http:\/\/culturbaine.com\/index.php\/2023\/09\/05\/djanii-alfa-sinterroge-sur-le-depart-du-colonel-doumbouya-du-pouvoir-dans-son-clip-camarade-salut\/\",\"url\":\"http:\/\/culturbaine.com\/index.php\/2023\/09\/05\/djanii-alfa-sinterroge-sur-le-depart-du-colonel-doumbouya-du-pouvoir-dans-son-clip-camarade-salut\/\",\"name\":\"Djanii Alfa s'interroge sur le d\u00e9part du Colonel Doumbouya du pouvoir dans son clip \\\"Camarade Salut \\\" - Culturbaine\",\"isPartOf\":{\"@id\":\"https:\/\/culturbaine.com\/#website\"},\"primaryImageOfPage\":{\"@id\":\"http:\/\/culturbaine.com\/index.php\/2023\/09\/05\/djanii-alfa-sinterroge-sur-le-depart-du-colonel-doumbouya-du-pouvoir-dans-son-clip-camarade-salut\/#primaryimage\"},\"image\":{\"@id\":\"http:\/\/culturbaine.com\/index.php\/2023\/09\/05\/djanii-alfa-sinterroge-sur-le-depart-du-colonel-doumbouya-du-pouvoir-dans-son-clip-camarade-salut\/#primaryimage\"},\"thumbnailUrl\":\"https:\/\/culturbaine.com\/wp-content\/uploads\/2023\/09\/Screenshot_20230905-204737.jpg\",\"datePublished\":\"2023-09-05T21:26:43+00:00\",\"dateModified\":\"2023-09-05T21:26:43+00:00\",\"breadcrumb\":{\"@id\":\"http:\/\/culturbaine.com\/index.php\/2023\/09\/05\/djanii-alfa-sinterroge-sur-le-depart-du-colonel-doumbouya-du-pouvoir-dans-son-clip-camarade-salut\/#breadcrumb\"},\"inLanguage\":\"fr-FR\",\"potentialAction\":[{\"@type\":\"ReadAction\",\"target\":[\"http:\/\/culturbaine.com\/index.php\/2023\/09\/05\/djanii-alfa-sinterroge-sur-le-depart-du-colonel-doumbouya-du-pouvoir-dans-son-clip-camarade-salut\/\"]}]},{\"@type\":\"ImageObject\",\"inLanguage\":\"fr-FR\",\"@id\":\"http:\/\/culturbaine.com\/index.php\/2023\/09\/05\/djanii-alfa-sinterroge-sur-le-depart-du-colonel-doumbouya-du-pouvoir-dans-son-clip-camarade-salut\/#primaryimage\",\"url\":\"https:\/\/culturbaine.com\/wp-content\/uploads\/2023\/09\/Screenshot_20230905-204737.jpg\",\"contentUrl\":\"https:\/\/culturbaine.com\/wp-content\/uploads\/2023\/09\/Screenshot_20230905-204737.jpg\",\"width\":1129,\"height\":633},{\"@type\":\"BreadcrumbList\",\"@id\":\"http:\/\/culturbaine.com\/index.php\/2023\/09\/05\/djanii-alfa-sinterroge-sur-le-depart-du-colonel-doumbouya-du-pouvoir-dans-son-clip-camarade-salut\/#breadcrumb\",\"itemListElement\":[{\"@type\":\"ListItem\",\"position\":1,\"name\":\"Home\",\"item\":\"https:\/\/culturbaine.com\/\"},{\"@type\":\"ListItem\",\"position\":2,\"name\":\"Djanii Alfa s&rsquo;interroge sur le d\u00e9part du Colonel Doumbouya du pouvoir dans son clip \u00ab\u00a0Camarade Salut \u00ab\u00a0\"}]},{\"@type\":\"WebSite\",\"@id\":\"https:\/\/culturbaine.com\/#website\",\"url\":\"https:\/\/culturbaine.com\/\",\"name\":\"Culturbaine.com\",\"description\":\"Toute l&#039;actualit\u00e9 des Cultures Urbaines, en un clic  !\",\"publisher\":{\"@id\":\"https:\/\/culturbaine.com\/#organization\"},\"potentialAction\":[{\"@type\":\"SearchAction\",\"target\":{\"@type\":\"EntryPoint\",\"urlTemplate\":\"https:\/\/culturbaine.com\/?s={search_term_string}\"},\"query-input\":{\"@type\":\"PropertyValueSpecification\",\"valueRequired\":true,\"valueName\":\"search_term_string\"}}],\"inLanguage\":\"fr-FR\"},{\"@type\":\"Organization\",\"@id\":\"https:\/\/culturbaine.com\/#organization\",\"name\":\"Culturbaine.com\",\"url\":\"https:\/\/culturbaine.com\/\",\"logo\":{\"@type\":\"ImageObject\",\"inLanguage\":\"fr-FR\",\"@id\":\"https:\/\/culturbaine.com\/#\/schema\/logo\/image\/\",\"url\":\"https:\/\/culturbaine.com\/wp-content\/uploads\/2023\/07\/WhatsApp-Image-2023-07-17-at-14.38.18.jpeg\",\"contentUrl\":\"https:\/\/culturbaine.com\/wp-content\/uploads\/2023\/07\/WhatsApp-Image-2023-07-17-at-14.38.18.jpeg\",\"width\":855,\"height\":270,\"caption\":\"Culturbaine.com\"},\"image\":{\"@id\":\"https:\/\/culturbaine.com\/#\/schema\/logo\/image\/\"},\"sameAs\":[\"https:\/\/www.facebook.com\/Culturbaines\",\"https:\/\/x.com\/culturbaines\"]},{\"@type\":\"Person\",\"@id\":\"https:\/\/culturbaine.com\/#\/schema\/person\/42eb7485c572e0746c1ea6b8216c3814\",\"name\":\"admin1\",\"image\":{\"@type\":\"ImageObject\",\"inLanguage\":\"fr-FR\",\"@id\":\"https:\/\/culturbaine.com\/#\/schema\/person\/image\/\",\"url\":\"https:\/\/secure.gravatar.com\/avatar\/c268f4d483ce0486e5a10fee87bbf756?s=96&d=mm&r=g\",\"contentUrl\":\"https:\/\/secure.gravatar.com\/avatar\/c268f4d483ce0486e5a10fee87bbf756?s=96&d=mm&r=g\",\"caption\":\"admin1\"},\"url\":\"https:\/\/culturbaine.com\/index.php\/author\/admin1\/\"}]}<\/script>\n<!-- \/ Yoast SEO Premium plugin. -->","yoast_head_json":{"title":"Djanii Alfa s'interroge sur le d\u00e9part du Colonel Doumbouya du pouvoir dans son clip \"Camarade Salut \" - Culturbaine","robots":{"index":"index","follow":"follow","max-snippet":"max-snippet:-1","max-image-preview":"max-image-preview:large","max-video-preview":"max-video-preview:-1"},"canonical":"http:\/\/culturbaine.com\/index.php\/2023\/09\/05\/djanii-alfa-sinterroge-sur-le-depart-du-colonel-doumbouya-du-pouvoir-dans-son-clip-camarade-salut\/","og_locale":"fr_FR","og_type":"article","og_title":"Djanii Alfa s'interroge sur le d\u00e9part du Colonel Doumbouya du pouvoir dans son clip \"Camarade Salut \"","og_description":"\u00c0 l&rsquo;occasion de l&rsquo;an 2 de l&rsquo;arriv\u00e9e du Colonel Mamadi Doumbouya \u00e0 la t\u00eate de la Guin\u00e9e, le rappeur et activiste guin\u00e9en exil\u00e9 en France, Djanii Alfa a tenu \u00e0 exprimer sa pens\u00e9e. Cet apr\u00e8s-midi, dans un verbe aussi haut qu&rsquo;\u00e0 l&rsquo;accoutum\u00e9e, il a d\u00e9voil\u00e9 via sa cha\u00eene YouTube, son fameux clip intitul\u00e9 Camarade Salut. [&hellip;]","og_url":"http:\/\/culturbaine.com\/index.php\/2023\/09\/05\/djanii-alfa-sinterroge-sur-le-depart-du-colonel-doumbouya-du-pouvoir-dans-son-clip-camarade-salut\/","og_site_name":"Culturbaine","article_publisher":"https:\/\/www.facebook.com\/Culturbaines","article_published_time":"2023-09-05T21:26:43+00:00","og_image":[{"width":1129,"height":633,"url":"http:\/\/culturbaine.com\/wp-content\/uploads\/2023\/09\/Screenshot_20230905-204737.jpg","type":"image\/jpeg"}],"author":"admin1","twitter_card":"summary_large_image","twitter_creator":"@culturbaines","twitter_site":"@culturbaines","twitter_misc":{"\u00c9crit par":"admin1","Dur\u00e9e de lecture estim\u00e9e":"2 minutes"},"schema":{"@context":"https:\/\/schema.org","@graph":[{"@type":"Article","@id":"http:\/\/culturbaine.com\/index.php\/2023\/09\/05\/djanii-alfa-sinterroge-sur-le-depart-du-colonel-doumbouya-du-pouvoir-dans-son-clip-camarade-salut\/#article","isPartOf":{"@id":"http:\/\/culturbaine.com\/index.php\/2023\/09\/05\/djanii-alfa-sinterroge-sur-le-depart-du-colonel-doumbouya-du-pouvoir-dans-son-clip-camarade-salut\/"},"author":{"name":"admin1","@id":"https:\/\/culturbaine.com\/#\/schema\/person\/42eb7485c572e0746c1ea6b8216c3814"},"headline":"Djanii Alfa s&rsquo;interroge sur le d\u00e9part du Colonel Doumbouya du pouvoir dans son clip \u00ab\u00a0Camarade Salut \u00ab\u00a0","datePublished":"2023-09-05T21:26:43+00:00","dateModified":"2023-09-05T21:26:43+00:00","mainEntityOfPage":{"@id":"http:\/\/culturbaine.com\/index.php\/2023\/09\/05\/djanii-alfa-sinterroge-sur-le-depart-du-colonel-doumbouya-du-pouvoir-dans-son-clip-camarade-salut\/"},"wordCount":275,"commentCount":0,"publisher":{"@id":"https:\/\/culturbaine.com\/#organization"},"image":{"@id":"http:\/\/culturbaine.com\/index.php\/2023\/09\/05\/djanii-alfa-sinterroge-sur-le-depart-du-colonel-doumbouya-du-pouvoir-dans-son-clip-camarade-salut\/#primaryimage"},"thumbnailUrl":"https:\/\/culturbaine.com\/wp-content\/uploads\/2023\/09\/Screenshot_20230905-204737.jpg","keywords":["Clip Camarade Salut","djanii alfa","exil\u00e9","rappeur guin\u00e9en"],"articleSection":["Actualit\u00e9","Clip","Derni\u00e8res sorties"],"inLanguage":"fr-FR"},{"@type":"WebPage","@id":"http:\/\/culturbaine.com\/index.php\/2023\/09\/05\/djanii-alfa-sinterroge-sur-le-depart-du-colonel-doumbouya-du-pouvoir-dans-son-clip-camarade-salut\/","url":"http:\/\/culturbaine.com\/index.php\/2023\/09\/05\/djanii-alfa-sinterroge-sur-le-depart-du-colonel-doumbouya-du-pouvoir-dans-son-clip-camarade-salut\/","name":"Djanii Alfa s'interroge sur le d\u00e9part du Colonel Doumbouya du pouvoir dans son clip \"Camarade Salut \" - Culturbaine","isPartOf":{"@id":"https:\/\/culturbaine.com\/#website"},"primaryImageOfPage":{"@id":"http:\/\/culturbaine.com\/index.php\/2023\/09\/05\/djanii-alfa-sinterroge-sur-le-depart-du-colonel-doumbouya-du-pouvoir-dans-son-clip-camarade-salut\/#primaryimage"},"image":{"@id":"http:\/\/culturbaine.com\/index.php\/2023\/09\/05\/djanii-alfa-sinterroge-sur-le-depart-du-colonel-doumbouya-du-pouvoir-dans-son-clip-camarade-salut\/#primaryimage"},"thumbnailUrl":"https:\/\/culturbaine.com\/wp-content\/uploads\/2023\/09\/Screenshot_20230905-204737.jpg","datePublished":"2023-09-05T21:26:43+00:00","dateModified":"2023-09-05T21:26:43+00:00","breadcrumb":{"@id":"http:\/\/culturbaine.com\/index.php\/2023\/09\/05\/djanii-alfa-sinterroge-sur-le-depart-du-colonel-doumbouya-du-pouvoir-dans-son-clip-camarade-salut\/#breadcrumb"},"inLanguage":"fr-FR","potentialAction":[{"@type":"ReadAction","target":["http:\/\/culturbaine.com\/index.php\/2023\/09\/05\/djanii-alfa-sinterroge-sur-le-depart-du-colonel-doumbouya-du-pouvoir-dans-son-clip-camarade-salut\/"]}]},{"@type":"ImageObject","inLanguage":"fr-FR","@id":"http:\/\/culturbaine.com\/index.php\/2023\/09\/05\/djanii-alfa-sinterroge-sur-le-depart-du-colonel-doumbouya-du-pouvoir-dans-son-clip-camarade-salut\/#primaryimage","url":"https:\/\/culturbaine.com\/wp-content\/uploads\/2023\/09\/Screenshot_20230905-204737.jpg","contentUrl":"https:\/\/culturbaine.com\/wp-content\/uploads\/2023\/09\/Screenshot_20230905-204737.jpg","width":1129,"height":633},{"@type":"BreadcrumbList","@id":"http:\/\/culturbaine.com\/index.php\/2023\/09\/05\/djanii-alfa-sinterroge-sur-le-depart-du-colonel-doumbouya-du-pouvoir-dans-son-clip-camarade-salut\/#breadcrumb","itemListElement":[{"@type":"ListItem","position":1,"name":"Home","item":"https:\/\/culturbaine.com\/"},{"@type":"ListItem","position":2,"name":"Djanii Alfa s&rsquo;interroge sur le d\u00e9part du Colonel Doumbouya du pouvoir dans son clip \u00ab\u00a0Camarade Salut \u00ab\u00a0"}]},{"@type":"WebSite","@id":"https:\/\/culturbaine.com\/#website","url":"https:\/\/culturbaine.com\/","name":"Culturbaine.com","description":"Toute l&#039;actualit\u00e9 des Cultures Urbaines, en un clic  !","publisher":{"@id":"https:\/\/culturbaine.com\/#organization"},"potentialAction":[{"@type":"SearchAction","target":{"@type":"EntryPoint","urlTemplate":"https:\/\/culturbaine.com\/?s={search_term_string}"},"query-input":{"@type":"PropertyValueSpecification","valueRequired":true,"valueName":"search_term_string"}}],"inLanguage":"fr-FR"},{"@type":"Organization","@id":"https:\/\/culturbaine.com\/#organization","name":"Culturbaine.com","url":"https:\/\/culturbaine.com\/","logo":{"@type":"ImageObject","inLanguage":"fr-FR","@id":"https:\/\/culturbaine.com\/#\/schema\/logo\/image\/","url":"https:\/\/culturbaine.com\/wp-content\/uploads\/2023\/07\/WhatsApp-Image-2023-07-17-at-14.38.18.jpeg","contentUrl":"https:\/\/culturbaine.com\/wp-content\/uploads\/2023\/07\/WhatsApp-Image-2023-07-17-at-14.38.18.jpeg","width":855,"height":270,"caption":"Culturbaine.com"},"image":{"@id":"https:\/\/culturbaine.com\/#\/schema\/logo\/image\/"},"sameAs":["https:\/\/www.facebook.com\/Culturbaines","https:\/\/x.com\/culturbaines"]},{"@type":"Person","@id":"https:\/\/culturbaine.com\/#\/schema\/person\/42eb7485c572e0746c1ea6b8216c3814","name":"admin1","image":{"@type":"ImageObject","inLanguage":"fr-FR","@id":"https:\/\/culturbaine.com\/#\/schema\/person\/image\/","url":"https:\/\/secure.gravatar.com\/avatar\/c268f4d483ce0486e5a10fee87bbf756?s=96&d=mm&r=g","contentUrl":"https:\/\/secure.gravatar.com\/avatar\/c268f4d483ce0486e5a10fee87bbf756?s=96&d=mm&r=g","caption":"admin1"},"url":"https:\/\/culturbaine.com\/index.php\/author\/admin1\/"}]}},"_links":{"self":[{"href":"https:\/\/culturbaine.com\/index.php\/wp-json\/wp\/v2\/posts\/1138"}],"collection":[{"href":"https:\/\/culturbaine.com\/index.php\/wp-json\/wp\/v2\/posts"}],"about":[{"href":"https:\/\/culturbaine.com\/index.php\/wp-json\/wp\/v2\/types\/post"}],"author":[{"embeddable":true,"href":"https:\/\/culturbaine.com\/index.php\/wp-json\/wp\/v2\/users\/2"}],"replies":[{"embeddable":true,"href":"https:\/\/culturbaine.com\/index.php\/wp-json\/wp\/v2\/comments?post=1138"}],"version-history":[{"count":0,"href":"https:\/\/culturbaine.com\/index.php\/wp-json\/wp\/v2\/posts\/1138\/revisions"}],"wp:featuredmedia":[{"embeddable":true,"href":"https:\/\/culturbaine.com\/index.php\/wp-json\/wp\/v2\/media\/1140"}],"wp:attachment":[{"href":"https:\/\/culturbaine.com\/index.php\/wp-json\/wp\/v2\/media?parent=1138"}],"wp:term":[{"taxonomy":"category","embeddable":true,"href":"https:\/\/culturbaine.com\/index.php\/wp-json\/wp\/v2\/categories?post=1138"},{"taxonomy":"post_tag","embeddable":true,"href":"https:\/\/culturbaine.com\/index.php\/wp-json\/wp\/v2\/tags?post=1138"}],"curies":[{"name":"wp","href":"https:\/\/api.w.org\/{rel}","templated":true}]}}