{"id":11316,"date":"2025-03-11T22:57:38","date_gmt":"2025-03-11T22:57:38","guid":{"rendered":"https:\/\/culturbaine.com\/?p=11316"},"modified":"2025-03-11T22:57:38","modified_gmt":"2025-03-11T22:57:38","slug":"summum-prod-et-amaza-annoncent-mouctar-tour-2025-une-serie-de-concerts-a-ne-pas-manquer","status":"publish","type":"post","link":"https:\/\/culturbaine.com\/index.php\/2025\/03\/11\/summum-prod-et-amaza-annoncent-mouctar-tour-2025-une-serie-de-concerts-a-ne-pas-manquer\/","title":{"rendered":"Summum Prod et Amaza annoncent \u2018Mouctar Tour 2025\u2019 : une s\u00e9rie de concerts \u00e0 ne pas manquer"},"content":{"rendered":"<p>Apr\u00e8s avoir enflamm\u00e9 le stade Petit Sory de Nongo lors de son concert \u00ab\u00a0<strong>Mouctar<\/strong>\u00ab\u00a0, le chanteur guin\u00e9en <strong>Amaza<\/strong>, connu pour ses m\u00e9lodies qui touchent les c\u0153urs, ne compte pas s\u2019arr\u00eater l\u00e0. \u00c0 l\u2019issue de la f\u00eate de Ramadan, l\u2019artiste entamera une tourn\u00e9e nationale baptis\u00e9e \u00ab\u00a0<strong>Mouctar Tour 2025&Prime;.<\/strong><\/p>\n<p>L\u2019annonce officielle a \u00e9t\u00e9 faite par la structure <strong>Summum Prod<\/strong>, organisatrice du projet, avant d\u2019\u00eatre relay\u00e9e par Amaza lui-m\u00eame sur ses diff\u00e9rentes plateformes de communication.<\/p>\n<p>Cette tourn\u00e9e, qui d\u00e9butera au lendemain de la f\u00eate de Ramadan dans la Ville des Agrumes (Kindia), visitera cinq grandes villes de l\u2019int\u00e9rieur du pays. Elle prendra fin le 3 mai prochain \u00e0 Fria.<\/p>\n<p><img loading=\"lazy\" decoding=\"async\" class=\"aligncenter size-full wp-image-11317\" src=\"https:\/\/culturbaine.com\/wp-content\/uploads\/2025\/03\/IMG-20250311-WA0026.jpg\" alt=\"\" width=\"956\" height=\"1280\" srcset=\"https:\/\/culturbaine.com\/wp-content\/uploads\/2025\/03\/IMG-20250311-WA0026.jpg 956w, https:\/\/culturbaine.com\/wp-content\/uploads\/2025\/03\/IMG-20250311-WA0026-224x300.jpg 224w, https:\/\/culturbaine.com\/wp-content\/uploads\/2025\/03\/IMG-20250311-WA0026-765x1024.jpg 765w, https:\/\/culturbaine.com\/wp-content\/uploads\/2025\/03\/IMG-20250311-WA0026-768x1028.jpg 768w\" sizes=\"(max-width: 956px) 100vw, 956px\" \/><\/p>\n<p>Amateurs de belles sonorit\u00e9s, notez bien ces dates pour venir vibrer au rythme des m\u00e9lodies douces du cr\u00e9ateur du tube \u00ab\u00a0<strong>Le Go\u00fbt est M\u00e9lang\u00e9<\/strong>\u00ab\u00a0.<\/p>\n<p>Save the date !<\/p>\n<p><strong>Mohamed Cinq Sylla<\/strong><\/p>\n","protected":false},"excerpt":{"rendered":"<p>Apr\u00e8s avoir enflamm\u00e9 le stade Petit Sory de Nongo lors de son concert \u00ab\u00a0Mouctar\u00ab\u00a0, le chanteur guin\u00e9en Amaza, connu pour ses m\u00e9lodies qui touchent les c\u0153urs, ne compte pas s\u2019arr\u00eater l\u00e0. \u00c0 l\u2019issue de la f\u00eate de Ramadan, l\u2019artiste entamera une tourn\u00e9e nationale baptis\u00e9e \u00ab\u00a0Mouctar Tour 2025&Prime;. L\u2019annonce officielle a \u00e9t\u00e9 faite par la structure [&hellip;]<\/p>\n","protected":false},"author":2,"featured_media":11318,"comment_status":"closed","ping_status":"closed","sticky":false,"template":"","format":"standard","meta":{"_mi_skip_tracking":false,"_monsterinsights_sitenote_active":false,"_monsterinsights_sitenote_note":"","_monsterinsights_sitenote_category":0,"footnotes":""},"categories":[21,33],"tags":[3734],"class_list":["post-11316","post","type-post","status-publish","format-standard","has-post-thumbnail","hentry","category-actualite","category-agenda","tag-summum-prod-et-amaza-annoncent-mouctar-tour-2025-une-serie-de-concerts-a-ne-pas-manquer"],"yoast_head":"<!-- This site is optimized with the Yoast SEO Premium plugin v20.1 (Yoast SEO v24.0) - https:\/\/yoast.com\/wordpress\/plugins\/seo\/ -->\n<title>Summum Prod et Amaza annoncent \u2018Mouctar Tour 2025\u2019 : une s\u00e9rie de concerts \u00e0 ne pas manquer - Culturbaine<\/title>\n<meta name=\"robots\" content=\"index, follow, max-snippet:-1, max-image-preview:large, max-video-preview:-1\" \/>\n<link rel=\"canonical\" href=\"https:\/\/culturbaine.com\/index.php\/2025\/03\/11\/summum-prod-et-amaza-annoncent-mouctar-tour-2025-une-serie-de-concerts-a-ne-pas-manquer\/\" \/>\n<meta property=\"og:locale\" content=\"fr_FR\" \/>\n<meta property=\"og:type\" content=\"article\" \/>\n<meta property=\"og:title\" content=\"Summum Prod et Amaza annoncent \u2018Mouctar Tour 2025\u2019 : une s\u00e9rie de concerts \u00e0 ne pas manquer\" \/>\n<meta property=\"og:description\" content=\"Apr\u00e8s avoir enflamm\u00e9 le stade Petit Sory de Nongo lors de son concert \u00ab\u00a0Mouctar\u00ab\u00a0, le chanteur guin\u00e9en Amaza, connu pour ses m\u00e9lodies qui touchent les c\u0153urs, ne compte pas s\u2019arr\u00eater l\u00e0. \u00c0 l\u2019issue de la f\u00eate de Ramadan, l\u2019artiste entamera une tourn\u00e9e nationale baptis\u00e9e \u00ab\u00a0Mouctar Tour 2025&Prime;. L\u2019annonce officielle a \u00e9t\u00e9 faite par la structure [&hellip;]\" \/>\n<meta property=\"og:url\" content=\"https:\/\/culturbaine.com\/index.php\/2025\/03\/11\/summum-prod-et-amaza-annoncent-mouctar-tour-2025-une-serie-de-concerts-a-ne-pas-manquer\/\" \/>\n<meta property=\"og:site_name\" content=\"Culturbaine\" \/>\n<meta property=\"article:publisher\" content=\"https:\/\/www.facebook.com\/Culturbaines\" \/>\n<meta property=\"article:published_time\" content=\"2025-03-11T22:57:38+00:00\" \/>\n<meta property=\"og:image\" content=\"https:\/\/culturbaine.com\/wp-content\/uploads\/2025\/03\/17417334195252.jpg\" \/>\n\t<meta property=\"og:image:width\" content=\"715\" \/>\n\t<meta property=\"og:image:height\" content=\"507\" \/>\n\t<meta property=\"og:image:type\" content=\"image\/jpeg\" \/>\n<meta name=\"author\" content=\"admin1\" \/>\n<meta name=\"twitter:card\" content=\"summary_large_image\" \/>\n<meta name=\"twitter:creator\" content=\"@culturbaines\" \/>\n<meta name=\"twitter:site\" content=\"@culturbaines\" \/>\n<meta name=\"twitter:label1\" content=\"\u00c9crit par\" \/>\n\t<meta name=\"twitter:data1\" content=\"admin1\" \/>\n\t<meta name=\"twitter:label2\" content=\"Dur\u00e9e de lecture estim\u00e9e\" \/>\n\t<meta name=\"twitter:data2\" content=\"2 minutes\" \/>\n<script type=\"application\/ld+json\" class=\"yoast-schema-graph\">{\"@context\":\"https:\/\/schema.org\",\"@graph\":[{\"@type\":\"Article\",\"@id\":\"https:\/\/culturbaine.com\/index.php\/2025\/03\/11\/summum-prod-et-amaza-annoncent-mouctar-tour-2025-une-serie-de-concerts-a-ne-pas-manquer\/#article\",\"isPartOf\":{\"@id\":\"https:\/\/culturbaine.com\/index.php\/2025\/03\/11\/summum-prod-et-amaza-annoncent-mouctar-tour-2025-une-serie-de-concerts-a-ne-pas-manquer\/\"},\"author\":{\"name\":\"admin1\",\"@id\":\"https:\/\/culturbaine.com\/#\/schema\/person\/42eb7485c572e0746c1ea6b8216c3814\"},\"headline\":\"Summum Prod et Amaza annoncent \u2018Mouctar Tour 2025\u2019 : une s\u00e9rie de concerts \u00e0 ne pas manquer\",\"datePublished\":\"2025-03-11T22:57:38+00:00\",\"dateModified\":\"2025-03-11T22:57:38+00:00\",\"mainEntityOfPage\":{\"@id\":\"https:\/\/culturbaine.com\/index.php\/2025\/03\/11\/summum-prod-et-amaza-annoncent-mouctar-tour-2025-une-serie-de-concerts-a-ne-pas-manquer\/\"},\"wordCount\":173,\"publisher\":{\"@id\":\"https:\/\/culturbaine.com\/#organization\"},\"image\":{\"@id\":\"https:\/\/culturbaine.com\/index.php\/2025\/03\/11\/summum-prod-et-amaza-annoncent-mouctar-tour-2025-une-serie-de-concerts-a-ne-pas-manquer\/#primaryimage\"},\"thumbnailUrl\":\"https:\/\/culturbaine.com\/wp-content\/uploads\/2025\/03\/17417334195252.jpg\",\"keywords\":[\"Summum Prod et Amaza annoncent \u2018Mouctar Tour 2025\u2019 : une s\u00e9rie de concerts \u00e0 ne pas manquer\"],\"articleSection\":[\"Actualit\u00e9\",\"Agenda\"],\"inLanguage\":\"fr-FR\"},{\"@type\":\"WebPage\",\"@id\":\"https:\/\/culturbaine.com\/index.php\/2025\/03\/11\/summum-prod-et-amaza-annoncent-mouctar-tour-2025-une-serie-de-concerts-a-ne-pas-manquer\/\",\"url\":\"https:\/\/culturbaine.com\/index.php\/2025\/03\/11\/summum-prod-et-amaza-annoncent-mouctar-tour-2025-une-serie-de-concerts-a-ne-pas-manquer\/\",\"name\":\"Summum Prod et Amaza annoncent \u2018Mouctar Tour 2025\u2019 : une s\u00e9rie de concerts \u00e0 ne pas manquer - Culturbaine\",\"isPartOf\":{\"@id\":\"https:\/\/culturbaine.com\/#website\"},\"primaryImageOfPage\":{\"@id\":\"https:\/\/culturbaine.com\/index.php\/2025\/03\/11\/summum-prod-et-amaza-annoncent-mouctar-tour-2025-une-serie-de-concerts-a-ne-pas-manquer\/#primaryimage\"},\"image\":{\"@id\":\"https:\/\/culturbaine.com\/index.php\/2025\/03\/11\/summum-prod-et-amaza-annoncent-mouctar-tour-2025-une-serie-de-concerts-a-ne-pas-manquer\/#primaryimage\"},\"thumbnailUrl\":\"https:\/\/culturbaine.com\/wp-content\/uploads\/2025\/03\/17417334195252.jpg\",\"datePublished\":\"2025-03-11T22:57:38+00:00\",\"dateModified\":\"2025-03-11T22:57:38+00:00\",\"breadcrumb\":{\"@id\":\"https:\/\/culturbaine.com\/index.php\/2025\/03\/11\/summum-prod-et-amaza-annoncent-mouctar-tour-2025-une-serie-de-concerts-a-ne-pas-manquer\/#breadcrumb\"},\"inLanguage\":\"fr-FR\",\"potentialAction\":[{\"@type\":\"ReadAction\",\"target\":[\"https:\/\/culturbaine.com\/index.php\/2025\/03\/11\/summum-prod-et-amaza-annoncent-mouctar-tour-2025-une-serie-de-concerts-a-ne-pas-manquer\/\"]}]},{\"@type\":\"ImageObject\",\"inLanguage\":\"fr-FR\",\"@id\":\"https:\/\/culturbaine.com\/index.php\/2025\/03\/11\/summum-prod-et-amaza-annoncent-mouctar-tour-2025-une-serie-de-concerts-a-ne-pas-manquer\/#primaryimage\",\"url\":\"https:\/\/culturbaine.com\/wp-content\/uploads\/2025\/03\/17417334195252.jpg\",\"contentUrl\":\"https:\/\/culturbaine.com\/wp-content\/uploads\/2025\/03\/17417334195252.jpg\",\"width\":715,\"height\":507},{\"@type\":\"BreadcrumbList\",\"@id\":\"https:\/\/culturbaine.com\/index.php\/2025\/03\/11\/summum-prod-et-amaza-annoncent-mouctar-tour-2025-une-serie-de-concerts-a-ne-pas-manquer\/#breadcrumb\",\"itemListElement\":[{\"@type\":\"ListItem\",\"position\":1,\"name\":\"Home\",\"item\":\"https:\/\/culturbaine.com\/\"},{\"@type\":\"ListItem\",\"position\":2,\"name\":\"Summum Prod et Amaza annoncent \u2018Mouctar Tour 2025\u2019 : une s\u00e9rie de concerts \u00e0 ne pas manquer\"}]},{\"@type\":\"WebSite\",\"@id\":\"https:\/\/culturbaine.com\/#website\",\"url\":\"https:\/\/culturbaine.com\/\",\"name\":\"Culturbaine.com\",\"description\":\"Toute l&#039;actualit\u00e9 des Cultures Urbaines, en un clic  !\",\"publisher\":{\"@id\":\"https:\/\/culturbaine.com\/#organization\"},\"potentialAction\":[{\"@type\":\"SearchAction\",\"target\":{\"@type\":\"EntryPoint\",\"urlTemplate\":\"https:\/\/culturbaine.com\/?s={search_term_string}\"},\"query-input\":{\"@type\":\"PropertyValueSpecification\",\"valueRequired\":true,\"valueName\":\"search_term_string\"}}],\"inLanguage\":\"fr-FR\"},{\"@type\":\"Organization\",\"@id\":\"https:\/\/culturbaine.com\/#organization\",\"name\":\"Culturbaine.com\",\"url\":\"https:\/\/culturbaine.com\/\",\"logo\":{\"@type\":\"ImageObject\",\"inLanguage\":\"fr-FR\",\"@id\":\"https:\/\/culturbaine.com\/#\/schema\/logo\/image\/\",\"url\":\"https:\/\/culturbaine.com\/wp-content\/uploads\/2023\/07\/WhatsApp-Image-2023-07-17-at-14.38.18.jpeg\",\"contentUrl\":\"https:\/\/culturbaine.com\/wp-content\/uploads\/2023\/07\/WhatsApp-Image-2023-07-17-at-14.38.18.jpeg\",\"width\":855,\"height\":270,\"caption\":\"Culturbaine.com\"},\"image\":{\"@id\":\"https:\/\/culturbaine.com\/#\/schema\/logo\/image\/\"},\"sameAs\":[\"https:\/\/www.facebook.com\/Culturbaines\",\"https:\/\/x.com\/culturbaines\"]},{\"@type\":\"Person\",\"@id\":\"https:\/\/culturbaine.com\/#\/schema\/person\/42eb7485c572e0746c1ea6b8216c3814\",\"name\":\"admin1\",\"image\":{\"@type\":\"ImageObject\",\"inLanguage\":\"fr-FR\",\"@id\":\"https:\/\/culturbaine.com\/#\/schema\/person\/image\/\",\"url\":\"https:\/\/secure.gravatar.com\/avatar\/c268f4d483ce0486e5a10fee87bbf756?s=96&d=mm&r=g\",\"contentUrl\":\"https:\/\/secure.gravatar.com\/avatar\/c268f4d483ce0486e5a10fee87bbf756?s=96&d=mm&r=g\",\"caption\":\"admin1\"},\"url\":\"https:\/\/culturbaine.com\/index.php\/author\/admin1\/\"}]}<\/script>\n<!-- \/ Yoast SEO Premium plugin. -->","yoast_head_json":{"title":"Summum Prod et Amaza annoncent \u2018Mouctar Tour 2025\u2019 : une s\u00e9rie de concerts \u00e0 ne pas manquer - Culturbaine","robots":{"index":"index","follow":"follow","max-snippet":"max-snippet:-1","max-image-preview":"max-image-preview:large","max-video-preview":"max-video-preview:-1"},"canonical":"https:\/\/culturbaine.com\/index.php\/2025\/03\/11\/summum-prod-et-amaza-annoncent-mouctar-tour-2025-une-serie-de-concerts-a-ne-pas-manquer\/","og_locale":"fr_FR","og_type":"article","og_title":"Summum Prod et Amaza annoncent \u2018Mouctar Tour 2025\u2019 : une s\u00e9rie de concerts \u00e0 ne pas manquer","og_description":"Apr\u00e8s avoir enflamm\u00e9 le stade Petit Sory de Nongo lors de son concert \u00ab\u00a0Mouctar\u00ab\u00a0, le chanteur guin\u00e9en Amaza, connu pour ses m\u00e9lodies qui touchent les c\u0153urs, ne compte pas s\u2019arr\u00eater l\u00e0. \u00c0 l\u2019issue de la f\u00eate de Ramadan, l\u2019artiste entamera une tourn\u00e9e nationale baptis\u00e9e \u00ab\u00a0Mouctar Tour 2025&Prime;. L\u2019annonce officielle a \u00e9t\u00e9 faite par la structure [&hellip;]","og_url":"https:\/\/culturbaine.com\/index.php\/2025\/03\/11\/summum-prod-et-amaza-annoncent-mouctar-tour-2025-une-serie-de-concerts-a-ne-pas-manquer\/","og_site_name":"Culturbaine","article_publisher":"https:\/\/www.facebook.com\/Culturbaines","article_published_time":"2025-03-11T22:57:38+00:00","og_image":[{"width":715,"height":507,"url":"https:\/\/culturbaine.com\/wp-content\/uploads\/2025\/03\/17417334195252.jpg","type":"image\/jpeg"}],"author":"admin1","twitter_card":"summary_large_image","twitter_creator":"@culturbaines","twitter_site":"@culturbaines","twitter_misc":{"\u00c9crit par":"admin1","Dur\u00e9e de lecture estim\u00e9e":"2 minutes"},"schema":{"@context":"https:\/\/schema.org","@graph":[{"@type":"Article","@id":"https:\/\/culturbaine.com\/index.php\/2025\/03\/11\/summum-prod-et-amaza-annoncent-mouctar-tour-2025-une-serie-de-concerts-a-ne-pas-manquer\/#article","isPartOf":{"@id":"https:\/\/culturbaine.com\/index.php\/2025\/03\/11\/summum-prod-et-amaza-annoncent-mouctar-tour-2025-une-serie-de-concerts-a-ne-pas-manquer\/"},"author":{"name":"admin1","@id":"https:\/\/culturbaine.com\/#\/schema\/person\/42eb7485c572e0746c1ea6b8216c3814"},"headline":"Summum Prod et Amaza annoncent \u2018Mouctar Tour 2025\u2019 : une s\u00e9rie de concerts \u00e0 ne pas manquer","datePublished":"2025-03-11T22:57:38+00:00","dateModified":"2025-03-11T22:57:38+00:00","mainEntityOfPage":{"@id":"https:\/\/culturbaine.com\/index.php\/2025\/03\/11\/summum-prod-et-amaza-annoncent-mouctar-tour-2025-une-serie-de-concerts-a-ne-pas-manquer\/"},"wordCount":173,"publisher":{"@id":"https:\/\/culturbaine.com\/#organization"},"image":{"@id":"https:\/\/culturbaine.com\/index.php\/2025\/03\/11\/summum-prod-et-amaza-annoncent-mouctar-tour-2025-une-serie-de-concerts-a-ne-pas-manquer\/#primaryimage"},"thumbnailUrl":"https:\/\/culturbaine.com\/wp-content\/uploads\/2025\/03\/17417334195252.jpg","keywords":["Summum Prod et Amaza annoncent \u2018Mouctar Tour 2025\u2019 : une s\u00e9rie de concerts \u00e0 ne pas manquer"],"articleSection":["Actualit\u00e9","Agenda"],"inLanguage":"fr-FR"},{"@type":"WebPage","@id":"https:\/\/culturbaine.com\/index.php\/2025\/03\/11\/summum-prod-et-amaza-annoncent-mouctar-tour-2025-une-serie-de-concerts-a-ne-pas-manquer\/","url":"https:\/\/culturbaine.com\/index.php\/2025\/03\/11\/summum-prod-et-amaza-annoncent-mouctar-tour-2025-une-serie-de-concerts-a-ne-pas-manquer\/","name":"Summum Prod et Amaza annoncent \u2018Mouctar Tour 2025\u2019 : une s\u00e9rie de concerts \u00e0 ne pas manquer - Culturbaine","isPartOf":{"@id":"https:\/\/culturbaine.com\/#website"},"primaryImageOfPage":{"@id":"https:\/\/culturbaine.com\/index.php\/2025\/03\/11\/summum-prod-et-amaza-annoncent-mouctar-tour-2025-une-serie-de-concerts-a-ne-pas-manquer\/#primaryimage"},"image":{"@id":"https:\/\/culturbaine.com\/index.php\/2025\/03\/11\/summum-prod-et-amaza-annoncent-mouctar-tour-2025-une-serie-de-concerts-a-ne-pas-manquer\/#primaryimage"},"thumbnailUrl":"https:\/\/culturbaine.com\/wp-content\/uploads\/2025\/03\/17417334195252.jpg","datePublished":"2025-03-11T22:57:38+00:00","dateModified":"2025-03-11T22:57:38+00:00","breadcrumb":{"@id":"https:\/\/culturbaine.com\/index.php\/2025\/03\/11\/summum-prod-et-amaza-annoncent-mouctar-tour-2025-une-serie-de-concerts-a-ne-pas-manquer\/#breadcrumb"},"inLanguage":"fr-FR","potentialAction":[{"@type":"ReadAction","target":["https:\/\/culturbaine.com\/index.php\/2025\/03\/11\/summum-prod-et-amaza-annoncent-mouctar-tour-2025-une-serie-de-concerts-a-ne-pas-manquer\/"]}]},{"@type":"ImageObject","inLanguage":"fr-FR","@id":"https:\/\/culturbaine.com\/index.php\/2025\/03\/11\/summum-prod-et-amaza-annoncent-mouctar-tour-2025-une-serie-de-concerts-a-ne-pas-manquer\/#primaryimage","url":"https:\/\/culturbaine.com\/wp-content\/uploads\/2025\/03\/17417334195252.jpg","contentUrl":"https:\/\/culturbaine.com\/wp-content\/uploads\/2025\/03\/17417334195252.jpg","width":715,"height":507},{"@type":"BreadcrumbList","@id":"https:\/\/culturbaine.com\/index.php\/2025\/03\/11\/summum-prod-et-amaza-annoncent-mouctar-tour-2025-une-serie-de-concerts-a-ne-pas-manquer\/#breadcrumb","itemListElement":[{"@type":"ListItem","position":1,"name":"Home","item":"https:\/\/culturbaine.com\/"},{"@type":"ListItem","position":2,"name":"Summum Prod et Amaza annoncent \u2018Mouctar Tour 2025\u2019 : une s\u00e9rie de concerts \u00e0 ne pas manquer"}]},{"@type":"WebSite","@id":"https:\/\/culturbaine.com\/#website","url":"https:\/\/culturbaine.com\/","name":"Culturbaine.com","description":"Toute l&#039;actualit\u00e9 des Cultures Urbaines, en un clic  !","publisher":{"@id":"https:\/\/culturbaine.com\/#organization"},"potentialAction":[{"@type":"SearchAction","target":{"@type":"EntryPoint","urlTemplate":"https:\/\/culturbaine.com\/?s={search_term_string}"},"query-input":{"@type":"PropertyValueSpecification","valueRequired":true,"valueName":"search_term_string"}}],"inLanguage":"fr-FR"},{"@type":"Organization","@id":"https:\/\/culturbaine.com\/#organization","name":"Culturbaine.com","url":"https:\/\/culturbaine.com\/","logo":{"@type":"ImageObject","inLanguage":"fr-FR","@id":"https:\/\/culturbaine.com\/#\/schema\/logo\/image\/","url":"https:\/\/culturbaine.com\/wp-content\/uploads\/2023\/07\/WhatsApp-Image-2023-07-17-at-14.38.18.jpeg","contentUrl":"https:\/\/culturbaine.com\/wp-content\/uploads\/2023\/07\/WhatsApp-Image-2023-07-17-at-14.38.18.jpeg","width":855,"height":270,"caption":"Culturbaine.com"},"image":{"@id":"https:\/\/culturbaine.com\/#\/schema\/logo\/image\/"},"sameAs":["https:\/\/www.facebook.com\/Culturbaines","https:\/\/x.com\/culturbaines"]},{"@type":"Person","@id":"https:\/\/culturbaine.com\/#\/schema\/person\/42eb7485c572e0746c1ea6b8216c3814","name":"admin1","image":{"@type":"ImageObject","inLanguage":"fr-FR","@id":"https:\/\/culturbaine.com\/#\/schema\/person\/image\/","url":"https:\/\/secure.gravatar.com\/avatar\/c268f4d483ce0486e5a10fee87bbf756?s=96&d=mm&r=g","contentUrl":"https:\/\/secure.gravatar.com\/avatar\/c268f4d483ce0486e5a10fee87bbf756?s=96&d=mm&r=g","caption":"admin1"},"url":"https:\/\/culturbaine.com\/index.php\/author\/admin1\/"}]}},"_links":{"self":[{"href":"https:\/\/culturbaine.com\/index.php\/wp-json\/wp\/v2\/posts\/11316"}],"collection":[{"href":"https:\/\/culturbaine.com\/index.php\/wp-json\/wp\/v2\/posts"}],"about":[{"href":"https:\/\/culturbaine.com\/index.php\/wp-json\/wp\/v2\/types\/post"}],"author":[{"embeddable":true,"href":"https:\/\/culturbaine.com\/index.php\/wp-json\/wp\/v2\/users\/2"}],"replies":[{"embeddable":true,"href":"https:\/\/culturbaine.com\/index.php\/wp-json\/wp\/v2\/comments?post=11316"}],"version-history":[{"count":0,"href":"https:\/\/culturbaine.com\/index.php\/wp-json\/wp\/v2\/posts\/11316\/revisions"}],"wp:featuredmedia":[{"embeddable":true,"href":"https:\/\/culturbaine.com\/index.php\/wp-json\/wp\/v2\/media\/11318"}],"wp:attachment":[{"href":"https:\/\/culturbaine.com\/index.php\/wp-json\/wp\/v2\/media?parent=11316"}],"wp:term":[{"taxonomy":"category","embeddable":true,"href":"https:\/\/culturbaine.com\/index.php\/wp-json\/wp\/v2\/categories?post=11316"},{"taxonomy":"post_tag","embeddable":true,"href":"https:\/\/culturbaine.com\/index.php\/wp-json\/wp\/v2\/tags?post=11316"}],"curies":[{"name":"wp","href":"https:\/\/api.w.org\/{rel}","templated":true}]}}