{"id":11304,"date":"2025-03-09T20:29:44","date_gmt":"2025-03-09T20:29:44","guid":{"rendered":"https:\/\/culturbaine.com\/?p=11304"},"modified":"2025-03-09T20:29:44","modified_gmt":"2025-03-09T20:29:44","slug":"rap-guineen-vers-un-album-collaboratif-straiker-se-dit-partant","status":"publish","type":"post","link":"https:\/\/culturbaine.com\/index.php\/2025\/03\/09\/rap-guineen-vers-un-album-collaboratif-straiker-se-dit-partant\/","title":{"rendered":"Rap guin\u00e9en : Vers un album collaboratif ? Straiker se dit partant"},"content":{"rendered":"<p>Alors que les collaborations entre rappeurs se multiplient ailleurs, le concept d\u2019un <strong>album commun<\/strong> tarde encore \u00e0 s\u2019imposer dans le rap guin\u00e9en. Interrog\u00e9 sur cette possibilit\u00e9, <strong>Straiker<\/strong>, l\u2019un des visages embl\u00e9matiques du mouvement, s\u2019est exprim\u00e9 \u00e0 ce sujet lors d\u2019une r\u00e9cente tourn\u00e9e chez ses partenaires.<\/p>\n<p>\u00c0 la question de savoir s\u2019il envisage un projet en commun avec un autre artiste guin\u00e9en, l\u2019Almamy du Rap n\u2019a pas ferm\u00e9 la porte. \u00ab <strong>Tant qu\u2019il y a un bon feeling et que l\u2019\u00e9nergie se connecte, pourquoi pas<\/strong> \u00bb, a-t-il d\u00e9clar\u00e9. Lorsqu\u2019on lui a demand\u00e9 s\u2019il avait d\u00e9j\u00e0 un artiste en t\u00eate, il a simplement r\u00e9pondu : \u00ab <strong>Avec n\u2019importe qui \u00bb.<\/strong><\/p>\n<p>Pour rappel, Straiker est l\u2019auteur de l\u2019album <strong>Poullosophie Vol.1<\/strong> et s\u2019appr\u00eate \u00e0 relever un grand d\u00e9fi : remplir le stade G\u00e9n\u00e9ral Lansana Cont\u00e9 le 03 mai prochain lors d\u2019un concert qui s\u2019annonce grandiose.<\/p>\n<p><strong>Mohamed Cinq Sylla\u00a0<\/strong><\/p>\n","protected":false},"excerpt":{"rendered":"<p>Alors que les collaborations entre rappeurs se multiplient ailleurs, le concept d\u2019un album commun tarde encore \u00e0 s\u2019imposer dans le rap guin\u00e9en. Interrog\u00e9 sur cette possibilit\u00e9, Straiker, l\u2019un des visages embl\u00e9matiques du mouvement, s\u2019est exprim\u00e9 \u00e0 ce sujet lors d\u2019une r\u00e9cente tourn\u00e9e chez ses partenaires. \u00c0 la question de savoir s\u2019il envisage un projet en [&hellip;]<\/p>\n","protected":false},"author":2,"featured_media":11305,"comment_status":"closed","ping_status":"closed","sticky":false,"template":"","format":"standard","meta":{"_mi_skip_tracking":false,"_monsterinsights_sitenote_active":false,"_monsterinsights_sitenote_note":"","_monsterinsights_sitenote_category":0,"footnotes":""},"categories":[21,512],"tags":[3729],"class_list":["post-11304","post","type-post","status-publish","format-standard","has-post-thumbnail","hentry","category-actualite","category-rap","tag-rap-guineen-vers-un-album-collaboratif-straiker-se-dit-partant"],"yoast_head":"<!-- This site is optimized with the Yoast SEO Premium plugin v20.1 (Yoast SEO v24.0) - https:\/\/yoast.com\/wordpress\/plugins\/seo\/ -->\n<title>Rap guin\u00e9en : Vers un album collaboratif ? Straiker se dit partant - Culturbaine<\/title>\n<meta name=\"robots\" content=\"index, follow, max-snippet:-1, max-image-preview:large, max-video-preview:-1\" \/>\n<link rel=\"canonical\" href=\"https:\/\/culturbaine.com\/index.php\/2025\/03\/09\/rap-guineen-vers-un-album-collaboratif-straiker-se-dit-partant\/\" \/>\n<meta property=\"og:locale\" content=\"fr_FR\" \/>\n<meta property=\"og:type\" content=\"article\" \/>\n<meta property=\"og:title\" content=\"Rap guin\u00e9en : Vers un album collaboratif ? Straiker se dit partant\" \/>\n<meta property=\"og:description\" content=\"Alors que les collaborations entre rappeurs se multiplient ailleurs, le concept d\u2019un album commun tarde encore \u00e0 s\u2019imposer dans le rap guin\u00e9en. Interrog\u00e9 sur cette possibilit\u00e9, Straiker, l\u2019un des visages embl\u00e9matiques du mouvement, s\u2019est exprim\u00e9 \u00e0 ce sujet lors d\u2019une r\u00e9cente tourn\u00e9e chez ses partenaires. \u00c0 la question de savoir s\u2019il envisage un projet en [&hellip;]\" \/>\n<meta property=\"og:url\" content=\"https:\/\/culturbaine.com\/index.php\/2025\/03\/09\/rap-guineen-vers-un-album-collaboratif-straiker-se-dit-partant\/\" \/>\n<meta property=\"og:site_name\" content=\"Culturbaine\" \/>\n<meta property=\"article:publisher\" content=\"https:\/\/www.facebook.com\/Culturbaines\" \/>\n<meta property=\"article:published_time\" content=\"2025-03-09T20:29:44+00:00\" \/>\n<meta property=\"og:image\" content=\"https:\/\/culturbaine.com\/wp-content\/uploads\/2025\/03\/17415510188902.jpg\" \/>\n\t<meta property=\"og:image:width\" content=\"715\" \/>\n\t<meta property=\"og:image:height\" content=\"508\" \/>\n\t<meta property=\"og:image:type\" content=\"image\/jpeg\" \/>\n<meta name=\"author\" content=\"admin1\" \/>\n<meta name=\"twitter:card\" content=\"summary_large_image\" \/>\n<meta name=\"twitter:creator\" content=\"@culturbaines\" \/>\n<meta name=\"twitter:site\" content=\"@culturbaines\" \/>\n<meta name=\"twitter:label1\" content=\"\u00c9crit par\" \/>\n\t<meta name=\"twitter:data1\" content=\"admin1\" \/>\n\t<meta name=\"twitter:label2\" content=\"Dur\u00e9e de lecture estim\u00e9e\" \/>\n\t<meta name=\"twitter:data2\" content=\"1 minute\" \/>\n<script type=\"application\/ld+json\" class=\"yoast-schema-graph\">{\"@context\":\"https:\/\/schema.org\",\"@graph\":[{\"@type\":\"Article\",\"@id\":\"https:\/\/culturbaine.com\/index.php\/2025\/03\/09\/rap-guineen-vers-un-album-collaboratif-straiker-se-dit-partant\/#article\",\"isPartOf\":{\"@id\":\"https:\/\/culturbaine.com\/index.php\/2025\/03\/09\/rap-guineen-vers-un-album-collaboratif-straiker-se-dit-partant\/\"},\"author\":{\"name\":\"admin1\",\"@id\":\"https:\/\/culturbaine.com\/#\/schema\/person\/42eb7485c572e0746c1ea6b8216c3814\"},\"headline\":\"Rap guin\u00e9en : Vers un album collaboratif ? Straiker se dit partant\",\"datePublished\":\"2025-03-09T20:29:44+00:00\",\"dateModified\":\"2025-03-09T20:29:44+00:00\",\"mainEntityOfPage\":{\"@id\":\"https:\/\/culturbaine.com\/index.php\/2025\/03\/09\/rap-guineen-vers-un-album-collaboratif-straiker-se-dit-partant\/\"},\"wordCount\":175,\"publisher\":{\"@id\":\"https:\/\/culturbaine.com\/#organization\"},\"image\":{\"@id\":\"https:\/\/culturbaine.com\/index.php\/2025\/03\/09\/rap-guineen-vers-un-album-collaboratif-straiker-se-dit-partant\/#primaryimage\"},\"thumbnailUrl\":\"https:\/\/culturbaine.com\/wp-content\/uploads\/2025\/03\/17415510188902.jpg\",\"keywords\":[\"Rap guin\u00e9en : Vers un album collaboratif ? Straiker se dit partant\"],\"articleSection\":[\"Actualit\u00e9\",\"Rap\"],\"inLanguage\":\"fr-FR\"},{\"@type\":\"WebPage\",\"@id\":\"https:\/\/culturbaine.com\/index.php\/2025\/03\/09\/rap-guineen-vers-un-album-collaboratif-straiker-se-dit-partant\/\",\"url\":\"https:\/\/culturbaine.com\/index.php\/2025\/03\/09\/rap-guineen-vers-un-album-collaboratif-straiker-se-dit-partant\/\",\"name\":\"Rap guin\u00e9en : Vers un album collaboratif ? Straiker se dit partant - Culturbaine\",\"isPartOf\":{\"@id\":\"https:\/\/culturbaine.com\/#website\"},\"primaryImageOfPage\":{\"@id\":\"https:\/\/culturbaine.com\/index.php\/2025\/03\/09\/rap-guineen-vers-un-album-collaboratif-straiker-se-dit-partant\/#primaryimage\"},\"image\":{\"@id\":\"https:\/\/culturbaine.com\/index.php\/2025\/03\/09\/rap-guineen-vers-un-album-collaboratif-straiker-se-dit-partant\/#primaryimage\"},\"thumbnailUrl\":\"https:\/\/culturbaine.com\/wp-content\/uploads\/2025\/03\/17415510188902.jpg\",\"datePublished\":\"2025-03-09T20:29:44+00:00\",\"dateModified\":\"2025-03-09T20:29:44+00:00\",\"breadcrumb\":{\"@id\":\"https:\/\/culturbaine.com\/index.php\/2025\/03\/09\/rap-guineen-vers-un-album-collaboratif-straiker-se-dit-partant\/#breadcrumb\"},\"inLanguage\":\"fr-FR\",\"potentialAction\":[{\"@type\":\"ReadAction\",\"target\":[\"https:\/\/culturbaine.com\/index.php\/2025\/03\/09\/rap-guineen-vers-un-album-collaboratif-straiker-se-dit-partant\/\"]}]},{\"@type\":\"ImageObject\",\"inLanguage\":\"fr-FR\",\"@id\":\"https:\/\/culturbaine.com\/index.php\/2025\/03\/09\/rap-guineen-vers-un-album-collaboratif-straiker-se-dit-partant\/#primaryimage\",\"url\":\"https:\/\/culturbaine.com\/wp-content\/uploads\/2025\/03\/17415510188902.jpg\",\"contentUrl\":\"https:\/\/culturbaine.com\/wp-content\/uploads\/2025\/03\/17415510188902.jpg\",\"width\":715,\"height\":508},{\"@type\":\"BreadcrumbList\",\"@id\":\"https:\/\/culturbaine.com\/index.php\/2025\/03\/09\/rap-guineen-vers-un-album-collaboratif-straiker-se-dit-partant\/#breadcrumb\",\"itemListElement\":[{\"@type\":\"ListItem\",\"position\":1,\"name\":\"Home\",\"item\":\"https:\/\/culturbaine.com\/\"},{\"@type\":\"ListItem\",\"position\":2,\"name\":\"Rap guin\u00e9en : Vers un album collaboratif ? Straiker se dit partant\"}]},{\"@type\":\"WebSite\",\"@id\":\"https:\/\/culturbaine.com\/#website\",\"url\":\"https:\/\/culturbaine.com\/\",\"name\":\"Culturbaine.com\",\"description\":\"Toute l&#039;actualit\u00e9 des Cultures Urbaines, en un clic  !\",\"publisher\":{\"@id\":\"https:\/\/culturbaine.com\/#organization\"},\"potentialAction\":[{\"@type\":\"SearchAction\",\"target\":{\"@type\":\"EntryPoint\",\"urlTemplate\":\"https:\/\/culturbaine.com\/?s={search_term_string}\"},\"query-input\":{\"@type\":\"PropertyValueSpecification\",\"valueRequired\":true,\"valueName\":\"search_term_string\"}}],\"inLanguage\":\"fr-FR\"},{\"@type\":\"Organization\",\"@id\":\"https:\/\/culturbaine.com\/#organization\",\"name\":\"Culturbaine.com\",\"url\":\"https:\/\/culturbaine.com\/\",\"logo\":{\"@type\":\"ImageObject\",\"inLanguage\":\"fr-FR\",\"@id\":\"https:\/\/culturbaine.com\/#\/schema\/logo\/image\/\",\"url\":\"https:\/\/culturbaine.com\/wp-content\/uploads\/2023\/07\/WhatsApp-Image-2023-07-17-at-14.38.18.jpeg\",\"contentUrl\":\"https:\/\/culturbaine.com\/wp-content\/uploads\/2023\/07\/WhatsApp-Image-2023-07-17-at-14.38.18.jpeg\",\"width\":855,\"height\":270,\"caption\":\"Culturbaine.com\"},\"image\":{\"@id\":\"https:\/\/culturbaine.com\/#\/schema\/logo\/image\/\"},\"sameAs\":[\"https:\/\/www.facebook.com\/Culturbaines\",\"https:\/\/x.com\/culturbaines\"]},{\"@type\":\"Person\",\"@id\":\"https:\/\/culturbaine.com\/#\/schema\/person\/42eb7485c572e0746c1ea6b8216c3814\",\"name\":\"admin1\",\"image\":{\"@type\":\"ImageObject\",\"inLanguage\":\"fr-FR\",\"@id\":\"https:\/\/culturbaine.com\/#\/schema\/person\/image\/\",\"url\":\"https:\/\/secure.gravatar.com\/avatar\/c268f4d483ce0486e5a10fee87bbf756?s=96&d=mm&r=g\",\"contentUrl\":\"https:\/\/secure.gravatar.com\/avatar\/c268f4d483ce0486e5a10fee87bbf756?s=96&d=mm&r=g\",\"caption\":\"admin1\"},\"url\":\"https:\/\/culturbaine.com\/index.php\/author\/admin1\/\"}]}<\/script>\n<!-- \/ Yoast SEO Premium plugin. -->","yoast_head_json":{"title":"Rap guin\u00e9en : Vers un album collaboratif ? Straiker se dit partant - Culturbaine","robots":{"index":"index","follow":"follow","max-snippet":"max-snippet:-1","max-image-preview":"max-image-preview:large","max-video-preview":"max-video-preview:-1"},"canonical":"https:\/\/culturbaine.com\/index.php\/2025\/03\/09\/rap-guineen-vers-un-album-collaboratif-straiker-se-dit-partant\/","og_locale":"fr_FR","og_type":"article","og_title":"Rap guin\u00e9en : Vers un album collaboratif ? Straiker se dit partant","og_description":"Alors que les collaborations entre rappeurs se multiplient ailleurs, le concept d\u2019un album commun tarde encore \u00e0 s\u2019imposer dans le rap guin\u00e9en. Interrog\u00e9 sur cette possibilit\u00e9, Straiker, l\u2019un des visages embl\u00e9matiques du mouvement, s\u2019est exprim\u00e9 \u00e0 ce sujet lors d\u2019une r\u00e9cente tourn\u00e9e chez ses partenaires. \u00c0 la question de savoir s\u2019il envisage un projet en [&hellip;]","og_url":"https:\/\/culturbaine.com\/index.php\/2025\/03\/09\/rap-guineen-vers-un-album-collaboratif-straiker-se-dit-partant\/","og_site_name":"Culturbaine","article_publisher":"https:\/\/www.facebook.com\/Culturbaines","article_published_time":"2025-03-09T20:29:44+00:00","og_image":[{"width":715,"height":508,"url":"https:\/\/culturbaine.com\/wp-content\/uploads\/2025\/03\/17415510188902.jpg","type":"image\/jpeg"}],"author":"admin1","twitter_card":"summary_large_image","twitter_creator":"@culturbaines","twitter_site":"@culturbaines","twitter_misc":{"\u00c9crit par":"admin1","Dur\u00e9e de lecture estim\u00e9e":"1 minute"},"schema":{"@context":"https:\/\/schema.org","@graph":[{"@type":"Article","@id":"https:\/\/culturbaine.com\/index.php\/2025\/03\/09\/rap-guineen-vers-un-album-collaboratif-straiker-se-dit-partant\/#article","isPartOf":{"@id":"https:\/\/culturbaine.com\/index.php\/2025\/03\/09\/rap-guineen-vers-un-album-collaboratif-straiker-se-dit-partant\/"},"author":{"name":"admin1","@id":"https:\/\/culturbaine.com\/#\/schema\/person\/42eb7485c572e0746c1ea6b8216c3814"},"headline":"Rap guin\u00e9en : Vers un album collaboratif ? Straiker se dit partant","datePublished":"2025-03-09T20:29:44+00:00","dateModified":"2025-03-09T20:29:44+00:00","mainEntityOfPage":{"@id":"https:\/\/culturbaine.com\/index.php\/2025\/03\/09\/rap-guineen-vers-un-album-collaboratif-straiker-se-dit-partant\/"},"wordCount":175,"publisher":{"@id":"https:\/\/culturbaine.com\/#organization"},"image":{"@id":"https:\/\/culturbaine.com\/index.php\/2025\/03\/09\/rap-guineen-vers-un-album-collaboratif-straiker-se-dit-partant\/#primaryimage"},"thumbnailUrl":"https:\/\/culturbaine.com\/wp-content\/uploads\/2025\/03\/17415510188902.jpg","keywords":["Rap guin\u00e9en : Vers un album collaboratif ? Straiker se dit partant"],"articleSection":["Actualit\u00e9","Rap"],"inLanguage":"fr-FR"},{"@type":"WebPage","@id":"https:\/\/culturbaine.com\/index.php\/2025\/03\/09\/rap-guineen-vers-un-album-collaboratif-straiker-se-dit-partant\/","url":"https:\/\/culturbaine.com\/index.php\/2025\/03\/09\/rap-guineen-vers-un-album-collaboratif-straiker-se-dit-partant\/","name":"Rap guin\u00e9en : Vers un album collaboratif ? Straiker se dit partant - Culturbaine","isPartOf":{"@id":"https:\/\/culturbaine.com\/#website"},"primaryImageOfPage":{"@id":"https:\/\/culturbaine.com\/index.php\/2025\/03\/09\/rap-guineen-vers-un-album-collaboratif-straiker-se-dit-partant\/#primaryimage"},"image":{"@id":"https:\/\/culturbaine.com\/index.php\/2025\/03\/09\/rap-guineen-vers-un-album-collaboratif-straiker-se-dit-partant\/#primaryimage"},"thumbnailUrl":"https:\/\/culturbaine.com\/wp-content\/uploads\/2025\/03\/17415510188902.jpg","datePublished":"2025-03-09T20:29:44+00:00","dateModified":"2025-03-09T20:29:44+00:00","breadcrumb":{"@id":"https:\/\/culturbaine.com\/index.php\/2025\/03\/09\/rap-guineen-vers-un-album-collaboratif-straiker-se-dit-partant\/#breadcrumb"},"inLanguage":"fr-FR","potentialAction":[{"@type":"ReadAction","target":["https:\/\/culturbaine.com\/index.php\/2025\/03\/09\/rap-guineen-vers-un-album-collaboratif-straiker-se-dit-partant\/"]}]},{"@type":"ImageObject","inLanguage":"fr-FR","@id":"https:\/\/culturbaine.com\/index.php\/2025\/03\/09\/rap-guineen-vers-un-album-collaboratif-straiker-se-dit-partant\/#primaryimage","url":"https:\/\/culturbaine.com\/wp-content\/uploads\/2025\/03\/17415510188902.jpg","contentUrl":"https:\/\/culturbaine.com\/wp-content\/uploads\/2025\/03\/17415510188902.jpg","width":715,"height":508},{"@type":"BreadcrumbList","@id":"https:\/\/culturbaine.com\/index.php\/2025\/03\/09\/rap-guineen-vers-un-album-collaboratif-straiker-se-dit-partant\/#breadcrumb","itemListElement":[{"@type":"ListItem","position":1,"name":"Home","item":"https:\/\/culturbaine.com\/"},{"@type":"ListItem","position":2,"name":"Rap guin\u00e9en : Vers un album collaboratif ? Straiker se dit partant"}]},{"@type":"WebSite","@id":"https:\/\/culturbaine.com\/#website","url":"https:\/\/culturbaine.com\/","name":"Culturbaine.com","description":"Toute l&#039;actualit\u00e9 des Cultures Urbaines, en un clic  !","publisher":{"@id":"https:\/\/culturbaine.com\/#organization"},"potentialAction":[{"@type":"SearchAction","target":{"@type":"EntryPoint","urlTemplate":"https:\/\/culturbaine.com\/?s={search_term_string}"},"query-input":{"@type":"PropertyValueSpecification","valueRequired":true,"valueName":"search_term_string"}}],"inLanguage":"fr-FR"},{"@type":"Organization","@id":"https:\/\/culturbaine.com\/#organization","name":"Culturbaine.com","url":"https:\/\/culturbaine.com\/","logo":{"@type":"ImageObject","inLanguage":"fr-FR","@id":"https:\/\/culturbaine.com\/#\/schema\/logo\/image\/","url":"https:\/\/culturbaine.com\/wp-content\/uploads\/2023\/07\/WhatsApp-Image-2023-07-17-at-14.38.18.jpeg","contentUrl":"https:\/\/culturbaine.com\/wp-content\/uploads\/2023\/07\/WhatsApp-Image-2023-07-17-at-14.38.18.jpeg","width":855,"height":270,"caption":"Culturbaine.com"},"image":{"@id":"https:\/\/culturbaine.com\/#\/schema\/logo\/image\/"},"sameAs":["https:\/\/www.facebook.com\/Culturbaines","https:\/\/x.com\/culturbaines"]},{"@type":"Person","@id":"https:\/\/culturbaine.com\/#\/schema\/person\/42eb7485c572e0746c1ea6b8216c3814","name":"admin1","image":{"@type":"ImageObject","inLanguage":"fr-FR","@id":"https:\/\/culturbaine.com\/#\/schema\/person\/image\/","url":"https:\/\/secure.gravatar.com\/avatar\/c268f4d483ce0486e5a10fee87bbf756?s=96&d=mm&r=g","contentUrl":"https:\/\/secure.gravatar.com\/avatar\/c268f4d483ce0486e5a10fee87bbf756?s=96&d=mm&r=g","caption":"admin1"},"url":"https:\/\/culturbaine.com\/index.php\/author\/admin1\/"}]}},"_links":{"self":[{"href":"https:\/\/culturbaine.com\/index.php\/wp-json\/wp\/v2\/posts\/11304"}],"collection":[{"href":"https:\/\/culturbaine.com\/index.php\/wp-json\/wp\/v2\/posts"}],"about":[{"href":"https:\/\/culturbaine.com\/index.php\/wp-json\/wp\/v2\/types\/post"}],"author":[{"embeddable":true,"href":"https:\/\/culturbaine.com\/index.php\/wp-json\/wp\/v2\/users\/2"}],"replies":[{"embeddable":true,"href":"https:\/\/culturbaine.com\/index.php\/wp-json\/wp\/v2\/comments?post=11304"}],"version-history":[{"count":0,"href":"https:\/\/culturbaine.com\/index.php\/wp-json\/wp\/v2\/posts\/11304\/revisions"}],"wp:featuredmedia":[{"embeddable":true,"href":"https:\/\/culturbaine.com\/index.php\/wp-json\/wp\/v2\/media\/11305"}],"wp:attachment":[{"href":"https:\/\/culturbaine.com\/index.php\/wp-json\/wp\/v2\/media?parent=11304"}],"wp:term":[{"taxonomy":"category","embeddable":true,"href":"https:\/\/culturbaine.com\/index.php\/wp-json\/wp\/v2\/categories?post=11304"},{"taxonomy":"post_tag","embeddable":true,"href":"https:\/\/culturbaine.com\/index.php\/wp-json\/wp\/v2\/tags?post=11304"}],"curies":[{"name":"wp","href":"https:\/\/api.w.org\/{rel}","templated":true}]}}