{"id":11301,"date":"2025-03-08T20:05:43","date_gmt":"2025-03-08T20:05:43","guid":{"rendered":"https:\/\/culturbaine.com\/?p=11301"},"modified":"2025-03-08T20:05:43","modified_gmt":"2025-03-08T20:05:43","slug":"le-maroc-accueille-la-cinquieme-edition-du-festival-de-slam-dklam","status":"publish","type":"post","link":"https:\/\/culturbaine.com\/index.php\/2025\/03\/08\/le-maroc-accueille-la-cinquieme-edition-du-festival-de-slam-dklam\/","title":{"rendered":"Le Maroc accueille la cinqui\u00e8me \u00e9dition du festival de slam D\u2019Klam"},"content":{"rendered":"<p>Le Maroc s&rsquo;appr\u00eate \u00e0 vibrer au rythme du slam avec la cinqui\u00e8me \u00e9dition du <strong>festival D\u2019Klam<\/strong>, qui se tiendra les 21 et 22 mars 2025. Organis\u00e9 par l&rsquo;Association Slam\u2019aroc en partenariat avec l&rsquo;Institut fran\u00e7ais de Casablanca, cet \u00e9v\u00e9nement mettra \u00e0 l&rsquo;honneur les talents du slam \u00e0 travers une comp\u00e9tition de haut niveau.<\/p>\n<p>Les demi-finales se d\u00e9rouleront le 21 mars, suivies de la grande finale le 22 mars. En parall\u00e8le, des masterclasses seront propos\u00e9es aux 24 finalistes, anim\u00e9es par des figures embl\u00e9matiques du slam, telles que <strong>Hamdi Medjoub<\/strong>, <strong>Mustapha Slameur, Mariam Bouraoui<\/strong>, et bien d&rsquo;autres.<\/p>\n<p>L&rsquo;\u00e9dition 2025 du festival D\u2019Klam s\u2019ouvre \u00e9galement \u00e0 l\u2019international, avec la participation de slameurs venus du Cameroun et du Togo, enrichissant ainsi cette c\u00e9l\u00e9bration de la po\u00e9sie urbaine et de l&rsquo;oralit\u00e9.<\/p>\n<p>Save the date<\/p>\n<p><strong>Mohamed Cinq Sylla<\/strong><\/p>\n","protected":false},"excerpt":{"rendered":"<p>Le Maroc s&rsquo;appr\u00eate \u00e0 vibrer au rythme du slam avec la cinqui\u00e8me \u00e9dition du festival D\u2019Klam, qui se tiendra les 21 et 22 mars 2025. Organis\u00e9 par l&rsquo;Association Slam\u2019aroc en partenariat avec l&rsquo;Institut fran\u00e7ais de Casablanca, cet \u00e9v\u00e9nement mettra \u00e0 l&rsquo;honneur les talents du slam \u00e0 travers une comp\u00e9tition de haut niveau. Les demi-finales se [&hellip;]<\/p>\n","protected":false},"author":2,"featured_media":11302,"comment_status":"closed","ping_status":"closed","sticky":false,"template":"","format":"standard","meta":{"_mi_skip_tracking":false,"_monsterinsights_sitenote_active":false,"_monsterinsights_sitenote_note":"","_monsterinsights_sitenote_category":0,"footnotes":""},"categories":[21,33,2386],"tags":[3728],"class_list":["post-11301","post","type-post","status-publish","format-standard","has-post-thumbnail","hentry","category-actualite","category-agenda","category-slam","tag-le-maroc-accueille-la-cinquieme-edition-du-festival-de-slam-dklam"],"yoast_head":"<!-- This site is optimized with the Yoast SEO Premium plugin v20.1 (Yoast SEO v24.0) - https:\/\/yoast.com\/wordpress\/plugins\/seo\/ -->\n<title>Le Maroc accueille la cinqui\u00e8me \u00e9dition du festival de slam D\u2019Klam - Culturbaine<\/title>\n<meta name=\"robots\" content=\"index, follow, max-snippet:-1, max-image-preview:large, max-video-preview:-1\" \/>\n<link rel=\"canonical\" href=\"https:\/\/culturbaine.com\/index.php\/2025\/03\/08\/le-maroc-accueille-la-cinquieme-edition-du-festival-de-slam-dklam\/\" \/>\n<meta property=\"og:locale\" content=\"fr_FR\" \/>\n<meta property=\"og:type\" content=\"article\" \/>\n<meta property=\"og:title\" content=\"Le Maroc accueille la cinqui\u00e8me \u00e9dition du festival de slam D\u2019Klam\" \/>\n<meta property=\"og:description\" content=\"Le Maroc s&rsquo;appr\u00eate \u00e0 vibrer au rythme du slam avec la cinqui\u00e8me \u00e9dition du festival D\u2019Klam, qui se tiendra les 21 et 22 mars 2025. Organis\u00e9 par l&rsquo;Association Slam\u2019aroc en partenariat avec l&rsquo;Institut fran\u00e7ais de Casablanca, cet \u00e9v\u00e9nement mettra \u00e0 l&rsquo;honneur les talents du slam \u00e0 travers une comp\u00e9tition de haut niveau. Les demi-finales se [&hellip;]\" \/>\n<meta property=\"og:url\" content=\"https:\/\/culturbaine.com\/index.php\/2025\/03\/08\/le-maroc-accueille-la-cinquieme-edition-du-festival-de-slam-dklam\/\" \/>\n<meta property=\"og:site_name\" content=\"Culturbaine\" \/>\n<meta property=\"article:publisher\" content=\"https:\/\/www.facebook.com\/Culturbaines\" \/>\n<meta property=\"article:published_time\" content=\"2025-03-08T20:05:43+00:00\" \/>\n<meta property=\"og:image\" content=\"https:\/\/culturbaine.com\/wp-content\/uploads\/2025\/03\/IMG_20250308_200205.jpg\" \/>\n\t<meta property=\"og:image:width\" content=\"472\" \/>\n\t<meta property=\"og:image:height\" content=\"239\" \/>\n\t<meta property=\"og:image:type\" content=\"image\/jpeg\" \/>\n<meta name=\"author\" content=\"admin1\" \/>\n<meta name=\"twitter:card\" content=\"summary_large_image\" \/>\n<meta name=\"twitter:creator\" content=\"@culturbaines\" \/>\n<meta name=\"twitter:site\" content=\"@culturbaines\" \/>\n<meta name=\"twitter:label1\" content=\"\u00c9crit par\" \/>\n\t<meta name=\"twitter:data1\" content=\"admin1\" \/>\n\t<meta name=\"twitter:label2\" content=\"Dur\u00e9e de lecture estim\u00e9e\" \/>\n\t<meta name=\"twitter:data2\" content=\"1 minute\" \/>\n<script type=\"application\/ld+json\" class=\"yoast-schema-graph\">{\"@context\":\"https:\/\/schema.org\",\"@graph\":[{\"@type\":\"Article\",\"@id\":\"https:\/\/culturbaine.com\/index.php\/2025\/03\/08\/le-maroc-accueille-la-cinquieme-edition-du-festival-de-slam-dklam\/#article\",\"isPartOf\":{\"@id\":\"https:\/\/culturbaine.com\/index.php\/2025\/03\/08\/le-maroc-accueille-la-cinquieme-edition-du-festival-de-slam-dklam\/\"},\"author\":{\"name\":\"admin1\",\"@id\":\"https:\/\/culturbaine.com\/#\/schema\/person\/42eb7485c572e0746c1ea6b8216c3814\"},\"headline\":\"Le Maroc accueille la cinqui\u00e8me \u00e9dition du festival de slam D\u2019Klam\",\"datePublished\":\"2025-03-08T20:05:43+00:00\",\"dateModified\":\"2025-03-08T20:05:43+00:00\",\"mainEntityOfPage\":{\"@id\":\"https:\/\/culturbaine.com\/index.php\/2025\/03\/08\/le-maroc-accueille-la-cinquieme-edition-du-festival-de-slam-dklam\/\"},\"wordCount\":158,\"publisher\":{\"@id\":\"https:\/\/culturbaine.com\/#organization\"},\"image\":{\"@id\":\"https:\/\/culturbaine.com\/index.php\/2025\/03\/08\/le-maroc-accueille-la-cinquieme-edition-du-festival-de-slam-dklam\/#primaryimage\"},\"thumbnailUrl\":\"https:\/\/culturbaine.com\/wp-content\/uploads\/2025\/03\/IMG_20250308_200205.jpg\",\"keywords\":[\"Le Maroc accueille la cinqui\u00e8me \u00e9dition du festival de slam D\u2019Klam\"],\"articleSection\":[\"Actualit\u00e9\",\"Agenda\",\"Slam\"],\"inLanguage\":\"fr-FR\"},{\"@type\":\"WebPage\",\"@id\":\"https:\/\/culturbaine.com\/index.php\/2025\/03\/08\/le-maroc-accueille-la-cinquieme-edition-du-festival-de-slam-dklam\/\",\"url\":\"https:\/\/culturbaine.com\/index.php\/2025\/03\/08\/le-maroc-accueille-la-cinquieme-edition-du-festival-de-slam-dklam\/\",\"name\":\"Le Maroc accueille la cinqui\u00e8me \u00e9dition du festival de slam D\u2019Klam - Culturbaine\",\"isPartOf\":{\"@id\":\"https:\/\/culturbaine.com\/#website\"},\"primaryImageOfPage\":{\"@id\":\"https:\/\/culturbaine.com\/index.php\/2025\/03\/08\/le-maroc-accueille-la-cinquieme-edition-du-festival-de-slam-dklam\/#primaryimage\"},\"image\":{\"@id\":\"https:\/\/culturbaine.com\/index.php\/2025\/03\/08\/le-maroc-accueille-la-cinquieme-edition-du-festival-de-slam-dklam\/#primaryimage\"},\"thumbnailUrl\":\"https:\/\/culturbaine.com\/wp-content\/uploads\/2025\/03\/IMG_20250308_200205.jpg\",\"datePublished\":\"2025-03-08T20:05:43+00:00\",\"dateModified\":\"2025-03-08T20:05:43+00:00\",\"breadcrumb\":{\"@id\":\"https:\/\/culturbaine.com\/index.php\/2025\/03\/08\/le-maroc-accueille-la-cinquieme-edition-du-festival-de-slam-dklam\/#breadcrumb\"},\"inLanguage\":\"fr-FR\",\"potentialAction\":[{\"@type\":\"ReadAction\",\"target\":[\"https:\/\/culturbaine.com\/index.php\/2025\/03\/08\/le-maroc-accueille-la-cinquieme-edition-du-festival-de-slam-dklam\/\"]}]},{\"@type\":\"ImageObject\",\"inLanguage\":\"fr-FR\",\"@id\":\"https:\/\/culturbaine.com\/index.php\/2025\/03\/08\/le-maroc-accueille-la-cinquieme-edition-du-festival-de-slam-dklam\/#primaryimage\",\"url\":\"https:\/\/culturbaine.com\/wp-content\/uploads\/2025\/03\/IMG_20250308_200205.jpg\",\"contentUrl\":\"https:\/\/culturbaine.com\/wp-content\/uploads\/2025\/03\/IMG_20250308_200205.jpg\",\"width\":472,\"height\":239},{\"@type\":\"BreadcrumbList\",\"@id\":\"https:\/\/culturbaine.com\/index.php\/2025\/03\/08\/le-maroc-accueille-la-cinquieme-edition-du-festival-de-slam-dklam\/#breadcrumb\",\"itemListElement\":[{\"@type\":\"ListItem\",\"position\":1,\"name\":\"Home\",\"item\":\"https:\/\/culturbaine.com\/\"},{\"@type\":\"ListItem\",\"position\":2,\"name\":\"Le Maroc accueille la cinqui\u00e8me \u00e9dition du festival de slam D\u2019Klam\"}]},{\"@type\":\"WebSite\",\"@id\":\"https:\/\/culturbaine.com\/#website\",\"url\":\"https:\/\/culturbaine.com\/\",\"name\":\"Culturbaine.com\",\"description\":\"Toute l&#039;actualit\u00e9 des Cultures Urbaines, en un clic  !\",\"publisher\":{\"@id\":\"https:\/\/culturbaine.com\/#organization\"},\"potentialAction\":[{\"@type\":\"SearchAction\",\"target\":{\"@type\":\"EntryPoint\",\"urlTemplate\":\"https:\/\/culturbaine.com\/?s={search_term_string}\"},\"query-input\":{\"@type\":\"PropertyValueSpecification\",\"valueRequired\":true,\"valueName\":\"search_term_string\"}}],\"inLanguage\":\"fr-FR\"},{\"@type\":\"Organization\",\"@id\":\"https:\/\/culturbaine.com\/#organization\",\"name\":\"Culturbaine.com\",\"url\":\"https:\/\/culturbaine.com\/\",\"logo\":{\"@type\":\"ImageObject\",\"inLanguage\":\"fr-FR\",\"@id\":\"https:\/\/culturbaine.com\/#\/schema\/logo\/image\/\",\"url\":\"https:\/\/culturbaine.com\/wp-content\/uploads\/2023\/07\/WhatsApp-Image-2023-07-17-at-14.38.18.jpeg\",\"contentUrl\":\"https:\/\/culturbaine.com\/wp-content\/uploads\/2023\/07\/WhatsApp-Image-2023-07-17-at-14.38.18.jpeg\",\"width\":855,\"height\":270,\"caption\":\"Culturbaine.com\"},\"image\":{\"@id\":\"https:\/\/culturbaine.com\/#\/schema\/logo\/image\/\"},\"sameAs\":[\"https:\/\/www.facebook.com\/Culturbaines\",\"https:\/\/x.com\/culturbaines\"]},{\"@type\":\"Person\",\"@id\":\"https:\/\/culturbaine.com\/#\/schema\/person\/42eb7485c572e0746c1ea6b8216c3814\",\"name\":\"admin1\",\"image\":{\"@type\":\"ImageObject\",\"inLanguage\":\"fr-FR\",\"@id\":\"https:\/\/culturbaine.com\/#\/schema\/person\/image\/\",\"url\":\"https:\/\/secure.gravatar.com\/avatar\/c268f4d483ce0486e5a10fee87bbf756?s=96&d=mm&r=g\",\"contentUrl\":\"https:\/\/secure.gravatar.com\/avatar\/c268f4d483ce0486e5a10fee87bbf756?s=96&d=mm&r=g\",\"caption\":\"admin1\"},\"url\":\"https:\/\/culturbaine.com\/index.php\/author\/admin1\/\"}]}<\/script>\n<!-- \/ Yoast SEO Premium plugin. -->","yoast_head_json":{"title":"Le Maroc accueille la cinqui\u00e8me \u00e9dition du festival de slam D\u2019Klam - Culturbaine","robots":{"index":"index","follow":"follow","max-snippet":"max-snippet:-1","max-image-preview":"max-image-preview:large","max-video-preview":"max-video-preview:-1"},"canonical":"https:\/\/culturbaine.com\/index.php\/2025\/03\/08\/le-maroc-accueille-la-cinquieme-edition-du-festival-de-slam-dklam\/","og_locale":"fr_FR","og_type":"article","og_title":"Le Maroc accueille la cinqui\u00e8me \u00e9dition du festival de slam D\u2019Klam","og_description":"Le Maroc s&rsquo;appr\u00eate \u00e0 vibrer au rythme du slam avec la cinqui\u00e8me \u00e9dition du festival D\u2019Klam, qui se tiendra les 21 et 22 mars 2025. Organis\u00e9 par l&rsquo;Association Slam\u2019aroc en partenariat avec l&rsquo;Institut fran\u00e7ais de Casablanca, cet \u00e9v\u00e9nement mettra \u00e0 l&rsquo;honneur les talents du slam \u00e0 travers une comp\u00e9tition de haut niveau. Les demi-finales se [&hellip;]","og_url":"https:\/\/culturbaine.com\/index.php\/2025\/03\/08\/le-maroc-accueille-la-cinquieme-edition-du-festival-de-slam-dklam\/","og_site_name":"Culturbaine","article_publisher":"https:\/\/www.facebook.com\/Culturbaines","article_published_time":"2025-03-08T20:05:43+00:00","og_image":[{"width":472,"height":239,"url":"https:\/\/culturbaine.com\/wp-content\/uploads\/2025\/03\/IMG_20250308_200205.jpg","type":"image\/jpeg"}],"author":"admin1","twitter_card":"summary_large_image","twitter_creator":"@culturbaines","twitter_site":"@culturbaines","twitter_misc":{"\u00c9crit par":"admin1","Dur\u00e9e de lecture estim\u00e9e":"1 minute"},"schema":{"@context":"https:\/\/schema.org","@graph":[{"@type":"Article","@id":"https:\/\/culturbaine.com\/index.php\/2025\/03\/08\/le-maroc-accueille-la-cinquieme-edition-du-festival-de-slam-dklam\/#article","isPartOf":{"@id":"https:\/\/culturbaine.com\/index.php\/2025\/03\/08\/le-maroc-accueille-la-cinquieme-edition-du-festival-de-slam-dklam\/"},"author":{"name":"admin1","@id":"https:\/\/culturbaine.com\/#\/schema\/person\/42eb7485c572e0746c1ea6b8216c3814"},"headline":"Le Maroc accueille la cinqui\u00e8me \u00e9dition du festival de slam D\u2019Klam","datePublished":"2025-03-08T20:05:43+00:00","dateModified":"2025-03-08T20:05:43+00:00","mainEntityOfPage":{"@id":"https:\/\/culturbaine.com\/index.php\/2025\/03\/08\/le-maroc-accueille-la-cinquieme-edition-du-festival-de-slam-dklam\/"},"wordCount":158,"publisher":{"@id":"https:\/\/culturbaine.com\/#organization"},"image":{"@id":"https:\/\/culturbaine.com\/index.php\/2025\/03\/08\/le-maroc-accueille-la-cinquieme-edition-du-festival-de-slam-dklam\/#primaryimage"},"thumbnailUrl":"https:\/\/culturbaine.com\/wp-content\/uploads\/2025\/03\/IMG_20250308_200205.jpg","keywords":["Le Maroc accueille la cinqui\u00e8me \u00e9dition du festival de slam D\u2019Klam"],"articleSection":["Actualit\u00e9","Agenda","Slam"],"inLanguage":"fr-FR"},{"@type":"WebPage","@id":"https:\/\/culturbaine.com\/index.php\/2025\/03\/08\/le-maroc-accueille-la-cinquieme-edition-du-festival-de-slam-dklam\/","url":"https:\/\/culturbaine.com\/index.php\/2025\/03\/08\/le-maroc-accueille-la-cinquieme-edition-du-festival-de-slam-dklam\/","name":"Le Maroc accueille la cinqui\u00e8me \u00e9dition du festival de slam D\u2019Klam - Culturbaine","isPartOf":{"@id":"https:\/\/culturbaine.com\/#website"},"primaryImageOfPage":{"@id":"https:\/\/culturbaine.com\/index.php\/2025\/03\/08\/le-maroc-accueille-la-cinquieme-edition-du-festival-de-slam-dklam\/#primaryimage"},"image":{"@id":"https:\/\/culturbaine.com\/index.php\/2025\/03\/08\/le-maroc-accueille-la-cinquieme-edition-du-festival-de-slam-dklam\/#primaryimage"},"thumbnailUrl":"https:\/\/culturbaine.com\/wp-content\/uploads\/2025\/03\/IMG_20250308_200205.jpg","datePublished":"2025-03-08T20:05:43+00:00","dateModified":"2025-03-08T20:05:43+00:00","breadcrumb":{"@id":"https:\/\/culturbaine.com\/index.php\/2025\/03\/08\/le-maroc-accueille-la-cinquieme-edition-du-festival-de-slam-dklam\/#breadcrumb"},"inLanguage":"fr-FR","potentialAction":[{"@type":"ReadAction","target":["https:\/\/culturbaine.com\/index.php\/2025\/03\/08\/le-maroc-accueille-la-cinquieme-edition-du-festival-de-slam-dklam\/"]}]},{"@type":"ImageObject","inLanguage":"fr-FR","@id":"https:\/\/culturbaine.com\/index.php\/2025\/03\/08\/le-maroc-accueille-la-cinquieme-edition-du-festival-de-slam-dklam\/#primaryimage","url":"https:\/\/culturbaine.com\/wp-content\/uploads\/2025\/03\/IMG_20250308_200205.jpg","contentUrl":"https:\/\/culturbaine.com\/wp-content\/uploads\/2025\/03\/IMG_20250308_200205.jpg","width":472,"height":239},{"@type":"BreadcrumbList","@id":"https:\/\/culturbaine.com\/index.php\/2025\/03\/08\/le-maroc-accueille-la-cinquieme-edition-du-festival-de-slam-dklam\/#breadcrumb","itemListElement":[{"@type":"ListItem","position":1,"name":"Home","item":"https:\/\/culturbaine.com\/"},{"@type":"ListItem","position":2,"name":"Le Maroc accueille la cinqui\u00e8me \u00e9dition du festival de slam D\u2019Klam"}]},{"@type":"WebSite","@id":"https:\/\/culturbaine.com\/#website","url":"https:\/\/culturbaine.com\/","name":"Culturbaine.com","description":"Toute l&#039;actualit\u00e9 des Cultures Urbaines, en un clic  !","publisher":{"@id":"https:\/\/culturbaine.com\/#organization"},"potentialAction":[{"@type":"SearchAction","target":{"@type":"EntryPoint","urlTemplate":"https:\/\/culturbaine.com\/?s={search_term_string}"},"query-input":{"@type":"PropertyValueSpecification","valueRequired":true,"valueName":"search_term_string"}}],"inLanguage":"fr-FR"},{"@type":"Organization","@id":"https:\/\/culturbaine.com\/#organization","name":"Culturbaine.com","url":"https:\/\/culturbaine.com\/","logo":{"@type":"ImageObject","inLanguage":"fr-FR","@id":"https:\/\/culturbaine.com\/#\/schema\/logo\/image\/","url":"https:\/\/culturbaine.com\/wp-content\/uploads\/2023\/07\/WhatsApp-Image-2023-07-17-at-14.38.18.jpeg","contentUrl":"https:\/\/culturbaine.com\/wp-content\/uploads\/2023\/07\/WhatsApp-Image-2023-07-17-at-14.38.18.jpeg","width":855,"height":270,"caption":"Culturbaine.com"},"image":{"@id":"https:\/\/culturbaine.com\/#\/schema\/logo\/image\/"},"sameAs":["https:\/\/www.facebook.com\/Culturbaines","https:\/\/x.com\/culturbaines"]},{"@type":"Person","@id":"https:\/\/culturbaine.com\/#\/schema\/person\/42eb7485c572e0746c1ea6b8216c3814","name":"admin1","image":{"@type":"ImageObject","inLanguage":"fr-FR","@id":"https:\/\/culturbaine.com\/#\/schema\/person\/image\/","url":"https:\/\/secure.gravatar.com\/avatar\/c268f4d483ce0486e5a10fee87bbf756?s=96&d=mm&r=g","contentUrl":"https:\/\/secure.gravatar.com\/avatar\/c268f4d483ce0486e5a10fee87bbf756?s=96&d=mm&r=g","caption":"admin1"},"url":"https:\/\/culturbaine.com\/index.php\/author\/admin1\/"}]}},"_links":{"self":[{"href":"https:\/\/culturbaine.com\/index.php\/wp-json\/wp\/v2\/posts\/11301"}],"collection":[{"href":"https:\/\/culturbaine.com\/index.php\/wp-json\/wp\/v2\/posts"}],"about":[{"href":"https:\/\/culturbaine.com\/index.php\/wp-json\/wp\/v2\/types\/post"}],"author":[{"embeddable":true,"href":"https:\/\/culturbaine.com\/index.php\/wp-json\/wp\/v2\/users\/2"}],"replies":[{"embeddable":true,"href":"https:\/\/culturbaine.com\/index.php\/wp-json\/wp\/v2\/comments?post=11301"}],"version-history":[{"count":0,"href":"https:\/\/culturbaine.com\/index.php\/wp-json\/wp\/v2\/posts\/11301\/revisions"}],"wp:featuredmedia":[{"embeddable":true,"href":"https:\/\/culturbaine.com\/index.php\/wp-json\/wp\/v2\/media\/11302"}],"wp:attachment":[{"href":"https:\/\/culturbaine.com\/index.php\/wp-json\/wp\/v2\/media?parent=11301"}],"wp:term":[{"taxonomy":"category","embeddable":true,"href":"https:\/\/culturbaine.com\/index.php\/wp-json\/wp\/v2\/categories?post=11301"},{"taxonomy":"post_tag","embeddable":true,"href":"https:\/\/culturbaine.com\/index.php\/wp-json\/wp\/v2\/tags?post=11301"}],"curies":[{"name":"wp","href":"https:\/\/api.w.org\/{rel}","templated":true}]}}