{"id":11270,"date":"2025-03-01T20:12:34","date_gmt":"2025-03-01T20:12:34","guid":{"rendered":"https:\/\/culturbaine.com\/?p=11270"},"modified":"2025-03-01T20:12:34","modified_gmt":"2025-03-01T20:12:34","slug":"amee-slam-annonce-un-spectacle-au-wafu-pour-le-10-mai","status":"publish","type":"post","link":"https:\/\/culturbaine.com\/index.php\/2025\/03\/01\/amee-slam-annonce-un-spectacle-au-wafu-pour-le-10-mai\/","title":{"rendered":"Amee Slam annonce un spectacle au Wafu pour le 10 mai"},"content":{"rendered":"<p>Figure incontournable du slam en C\u00f4te d&rsquo;Ivoire, <strong>Amee Slam<\/strong> continue de captiver son public avec son verbe percutant et ses textes engag\u00e9s. Apr\u00e8s le succ\u00e8s de sa mixtape \u00ab\u00a0<strong>Au Commencement\u00a0\u00bb<\/strong>, qui a re\u00e7u un accueil tr\u00e8s favorable, l&rsquo;artiste souhaite se rapprocher davantage de son audience.<\/p>\n<p>C&rsquo;est via sa page Facebook qu&rsquo;elle a fait cette annonce importante, d\u00e9voilant l&rsquo;affiche de son \u00e9v\u00e9nement en guise de photo de profil. Elle se produira sur sc\u00e8ne le 10 mai prochain \u00e0 Le Wafu, une occasion pour ses fans de la retrouver en live et d&rsquo;appr\u00e9cier son talent.<\/p>\n<p><img loading=\"lazy\" decoding=\"async\" class=\"aligncenter size-full wp-image-11273\" src=\"https:\/\/culturbaine.com\/wp-content\/uploads\/2025\/03\/1740852110523.jpg\" alt=\"\" width=\"715\" height=\"715\" srcset=\"https:\/\/culturbaine.com\/wp-content\/uploads\/2025\/03\/1740852110523.jpg 715w, https:\/\/culturbaine.com\/wp-content\/uploads\/2025\/03\/1740852110523-300x300.jpg 300w, https:\/\/culturbaine.com\/wp-content\/uploads\/2025\/03\/1740852110523-150x150.jpg 150w\" sizes=\"(max-width: 715px) 100vw, 715px\" \/><\/p>\n<p>Ces derni\u00e8res ann\u00e9es, <strong>Amee Slam<\/strong> ne cesse de monter en puissance. Avec des textes qui abordent des faits de soci\u00e9t\u00e9 et une pr\u00e9sence sc\u00e9nique marquante, elle s&rsquo;impose comme une artiste engag\u00e9e et touche-\u00e0-tout, offrant \u00e0 son public des performances toujours plus impactantes.<\/p>\n<p><strong>Mohamed Cinq Sylla<\/strong><\/p>\n","protected":false},"excerpt":{"rendered":"<p>Figure incontournable du slam en C\u00f4te d&rsquo;Ivoire, Amee Slam continue de captiver son public avec son verbe percutant et ses textes engag\u00e9s. Apr\u00e8s le succ\u00e8s de sa mixtape \u00ab\u00a0Au Commencement\u00a0\u00bb, qui a re\u00e7u un accueil tr\u00e8s favorable, l&rsquo;artiste souhaite se rapprocher davantage de son audience. C&rsquo;est via sa page Facebook qu&rsquo;elle a fait cette annonce [&hellip;]<\/p>\n","protected":false},"author":2,"featured_media":11272,"comment_status":"closed","ping_status":"closed","sticky":false,"template":"","format":"standard","meta":{"_mi_skip_tracking":false,"_monsterinsights_sitenote_active":false,"_monsterinsights_sitenote_note":"","_monsterinsights_sitenote_category":0,"footnotes":""},"categories":[21,33,2386],"tags":[3721],"class_list":["post-11270","post","type-post","status-publish","format-standard","has-post-thumbnail","hentry","category-actualite","category-agenda","category-slam","tag-amee-slam-annonce-un-spectacle-au-wafu-pour-le-10-mai"],"yoast_head":"<!-- This site is optimized with the Yoast SEO Premium plugin v20.1 (Yoast SEO v24.0) - https:\/\/yoast.com\/wordpress\/plugins\/seo\/ -->\n<title>Amee Slam annonce un spectacle au Wafu pour le 10 mai - Culturbaine<\/title>\n<meta name=\"robots\" content=\"index, follow, max-snippet:-1, max-image-preview:large, max-video-preview:-1\" \/>\n<link rel=\"canonical\" href=\"https:\/\/culturbaine.com\/index.php\/2025\/03\/01\/amee-slam-annonce-un-spectacle-au-wafu-pour-le-10-mai\/\" \/>\n<meta property=\"og:locale\" content=\"fr_FR\" \/>\n<meta property=\"og:type\" content=\"article\" \/>\n<meta property=\"og:title\" content=\"Amee Slam annonce un spectacle au Wafu pour le 10 mai\" \/>\n<meta property=\"og:description\" content=\"Figure incontournable du slam en C\u00f4te d&rsquo;Ivoire, Amee Slam continue de captiver son public avec son verbe percutant et ses textes engag\u00e9s. Apr\u00e8s le succ\u00e8s de sa mixtape \u00ab\u00a0Au Commencement\u00a0\u00bb, qui a re\u00e7u un accueil tr\u00e8s favorable, l&rsquo;artiste souhaite se rapprocher davantage de son audience. C&rsquo;est via sa page Facebook qu&rsquo;elle a fait cette annonce [&hellip;]\" \/>\n<meta property=\"og:url\" content=\"https:\/\/culturbaine.com\/index.php\/2025\/03\/01\/amee-slam-annonce-un-spectacle-au-wafu-pour-le-10-mai\/\" \/>\n<meta property=\"og:site_name\" content=\"Culturbaine\" \/>\n<meta property=\"article:publisher\" content=\"https:\/\/www.facebook.com\/Culturbaines\" \/>\n<meta property=\"article:published_time\" content=\"2025-03-01T20:12:34+00:00\" \/>\n<meta property=\"og:image\" content=\"https:\/\/culturbaine.com\/wp-content\/uploads\/2025\/03\/17408589251802.jpg\" \/>\n\t<meta property=\"og:image:width\" content=\"715\" \/>\n\t<meta property=\"og:image:height\" content=\"490\" \/>\n\t<meta property=\"og:image:type\" content=\"image\/jpeg\" \/>\n<meta name=\"author\" content=\"admin1\" \/>\n<meta name=\"twitter:card\" content=\"summary_large_image\" \/>\n<meta name=\"twitter:creator\" content=\"@culturbaines\" \/>\n<meta name=\"twitter:site\" content=\"@culturbaines\" \/>\n<meta name=\"twitter:label1\" content=\"\u00c9crit par\" \/>\n\t<meta name=\"twitter:data1\" content=\"admin1\" \/>\n\t<meta name=\"twitter:label2\" content=\"Dur\u00e9e de lecture estim\u00e9e\" \/>\n\t<meta name=\"twitter:data2\" content=\"2 minutes\" \/>\n<script type=\"application\/ld+json\" class=\"yoast-schema-graph\">{\"@context\":\"https:\/\/schema.org\",\"@graph\":[{\"@type\":\"Article\",\"@id\":\"https:\/\/culturbaine.com\/index.php\/2025\/03\/01\/amee-slam-annonce-un-spectacle-au-wafu-pour-le-10-mai\/#article\",\"isPartOf\":{\"@id\":\"https:\/\/culturbaine.com\/index.php\/2025\/03\/01\/amee-slam-annonce-un-spectacle-au-wafu-pour-le-10-mai\/\"},\"author\":{\"name\":\"admin1\",\"@id\":\"https:\/\/culturbaine.com\/#\/schema\/person\/42eb7485c572e0746c1ea6b8216c3814\"},\"headline\":\"Amee Slam annonce un spectacle au Wafu pour le 10 mai\",\"datePublished\":\"2025-03-01T20:12:34+00:00\",\"dateModified\":\"2025-03-01T20:12:34+00:00\",\"mainEntityOfPage\":{\"@id\":\"https:\/\/culturbaine.com\/index.php\/2025\/03\/01\/amee-slam-annonce-un-spectacle-au-wafu-pour-le-10-mai\/\"},\"wordCount\":169,\"publisher\":{\"@id\":\"https:\/\/culturbaine.com\/#organization\"},\"image\":{\"@id\":\"https:\/\/culturbaine.com\/index.php\/2025\/03\/01\/amee-slam-annonce-un-spectacle-au-wafu-pour-le-10-mai\/#primaryimage\"},\"thumbnailUrl\":\"https:\/\/culturbaine.com\/wp-content\/uploads\/2025\/03\/17408589251802.jpg\",\"keywords\":[\"Amee Slam annonce un spectacle au Wafu pour le 10 mai\"],\"articleSection\":[\"Actualit\u00e9\",\"Agenda\",\"Slam\"],\"inLanguage\":\"fr-FR\"},{\"@type\":\"WebPage\",\"@id\":\"https:\/\/culturbaine.com\/index.php\/2025\/03\/01\/amee-slam-annonce-un-spectacle-au-wafu-pour-le-10-mai\/\",\"url\":\"https:\/\/culturbaine.com\/index.php\/2025\/03\/01\/amee-slam-annonce-un-spectacle-au-wafu-pour-le-10-mai\/\",\"name\":\"Amee Slam annonce un spectacle au Wafu pour le 10 mai - Culturbaine\",\"isPartOf\":{\"@id\":\"https:\/\/culturbaine.com\/#website\"},\"primaryImageOfPage\":{\"@id\":\"https:\/\/culturbaine.com\/index.php\/2025\/03\/01\/amee-slam-annonce-un-spectacle-au-wafu-pour-le-10-mai\/#primaryimage\"},\"image\":{\"@id\":\"https:\/\/culturbaine.com\/index.php\/2025\/03\/01\/amee-slam-annonce-un-spectacle-au-wafu-pour-le-10-mai\/#primaryimage\"},\"thumbnailUrl\":\"https:\/\/culturbaine.com\/wp-content\/uploads\/2025\/03\/17408589251802.jpg\",\"datePublished\":\"2025-03-01T20:12:34+00:00\",\"dateModified\":\"2025-03-01T20:12:34+00:00\",\"breadcrumb\":{\"@id\":\"https:\/\/culturbaine.com\/index.php\/2025\/03\/01\/amee-slam-annonce-un-spectacle-au-wafu-pour-le-10-mai\/#breadcrumb\"},\"inLanguage\":\"fr-FR\",\"potentialAction\":[{\"@type\":\"ReadAction\",\"target\":[\"https:\/\/culturbaine.com\/index.php\/2025\/03\/01\/amee-slam-annonce-un-spectacle-au-wafu-pour-le-10-mai\/\"]}]},{\"@type\":\"ImageObject\",\"inLanguage\":\"fr-FR\",\"@id\":\"https:\/\/culturbaine.com\/index.php\/2025\/03\/01\/amee-slam-annonce-un-spectacle-au-wafu-pour-le-10-mai\/#primaryimage\",\"url\":\"https:\/\/culturbaine.com\/wp-content\/uploads\/2025\/03\/17408589251802.jpg\",\"contentUrl\":\"https:\/\/culturbaine.com\/wp-content\/uploads\/2025\/03\/17408589251802.jpg\",\"width\":715,\"height\":490},{\"@type\":\"BreadcrumbList\",\"@id\":\"https:\/\/culturbaine.com\/index.php\/2025\/03\/01\/amee-slam-annonce-un-spectacle-au-wafu-pour-le-10-mai\/#breadcrumb\",\"itemListElement\":[{\"@type\":\"ListItem\",\"position\":1,\"name\":\"Home\",\"item\":\"https:\/\/culturbaine.com\/\"},{\"@type\":\"ListItem\",\"position\":2,\"name\":\"Amee Slam annonce un spectacle au Wafu pour le 10 mai\"}]},{\"@type\":\"WebSite\",\"@id\":\"https:\/\/culturbaine.com\/#website\",\"url\":\"https:\/\/culturbaine.com\/\",\"name\":\"Culturbaine.com\",\"description\":\"Toute l&#039;actualit\u00e9 des Cultures Urbaines, en un clic  !\",\"publisher\":{\"@id\":\"https:\/\/culturbaine.com\/#organization\"},\"potentialAction\":[{\"@type\":\"SearchAction\",\"target\":{\"@type\":\"EntryPoint\",\"urlTemplate\":\"https:\/\/culturbaine.com\/?s={search_term_string}\"},\"query-input\":{\"@type\":\"PropertyValueSpecification\",\"valueRequired\":true,\"valueName\":\"search_term_string\"}}],\"inLanguage\":\"fr-FR\"},{\"@type\":\"Organization\",\"@id\":\"https:\/\/culturbaine.com\/#organization\",\"name\":\"Culturbaine.com\",\"url\":\"https:\/\/culturbaine.com\/\",\"logo\":{\"@type\":\"ImageObject\",\"inLanguage\":\"fr-FR\",\"@id\":\"https:\/\/culturbaine.com\/#\/schema\/logo\/image\/\",\"url\":\"https:\/\/culturbaine.com\/wp-content\/uploads\/2023\/07\/WhatsApp-Image-2023-07-17-at-14.38.18.jpeg\",\"contentUrl\":\"https:\/\/culturbaine.com\/wp-content\/uploads\/2023\/07\/WhatsApp-Image-2023-07-17-at-14.38.18.jpeg\",\"width\":855,\"height\":270,\"caption\":\"Culturbaine.com\"},\"image\":{\"@id\":\"https:\/\/culturbaine.com\/#\/schema\/logo\/image\/\"},\"sameAs\":[\"https:\/\/www.facebook.com\/Culturbaines\",\"https:\/\/x.com\/culturbaines\"]},{\"@type\":\"Person\",\"@id\":\"https:\/\/culturbaine.com\/#\/schema\/person\/42eb7485c572e0746c1ea6b8216c3814\",\"name\":\"admin1\",\"image\":{\"@type\":\"ImageObject\",\"inLanguage\":\"fr-FR\",\"@id\":\"https:\/\/culturbaine.com\/#\/schema\/person\/image\/\",\"url\":\"https:\/\/secure.gravatar.com\/avatar\/c268f4d483ce0486e5a10fee87bbf756?s=96&d=mm&r=g\",\"contentUrl\":\"https:\/\/secure.gravatar.com\/avatar\/c268f4d483ce0486e5a10fee87bbf756?s=96&d=mm&r=g\",\"caption\":\"admin1\"},\"url\":\"https:\/\/culturbaine.com\/index.php\/author\/admin1\/\"}]}<\/script>\n<!-- \/ Yoast SEO Premium plugin. -->","yoast_head_json":{"title":"Amee Slam annonce un spectacle au Wafu pour le 10 mai - Culturbaine","robots":{"index":"index","follow":"follow","max-snippet":"max-snippet:-1","max-image-preview":"max-image-preview:large","max-video-preview":"max-video-preview:-1"},"canonical":"https:\/\/culturbaine.com\/index.php\/2025\/03\/01\/amee-slam-annonce-un-spectacle-au-wafu-pour-le-10-mai\/","og_locale":"fr_FR","og_type":"article","og_title":"Amee Slam annonce un spectacle au Wafu pour le 10 mai","og_description":"Figure incontournable du slam en C\u00f4te d&rsquo;Ivoire, Amee Slam continue de captiver son public avec son verbe percutant et ses textes engag\u00e9s. Apr\u00e8s le succ\u00e8s de sa mixtape \u00ab\u00a0Au Commencement\u00a0\u00bb, qui a re\u00e7u un accueil tr\u00e8s favorable, l&rsquo;artiste souhaite se rapprocher davantage de son audience. C&rsquo;est via sa page Facebook qu&rsquo;elle a fait cette annonce [&hellip;]","og_url":"https:\/\/culturbaine.com\/index.php\/2025\/03\/01\/amee-slam-annonce-un-spectacle-au-wafu-pour-le-10-mai\/","og_site_name":"Culturbaine","article_publisher":"https:\/\/www.facebook.com\/Culturbaines","article_published_time":"2025-03-01T20:12:34+00:00","og_image":[{"width":715,"height":490,"url":"https:\/\/culturbaine.com\/wp-content\/uploads\/2025\/03\/17408589251802.jpg","type":"image\/jpeg"}],"author":"admin1","twitter_card":"summary_large_image","twitter_creator":"@culturbaines","twitter_site":"@culturbaines","twitter_misc":{"\u00c9crit par":"admin1","Dur\u00e9e de lecture estim\u00e9e":"2 minutes"},"schema":{"@context":"https:\/\/schema.org","@graph":[{"@type":"Article","@id":"https:\/\/culturbaine.com\/index.php\/2025\/03\/01\/amee-slam-annonce-un-spectacle-au-wafu-pour-le-10-mai\/#article","isPartOf":{"@id":"https:\/\/culturbaine.com\/index.php\/2025\/03\/01\/amee-slam-annonce-un-spectacle-au-wafu-pour-le-10-mai\/"},"author":{"name":"admin1","@id":"https:\/\/culturbaine.com\/#\/schema\/person\/42eb7485c572e0746c1ea6b8216c3814"},"headline":"Amee Slam annonce un spectacle au Wafu pour le 10 mai","datePublished":"2025-03-01T20:12:34+00:00","dateModified":"2025-03-01T20:12:34+00:00","mainEntityOfPage":{"@id":"https:\/\/culturbaine.com\/index.php\/2025\/03\/01\/amee-slam-annonce-un-spectacle-au-wafu-pour-le-10-mai\/"},"wordCount":169,"publisher":{"@id":"https:\/\/culturbaine.com\/#organization"},"image":{"@id":"https:\/\/culturbaine.com\/index.php\/2025\/03\/01\/amee-slam-annonce-un-spectacle-au-wafu-pour-le-10-mai\/#primaryimage"},"thumbnailUrl":"https:\/\/culturbaine.com\/wp-content\/uploads\/2025\/03\/17408589251802.jpg","keywords":["Amee Slam annonce un spectacle au Wafu pour le 10 mai"],"articleSection":["Actualit\u00e9","Agenda","Slam"],"inLanguage":"fr-FR"},{"@type":"WebPage","@id":"https:\/\/culturbaine.com\/index.php\/2025\/03\/01\/amee-slam-annonce-un-spectacle-au-wafu-pour-le-10-mai\/","url":"https:\/\/culturbaine.com\/index.php\/2025\/03\/01\/amee-slam-annonce-un-spectacle-au-wafu-pour-le-10-mai\/","name":"Amee Slam annonce un spectacle au Wafu pour le 10 mai - Culturbaine","isPartOf":{"@id":"https:\/\/culturbaine.com\/#website"},"primaryImageOfPage":{"@id":"https:\/\/culturbaine.com\/index.php\/2025\/03\/01\/amee-slam-annonce-un-spectacle-au-wafu-pour-le-10-mai\/#primaryimage"},"image":{"@id":"https:\/\/culturbaine.com\/index.php\/2025\/03\/01\/amee-slam-annonce-un-spectacle-au-wafu-pour-le-10-mai\/#primaryimage"},"thumbnailUrl":"https:\/\/culturbaine.com\/wp-content\/uploads\/2025\/03\/17408589251802.jpg","datePublished":"2025-03-01T20:12:34+00:00","dateModified":"2025-03-01T20:12:34+00:00","breadcrumb":{"@id":"https:\/\/culturbaine.com\/index.php\/2025\/03\/01\/amee-slam-annonce-un-spectacle-au-wafu-pour-le-10-mai\/#breadcrumb"},"inLanguage":"fr-FR","potentialAction":[{"@type":"ReadAction","target":["https:\/\/culturbaine.com\/index.php\/2025\/03\/01\/amee-slam-annonce-un-spectacle-au-wafu-pour-le-10-mai\/"]}]},{"@type":"ImageObject","inLanguage":"fr-FR","@id":"https:\/\/culturbaine.com\/index.php\/2025\/03\/01\/amee-slam-annonce-un-spectacle-au-wafu-pour-le-10-mai\/#primaryimage","url":"https:\/\/culturbaine.com\/wp-content\/uploads\/2025\/03\/17408589251802.jpg","contentUrl":"https:\/\/culturbaine.com\/wp-content\/uploads\/2025\/03\/17408589251802.jpg","width":715,"height":490},{"@type":"BreadcrumbList","@id":"https:\/\/culturbaine.com\/index.php\/2025\/03\/01\/amee-slam-annonce-un-spectacle-au-wafu-pour-le-10-mai\/#breadcrumb","itemListElement":[{"@type":"ListItem","position":1,"name":"Home","item":"https:\/\/culturbaine.com\/"},{"@type":"ListItem","position":2,"name":"Amee Slam annonce un spectacle au Wafu pour le 10 mai"}]},{"@type":"WebSite","@id":"https:\/\/culturbaine.com\/#website","url":"https:\/\/culturbaine.com\/","name":"Culturbaine.com","description":"Toute l&#039;actualit\u00e9 des Cultures Urbaines, en un clic  !","publisher":{"@id":"https:\/\/culturbaine.com\/#organization"},"potentialAction":[{"@type":"SearchAction","target":{"@type":"EntryPoint","urlTemplate":"https:\/\/culturbaine.com\/?s={search_term_string}"},"query-input":{"@type":"PropertyValueSpecification","valueRequired":true,"valueName":"search_term_string"}}],"inLanguage":"fr-FR"},{"@type":"Organization","@id":"https:\/\/culturbaine.com\/#organization","name":"Culturbaine.com","url":"https:\/\/culturbaine.com\/","logo":{"@type":"ImageObject","inLanguage":"fr-FR","@id":"https:\/\/culturbaine.com\/#\/schema\/logo\/image\/","url":"https:\/\/culturbaine.com\/wp-content\/uploads\/2023\/07\/WhatsApp-Image-2023-07-17-at-14.38.18.jpeg","contentUrl":"https:\/\/culturbaine.com\/wp-content\/uploads\/2023\/07\/WhatsApp-Image-2023-07-17-at-14.38.18.jpeg","width":855,"height":270,"caption":"Culturbaine.com"},"image":{"@id":"https:\/\/culturbaine.com\/#\/schema\/logo\/image\/"},"sameAs":["https:\/\/www.facebook.com\/Culturbaines","https:\/\/x.com\/culturbaines"]},{"@type":"Person","@id":"https:\/\/culturbaine.com\/#\/schema\/person\/42eb7485c572e0746c1ea6b8216c3814","name":"admin1","image":{"@type":"ImageObject","inLanguage":"fr-FR","@id":"https:\/\/culturbaine.com\/#\/schema\/person\/image\/","url":"https:\/\/secure.gravatar.com\/avatar\/c268f4d483ce0486e5a10fee87bbf756?s=96&d=mm&r=g","contentUrl":"https:\/\/secure.gravatar.com\/avatar\/c268f4d483ce0486e5a10fee87bbf756?s=96&d=mm&r=g","caption":"admin1"},"url":"https:\/\/culturbaine.com\/index.php\/author\/admin1\/"}]}},"_links":{"self":[{"href":"https:\/\/culturbaine.com\/index.php\/wp-json\/wp\/v2\/posts\/11270"}],"collection":[{"href":"https:\/\/culturbaine.com\/index.php\/wp-json\/wp\/v2\/posts"}],"about":[{"href":"https:\/\/culturbaine.com\/index.php\/wp-json\/wp\/v2\/types\/post"}],"author":[{"embeddable":true,"href":"https:\/\/culturbaine.com\/index.php\/wp-json\/wp\/v2\/users\/2"}],"replies":[{"embeddable":true,"href":"https:\/\/culturbaine.com\/index.php\/wp-json\/wp\/v2\/comments?post=11270"}],"version-history":[{"count":0,"href":"https:\/\/culturbaine.com\/index.php\/wp-json\/wp\/v2\/posts\/11270\/revisions"}],"wp:featuredmedia":[{"embeddable":true,"href":"https:\/\/culturbaine.com\/index.php\/wp-json\/wp\/v2\/media\/11272"}],"wp:attachment":[{"href":"https:\/\/culturbaine.com\/index.php\/wp-json\/wp\/v2\/media?parent=11270"}],"wp:term":[{"taxonomy":"category","embeddable":true,"href":"https:\/\/culturbaine.com\/index.php\/wp-json\/wp\/v2\/categories?post=11270"},{"taxonomy":"post_tag","embeddable":true,"href":"https:\/\/culturbaine.com\/index.php\/wp-json\/wp\/v2\/tags?post=11270"}],"curies":[{"name":"wp","href":"https:\/\/api.w.org\/{rel}","templated":true}]}}