{"id":11260,"date":"2025-03-01T10:52:49","date_gmt":"2025-03-01T10:52:49","guid":{"rendered":"https:\/\/culturbaine.com\/?p=11260"},"modified":"2025-03-01T10:52:49","modified_gmt":"2025-03-01T10:52:49","slug":"mhd-condamne-en-appel-a-12-ans-de-prison-pour-homicide","status":"publish","type":"post","link":"https:\/\/culturbaine.com\/index.php\/2025\/03\/01\/mhd-condamne-en-appel-a-12-ans-de-prison-pour-homicide\/","title":{"rendered":"MHD condamn\u00e9 en appel \u00e0 12 ans de prison pour homicide"},"content":{"rendered":"<p>La sentence est tomb\u00e9e dans l&rsquo;affaire du meurtre de <strong>Lo\u00efc K.<\/strong> Ce vendredi 28 f\u00e9vrier, \u00e0 Cr\u00e9teil, le rappeur fran\u00e7ais d&rsquo;origine guin\u00e9enne <strong>MHD<\/strong> a \u00e9t\u00e9 condamn\u00e9 en appel \u00e0 12 ans de r\u00e9clusion criminelle. Il \u00e9tait jug\u00e9 pour le meurtre d&rsquo;un jeune homme dans le cadre d&rsquo;un r\u00e8glement de comptes entre cit\u00e9s parisiennes rivales.<\/p>\n<p>Un de ses coaccus\u00e9s a \u00e9galement \u00e9cop\u00e9 de 12 ans de prison, un autre a \u00e9t\u00e9 condamn\u00e9 \u00e0 10 ans, tandis qu\u2019un quatri\u00e8me a \u00e9t\u00e9 acquitt\u00e9.<\/p>\n<p>D&rsquo;apr\u00e8s <strong>Le Figaro<\/strong>, l&rsquo;annonce du verdict a provoqu\u00e9 une onde de choc dans la salle d\u2019audience, remplie \u00e0 craquer. <strong>MHD<\/strong>, surnomm\u00e9 \u00ab\u00a0le prince de l&rsquo;Afro Trap\u00a0\u00bb, a vacill\u00e9 en entendant la d\u00e9cision, tandis que des sanglots se sont fait entendre parmi ses proches. Apr\u00e8s de br\u00e8ves \u00e9treintes avec sa famille, l\u2019artiste, de son vrai nom <strong>Mohamed Sylla,<\/strong> a quitt\u00e9 la salle menott\u00e9.<\/p>\n<p><strong>MHD<\/strong> et deux autres accus\u00e9s comparaissaient libres lors de ce proc\u00e8s en appel, qui s&rsquo;\u00e9tait ouvert le 18 f\u00e9vrier.<\/p>\n<p>Cette peine est identique \u00e0 celle prononc\u00e9e en premi\u00e8re instance par la cour d\u2019assises de Paris en septembre 2023. La veille du verdict, l\u2019accusation avait requis entre 12 et 15 ans de r\u00e9clusion contre MHD, tandis que son avocat avait plaid\u00e9 l&rsquo;acquittement.<\/p>\n<p><strong>\u00ab Tout ce que j&rsquo;ai \u00e0 dire, c&rsquo;est que je n&rsquo;ai pas particip\u00e9 \u00e0 ces faits<\/strong> \u00bb, avait d\u00e9clar\u00e9 le rappeur vendredi matin, se d\u00e9crivant comme \u00ab la cible parfaite \u00bb et r\u00e9affirmant une derni\u00e8re fois son innocence.<\/p>\n<p>Les condamn\u00e9s disposent de dix jours pour se pourvoir en cassation.<\/p>\n<p><strong>Retour sur les faits<\/strong><\/p>\n<p>Les faits remontent \u00e0 la nuit du 5 au 6 juillet 2018. <strong>Lo\u00efc K<\/strong>., un jeune homme de 23 ans originaire de la cit\u00e9 de la Grange-aux-Belles (nord-est de Paris), a \u00e9t\u00e9 renvers\u00e9 par une Mercedes dans le Xe arrondissement. Pris \u00e0 partie par un groupe d&rsquo;une dizaine d\u2019individus appartenant \u00e0 la cit\u00e9 rivale des Chaufourniers, aussi appel\u00e9e \u00ab cit\u00e9 rouge \u00bb, il a \u00e9t\u00e9 rou\u00e9 de coups et poignard\u00e9 \u00e0 plusieurs reprises. Il est d\u00e9c\u00e9d\u00e9 quelques minutes apr\u00e8s l\u2019attaque.<\/p>\n<p>Dans cette affaire marqu\u00e9e par la loi du silence, plusieurs t\u00e9moins avaient n\u00e9anmoins affirm\u00e9 avoir vu <strong>MHD<\/strong> sur place. Ils l\u2019auraient reconnu gr\u00e2ce \u00e0 son surv\u00eatement Puma \u2014 marque dont il \u00e9tait ambassadeur \u00e0 l\u2019\u00e9poque \u2014 ainsi qu\u2019\u00e0 ses cheveux et sa barbe blondis, avait rappel\u00e9 jeudi l&rsquo;avocat g\u00e9n\u00e9ral.<\/p>\n<p><strong>Mohamed Cinq Sylla\u00a0<\/strong><\/p>\n","protected":false},"excerpt":{"rendered":"<p>La sentence est tomb\u00e9e dans l&rsquo;affaire du meurtre de Lo\u00efc K. Ce vendredi 28 f\u00e9vrier, \u00e0 Cr\u00e9teil, le rappeur fran\u00e7ais d&rsquo;origine guin\u00e9enne MHD a \u00e9t\u00e9 condamn\u00e9 en appel \u00e0 12 ans de r\u00e9clusion criminelle. Il \u00e9tait jug\u00e9 pour le meurtre d&rsquo;un jeune homme dans le cadre d&rsquo;un r\u00e8glement de comptes entre cit\u00e9s parisiennes rivales. Un [&hellip;]<\/p>\n","protected":false},"author":2,"featured_media":11261,"comment_status":"closed","ping_status":"closed","sticky":false,"template":"","format":"standard","meta":{"_mi_skip_tracking":false,"_monsterinsights_sitenote_active":false,"_monsterinsights_sitenote_note":"","_monsterinsights_sitenote_category":0,"footnotes":""},"categories":[21,512],"tags":[3720],"class_list":["post-11260","post","type-post","status-publish","format-standard","has-post-thumbnail","hentry","category-actualite","category-rap","tag-mhd-condamne-a-lappel-a-12-ans-de-prison"],"yoast_head":"<!-- This site is optimized with the Yoast SEO Premium plugin v20.1 (Yoast SEO v24.0) - https:\/\/yoast.com\/wordpress\/plugins\/seo\/ -->\n<title>MHD condamn\u00e9 en appel \u00e0 12 ans de prison pour homicide - Culturbaine<\/title>\n<meta name=\"robots\" content=\"index, follow, max-snippet:-1, max-image-preview:large, max-video-preview:-1\" \/>\n<link rel=\"canonical\" href=\"https:\/\/culturbaine.com\/index.php\/2025\/03\/01\/mhd-condamne-en-appel-a-12-ans-de-prison-pour-homicide\/\" \/>\n<meta property=\"og:locale\" content=\"fr_FR\" \/>\n<meta property=\"og:type\" content=\"article\" \/>\n<meta property=\"og:title\" content=\"MHD condamn\u00e9 en appel \u00e0 12 ans de prison pour homicide\" \/>\n<meta property=\"og:description\" content=\"La sentence est tomb\u00e9e dans l&rsquo;affaire du meurtre de Lo\u00efc K. Ce vendredi 28 f\u00e9vrier, \u00e0 Cr\u00e9teil, le rappeur fran\u00e7ais d&rsquo;origine guin\u00e9enne MHD a \u00e9t\u00e9 condamn\u00e9 en appel \u00e0 12 ans de r\u00e9clusion criminelle. Il \u00e9tait jug\u00e9 pour le meurtre d&rsquo;un jeune homme dans le cadre d&rsquo;un r\u00e8glement de comptes entre cit\u00e9s parisiennes rivales. Un [&hellip;]\" \/>\n<meta property=\"og:url\" content=\"https:\/\/culturbaine.com\/index.php\/2025\/03\/01\/mhd-condamne-en-appel-a-12-ans-de-prison-pour-homicide\/\" \/>\n<meta property=\"og:site_name\" content=\"Culturbaine\" \/>\n<meta property=\"article:publisher\" content=\"https:\/\/www.facebook.com\/Culturbaines\" \/>\n<meta property=\"article:published_time\" content=\"2025-03-01T10:52:49+00:00\" \/>\n<meta property=\"og:image\" content=\"https:\/\/culturbaine.com\/wp-content\/uploads\/2025\/03\/1740672950966.jpg\" \/>\n\t<meta property=\"og:image:width\" content=\"720\" \/>\n\t<meta property=\"og:image:height\" content=\"480\" \/>\n\t<meta property=\"og:image:type\" content=\"image\/jpeg\" \/>\n<meta name=\"author\" content=\"admin1\" \/>\n<meta name=\"twitter:card\" content=\"summary_large_image\" \/>\n<meta name=\"twitter:creator\" content=\"@culturbaines\" \/>\n<meta name=\"twitter:site\" content=\"@culturbaines\" \/>\n<meta name=\"twitter:label1\" content=\"\u00c9crit par\" \/>\n\t<meta name=\"twitter:data1\" content=\"admin1\" \/>\n\t<meta name=\"twitter:label2\" content=\"Dur\u00e9e de lecture estim\u00e9e\" \/>\n\t<meta name=\"twitter:data2\" content=\"3 minutes\" \/>\n<script type=\"application\/ld+json\" class=\"yoast-schema-graph\">{\"@context\":\"https:\/\/schema.org\",\"@graph\":[{\"@type\":\"Article\",\"@id\":\"https:\/\/culturbaine.com\/index.php\/2025\/03\/01\/mhd-condamne-en-appel-a-12-ans-de-prison-pour-homicide\/#article\",\"isPartOf\":{\"@id\":\"https:\/\/culturbaine.com\/index.php\/2025\/03\/01\/mhd-condamne-en-appel-a-12-ans-de-prison-pour-homicide\/\"},\"author\":{\"name\":\"admin1\",\"@id\":\"https:\/\/culturbaine.com\/#\/schema\/person\/42eb7485c572e0746c1ea6b8216c3814\"},\"headline\":\"MHD condamn\u00e9 en appel \u00e0 12 ans de prison pour homicide\",\"datePublished\":\"2025-03-01T10:52:49+00:00\",\"dateModified\":\"2025-03-01T10:52:49+00:00\",\"mainEntityOfPage\":{\"@id\":\"https:\/\/culturbaine.com\/index.php\/2025\/03\/01\/mhd-condamne-en-appel-a-12-ans-de-prison-pour-homicide\/\"},\"wordCount\":425,\"publisher\":{\"@id\":\"https:\/\/culturbaine.com\/#organization\"},\"image\":{\"@id\":\"https:\/\/culturbaine.com\/index.php\/2025\/03\/01\/mhd-condamne-en-appel-a-12-ans-de-prison-pour-homicide\/#primaryimage\"},\"thumbnailUrl\":\"https:\/\/culturbaine.com\/wp-content\/uploads\/2025\/03\/1740672950966.jpg\",\"keywords\":[\"MHD condamn\u00e9 \u00e0 l'appel \u00e0 12 ans de prison\"],\"articleSection\":[\"Actualit\u00e9\",\"Rap\"],\"inLanguage\":\"fr-FR\"},{\"@type\":\"WebPage\",\"@id\":\"https:\/\/culturbaine.com\/index.php\/2025\/03\/01\/mhd-condamne-en-appel-a-12-ans-de-prison-pour-homicide\/\",\"url\":\"https:\/\/culturbaine.com\/index.php\/2025\/03\/01\/mhd-condamne-en-appel-a-12-ans-de-prison-pour-homicide\/\",\"name\":\"MHD condamn\u00e9 en appel \u00e0 12 ans de prison pour homicide - Culturbaine\",\"isPartOf\":{\"@id\":\"https:\/\/culturbaine.com\/#website\"},\"primaryImageOfPage\":{\"@id\":\"https:\/\/culturbaine.com\/index.php\/2025\/03\/01\/mhd-condamne-en-appel-a-12-ans-de-prison-pour-homicide\/#primaryimage\"},\"image\":{\"@id\":\"https:\/\/culturbaine.com\/index.php\/2025\/03\/01\/mhd-condamne-en-appel-a-12-ans-de-prison-pour-homicide\/#primaryimage\"},\"thumbnailUrl\":\"https:\/\/culturbaine.com\/wp-content\/uploads\/2025\/03\/1740672950966.jpg\",\"datePublished\":\"2025-03-01T10:52:49+00:00\",\"dateModified\":\"2025-03-01T10:52:49+00:00\",\"breadcrumb\":{\"@id\":\"https:\/\/culturbaine.com\/index.php\/2025\/03\/01\/mhd-condamne-en-appel-a-12-ans-de-prison-pour-homicide\/#breadcrumb\"},\"inLanguage\":\"fr-FR\",\"potentialAction\":[{\"@type\":\"ReadAction\",\"target\":[\"https:\/\/culturbaine.com\/index.php\/2025\/03\/01\/mhd-condamne-en-appel-a-12-ans-de-prison-pour-homicide\/\"]}]},{\"@type\":\"ImageObject\",\"inLanguage\":\"fr-FR\",\"@id\":\"https:\/\/culturbaine.com\/index.php\/2025\/03\/01\/mhd-condamne-en-appel-a-12-ans-de-prison-pour-homicide\/#primaryimage\",\"url\":\"https:\/\/culturbaine.com\/wp-content\/uploads\/2025\/03\/1740672950966.jpg\",\"contentUrl\":\"https:\/\/culturbaine.com\/wp-content\/uploads\/2025\/03\/1740672950966.jpg\",\"width\":720,\"height\":480},{\"@type\":\"BreadcrumbList\",\"@id\":\"https:\/\/culturbaine.com\/index.php\/2025\/03\/01\/mhd-condamne-en-appel-a-12-ans-de-prison-pour-homicide\/#breadcrumb\",\"itemListElement\":[{\"@type\":\"ListItem\",\"position\":1,\"name\":\"Home\",\"item\":\"https:\/\/culturbaine.com\/\"},{\"@type\":\"ListItem\",\"position\":2,\"name\":\"MHD condamn\u00e9 en appel \u00e0 12 ans de prison pour homicide\"}]},{\"@type\":\"WebSite\",\"@id\":\"https:\/\/culturbaine.com\/#website\",\"url\":\"https:\/\/culturbaine.com\/\",\"name\":\"Culturbaine.com\",\"description\":\"Toute l&#039;actualit\u00e9 des Cultures Urbaines, en un clic  !\",\"publisher\":{\"@id\":\"https:\/\/culturbaine.com\/#organization\"},\"potentialAction\":[{\"@type\":\"SearchAction\",\"target\":{\"@type\":\"EntryPoint\",\"urlTemplate\":\"https:\/\/culturbaine.com\/?s={search_term_string}\"},\"query-input\":{\"@type\":\"PropertyValueSpecification\",\"valueRequired\":true,\"valueName\":\"search_term_string\"}}],\"inLanguage\":\"fr-FR\"},{\"@type\":\"Organization\",\"@id\":\"https:\/\/culturbaine.com\/#organization\",\"name\":\"Culturbaine.com\",\"url\":\"https:\/\/culturbaine.com\/\",\"logo\":{\"@type\":\"ImageObject\",\"inLanguage\":\"fr-FR\",\"@id\":\"https:\/\/culturbaine.com\/#\/schema\/logo\/image\/\",\"url\":\"https:\/\/culturbaine.com\/wp-content\/uploads\/2023\/07\/WhatsApp-Image-2023-07-17-at-14.38.18.jpeg\",\"contentUrl\":\"https:\/\/culturbaine.com\/wp-content\/uploads\/2023\/07\/WhatsApp-Image-2023-07-17-at-14.38.18.jpeg\",\"width\":855,\"height\":270,\"caption\":\"Culturbaine.com\"},\"image\":{\"@id\":\"https:\/\/culturbaine.com\/#\/schema\/logo\/image\/\"},\"sameAs\":[\"https:\/\/www.facebook.com\/Culturbaines\",\"https:\/\/x.com\/culturbaines\"]},{\"@type\":\"Person\",\"@id\":\"https:\/\/culturbaine.com\/#\/schema\/person\/42eb7485c572e0746c1ea6b8216c3814\",\"name\":\"admin1\",\"image\":{\"@type\":\"ImageObject\",\"inLanguage\":\"fr-FR\",\"@id\":\"https:\/\/culturbaine.com\/#\/schema\/person\/image\/\",\"url\":\"https:\/\/secure.gravatar.com\/avatar\/c268f4d483ce0486e5a10fee87bbf756?s=96&d=mm&r=g\",\"contentUrl\":\"https:\/\/secure.gravatar.com\/avatar\/c268f4d483ce0486e5a10fee87bbf756?s=96&d=mm&r=g\",\"caption\":\"admin1\"},\"url\":\"https:\/\/culturbaine.com\/index.php\/author\/admin1\/\"}]}<\/script>\n<!-- \/ Yoast SEO Premium plugin. -->","yoast_head_json":{"title":"MHD condamn\u00e9 en appel \u00e0 12 ans de prison pour homicide - Culturbaine","robots":{"index":"index","follow":"follow","max-snippet":"max-snippet:-1","max-image-preview":"max-image-preview:large","max-video-preview":"max-video-preview:-1"},"canonical":"https:\/\/culturbaine.com\/index.php\/2025\/03\/01\/mhd-condamne-en-appel-a-12-ans-de-prison-pour-homicide\/","og_locale":"fr_FR","og_type":"article","og_title":"MHD condamn\u00e9 en appel \u00e0 12 ans de prison pour homicide","og_description":"La sentence est tomb\u00e9e dans l&rsquo;affaire du meurtre de Lo\u00efc K. Ce vendredi 28 f\u00e9vrier, \u00e0 Cr\u00e9teil, le rappeur fran\u00e7ais d&rsquo;origine guin\u00e9enne MHD a \u00e9t\u00e9 condamn\u00e9 en appel \u00e0 12 ans de r\u00e9clusion criminelle. Il \u00e9tait jug\u00e9 pour le meurtre d&rsquo;un jeune homme dans le cadre d&rsquo;un r\u00e8glement de comptes entre cit\u00e9s parisiennes rivales. Un [&hellip;]","og_url":"https:\/\/culturbaine.com\/index.php\/2025\/03\/01\/mhd-condamne-en-appel-a-12-ans-de-prison-pour-homicide\/","og_site_name":"Culturbaine","article_publisher":"https:\/\/www.facebook.com\/Culturbaines","article_published_time":"2025-03-01T10:52:49+00:00","og_image":[{"width":720,"height":480,"url":"https:\/\/culturbaine.com\/wp-content\/uploads\/2025\/03\/1740672950966.jpg","type":"image\/jpeg"}],"author":"admin1","twitter_card":"summary_large_image","twitter_creator":"@culturbaines","twitter_site":"@culturbaines","twitter_misc":{"\u00c9crit par":"admin1","Dur\u00e9e de lecture estim\u00e9e":"3 minutes"},"schema":{"@context":"https:\/\/schema.org","@graph":[{"@type":"Article","@id":"https:\/\/culturbaine.com\/index.php\/2025\/03\/01\/mhd-condamne-en-appel-a-12-ans-de-prison-pour-homicide\/#article","isPartOf":{"@id":"https:\/\/culturbaine.com\/index.php\/2025\/03\/01\/mhd-condamne-en-appel-a-12-ans-de-prison-pour-homicide\/"},"author":{"name":"admin1","@id":"https:\/\/culturbaine.com\/#\/schema\/person\/42eb7485c572e0746c1ea6b8216c3814"},"headline":"MHD condamn\u00e9 en appel \u00e0 12 ans de prison pour homicide","datePublished":"2025-03-01T10:52:49+00:00","dateModified":"2025-03-01T10:52:49+00:00","mainEntityOfPage":{"@id":"https:\/\/culturbaine.com\/index.php\/2025\/03\/01\/mhd-condamne-en-appel-a-12-ans-de-prison-pour-homicide\/"},"wordCount":425,"publisher":{"@id":"https:\/\/culturbaine.com\/#organization"},"image":{"@id":"https:\/\/culturbaine.com\/index.php\/2025\/03\/01\/mhd-condamne-en-appel-a-12-ans-de-prison-pour-homicide\/#primaryimage"},"thumbnailUrl":"https:\/\/culturbaine.com\/wp-content\/uploads\/2025\/03\/1740672950966.jpg","keywords":["MHD condamn\u00e9 \u00e0 l'appel \u00e0 12 ans de prison"],"articleSection":["Actualit\u00e9","Rap"],"inLanguage":"fr-FR"},{"@type":"WebPage","@id":"https:\/\/culturbaine.com\/index.php\/2025\/03\/01\/mhd-condamne-en-appel-a-12-ans-de-prison-pour-homicide\/","url":"https:\/\/culturbaine.com\/index.php\/2025\/03\/01\/mhd-condamne-en-appel-a-12-ans-de-prison-pour-homicide\/","name":"MHD condamn\u00e9 en appel \u00e0 12 ans de prison pour homicide - Culturbaine","isPartOf":{"@id":"https:\/\/culturbaine.com\/#website"},"primaryImageOfPage":{"@id":"https:\/\/culturbaine.com\/index.php\/2025\/03\/01\/mhd-condamne-en-appel-a-12-ans-de-prison-pour-homicide\/#primaryimage"},"image":{"@id":"https:\/\/culturbaine.com\/index.php\/2025\/03\/01\/mhd-condamne-en-appel-a-12-ans-de-prison-pour-homicide\/#primaryimage"},"thumbnailUrl":"https:\/\/culturbaine.com\/wp-content\/uploads\/2025\/03\/1740672950966.jpg","datePublished":"2025-03-01T10:52:49+00:00","dateModified":"2025-03-01T10:52:49+00:00","breadcrumb":{"@id":"https:\/\/culturbaine.com\/index.php\/2025\/03\/01\/mhd-condamne-en-appel-a-12-ans-de-prison-pour-homicide\/#breadcrumb"},"inLanguage":"fr-FR","potentialAction":[{"@type":"ReadAction","target":["https:\/\/culturbaine.com\/index.php\/2025\/03\/01\/mhd-condamne-en-appel-a-12-ans-de-prison-pour-homicide\/"]}]},{"@type":"ImageObject","inLanguage":"fr-FR","@id":"https:\/\/culturbaine.com\/index.php\/2025\/03\/01\/mhd-condamne-en-appel-a-12-ans-de-prison-pour-homicide\/#primaryimage","url":"https:\/\/culturbaine.com\/wp-content\/uploads\/2025\/03\/1740672950966.jpg","contentUrl":"https:\/\/culturbaine.com\/wp-content\/uploads\/2025\/03\/1740672950966.jpg","width":720,"height":480},{"@type":"BreadcrumbList","@id":"https:\/\/culturbaine.com\/index.php\/2025\/03\/01\/mhd-condamne-en-appel-a-12-ans-de-prison-pour-homicide\/#breadcrumb","itemListElement":[{"@type":"ListItem","position":1,"name":"Home","item":"https:\/\/culturbaine.com\/"},{"@type":"ListItem","position":2,"name":"MHD condamn\u00e9 en appel \u00e0 12 ans de prison pour homicide"}]},{"@type":"WebSite","@id":"https:\/\/culturbaine.com\/#website","url":"https:\/\/culturbaine.com\/","name":"Culturbaine.com","description":"Toute l&#039;actualit\u00e9 des Cultures Urbaines, en un clic  !","publisher":{"@id":"https:\/\/culturbaine.com\/#organization"},"potentialAction":[{"@type":"SearchAction","target":{"@type":"EntryPoint","urlTemplate":"https:\/\/culturbaine.com\/?s={search_term_string}"},"query-input":{"@type":"PropertyValueSpecification","valueRequired":true,"valueName":"search_term_string"}}],"inLanguage":"fr-FR"},{"@type":"Organization","@id":"https:\/\/culturbaine.com\/#organization","name":"Culturbaine.com","url":"https:\/\/culturbaine.com\/","logo":{"@type":"ImageObject","inLanguage":"fr-FR","@id":"https:\/\/culturbaine.com\/#\/schema\/logo\/image\/","url":"https:\/\/culturbaine.com\/wp-content\/uploads\/2023\/07\/WhatsApp-Image-2023-07-17-at-14.38.18.jpeg","contentUrl":"https:\/\/culturbaine.com\/wp-content\/uploads\/2023\/07\/WhatsApp-Image-2023-07-17-at-14.38.18.jpeg","width":855,"height":270,"caption":"Culturbaine.com"},"image":{"@id":"https:\/\/culturbaine.com\/#\/schema\/logo\/image\/"},"sameAs":["https:\/\/www.facebook.com\/Culturbaines","https:\/\/x.com\/culturbaines"]},{"@type":"Person","@id":"https:\/\/culturbaine.com\/#\/schema\/person\/42eb7485c572e0746c1ea6b8216c3814","name":"admin1","image":{"@type":"ImageObject","inLanguage":"fr-FR","@id":"https:\/\/culturbaine.com\/#\/schema\/person\/image\/","url":"https:\/\/secure.gravatar.com\/avatar\/c268f4d483ce0486e5a10fee87bbf756?s=96&d=mm&r=g","contentUrl":"https:\/\/secure.gravatar.com\/avatar\/c268f4d483ce0486e5a10fee87bbf756?s=96&d=mm&r=g","caption":"admin1"},"url":"https:\/\/culturbaine.com\/index.php\/author\/admin1\/"}]}},"_links":{"self":[{"href":"https:\/\/culturbaine.com\/index.php\/wp-json\/wp\/v2\/posts\/11260"}],"collection":[{"href":"https:\/\/culturbaine.com\/index.php\/wp-json\/wp\/v2\/posts"}],"about":[{"href":"https:\/\/culturbaine.com\/index.php\/wp-json\/wp\/v2\/types\/post"}],"author":[{"embeddable":true,"href":"https:\/\/culturbaine.com\/index.php\/wp-json\/wp\/v2\/users\/2"}],"replies":[{"embeddable":true,"href":"https:\/\/culturbaine.com\/index.php\/wp-json\/wp\/v2\/comments?post=11260"}],"version-history":[{"count":0,"href":"https:\/\/culturbaine.com\/index.php\/wp-json\/wp\/v2\/posts\/11260\/revisions"}],"wp:featuredmedia":[{"embeddable":true,"href":"https:\/\/culturbaine.com\/index.php\/wp-json\/wp\/v2\/media\/11261"}],"wp:attachment":[{"href":"https:\/\/culturbaine.com\/index.php\/wp-json\/wp\/v2\/media?parent=11260"}],"wp:term":[{"taxonomy":"category","embeddable":true,"href":"https:\/\/culturbaine.com\/index.php\/wp-json\/wp\/v2\/categories?post=11260"},{"taxonomy":"post_tag","embeddable":true,"href":"https:\/\/culturbaine.com\/index.php\/wp-json\/wp\/v2\/tags?post=11260"}],"curies":[{"name":"wp","href":"https:\/\/api.w.org\/{rel}","templated":true}]}}