{"id":11130,"date":"2025-02-15T08:00:12","date_gmt":"2025-02-15T08:00:12","guid":{"rendered":"https:\/\/culturbaine.com\/?p=11130"},"modified":"2025-02-15T06:48:51","modified_gmt":"2025-02-15T06:48:51","slug":"gims-sacre-artiste-masculin-de-lannee-aux-victoires-de-la-musique","status":"publish","type":"post","link":"https:\/\/culturbaine.com\/index.php\/2025\/02\/15\/gims-sacre-artiste-masculin-de-lannee-aux-victoires-de-la-musique\/","title":{"rendered":"Gims sacr\u00e9 artiste masculin de l\u2019ann\u00e9e aux Victoires de la Musique"},"content":{"rendered":"<p><strong>Gims<\/strong> continue d\u2019imposer sa marque dans l\u2019industrie musicale fran\u00e7aise en encha\u00eenant les distinctions. L\u2019interpr\u00e8te de <strong>Sap\u00e9s comme jamais<\/strong> a \u00e9t\u00e9 r\u00e9compens\u00e9 lors de la 40\u1d49 \u00e9dition des <strong>Victoires de la Musique<\/strong>, qui s\u2019est tenue ce vendredi 14 f\u00e9vrier \u00e0 la Seine Musicale de Boulogne-Billancourt. La c\u00e9r\u00e9monie, diffus\u00e9e sur <strong>France 2,<\/strong> a c\u00e9l\u00e9br\u00e9 les artistes les plus marquants de l\u2019ann\u00e9e.<\/p>\n<p>Dans la cat\u00e9gorie <strong>Artiste masculin de l\u2019ann\u00e9e<\/strong>, <strong>Gims<\/strong> s\u2019est vu d\u00e9cerner le prestigieux troph\u00e9e, confirmant ainsi son influence sur la sc\u00e8ne musicale francophone. Son ascension fulgurante et sa capacit\u00e9 \u00e0 produire des hits incontournables lui ont permis de s\u2019imposer comme l\u2019un des piliers de la chanson fran\u00e7aise contemporaine.<\/p>\n<p>Ces derni\u00e8res ann\u00e9es, le fr\u00e8re de <strong>Dadju<\/strong> a su conqu\u00e9rir un large public gr\u00e2ce \u00e0 des morceaux devenus de v\u00e9ritables hymnes pour ses fans. Avec cette nouvelle cons\u00e9cration, <strong>Gims<\/strong> prouve une fois de plus qu\u2019il demeure une figure incontournable du paysage musical fran\u00e7ais.<\/p>\n<p><strong>Mohamed Cinq Sylla<\/strong><\/p>\n","protected":false},"excerpt":{"rendered":"<p>Gims continue d\u2019imposer sa marque dans l\u2019industrie musicale fran\u00e7aise en encha\u00eenant les distinctions. L\u2019interpr\u00e8te de Sap\u00e9s comme jamais a \u00e9t\u00e9 r\u00e9compens\u00e9 lors de la 40\u1d49 \u00e9dition des Victoires de la Musique, qui s\u2019est tenue ce vendredi 14 f\u00e9vrier \u00e0 la Seine Musicale de Boulogne-Billancourt. La c\u00e9r\u00e9monie, diffus\u00e9e sur France 2, a c\u00e9l\u00e9br\u00e9 les artistes les [&hellip;]<\/p>\n","protected":false},"author":2,"featured_media":11131,"comment_status":"closed","ping_status":"closed","sticky":false,"template":"","format":"standard","meta":{"_mi_skip_tracking":false,"_monsterinsights_sitenote_active":false,"_monsterinsights_sitenote_note":"","_monsterinsights_sitenote_category":0,"footnotes":""},"categories":[21,512],"tags":[3687],"class_list":["post-11130","post","type-post","status-publish","format-standard","has-post-thumbnail","hentry","category-actualite","category-rap","tag-gims-sacre-artiste-masculin-de-lannee-aux-victoires-de-la-musique"],"yoast_head":"<!-- This site is optimized with the Yoast SEO Premium plugin v20.1 (Yoast SEO v24.0) - https:\/\/yoast.com\/wordpress\/plugins\/seo\/ -->\n<title>Gims sacr\u00e9 artiste masculin de l\u2019ann\u00e9e aux Victoires de la Musique - Culturbaine<\/title>\n<meta name=\"robots\" content=\"index, follow, max-snippet:-1, max-image-preview:large, max-video-preview:-1\" \/>\n<link rel=\"canonical\" href=\"https:\/\/culturbaine.com\/index.php\/2025\/02\/15\/gims-sacre-artiste-masculin-de-lannee-aux-victoires-de-la-musique\/\" \/>\n<meta property=\"og:locale\" content=\"fr_FR\" \/>\n<meta property=\"og:type\" content=\"article\" \/>\n<meta property=\"og:title\" content=\"Gims sacr\u00e9 artiste masculin de l\u2019ann\u00e9e aux Victoires de la Musique\" \/>\n<meta property=\"og:description\" content=\"Gims continue d\u2019imposer sa marque dans l\u2019industrie musicale fran\u00e7aise en encha\u00eenant les distinctions. L\u2019interpr\u00e8te de Sap\u00e9s comme jamais a \u00e9t\u00e9 r\u00e9compens\u00e9 lors de la 40\u1d49 \u00e9dition des Victoires de la Musique, qui s\u2019est tenue ce vendredi 14 f\u00e9vrier \u00e0 la Seine Musicale de Boulogne-Billancourt. La c\u00e9r\u00e9monie, diffus\u00e9e sur France 2, a c\u00e9l\u00e9br\u00e9 les artistes les [&hellip;]\" \/>\n<meta property=\"og:url\" content=\"https:\/\/culturbaine.com\/index.php\/2025\/02\/15\/gims-sacre-artiste-masculin-de-lannee-aux-victoires-de-la-musique\/\" \/>\n<meta property=\"og:site_name\" content=\"Culturbaine\" \/>\n<meta property=\"article:publisher\" content=\"https:\/\/www.facebook.com\/Culturbaines\" \/>\n<meta property=\"article:published_time\" content=\"2025-02-15T08:00:12+00:00\" \/>\n<meta property=\"article:modified_time\" content=\"2025-02-15T06:48:51+00:00\" \/>\n<meta property=\"og:image\" content=\"https:\/\/culturbaine.com\/wp-content\/uploads\/2025\/02\/IMG_20250215_064429.jpg\" \/>\n\t<meta property=\"og:image:width\" content=\"718\" \/>\n\t<meta property=\"og:image:height\" content=\"467\" \/>\n\t<meta property=\"og:image:type\" content=\"image\/jpeg\" \/>\n<meta name=\"author\" content=\"admin1\" \/>\n<meta name=\"twitter:card\" content=\"summary_large_image\" \/>\n<meta name=\"twitter:creator\" content=\"@culturbaines\" \/>\n<meta name=\"twitter:site\" content=\"@culturbaines\" \/>\n<meta name=\"twitter:label1\" content=\"\u00c9crit par\" \/>\n\t<meta name=\"twitter:data1\" content=\"admin1\" \/>\n\t<meta name=\"twitter:label2\" content=\"Dur\u00e9e de lecture estim\u00e9e\" \/>\n\t<meta name=\"twitter:data2\" content=\"1 minute\" \/>\n<script type=\"application\/ld+json\" class=\"yoast-schema-graph\">{\"@context\":\"https:\/\/schema.org\",\"@graph\":[{\"@type\":\"Article\",\"@id\":\"https:\/\/culturbaine.com\/index.php\/2025\/02\/15\/gims-sacre-artiste-masculin-de-lannee-aux-victoires-de-la-musique\/#article\",\"isPartOf\":{\"@id\":\"https:\/\/culturbaine.com\/index.php\/2025\/02\/15\/gims-sacre-artiste-masculin-de-lannee-aux-victoires-de-la-musique\/\"},\"author\":{\"name\":\"admin1\",\"@id\":\"https:\/\/culturbaine.com\/#\/schema\/person\/42eb7485c572e0746c1ea6b8216c3814\"},\"headline\":\"Gims sacr\u00e9 artiste masculin de l\u2019ann\u00e9e aux Victoires de la Musique\",\"datePublished\":\"2025-02-15T08:00:12+00:00\",\"dateModified\":\"2025-02-15T06:48:51+00:00\",\"mainEntityOfPage\":{\"@id\":\"https:\/\/culturbaine.com\/index.php\/2025\/02\/15\/gims-sacre-artiste-masculin-de-lannee-aux-victoires-de-la-musique\/\"},\"wordCount\":196,\"publisher\":{\"@id\":\"https:\/\/culturbaine.com\/#organization\"},\"image\":{\"@id\":\"https:\/\/culturbaine.com\/index.php\/2025\/02\/15\/gims-sacre-artiste-masculin-de-lannee-aux-victoires-de-la-musique\/#primaryimage\"},\"thumbnailUrl\":\"https:\/\/culturbaine.com\/wp-content\/uploads\/2025\/02\/IMG_20250215_064429.jpg\",\"keywords\":[\"Gims sacr\u00e9 artiste masculin de l\u2019ann\u00e9e aux Victoires de la Musique\"],\"articleSection\":[\"Actualit\u00e9\",\"Rap\"],\"inLanguage\":\"fr-FR\"},{\"@type\":\"WebPage\",\"@id\":\"https:\/\/culturbaine.com\/index.php\/2025\/02\/15\/gims-sacre-artiste-masculin-de-lannee-aux-victoires-de-la-musique\/\",\"url\":\"https:\/\/culturbaine.com\/index.php\/2025\/02\/15\/gims-sacre-artiste-masculin-de-lannee-aux-victoires-de-la-musique\/\",\"name\":\"Gims sacr\u00e9 artiste masculin de l\u2019ann\u00e9e aux Victoires de la Musique - Culturbaine\",\"isPartOf\":{\"@id\":\"https:\/\/culturbaine.com\/#website\"},\"primaryImageOfPage\":{\"@id\":\"https:\/\/culturbaine.com\/index.php\/2025\/02\/15\/gims-sacre-artiste-masculin-de-lannee-aux-victoires-de-la-musique\/#primaryimage\"},\"image\":{\"@id\":\"https:\/\/culturbaine.com\/index.php\/2025\/02\/15\/gims-sacre-artiste-masculin-de-lannee-aux-victoires-de-la-musique\/#primaryimage\"},\"thumbnailUrl\":\"https:\/\/culturbaine.com\/wp-content\/uploads\/2025\/02\/IMG_20250215_064429.jpg\",\"datePublished\":\"2025-02-15T08:00:12+00:00\",\"dateModified\":\"2025-02-15T06:48:51+00:00\",\"breadcrumb\":{\"@id\":\"https:\/\/culturbaine.com\/index.php\/2025\/02\/15\/gims-sacre-artiste-masculin-de-lannee-aux-victoires-de-la-musique\/#breadcrumb\"},\"inLanguage\":\"fr-FR\",\"potentialAction\":[{\"@type\":\"ReadAction\",\"target\":[\"https:\/\/culturbaine.com\/index.php\/2025\/02\/15\/gims-sacre-artiste-masculin-de-lannee-aux-victoires-de-la-musique\/\"]}]},{\"@type\":\"ImageObject\",\"inLanguage\":\"fr-FR\",\"@id\":\"https:\/\/culturbaine.com\/index.php\/2025\/02\/15\/gims-sacre-artiste-masculin-de-lannee-aux-victoires-de-la-musique\/#primaryimage\",\"url\":\"https:\/\/culturbaine.com\/wp-content\/uploads\/2025\/02\/IMG_20250215_064429.jpg\",\"contentUrl\":\"https:\/\/culturbaine.com\/wp-content\/uploads\/2025\/02\/IMG_20250215_064429.jpg\",\"width\":718,\"height\":467},{\"@type\":\"BreadcrumbList\",\"@id\":\"https:\/\/culturbaine.com\/index.php\/2025\/02\/15\/gims-sacre-artiste-masculin-de-lannee-aux-victoires-de-la-musique\/#breadcrumb\",\"itemListElement\":[{\"@type\":\"ListItem\",\"position\":1,\"name\":\"Home\",\"item\":\"https:\/\/culturbaine.com\/\"},{\"@type\":\"ListItem\",\"position\":2,\"name\":\"Gims sacr\u00e9 artiste masculin de l\u2019ann\u00e9e aux Victoires de la Musique\"}]},{\"@type\":\"WebSite\",\"@id\":\"https:\/\/culturbaine.com\/#website\",\"url\":\"https:\/\/culturbaine.com\/\",\"name\":\"Culturbaine.com\",\"description\":\"Toute l&#039;actualit\u00e9 des Cultures Urbaines, en un clic  !\",\"publisher\":{\"@id\":\"https:\/\/culturbaine.com\/#organization\"},\"potentialAction\":[{\"@type\":\"SearchAction\",\"target\":{\"@type\":\"EntryPoint\",\"urlTemplate\":\"https:\/\/culturbaine.com\/?s={search_term_string}\"},\"query-input\":{\"@type\":\"PropertyValueSpecification\",\"valueRequired\":true,\"valueName\":\"search_term_string\"}}],\"inLanguage\":\"fr-FR\"},{\"@type\":\"Organization\",\"@id\":\"https:\/\/culturbaine.com\/#organization\",\"name\":\"Culturbaine.com\",\"url\":\"https:\/\/culturbaine.com\/\",\"logo\":{\"@type\":\"ImageObject\",\"inLanguage\":\"fr-FR\",\"@id\":\"https:\/\/culturbaine.com\/#\/schema\/logo\/image\/\",\"url\":\"https:\/\/culturbaine.com\/wp-content\/uploads\/2023\/07\/WhatsApp-Image-2023-07-17-at-14.38.18.jpeg\",\"contentUrl\":\"https:\/\/culturbaine.com\/wp-content\/uploads\/2023\/07\/WhatsApp-Image-2023-07-17-at-14.38.18.jpeg\",\"width\":855,\"height\":270,\"caption\":\"Culturbaine.com\"},\"image\":{\"@id\":\"https:\/\/culturbaine.com\/#\/schema\/logo\/image\/\"},\"sameAs\":[\"https:\/\/www.facebook.com\/Culturbaines\",\"https:\/\/x.com\/culturbaines\"]},{\"@type\":\"Person\",\"@id\":\"https:\/\/culturbaine.com\/#\/schema\/person\/42eb7485c572e0746c1ea6b8216c3814\",\"name\":\"admin1\",\"image\":{\"@type\":\"ImageObject\",\"inLanguage\":\"fr-FR\",\"@id\":\"https:\/\/culturbaine.com\/#\/schema\/person\/image\/\",\"url\":\"https:\/\/secure.gravatar.com\/avatar\/c268f4d483ce0486e5a10fee87bbf756?s=96&d=mm&r=g\",\"contentUrl\":\"https:\/\/secure.gravatar.com\/avatar\/c268f4d483ce0486e5a10fee87bbf756?s=96&d=mm&r=g\",\"caption\":\"admin1\"},\"url\":\"https:\/\/culturbaine.com\/index.php\/author\/admin1\/\"}]}<\/script>\n<!-- \/ Yoast SEO Premium plugin. -->","yoast_head_json":{"title":"Gims sacr\u00e9 artiste masculin de l\u2019ann\u00e9e aux Victoires de la Musique - Culturbaine","robots":{"index":"index","follow":"follow","max-snippet":"max-snippet:-1","max-image-preview":"max-image-preview:large","max-video-preview":"max-video-preview:-1"},"canonical":"https:\/\/culturbaine.com\/index.php\/2025\/02\/15\/gims-sacre-artiste-masculin-de-lannee-aux-victoires-de-la-musique\/","og_locale":"fr_FR","og_type":"article","og_title":"Gims sacr\u00e9 artiste masculin de l\u2019ann\u00e9e aux Victoires de la Musique","og_description":"Gims continue d\u2019imposer sa marque dans l\u2019industrie musicale fran\u00e7aise en encha\u00eenant les distinctions. L\u2019interpr\u00e8te de Sap\u00e9s comme jamais a \u00e9t\u00e9 r\u00e9compens\u00e9 lors de la 40\u1d49 \u00e9dition des Victoires de la Musique, qui s\u2019est tenue ce vendredi 14 f\u00e9vrier \u00e0 la Seine Musicale de Boulogne-Billancourt. La c\u00e9r\u00e9monie, diffus\u00e9e sur France 2, a c\u00e9l\u00e9br\u00e9 les artistes les [&hellip;]","og_url":"https:\/\/culturbaine.com\/index.php\/2025\/02\/15\/gims-sacre-artiste-masculin-de-lannee-aux-victoires-de-la-musique\/","og_site_name":"Culturbaine","article_publisher":"https:\/\/www.facebook.com\/Culturbaines","article_published_time":"2025-02-15T08:00:12+00:00","article_modified_time":"2025-02-15T06:48:51+00:00","og_image":[{"width":718,"height":467,"url":"https:\/\/culturbaine.com\/wp-content\/uploads\/2025\/02\/IMG_20250215_064429.jpg","type":"image\/jpeg"}],"author":"admin1","twitter_card":"summary_large_image","twitter_creator":"@culturbaines","twitter_site":"@culturbaines","twitter_misc":{"\u00c9crit par":"admin1","Dur\u00e9e de lecture estim\u00e9e":"1 minute"},"schema":{"@context":"https:\/\/schema.org","@graph":[{"@type":"Article","@id":"https:\/\/culturbaine.com\/index.php\/2025\/02\/15\/gims-sacre-artiste-masculin-de-lannee-aux-victoires-de-la-musique\/#article","isPartOf":{"@id":"https:\/\/culturbaine.com\/index.php\/2025\/02\/15\/gims-sacre-artiste-masculin-de-lannee-aux-victoires-de-la-musique\/"},"author":{"name":"admin1","@id":"https:\/\/culturbaine.com\/#\/schema\/person\/42eb7485c572e0746c1ea6b8216c3814"},"headline":"Gims sacr\u00e9 artiste masculin de l\u2019ann\u00e9e aux Victoires de la Musique","datePublished":"2025-02-15T08:00:12+00:00","dateModified":"2025-02-15T06:48:51+00:00","mainEntityOfPage":{"@id":"https:\/\/culturbaine.com\/index.php\/2025\/02\/15\/gims-sacre-artiste-masculin-de-lannee-aux-victoires-de-la-musique\/"},"wordCount":196,"publisher":{"@id":"https:\/\/culturbaine.com\/#organization"},"image":{"@id":"https:\/\/culturbaine.com\/index.php\/2025\/02\/15\/gims-sacre-artiste-masculin-de-lannee-aux-victoires-de-la-musique\/#primaryimage"},"thumbnailUrl":"https:\/\/culturbaine.com\/wp-content\/uploads\/2025\/02\/IMG_20250215_064429.jpg","keywords":["Gims sacr\u00e9 artiste masculin de l\u2019ann\u00e9e aux Victoires de la Musique"],"articleSection":["Actualit\u00e9","Rap"],"inLanguage":"fr-FR"},{"@type":"WebPage","@id":"https:\/\/culturbaine.com\/index.php\/2025\/02\/15\/gims-sacre-artiste-masculin-de-lannee-aux-victoires-de-la-musique\/","url":"https:\/\/culturbaine.com\/index.php\/2025\/02\/15\/gims-sacre-artiste-masculin-de-lannee-aux-victoires-de-la-musique\/","name":"Gims sacr\u00e9 artiste masculin de l\u2019ann\u00e9e aux Victoires de la Musique - Culturbaine","isPartOf":{"@id":"https:\/\/culturbaine.com\/#website"},"primaryImageOfPage":{"@id":"https:\/\/culturbaine.com\/index.php\/2025\/02\/15\/gims-sacre-artiste-masculin-de-lannee-aux-victoires-de-la-musique\/#primaryimage"},"image":{"@id":"https:\/\/culturbaine.com\/index.php\/2025\/02\/15\/gims-sacre-artiste-masculin-de-lannee-aux-victoires-de-la-musique\/#primaryimage"},"thumbnailUrl":"https:\/\/culturbaine.com\/wp-content\/uploads\/2025\/02\/IMG_20250215_064429.jpg","datePublished":"2025-02-15T08:00:12+00:00","dateModified":"2025-02-15T06:48:51+00:00","breadcrumb":{"@id":"https:\/\/culturbaine.com\/index.php\/2025\/02\/15\/gims-sacre-artiste-masculin-de-lannee-aux-victoires-de-la-musique\/#breadcrumb"},"inLanguage":"fr-FR","potentialAction":[{"@type":"ReadAction","target":["https:\/\/culturbaine.com\/index.php\/2025\/02\/15\/gims-sacre-artiste-masculin-de-lannee-aux-victoires-de-la-musique\/"]}]},{"@type":"ImageObject","inLanguage":"fr-FR","@id":"https:\/\/culturbaine.com\/index.php\/2025\/02\/15\/gims-sacre-artiste-masculin-de-lannee-aux-victoires-de-la-musique\/#primaryimage","url":"https:\/\/culturbaine.com\/wp-content\/uploads\/2025\/02\/IMG_20250215_064429.jpg","contentUrl":"https:\/\/culturbaine.com\/wp-content\/uploads\/2025\/02\/IMG_20250215_064429.jpg","width":718,"height":467},{"@type":"BreadcrumbList","@id":"https:\/\/culturbaine.com\/index.php\/2025\/02\/15\/gims-sacre-artiste-masculin-de-lannee-aux-victoires-de-la-musique\/#breadcrumb","itemListElement":[{"@type":"ListItem","position":1,"name":"Home","item":"https:\/\/culturbaine.com\/"},{"@type":"ListItem","position":2,"name":"Gims sacr\u00e9 artiste masculin de l\u2019ann\u00e9e aux Victoires de la Musique"}]},{"@type":"WebSite","@id":"https:\/\/culturbaine.com\/#website","url":"https:\/\/culturbaine.com\/","name":"Culturbaine.com","description":"Toute l&#039;actualit\u00e9 des Cultures Urbaines, en un clic  !","publisher":{"@id":"https:\/\/culturbaine.com\/#organization"},"potentialAction":[{"@type":"SearchAction","target":{"@type":"EntryPoint","urlTemplate":"https:\/\/culturbaine.com\/?s={search_term_string}"},"query-input":{"@type":"PropertyValueSpecification","valueRequired":true,"valueName":"search_term_string"}}],"inLanguage":"fr-FR"},{"@type":"Organization","@id":"https:\/\/culturbaine.com\/#organization","name":"Culturbaine.com","url":"https:\/\/culturbaine.com\/","logo":{"@type":"ImageObject","inLanguage":"fr-FR","@id":"https:\/\/culturbaine.com\/#\/schema\/logo\/image\/","url":"https:\/\/culturbaine.com\/wp-content\/uploads\/2023\/07\/WhatsApp-Image-2023-07-17-at-14.38.18.jpeg","contentUrl":"https:\/\/culturbaine.com\/wp-content\/uploads\/2023\/07\/WhatsApp-Image-2023-07-17-at-14.38.18.jpeg","width":855,"height":270,"caption":"Culturbaine.com"},"image":{"@id":"https:\/\/culturbaine.com\/#\/schema\/logo\/image\/"},"sameAs":["https:\/\/www.facebook.com\/Culturbaines","https:\/\/x.com\/culturbaines"]},{"@type":"Person","@id":"https:\/\/culturbaine.com\/#\/schema\/person\/42eb7485c572e0746c1ea6b8216c3814","name":"admin1","image":{"@type":"ImageObject","inLanguage":"fr-FR","@id":"https:\/\/culturbaine.com\/#\/schema\/person\/image\/","url":"https:\/\/secure.gravatar.com\/avatar\/c268f4d483ce0486e5a10fee87bbf756?s=96&d=mm&r=g","contentUrl":"https:\/\/secure.gravatar.com\/avatar\/c268f4d483ce0486e5a10fee87bbf756?s=96&d=mm&r=g","caption":"admin1"},"url":"https:\/\/culturbaine.com\/index.php\/author\/admin1\/"}]}},"_links":{"self":[{"href":"https:\/\/culturbaine.com\/index.php\/wp-json\/wp\/v2\/posts\/11130"}],"collection":[{"href":"https:\/\/culturbaine.com\/index.php\/wp-json\/wp\/v2\/posts"}],"about":[{"href":"https:\/\/culturbaine.com\/index.php\/wp-json\/wp\/v2\/types\/post"}],"author":[{"embeddable":true,"href":"https:\/\/culturbaine.com\/index.php\/wp-json\/wp\/v2\/users\/2"}],"replies":[{"embeddable":true,"href":"https:\/\/culturbaine.com\/index.php\/wp-json\/wp\/v2\/comments?post=11130"}],"version-history":[{"count":0,"href":"https:\/\/culturbaine.com\/index.php\/wp-json\/wp\/v2\/posts\/11130\/revisions"}],"wp:featuredmedia":[{"embeddable":true,"href":"https:\/\/culturbaine.com\/index.php\/wp-json\/wp\/v2\/media\/11131"}],"wp:attachment":[{"href":"https:\/\/culturbaine.com\/index.php\/wp-json\/wp\/v2\/media?parent=11130"}],"wp:term":[{"taxonomy":"category","embeddable":true,"href":"https:\/\/culturbaine.com\/index.php\/wp-json\/wp\/v2\/categories?post=11130"},{"taxonomy":"post_tag","embeddable":true,"href":"https:\/\/culturbaine.com\/index.php\/wp-json\/wp\/v2\/tags?post=11130"}],"curies":[{"name":"wp","href":"https:\/\/api.w.org\/{rel}","templated":true}]}}