{"id":1110,"date":"2023-09-04T13:11:37","date_gmt":"2023-09-04T13:11:37","guid":{"rendered":"https:\/\/culturbaine.com\/?p=1110"},"modified":"2023-09-04T13:11:37","modified_gmt":"2023-09-04T13:11:37","slug":"musique-young-po-lance-woulou-en-avant-premiere","status":"publish","type":"post","link":"https:\/\/culturbaine.com\/index.php\/2023\/09\/04\/musique-young-po-lance-woulou-en-avant-premiere\/","title":{"rendered":"Musique : Young P\u00f4 lance \u00ab\u00a0Woulou\u00a0\u00bb en avant-premi\u00e8re"},"content":{"rendered":"<h4>Le rappeur malien, <a href=\"https:\/\/www.facebook.com\/youngpoglbling\/?locale=fr_FR\">Young P\u00f4<\/a>, enrichit son r\u00e9pertoire musical avec une nouvelle \u0153uvre. Il a r\u00e9cemment d\u00e9voil\u00e9 son dernier single intitul\u00e9 \u00ab\u00a0Woulou\u00a0\u00bb, d\u00e9sormais disponible sur toutes les plateformes de t\u00e9l\u00e9chargement et de streaming.<\/h4>\n<p>Dans ce titre, \u00ab\u00a0Woulou\u00a0\u00bb, qui constitue le premier extrait de son prochain album baptis\u00e9 \u00ab\u00a0Tchal\u00e9 V2\u00a0\u00bb, Young P\u00f4, qui s&rsquo;illustre comme l&rsquo;une des figures montantes du rap <a href=\"https:\/\/culturbaine.com\/index.php\/2023\/07\/23\/rap-malien-entre-ad-montana-et-la-musique-bientot-le-clap-de-fin\/\">malien<\/a>, livre une prestation \u00e9nergique qui d\u00e9montre une fois de plus sa ma\u00eetrise de son art. \u00ab\u00a0Woulou\u00a0\u00bb, que nous vous proposons en \u00e9coute ci-dessous, est une chanson qui refl\u00e8te parfaitement l&rsquo;engagement de l&rsquo;auteur du titre \u00ab\u00a0Kabacourou\u00a0\u00bb, qui n&rsquo;h\u00e9site pas \u00e0 exprimer ses opinions.<\/p>\n<p>Il est important de rappeler que Young P\u00f4 est un rappeur engag\u00e9 qui utilise sa musique pour d\u00e9noncer les in\u00e9galit\u00e9s sociales et la corruption. Il est \u00e9galement un fervent d\u00e9fenseur de la jeunesse malienne.<\/p>\n<p><iframe loading=\"lazy\" title=\"Young P\u00f4 - Woulou (Son Officiel)\" width=\"1170\" height=\"658\" src=\"https:\/\/www.youtube.com\/embed\/nJ0qruXRJvg?wmode=transparent&amp;rel=0&amp;feature=oembed\" frameborder=\"0\" allow=\"accelerometer; autoplay; clipboard-write; encrypted-media; gyroscope; picture-in-picture; web-share\" allowfullscreen><\/iframe><\/p>\n","protected":false},"excerpt":{"rendered":"<p>Le rappeur malien, Young P\u00f4, enrichit son r\u00e9pertoire musical avec une nouvelle \u0153uvre. Il a r\u00e9cemment d\u00e9voil\u00e9 son dernier single intitul\u00e9 \u00ab\u00a0Woulou\u00a0\u00bb, d\u00e9sormais disponible sur toutes les plateformes de t\u00e9l\u00e9chargement et de streaming. Dans ce titre, \u00ab\u00a0Woulou\u00a0\u00bb, qui constitue le premier extrait de son prochain album baptis\u00e9 \u00ab\u00a0Tchal\u00e9 V2\u00a0\u00bb, Young P\u00f4, qui s&rsquo;illustre comme l&rsquo;une [&hellip;]<\/p>\n","protected":false},"author":2,"featured_media":1112,"comment_status":"open","ping_status":"open","sticky":false,"template":"","format":"standard","meta":{"_mi_skip_tracking":false,"_monsterinsights_sitenote_active":false,"_monsterinsights_sitenote_note":"","_monsterinsights_sitenote_category":0,"footnotes":""},"categories":[32,500],"tags":[503,462,502,501],"class_list":["post-1110","post","type-post","status-publish","format-standard","has-post-thumbnail","hentry","category-dernieres-sorties","category-musique","tag-hip-hop-malien","tag-rap-africain","tag-rappeur-malien","tag-young-po"],"yoast_head":"<!-- This site is optimized with the Yoast SEO Premium plugin v20.1 (Yoast SEO v24.0) - https:\/\/yoast.com\/wordpress\/plugins\/seo\/ -->\n<title>Musique : Young P\u00f4 lance &quot;Woulou&quot; en avant-premi\u00e8re - Culturbaine<\/title>\n<meta name=\"description\" content=\"Le rappeur malien, Young P\u00f4, enrichit son r\u00e9pertoire musical avec une nouvelle \u0153uvre. Il a r\u00e9cemment d\u00e9voil\u00e9 son dernier single intitul\u00e9\" \/>\n<meta name=\"robots\" content=\"index, follow, max-snippet:-1, max-image-preview:large, max-video-preview:-1\" \/>\n<link rel=\"canonical\" href=\"http:\/\/culturbaine.com\/index.php\/2023\/09\/04\/musique-young-po-lance-woulou-en-avant-premiere\/\" \/>\n<meta property=\"og:locale\" content=\"fr_FR\" \/>\n<meta property=\"og:type\" content=\"article\" \/>\n<meta property=\"og:title\" content=\"Musique : Young P\u00f4 lance &quot;Woulou&quot; en avant-premi\u00e8re\" \/>\n<meta property=\"og:description\" content=\"Le rappeur malien, Young P\u00f4, enrichit son r\u00e9pertoire musical avec une nouvelle \u0153uvre. Il a r\u00e9cemment d\u00e9voil\u00e9 son dernier single intitul\u00e9\" \/>\n<meta property=\"og:url\" content=\"http:\/\/culturbaine.com\/index.php\/2023\/09\/04\/musique-young-po-lance-woulou-en-avant-premiere\/\" \/>\n<meta property=\"og:site_name\" content=\"Culturbaine\" \/>\n<meta property=\"article:publisher\" content=\"https:\/\/www.facebook.com\/Culturbaines\" \/>\n<meta property=\"article:published_time\" content=\"2023-09-04T13:11:37+00:00\" \/>\n<meta property=\"og:image\" content=\"http:\/\/culturbaine.com\/wp-content\/uploads\/2023\/09\/WhatsApp-Image-2023-09-04-at-13.01.19.jpeg\" \/>\n\t<meta property=\"og:image:width\" content=\"800\" \/>\n\t<meta property=\"og:image:height\" content=\"450\" \/>\n\t<meta property=\"og:image:type\" content=\"image\/jpeg\" \/>\n<meta name=\"author\" content=\"admin1\" \/>\n<meta name=\"twitter:card\" content=\"summary_large_image\" \/>\n<meta name=\"twitter:creator\" content=\"@culturbaines\" \/>\n<meta name=\"twitter:site\" content=\"@culturbaines\" \/>\n<meta name=\"twitter:label1\" content=\"\u00c9crit par\" \/>\n\t<meta name=\"twitter:data1\" content=\"admin1\" \/>\n\t<meta name=\"twitter:label2\" content=\"Dur\u00e9e de lecture estim\u00e9e\" \/>\n\t<meta name=\"twitter:data2\" content=\"1 minute\" \/>\n<script type=\"application\/ld+json\" class=\"yoast-schema-graph\">{\"@context\":\"https:\/\/schema.org\",\"@graph\":[{\"@type\":\"Article\",\"@id\":\"http:\/\/culturbaine.com\/index.php\/2023\/09\/04\/musique-young-po-lance-woulou-en-avant-premiere\/#article\",\"isPartOf\":{\"@id\":\"http:\/\/culturbaine.com\/index.php\/2023\/09\/04\/musique-young-po-lance-woulou-en-avant-premiere\/\"},\"author\":{\"name\":\"admin1\",\"@id\":\"https:\/\/culturbaine.com\/#\/schema\/person\/42eb7485c572e0746c1ea6b8216c3814\"},\"headline\":\"Musique : Young P\u00f4 lance \u00ab\u00a0Woulou\u00a0\u00bb en avant-premi\u00e8re\",\"datePublished\":\"2023-09-04T13:11:37+00:00\",\"dateModified\":\"2023-09-04T13:11:37+00:00\",\"mainEntityOfPage\":{\"@id\":\"http:\/\/culturbaine.com\/index.php\/2023\/09\/04\/musique-young-po-lance-woulou-en-avant-premiere\/\"},\"wordCount\":173,\"commentCount\":0,\"publisher\":{\"@id\":\"https:\/\/culturbaine.com\/#organization\"},\"image\":{\"@id\":\"http:\/\/culturbaine.com\/index.php\/2023\/09\/04\/musique-young-po-lance-woulou-en-avant-premiere\/#primaryimage\"},\"thumbnailUrl\":\"https:\/\/culturbaine.com\/wp-content\/uploads\/2023\/09\/WhatsApp-Image-2023-09-04-at-13.01.19.jpeg\",\"keywords\":[\"hip-hop malien\",\"Rap africain\",\"rappeur malien\",\"Young P\u00f4\"],\"articleSection\":[\"Derni\u00e8res sorties\",\"Musique\"],\"inLanguage\":\"fr-FR\"},{\"@type\":\"WebPage\",\"@id\":\"http:\/\/culturbaine.com\/index.php\/2023\/09\/04\/musique-young-po-lance-woulou-en-avant-premiere\/\",\"url\":\"http:\/\/culturbaine.com\/index.php\/2023\/09\/04\/musique-young-po-lance-woulou-en-avant-premiere\/\",\"name\":\"Musique : Young P\u00f4 lance \\\"Woulou\\\" en avant-premi\u00e8re - Culturbaine\",\"isPartOf\":{\"@id\":\"https:\/\/culturbaine.com\/#website\"},\"primaryImageOfPage\":{\"@id\":\"http:\/\/culturbaine.com\/index.php\/2023\/09\/04\/musique-young-po-lance-woulou-en-avant-premiere\/#primaryimage\"},\"image\":{\"@id\":\"http:\/\/culturbaine.com\/index.php\/2023\/09\/04\/musique-young-po-lance-woulou-en-avant-premiere\/#primaryimage\"},\"thumbnailUrl\":\"https:\/\/culturbaine.com\/wp-content\/uploads\/2023\/09\/WhatsApp-Image-2023-09-04-at-13.01.19.jpeg\",\"datePublished\":\"2023-09-04T13:11:37+00:00\",\"dateModified\":\"2023-09-04T13:11:37+00:00\",\"description\":\"Le rappeur malien, Young P\u00f4, enrichit son r\u00e9pertoire musical avec une nouvelle \u0153uvre. Il a r\u00e9cemment d\u00e9voil\u00e9 son dernier single intitul\u00e9\",\"breadcrumb\":{\"@id\":\"http:\/\/culturbaine.com\/index.php\/2023\/09\/04\/musique-young-po-lance-woulou-en-avant-premiere\/#breadcrumb\"},\"inLanguage\":\"fr-FR\",\"potentialAction\":[{\"@type\":\"ReadAction\",\"target\":[\"http:\/\/culturbaine.com\/index.php\/2023\/09\/04\/musique-young-po-lance-woulou-en-avant-premiere\/\"]}]},{\"@type\":\"ImageObject\",\"inLanguage\":\"fr-FR\",\"@id\":\"http:\/\/culturbaine.com\/index.php\/2023\/09\/04\/musique-young-po-lance-woulou-en-avant-premiere\/#primaryimage\",\"url\":\"https:\/\/culturbaine.com\/wp-content\/uploads\/2023\/09\/WhatsApp-Image-2023-09-04-at-13.01.19.jpeg\",\"contentUrl\":\"https:\/\/culturbaine.com\/wp-content\/uploads\/2023\/09\/WhatsApp-Image-2023-09-04-at-13.01.19.jpeg\",\"width\":800,\"height\":450,\"caption\":\"Young P\u00f4\"},{\"@type\":\"BreadcrumbList\",\"@id\":\"http:\/\/culturbaine.com\/index.php\/2023\/09\/04\/musique-young-po-lance-woulou-en-avant-premiere\/#breadcrumb\",\"itemListElement\":[{\"@type\":\"ListItem\",\"position\":1,\"name\":\"Home\",\"item\":\"https:\/\/culturbaine.com\/\"},{\"@type\":\"ListItem\",\"position\":2,\"name\":\"Musique : Young P\u00f4 lance \u00ab\u00a0Woulou\u00a0\u00bb en avant-premi\u00e8re\"}]},{\"@type\":\"WebSite\",\"@id\":\"https:\/\/culturbaine.com\/#website\",\"url\":\"https:\/\/culturbaine.com\/\",\"name\":\"Culturbaine.com\",\"description\":\"Toute l&#039;actualit\u00e9 des Cultures Urbaines, en un clic  !\",\"publisher\":{\"@id\":\"https:\/\/culturbaine.com\/#organization\"},\"potentialAction\":[{\"@type\":\"SearchAction\",\"target\":{\"@type\":\"EntryPoint\",\"urlTemplate\":\"https:\/\/culturbaine.com\/?s={search_term_string}\"},\"query-input\":{\"@type\":\"PropertyValueSpecification\",\"valueRequired\":true,\"valueName\":\"search_term_string\"}}],\"inLanguage\":\"fr-FR\"},{\"@type\":\"Organization\",\"@id\":\"https:\/\/culturbaine.com\/#organization\",\"name\":\"Culturbaine.com\",\"url\":\"https:\/\/culturbaine.com\/\",\"logo\":{\"@type\":\"ImageObject\",\"inLanguage\":\"fr-FR\",\"@id\":\"https:\/\/culturbaine.com\/#\/schema\/logo\/image\/\",\"url\":\"https:\/\/culturbaine.com\/wp-content\/uploads\/2023\/07\/WhatsApp-Image-2023-07-17-at-14.38.18.jpeg\",\"contentUrl\":\"https:\/\/culturbaine.com\/wp-content\/uploads\/2023\/07\/WhatsApp-Image-2023-07-17-at-14.38.18.jpeg\",\"width\":855,\"height\":270,\"caption\":\"Culturbaine.com\"},\"image\":{\"@id\":\"https:\/\/culturbaine.com\/#\/schema\/logo\/image\/\"},\"sameAs\":[\"https:\/\/www.facebook.com\/Culturbaines\",\"https:\/\/x.com\/culturbaines\"]},{\"@type\":\"Person\",\"@id\":\"https:\/\/culturbaine.com\/#\/schema\/person\/42eb7485c572e0746c1ea6b8216c3814\",\"name\":\"admin1\",\"image\":{\"@type\":\"ImageObject\",\"inLanguage\":\"fr-FR\",\"@id\":\"https:\/\/culturbaine.com\/#\/schema\/person\/image\/\",\"url\":\"https:\/\/secure.gravatar.com\/avatar\/c268f4d483ce0486e5a10fee87bbf756?s=96&d=mm&r=g\",\"contentUrl\":\"https:\/\/secure.gravatar.com\/avatar\/c268f4d483ce0486e5a10fee87bbf756?s=96&d=mm&r=g\",\"caption\":\"admin1\"},\"url\":\"https:\/\/culturbaine.com\/index.php\/author\/admin1\/\"}]}<\/script>\n<!-- \/ Yoast SEO Premium plugin. -->","yoast_head_json":{"title":"Musique : Young P\u00f4 lance \"Woulou\" en avant-premi\u00e8re - Culturbaine","description":"Le rappeur malien, Young P\u00f4, enrichit son r\u00e9pertoire musical avec une nouvelle \u0153uvre. Il a r\u00e9cemment d\u00e9voil\u00e9 son dernier single intitul\u00e9","robots":{"index":"index","follow":"follow","max-snippet":"max-snippet:-1","max-image-preview":"max-image-preview:large","max-video-preview":"max-video-preview:-1"},"canonical":"http:\/\/culturbaine.com\/index.php\/2023\/09\/04\/musique-young-po-lance-woulou-en-avant-premiere\/","og_locale":"fr_FR","og_type":"article","og_title":"Musique : Young P\u00f4 lance \"Woulou\" en avant-premi\u00e8re","og_description":"Le rappeur malien, Young P\u00f4, enrichit son r\u00e9pertoire musical avec une nouvelle \u0153uvre. Il a r\u00e9cemment d\u00e9voil\u00e9 son dernier single intitul\u00e9","og_url":"http:\/\/culturbaine.com\/index.php\/2023\/09\/04\/musique-young-po-lance-woulou-en-avant-premiere\/","og_site_name":"Culturbaine","article_publisher":"https:\/\/www.facebook.com\/Culturbaines","article_published_time":"2023-09-04T13:11:37+00:00","og_image":[{"width":800,"height":450,"url":"http:\/\/culturbaine.com\/wp-content\/uploads\/2023\/09\/WhatsApp-Image-2023-09-04-at-13.01.19.jpeg","type":"image\/jpeg"}],"author":"admin1","twitter_card":"summary_large_image","twitter_creator":"@culturbaines","twitter_site":"@culturbaines","twitter_misc":{"\u00c9crit par":"admin1","Dur\u00e9e de lecture estim\u00e9e":"1 minute"},"schema":{"@context":"https:\/\/schema.org","@graph":[{"@type":"Article","@id":"http:\/\/culturbaine.com\/index.php\/2023\/09\/04\/musique-young-po-lance-woulou-en-avant-premiere\/#article","isPartOf":{"@id":"http:\/\/culturbaine.com\/index.php\/2023\/09\/04\/musique-young-po-lance-woulou-en-avant-premiere\/"},"author":{"name":"admin1","@id":"https:\/\/culturbaine.com\/#\/schema\/person\/42eb7485c572e0746c1ea6b8216c3814"},"headline":"Musique : Young P\u00f4 lance \u00ab\u00a0Woulou\u00a0\u00bb en avant-premi\u00e8re","datePublished":"2023-09-04T13:11:37+00:00","dateModified":"2023-09-04T13:11:37+00:00","mainEntityOfPage":{"@id":"http:\/\/culturbaine.com\/index.php\/2023\/09\/04\/musique-young-po-lance-woulou-en-avant-premiere\/"},"wordCount":173,"commentCount":0,"publisher":{"@id":"https:\/\/culturbaine.com\/#organization"},"image":{"@id":"http:\/\/culturbaine.com\/index.php\/2023\/09\/04\/musique-young-po-lance-woulou-en-avant-premiere\/#primaryimage"},"thumbnailUrl":"https:\/\/culturbaine.com\/wp-content\/uploads\/2023\/09\/WhatsApp-Image-2023-09-04-at-13.01.19.jpeg","keywords":["hip-hop malien","Rap africain","rappeur malien","Young P\u00f4"],"articleSection":["Derni\u00e8res sorties","Musique"],"inLanguage":"fr-FR"},{"@type":"WebPage","@id":"http:\/\/culturbaine.com\/index.php\/2023\/09\/04\/musique-young-po-lance-woulou-en-avant-premiere\/","url":"http:\/\/culturbaine.com\/index.php\/2023\/09\/04\/musique-young-po-lance-woulou-en-avant-premiere\/","name":"Musique : Young P\u00f4 lance \"Woulou\" en avant-premi\u00e8re - Culturbaine","isPartOf":{"@id":"https:\/\/culturbaine.com\/#website"},"primaryImageOfPage":{"@id":"http:\/\/culturbaine.com\/index.php\/2023\/09\/04\/musique-young-po-lance-woulou-en-avant-premiere\/#primaryimage"},"image":{"@id":"http:\/\/culturbaine.com\/index.php\/2023\/09\/04\/musique-young-po-lance-woulou-en-avant-premiere\/#primaryimage"},"thumbnailUrl":"https:\/\/culturbaine.com\/wp-content\/uploads\/2023\/09\/WhatsApp-Image-2023-09-04-at-13.01.19.jpeg","datePublished":"2023-09-04T13:11:37+00:00","dateModified":"2023-09-04T13:11:37+00:00","description":"Le rappeur malien, Young P\u00f4, enrichit son r\u00e9pertoire musical avec une nouvelle \u0153uvre. Il a r\u00e9cemment d\u00e9voil\u00e9 son dernier single intitul\u00e9","breadcrumb":{"@id":"http:\/\/culturbaine.com\/index.php\/2023\/09\/04\/musique-young-po-lance-woulou-en-avant-premiere\/#breadcrumb"},"inLanguage":"fr-FR","potentialAction":[{"@type":"ReadAction","target":["http:\/\/culturbaine.com\/index.php\/2023\/09\/04\/musique-young-po-lance-woulou-en-avant-premiere\/"]}]},{"@type":"ImageObject","inLanguage":"fr-FR","@id":"http:\/\/culturbaine.com\/index.php\/2023\/09\/04\/musique-young-po-lance-woulou-en-avant-premiere\/#primaryimage","url":"https:\/\/culturbaine.com\/wp-content\/uploads\/2023\/09\/WhatsApp-Image-2023-09-04-at-13.01.19.jpeg","contentUrl":"https:\/\/culturbaine.com\/wp-content\/uploads\/2023\/09\/WhatsApp-Image-2023-09-04-at-13.01.19.jpeg","width":800,"height":450,"caption":"Young P\u00f4"},{"@type":"BreadcrumbList","@id":"http:\/\/culturbaine.com\/index.php\/2023\/09\/04\/musique-young-po-lance-woulou-en-avant-premiere\/#breadcrumb","itemListElement":[{"@type":"ListItem","position":1,"name":"Home","item":"https:\/\/culturbaine.com\/"},{"@type":"ListItem","position":2,"name":"Musique : Young P\u00f4 lance \u00ab\u00a0Woulou\u00a0\u00bb en avant-premi\u00e8re"}]},{"@type":"WebSite","@id":"https:\/\/culturbaine.com\/#website","url":"https:\/\/culturbaine.com\/","name":"Culturbaine.com","description":"Toute l&#039;actualit\u00e9 des Cultures Urbaines, en un clic  !","publisher":{"@id":"https:\/\/culturbaine.com\/#organization"},"potentialAction":[{"@type":"SearchAction","target":{"@type":"EntryPoint","urlTemplate":"https:\/\/culturbaine.com\/?s={search_term_string}"},"query-input":{"@type":"PropertyValueSpecification","valueRequired":true,"valueName":"search_term_string"}}],"inLanguage":"fr-FR"},{"@type":"Organization","@id":"https:\/\/culturbaine.com\/#organization","name":"Culturbaine.com","url":"https:\/\/culturbaine.com\/","logo":{"@type":"ImageObject","inLanguage":"fr-FR","@id":"https:\/\/culturbaine.com\/#\/schema\/logo\/image\/","url":"https:\/\/culturbaine.com\/wp-content\/uploads\/2023\/07\/WhatsApp-Image-2023-07-17-at-14.38.18.jpeg","contentUrl":"https:\/\/culturbaine.com\/wp-content\/uploads\/2023\/07\/WhatsApp-Image-2023-07-17-at-14.38.18.jpeg","width":855,"height":270,"caption":"Culturbaine.com"},"image":{"@id":"https:\/\/culturbaine.com\/#\/schema\/logo\/image\/"},"sameAs":["https:\/\/www.facebook.com\/Culturbaines","https:\/\/x.com\/culturbaines"]},{"@type":"Person","@id":"https:\/\/culturbaine.com\/#\/schema\/person\/42eb7485c572e0746c1ea6b8216c3814","name":"admin1","image":{"@type":"ImageObject","inLanguage":"fr-FR","@id":"https:\/\/culturbaine.com\/#\/schema\/person\/image\/","url":"https:\/\/secure.gravatar.com\/avatar\/c268f4d483ce0486e5a10fee87bbf756?s=96&d=mm&r=g","contentUrl":"https:\/\/secure.gravatar.com\/avatar\/c268f4d483ce0486e5a10fee87bbf756?s=96&d=mm&r=g","caption":"admin1"},"url":"https:\/\/culturbaine.com\/index.php\/author\/admin1\/"}]}},"_links":{"self":[{"href":"https:\/\/culturbaine.com\/index.php\/wp-json\/wp\/v2\/posts\/1110"}],"collection":[{"href":"https:\/\/culturbaine.com\/index.php\/wp-json\/wp\/v2\/posts"}],"about":[{"href":"https:\/\/culturbaine.com\/index.php\/wp-json\/wp\/v2\/types\/post"}],"author":[{"embeddable":true,"href":"https:\/\/culturbaine.com\/index.php\/wp-json\/wp\/v2\/users\/2"}],"replies":[{"embeddable":true,"href":"https:\/\/culturbaine.com\/index.php\/wp-json\/wp\/v2\/comments?post=1110"}],"version-history":[{"count":0,"href":"https:\/\/culturbaine.com\/index.php\/wp-json\/wp\/v2\/posts\/1110\/revisions"}],"wp:featuredmedia":[{"embeddable":true,"href":"https:\/\/culturbaine.com\/index.php\/wp-json\/wp\/v2\/media\/1112"}],"wp:attachment":[{"href":"https:\/\/culturbaine.com\/index.php\/wp-json\/wp\/v2\/media?parent=1110"}],"wp:term":[{"taxonomy":"category","embeddable":true,"href":"https:\/\/culturbaine.com\/index.php\/wp-json\/wp\/v2\/categories?post=1110"},{"taxonomy":"post_tag","embeddable":true,"href":"https:\/\/culturbaine.com\/index.php\/wp-json\/wp\/v2\/tags?post=1110"}],"curies":[{"name":"wp","href":"https:\/\/api.w.org\/{rel}","templated":true}]}}