{"id":11042,"date":"2025-02-07T11:00:59","date_gmt":"2025-02-07T11:00:59","guid":{"rendered":"https:\/\/culturbaine.com\/?p=11042"},"modified":"2025-02-07T10:08:47","modified_gmt":"2025-02-07T10:08:47","slug":"ismael-isaac-en-concert-a-paris-le-21-fevrier-prochain","status":"publish","type":"post","link":"https:\/\/culturbaine.com\/index.php\/2025\/02\/07\/ismael-isaac-en-concert-a-paris-le-21-fevrier-prochain\/","title":{"rendered":"Isma\u00ebl Isaac en concert \u00e0 Paris le 21 f\u00e9vrier prochain"},"content":{"rendered":"<p>Le c\u00e9l\u00e8bre chanteur ivoirien de reggae, <strong>Isma\u00ebl Isaac<\/strong>, donnera un concert exceptionnel le 21 f\u00e9vrier prochain \u00e0 la salle mythique du <strong>New Morning<\/strong>, \u00e0 Paris.<\/p>\n<p>Cette annonce a \u00e9t\u00e9 faite par l&rsquo;artiste lui-m\u00eame il y a quelque temps sur ses r\u00e9seaux sociaux, suscitant l\u2019engouement de ses fans en France et ailleurs.<\/p>\n<p>Avec plus de 30 ans de carri\u00e8re, <strong>Isma\u00ebl<\/strong> <strong>Isaac<\/strong> est reconnu comme un v\u00e9ritable v\u00e9t\u00e9ran du reggae et un militant engag\u00e9 pour les droits de l\u2019homme. Ses chansons v\u00e9hiculent des messages forts de paix, d\u2019amour et de justice sociale, qui continuent d&rsquo;inspirer des g\u00e9n\u00e9rations.<\/p>\n<p>Des titres embl\u00e9matiques comme \u00ab\u00a0<strong>Goodbye Apartheid<\/strong>\u00ab\u00a0, \u00ab\u00a0<strong>Tientigui<\/strong>\u00ab\u00a0, \u00ab\u00a0<strong>Magnou Mako\u00a0\u00bb<\/strong> ou encore \u00ab\u00a0Lampedusa\u00a0\u00bb t\u00e9moignent de son engagement et de son influence sur la sc\u00e8ne musicale internationale.<\/p>\n<p>Ce concert s&rsquo;annonce comme une occasion unique pour ses admirateurs de red\u00e9couvrir l\u2019univers musical de cet artiste l\u00e9gendaire. Rendez-vous est donc pris pour le 21 f\u00e9vrier au <strong>New Morning<\/strong>.<\/p>\n<p><img loading=\"lazy\" decoding=\"async\" class=\"aligncenter size-full wp-image-11043\" src=\"https:\/\/culturbaine.com\/wp-content\/uploads\/2025\/02\/1738920578233.jpg\" alt=\"\" width=\"720\" height=\"540\" srcset=\"https:\/\/culturbaine.com\/wp-content\/uploads\/2025\/02\/1738920578233.jpg 720w, https:\/\/culturbaine.com\/wp-content\/uploads\/2025\/02\/1738920578233-300x225.jpg 300w, https:\/\/culturbaine.com\/wp-content\/uploads\/2025\/02\/1738920578233-86x64.jpg 86w\" sizes=\"(max-width: 720px) 100vw, 720px\" \/><\/p>\n<p>Save the date<\/p>\n<p><strong>Mohamed Cinq Sylla<\/strong><\/p>\n","protected":false},"excerpt":{"rendered":"<p>Le c\u00e9l\u00e8bre chanteur ivoirien de reggae, Isma\u00ebl Isaac, donnera un concert exceptionnel le 21 f\u00e9vrier prochain \u00e0 la salle mythique du New Morning, \u00e0 Paris. Cette annonce a \u00e9t\u00e9 faite par l&rsquo;artiste lui-m\u00eame il y a quelque temps sur ses r\u00e9seaux sociaux, suscitant l\u2019engouement de ses fans en France et ailleurs. Avec plus de 30 [&hellip;]<\/p>\n","protected":false},"author":2,"featured_media":11044,"comment_status":"closed","ping_status":"closed","sticky":false,"template":"","format":"standard","meta":{"_mi_skip_tracking":false,"_monsterinsights_sitenote_active":false,"_monsterinsights_sitenote_note":"","_monsterinsights_sitenote_category":0,"footnotes":""},"categories":[21,33,2394],"tags":[3661],"class_list":["post-11042","post","type-post","status-publish","format-standard","has-post-thumbnail","hentry","category-actualite","category-agenda","category-reggae","tag-ismael-isaac-en-concert-a-paris-le-21-fevrier-prochain"],"yoast_head":"<!-- This site is optimized with the Yoast SEO Premium plugin v20.1 (Yoast SEO v24.0) - https:\/\/yoast.com\/wordpress\/plugins\/seo\/ -->\n<title>Isma\u00ebl Isaac en concert \u00e0 Paris le 21 f\u00e9vrier prochain - Culturbaine<\/title>\n<meta name=\"robots\" content=\"index, follow, max-snippet:-1, max-image-preview:large, max-video-preview:-1\" \/>\n<link rel=\"canonical\" href=\"https:\/\/culturbaine.com\/index.php\/2025\/02\/07\/ismael-isaac-en-concert-a-paris-le-21-fevrier-prochain\/\" \/>\n<meta property=\"og:locale\" content=\"fr_FR\" \/>\n<meta property=\"og:type\" content=\"article\" \/>\n<meta property=\"og:title\" content=\"Isma\u00ebl Isaac en concert \u00e0 Paris le 21 f\u00e9vrier prochain\" \/>\n<meta property=\"og:description\" content=\"Le c\u00e9l\u00e8bre chanteur ivoirien de reggae, Isma\u00ebl Isaac, donnera un concert exceptionnel le 21 f\u00e9vrier prochain \u00e0 la salle mythique du New Morning, \u00e0 Paris. Cette annonce a \u00e9t\u00e9 faite par l&rsquo;artiste lui-m\u00eame il y a quelque temps sur ses r\u00e9seaux sociaux, suscitant l\u2019engouement de ses fans en France et ailleurs. Avec plus de 30 [&hellip;]\" \/>\n<meta property=\"og:url\" content=\"https:\/\/culturbaine.com\/index.php\/2025\/02\/07\/ismael-isaac-en-concert-a-paris-le-21-fevrier-prochain\/\" \/>\n<meta property=\"og:site_name\" content=\"Culturbaine\" \/>\n<meta property=\"article:publisher\" content=\"https:\/\/www.facebook.com\/Culturbaines\" \/>\n<meta property=\"article:published_time\" content=\"2025-02-07T11:00:59+00:00\" \/>\n<meta property=\"article:modified_time\" content=\"2025-02-07T10:08:47+00:00\" \/>\n<meta property=\"og:image\" content=\"https:\/\/culturbaine.com\/wp-content\/uploads\/2025\/02\/17389205705662.jpg\" \/>\n\t<meta property=\"og:image:width\" content=\"719\" \/>\n\t<meta property=\"og:image:height\" content=\"461\" \/>\n\t<meta property=\"og:image:type\" content=\"image\/jpeg\" \/>\n<meta name=\"author\" content=\"admin1\" \/>\n<meta name=\"twitter:card\" content=\"summary_large_image\" \/>\n<meta name=\"twitter:creator\" content=\"@culturbaines\" \/>\n<meta name=\"twitter:site\" content=\"@culturbaines\" \/>\n<meta name=\"twitter:label1\" content=\"\u00c9crit par\" \/>\n\t<meta name=\"twitter:data1\" content=\"admin1\" \/>\n\t<meta name=\"twitter:label2\" content=\"Dur\u00e9e de lecture estim\u00e9e\" \/>\n\t<meta name=\"twitter:data2\" content=\"2 minutes\" \/>\n<script type=\"application\/ld+json\" class=\"yoast-schema-graph\">{\"@context\":\"https:\/\/schema.org\",\"@graph\":[{\"@type\":\"Article\",\"@id\":\"https:\/\/culturbaine.com\/index.php\/2025\/02\/07\/ismael-isaac-en-concert-a-paris-le-21-fevrier-prochain\/#article\",\"isPartOf\":{\"@id\":\"https:\/\/culturbaine.com\/index.php\/2025\/02\/07\/ismael-isaac-en-concert-a-paris-le-21-fevrier-prochain\/\"},\"author\":{\"name\":\"admin1\",\"@id\":\"https:\/\/culturbaine.com\/#\/schema\/person\/42eb7485c572e0746c1ea6b8216c3814\"},\"headline\":\"Isma\u00ebl Isaac en concert \u00e0 Paris le 21 f\u00e9vrier prochain\",\"datePublished\":\"2025-02-07T11:00:59+00:00\",\"dateModified\":\"2025-02-07T10:08:47+00:00\",\"mainEntityOfPage\":{\"@id\":\"https:\/\/culturbaine.com\/index.php\/2025\/02\/07\/ismael-isaac-en-concert-a-paris-le-21-fevrier-prochain\/\"},\"wordCount\":187,\"publisher\":{\"@id\":\"https:\/\/culturbaine.com\/#organization\"},\"image\":{\"@id\":\"https:\/\/culturbaine.com\/index.php\/2025\/02\/07\/ismael-isaac-en-concert-a-paris-le-21-fevrier-prochain\/#primaryimage\"},\"thumbnailUrl\":\"https:\/\/culturbaine.com\/wp-content\/uploads\/2025\/02\/17389205705662.jpg\",\"keywords\":[\"Isma\u00ebl Isaac en concert \u00e0 Paris le 21 f\u00e9vrier prochain\"],\"articleSection\":[\"Actualit\u00e9\",\"Agenda\",\"Reggae\"],\"inLanguage\":\"fr-FR\"},{\"@type\":\"WebPage\",\"@id\":\"https:\/\/culturbaine.com\/index.php\/2025\/02\/07\/ismael-isaac-en-concert-a-paris-le-21-fevrier-prochain\/\",\"url\":\"https:\/\/culturbaine.com\/index.php\/2025\/02\/07\/ismael-isaac-en-concert-a-paris-le-21-fevrier-prochain\/\",\"name\":\"Isma\u00ebl Isaac en concert \u00e0 Paris le 21 f\u00e9vrier prochain - Culturbaine\",\"isPartOf\":{\"@id\":\"https:\/\/culturbaine.com\/#website\"},\"primaryImageOfPage\":{\"@id\":\"https:\/\/culturbaine.com\/index.php\/2025\/02\/07\/ismael-isaac-en-concert-a-paris-le-21-fevrier-prochain\/#primaryimage\"},\"image\":{\"@id\":\"https:\/\/culturbaine.com\/index.php\/2025\/02\/07\/ismael-isaac-en-concert-a-paris-le-21-fevrier-prochain\/#primaryimage\"},\"thumbnailUrl\":\"https:\/\/culturbaine.com\/wp-content\/uploads\/2025\/02\/17389205705662.jpg\",\"datePublished\":\"2025-02-07T11:00:59+00:00\",\"dateModified\":\"2025-02-07T10:08:47+00:00\",\"breadcrumb\":{\"@id\":\"https:\/\/culturbaine.com\/index.php\/2025\/02\/07\/ismael-isaac-en-concert-a-paris-le-21-fevrier-prochain\/#breadcrumb\"},\"inLanguage\":\"fr-FR\",\"potentialAction\":[{\"@type\":\"ReadAction\",\"target\":[\"https:\/\/culturbaine.com\/index.php\/2025\/02\/07\/ismael-isaac-en-concert-a-paris-le-21-fevrier-prochain\/\"]}]},{\"@type\":\"ImageObject\",\"inLanguage\":\"fr-FR\",\"@id\":\"https:\/\/culturbaine.com\/index.php\/2025\/02\/07\/ismael-isaac-en-concert-a-paris-le-21-fevrier-prochain\/#primaryimage\",\"url\":\"https:\/\/culturbaine.com\/wp-content\/uploads\/2025\/02\/17389205705662.jpg\",\"contentUrl\":\"https:\/\/culturbaine.com\/wp-content\/uploads\/2025\/02\/17389205705662.jpg\",\"width\":719,\"height\":461},{\"@type\":\"BreadcrumbList\",\"@id\":\"https:\/\/culturbaine.com\/index.php\/2025\/02\/07\/ismael-isaac-en-concert-a-paris-le-21-fevrier-prochain\/#breadcrumb\",\"itemListElement\":[{\"@type\":\"ListItem\",\"position\":1,\"name\":\"Home\",\"item\":\"https:\/\/culturbaine.com\/\"},{\"@type\":\"ListItem\",\"position\":2,\"name\":\"Isma\u00ebl Isaac en concert \u00e0 Paris le 21 f\u00e9vrier prochain\"}]},{\"@type\":\"WebSite\",\"@id\":\"https:\/\/culturbaine.com\/#website\",\"url\":\"https:\/\/culturbaine.com\/\",\"name\":\"Culturbaine.com\",\"description\":\"Toute l&#039;actualit\u00e9 des Cultures Urbaines, en un clic  !\",\"publisher\":{\"@id\":\"https:\/\/culturbaine.com\/#organization\"},\"potentialAction\":[{\"@type\":\"SearchAction\",\"target\":{\"@type\":\"EntryPoint\",\"urlTemplate\":\"https:\/\/culturbaine.com\/?s={search_term_string}\"},\"query-input\":{\"@type\":\"PropertyValueSpecification\",\"valueRequired\":true,\"valueName\":\"search_term_string\"}}],\"inLanguage\":\"fr-FR\"},{\"@type\":\"Organization\",\"@id\":\"https:\/\/culturbaine.com\/#organization\",\"name\":\"Culturbaine.com\",\"url\":\"https:\/\/culturbaine.com\/\",\"logo\":{\"@type\":\"ImageObject\",\"inLanguage\":\"fr-FR\",\"@id\":\"https:\/\/culturbaine.com\/#\/schema\/logo\/image\/\",\"url\":\"https:\/\/culturbaine.com\/wp-content\/uploads\/2023\/07\/WhatsApp-Image-2023-07-17-at-14.38.18.jpeg\",\"contentUrl\":\"https:\/\/culturbaine.com\/wp-content\/uploads\/2023\/07\/WhatsApp-Image-2023-07-17-at-14.38.18.jpeg\",\"width\":855,\"height\":270,\"caption\":\"Culturbaine.com\"},\"image\":{\"@id\":\"https:\/\/culturbaine.com\/#\/schema\/logo\/image\/\"},\"sameAs\":[\"https:\/\/www.facebook.com\/Culturbaines\",\"https:\/\/x.com\/culturbaines\"]},{\"@type\":\"Person\",\"@id\":\"https:\/\/culturbaine.com\/#\/schema\/person\/42eb7485c572e0746c1ea6b8216c3814\",\"name\":\"admin1\",\"image\":{\"@type\":\"ImageObject\",\"inLanguage\":\"fr-FR\",\"@id\":\"https:\/\/culturbaine.com\/#\/schema\/person\/image\/\",\"url\":\"https:\/\/secure.gravatar.com\/avatar\/c268f4d483ce0486e5a10fee87bbf756?s=96&d=mm&r=g\",\"contentUrl\":\"https:\/\/secure.gravatar.com\/avatar\/c268f4d483ce0486e5a10fee87bbf756?s=96&d=mm&r=g\",\"caption\":\"admin1\"},\"url\":\"https:\/\/culturbaine.com\/index.php\/author\/admin1\/\"}]}<\/script>\n<!-- \/ Yoast SEO Premium plugin. -->","yoast_head_json":{"title":"Isma\u00ebl Isaac en concert \u00e0 Paris le 21 f\u00e9vrier prochain - Culturbaine","robots":{"index":"index","follow":"follow","max-snippet":"max-snippet:-1","max-image-preview":"max-image-preview:large","max-video-preview":"max-video-preview:-1"},"canonical":"https:\/\/culturbaine.com\/index.php\/2025\/02\/07\/ismael-isaac-en-concert-a-paris-le-21-fevrier-prochain\/","og_locale":"fr_FR","og_type":"article","og_title":"Isma\u00ebl Isaac en concert \u00e0 Paris le 21 f\u00e9vrier prochain","og_description":"Le c\u00e9l\u00e8bre chanteur ivoirien de reggae, Isma\u00ebl Isaac, donnera un concert exceptionnel le 21 f\u00e9vrier prochain \u00e0 la salle mythique du New Morning, \u00e0 Paris. Cette annonce a \u00e9t\u00e9 faite par l&rsquo;artiste lui-m\u00eame il y a quelque temps sur ses r\u00e9seaux sociaux, suscitant l\u2019engouement de ses fans en France et ailleurs. Avec plus de 30 [&hellip;]","og_url":"https:\/\/culturbaine.com\/index.php\/2025\/02\/07\/ismael-isaac-en-concert-a-paris-le-21-fevrier-prochain\/","og_site_name":"Culturbaine","article_publisher":"https:\/\/www.facebook.com\/Culturbaines","article_published_time":"2025-02-07T11:00:59+00:00","article_modified_time":"2025-02-07T10:08:47+00:00","og_image":[{"width":719,"height":461,"url":"https:\/\/culturbaine.com\/wp-content\/uploads\/2025\/02\/17389205705662.jpg","type":"image\/jpeg"}],"author":"admin1","twitter_card":"summary_large_image","twitter_creator":"@culturbaines","twitter_site":"@culturbaines","twitter_misc":{"\u00c9crit par":"admin1","Dur\u00e9e de lecture estim\u00e9e":"2 minutes"},"schema":{"@context":"https:\/\/schema.org","@graph":[{"@type":"Article","@id":"https:\/\/culturbaine.com\/index.php\/2025\/02\/07\/ismael-isaac-en-concert-a-paris-le-21-fevrier-prochain\/#article","isPartOf":{"@id":"https:\/\/culturbaine.com\/index.php\/2025\/02\/07\/ismael-isaac-en-concert-a-paris-le-21-fevrier-prochain\/"},"author":{"name":"admin1","@id":"https:\/\/culturbaine.com\/#\/schema\/person\/42eb7485c572e0746c1ea6b8216c3814"},"headline":"Isma\u00ebl Isaac en concert \u00e0 Paris le 21 f\u00e9vrier prochain","datePublished":"2025-02-07T11:00:59+00:00","dateModified":"2025-02-07T10:08:47+00:00","mainEntityOfPage":{"@id":"https:\/\/culturbaine.com\/index.php\/2025\/02\/07\/ismael-isaac-en-concert-a-paris-le-21-fevrier-prochain\/"},"wordCount":187,"publisher":{"@id":"https:\/\/culturbaine.com\/#organization"},"image":{"@id":"https:\/\/culturbaine.com\/index.php\/2025\/02\/07\/ismael-isaac-en-concert-a-paris-le-21-fevrier-prochain\/#primaryimage"},"thumbnailUrl":"https:\/\/culturbaine.com\/wp-content\/uploads\/2025\/02\/17389205705662.jpg","keywords":["Isma\u00ebl Isaac en concert \u00e0 Paris le 21 f\u00e9vrier prochain"],"articleSection":["Actualit\u00e9","Agenda","Reggae"],"inLanguage":"fr-FR"},{"@type":"WebPage","@id":"https:\/\/culturbaine.com\/index.php\/2025\/02\/07\/ismael-isaac-en-concert-a-paris-le-21-fevrier-prochain\/","url":"https:\/\/culturbaine.com\/index.php\/2025\/02\/07\/ismael-isaac-en-concert-a-paris-le-21-fevrier-prochain\/","name":"Isma\u00ebl Isaac en concert \u00e0 Paris le 21 f\u00e9vrier prochain - Culturbaine","isPartOf":{"@id":"https:\/\/culturbaine.com\/#website"},"primaryImageOfPage":{"@id":"https:\/\/culturbaine.com\/index.php\/2025\/02\/07\/ismael-isaac-en-concert-a-paris-le-21-fevrier-prochain\/#primaryimage"},"image":{"@id":"https:\/\/culturbaine.com\/index.php\/2025\/02\/07\/ismael-isaac-en-concert-a-paris-le-21-fevrier-prochain\/#primaryimage"},"thumbnailUrl":"https:\/\/culturbaine.com\/wp-content\/uploads\/2025\/02\/17389205705662.jpg","datePublished":"2025-02-07T11:00:59+00:00","dateModified":"2025-02-07T10:08:47+00:00","breadcrumb":{"@id":"https:\/\/culturbaine.com\/index.php\/2025\/02\/07\/ismael-isaac-en-concert-a-paris-le-21-fevrier-prochain\/#breadcrumb"},"inLanguage":"fr-FR","potentialAction":[{"@type":"ReadAction","target":["https:\/\/culturbaine.com\/index.php\/2025\/02\/07\/ismael-isaac-en-concert-a-paris-le-21-fevrier-prochain\/"]}]},{"@type":"ImageObject","inLanguage":"fr-FR","@id":"https:\/\/culturbaine.com\/index.php\/2025\/02\/07\/ismael-isaac-en-concert-a-paris-le-21-fevrier-prochain\/#primaryimage","url":"https:\/\/culturbaine.com\/wp-content\/uploads\/2025\/02\/17389205705662.jpg","contentUrl":"https:\/\/culturbaine.com\/wp-content\/uploads\/2025\/02\/17389205705662.jpg","width":719,"height":461},{"@type":"BreadcrumbList","@id":"https:\/\/culturbaine.com\/index.php\/2025\/02\/07\/ismael-isaac-en-concert-a-paris-le-21-fevrier-prochain\/#breadcrumb","itemListElement":[{"@type":"ListItem","position":1,"name":"Home","item":"https:\/\/culturbaine.com\/"},{"@type":"ListItem","position":2,"name":"Isma\u00ebl Isaac en concert \u00e0 Paris le 21 f\u00e9vrier prochain"}]},{"@type":"WebSite","@id":"https:\/\/culturbaine.com\/#website","url":"https:\/\/culturbaine.com\/","name":"Culturbaine.com","description":"Toute l&#039;actualit\u00e9 des Cultures Urbaines, en un clic  !","publisher":{"@id":"https:\/\/culturbaine.com\/#organization"},"potentialAction":[{"@type":"SearchAction","target":{"@type":"EntryPoint","urlTemplate":"https:\/\/culturbaine.com\/?s={search_term_string}"},"query-input":{"@type":"PropertyValueSpecification","valueRequired":true,"valueName":"search_term_string"}}],"inLanguage":"fr-FR"},{"@type":"Organization","@id":"https:\/\/culturbaine.com\/#organization","name":"Culturbaine.com","url":"https:\/\/culturbaine.com\/","logo":{"@type":"ImageObject","inLanguage":"fr-FR","@id":"https:\/\/culturbaine.com\/#\/schema\/logo\/image\/","url":"https:\/\/culturbaine.com\/wp-content\/uploads\/2023\/07\/WhatsApp-Image-2023-07-17-at-14.38.18.jpeg","contentUrl":"https:\/\/culturbaine.com\/wp-content\/uploads\/2023\/07\/WhatsApp-Image-2023-07-17-at-14.38.18.jpeg","width":855,"height":270,"caption":"Culturbaine.com"},"image":{"@id":"https:\/\/culturbaine.com\/#\/schema\/logo\/image\/"},"sameAs":["https:\/\/www.facebook.com\/Culturbaines","https:\/\/x.com\/culturbaines"]},{"@type":"Person","@id":"https:\/\/culturbaine.com\/#\/schema\/person\/42eb7485c572e0746c1ea6b8216c3814","name":"admin1","image":{"@type":"ImageObject","inLanguage":"fr-FR","@id":"https:\/\/culturbaine.com\/#\/schema\/person\/image\/","url":"https:\/\/secure.gravatar.com\/avatar\/c268f4d483ce0486e5a10fee87bbf756?s=96&d=mm&r=g","contentUrl":"https:\/\/secure.gravatar.com\/avatar\/c268f4d483ce0486e5a10fee87bbf756?s=96&d=mm&r=g","caption":"admin1"},"url":"https:\/\/culturbaine.com\/index.php\/author\/admin1\/"}]}},"_links":{"self":[{"href":"https:\/\/culturbaine.com\/index.php\/wp-json\/wp\/v2\/posts\/11042"}],"collection":[{"href":"https:\/\/culturbaine.com\/index.php\/wp-json\/wp\/v2\/posts"}],"about":[{"href":"https:\/\/culturbaine.com\/index.php\/wp-json\/wp\/v2\/types\/post"}],"author":[{"embeddable":true,"href":"https:\/\/culturbaine.com\/index.php\/wp-json\/wp\/v2\/users\/2"}],"replies":[{"embeddable":true,"href":"https:\/\/culturbaine.com\/index.php\/wp-json\/wp\/v2\/comments?post=11042"}],"version-history":[{"count":0,"href":"https:\/\/culturbaine.com\/index.php\/wp-json\/wp\/v2\/posts\/11042\/revisions"}],"wp:featuredmedia":[{"embeddable":true,"href":"https:\/\/culturbaine.com\/index.php\/wp-json\/wp\/v2\/media\/11044"}],"wp:attachment":[{"href":"https:\/\/culturbaine.com\/index.php\/wp-json\/wp\/v2\/media?parent=11042"}],"wp:term":[{"taxonomy":"category","embeddable":true,"href":"https:\/\/culturbaine.com\/index.php\/wp-json\/wp\/v2\/categories?post=11042"},{"taxonomy":"post_tag","embeddable":true,"href":"https:\/\/culturbaine.com\/index.php\/wp-json\/wp\/v2\/tags?post=11042"}],"curies":[{"name":"wp","href":"https:\/\/api.w.org\/{rel}","templated":true}]}}