{"id":10957,"date":"2025-01-29T21:22:08","date_gmt":"2025-01-29T21:22:08","guid":{"rendered":"https:\/\/culturbaine.com\/?p=10957"},"modified":"2025-01-29T21:22:08","modified_gmt":"2025-01-29T21:22:08","slug":"tams-kartel-revient-avec-dans-la-place","status":"publish","type":"post","link":"https:\/\/culturbaine.com\/index.php\/2025\/01\/29\/tams-kartel-revient-avec-dans-la-place\/","title":{"rendered":"Tam&rsquo;s Kartel revient avec \u00ab\u00a0Dans la place\u00a0\u00bb"},"content":{"rendered":"<p>Quelques jours apr\u00e8s une sortie m\u00e9diatique marquante dans laquelle il s&rsquo;est confi\u00e9 sur les r\u00e9alit\u00e9s de sa carri\u00e8re musicale, sa vie priv\u00e9e et ses anciens collaborateurs, le chanteur guin\u00e9en de dancehall, <strong>Tam&rsquo;s Kartel<\/strong>, revient sur le devant de la sc\u00e8ne avec d\u00e9termination. Loin de se laisser abattre, il a d\u00e9voil\u00e9 un nouveau single intitul\u00e9 <strong>Dans la place<\/strong>, disponible sur sa cha\u00eene YouTube.<\/p>\n<p>Ce titre, compos\u00e9 par le talentueux <strong>Ordi<\/strong> <strong>Best<\/strong>, met en lumi\u00e8re toute l&rsquo;\u00e9nergie et la cr\u00e9ativit\u00e9 du jeune artiste. Tamsir, alias <strong>Tam&rsquo;s Kartel<\/strong>, livre une performance impressionnante en posant des textes percutants et soigneusement \u00e9labor\u00e9s en fran\u00e7ais. Sur un riddim entra\u00eenant, il d\u00e9ploie des vibes captivantes pour s\u00e9duire \u00e0 nouveau ses fans.<\/p>\n<p>Avec Dans la place, <strong>Tam&rsquo;s Kartel<\/strong> confirme son statut d&rsquo;artiste \u00e0 suivre sur la sc\u00e8ne musicale guin\u00e9enne.<\/p>\n<p><iframe loading=\"lazy\" title=\"Tam\u2019s Kartel_Dans la place_(audio officiel)\" width=\"1170\" height=\"658\" src=\"https:\/\/www.youtube.com\/embed\/wRkNfGKVxE0?wmode=transparent&amp;rel=0&amp;feature=oembed\" frameborder=\"0\" allow=\"accelerometer; autoplay; clipboard-write; encrypted-media; gyroscope; picture-in-picture; web-share\" referrerpolicy=\"strict-origin-when-cross-origin\" allowfullscreen><\/iframe><\/p>\n<p><strong>Mohamed Cinq Sylla\u00a0<\/strong><\/p>\n","protected":false},"excerpt":{"rendered":"<p>Quelques jours apr\u00e8s une sortie m\u00e9diatique marquante dans laquelle il s&rsquo;est confi\u00e9 sur les r\u00e9alit\u00e9s de sa carri\u00e8re musicale, sa vie priv\u00e9e et ses anciens collaborateurs, le chanteur guin\u00e9en de dancehall, Tam&rsquo;s Kartel, revient sur le devant de la sc\u00e8ne avec d\u00e9termination. Loin de se laisser abattre, il a d\u00e9voil\u00e9 un nouveau single intitul\u00e9 Dans [&hellip;]<\/p>\n","protected":false},"author":2,"featured_media":10958,"comment_status":"closed","ping_status":"closed","sticky":false,"template":"","format":"standard","meta":{"_mi_skip_tracking":false,"_monsterinsights_sitenote_active":false,"_monsterinsights_sitenote_note":"","_monsterinsights_sitenote_category":0,"footnotes":""},"categories":[21,2719,500],"tags":[3644],"class_list":["post-10957","post","type-post","status-publish","format-standard","has-post-thumbnail","hentry","category-actualite","category-dancehall","category-musique","tag-tams-kartel-revient-avec-dans-la-place"],"yoast_head":"<!-- This site is optimized with the Yoast SEO Premium plugin v20.1 (Yoast SEO v24.0) - https:\/\/yoast.com\/wordpress\/plugins\/seo\/ -->\n<title>Tam&#039;s Kartel revient avec &quot;Dans la place&quot; - Culturbaine<\/title>\n<meta name=\"robots\" content=\"index, follow, max-snippet:-1, max-image-preview:large, max-video-preview:-1\" \/>\n<link rel=\"canonical\" href=\"https:\/\/culturbaine.com\/index.php\/2025\/01\/29\/tams-kartel-revient-avec-dans-la-place\/\" \/>\n<meta property=\"og:locale\" content=\"fr_FR\" \/>\n<meta property=\"og:type\" content=\"article\" \/>\n<meta property=\"og:title\" content=\"Tam&#039;s Kartel revient avec &quot;Dans la place&quot;\" \/>\n<meta property=\"og:description\" content=\"Quelques jours apr\u00e8s une sortie m\u00e9diatique marquante dans laquelle il s&rsquo;est confi\u00e9 sur les r\u00e9alit\u00e9s de sa carri\u00e8re musicale, sa vie priv\u00e9e et ses anciens collaborateurs, le chanteur guin\u00e9en de dancehall, Tam&rsquo;s Kartel, revient sur le devant de la sc\u00e8ne avec d\u00e9termination. Loin de se laisser abattre, il a d\u00e9voil\u00e9 un nouveau single intitul\u00e9 Dans [&hellip;]\" \/>\n<meta property=\"og:url\" content=\"https:\/\/culturbaine.com\/index.php\/2025\/01\/29\/tams-kartel-revient-avec-dans-la-place\/\" \/>\n<meta property=\"og:site_name\" content=\"Culturbaine\" \/>\n<meta property=\"article:publisher\" content=\"https:\/\/www.facebook.com\/Culturbaines\" \/>\n<meta property=\"article:published_time\" content=\"2025-01-29T21:22:08+00:00\" \/>\n<meta property=\"og:image\" content=\"https:\/\/culturbaine.com\/wp-content\/uploads\/2025\/01\/17381852604512.jpg\" \/>\n\t<meta property=\"og:image:width\" content=\"715\" \/>\n\t<meta property=\"og:image:height\" content=\"454\" \/>\n\t<meta property=\"og:image:type\" content=\"image\/jpeg\" \/>\n<meta name=\"author\" content=\"admin1\" \/>\n<meta name=\"twitter:card\" content=\"summary_large_image\" \/>\n<meta name=\"twitter:creator\" content=\"@culturbaines\" \/>\n<meta name=\"twitter:site\" content=\"@culturbaines\" \/>\n<meta name=\"twitter:label1\" content=\"\u00c9crit par\" \/>\n\t<meta name=\"twitter:data1\" content=\"admin1\" \/>\n\t<meta name=\"twitter:label2\" content=\"Dur\u00e9e de lecture estim\u00e9e\" \/>\n\t<meta name=\"twitter:data2\" content=\"1 minute\" \/>\n<script type=\"application\/ld+json\" class=\"yoast-schema-graph\">{\"@context\":\"https:\/\/schema.org\",\"@graph\":[{\"@type\":\"Article\",\"@id\":\"https:\/\/culturbaine.com\/index.php\/2025\/01\/29\/tams-kartel-revient-avec-dans-la-place\/#article\",\"isPartOf\":{\"@id\":\"https:\/\/culturbaine.com\/index.php\/2025\/01\/29\/tams-kartel-revient-avec-dans-la-place\/\"},\"author\":{\"name\":\"admin1\",\"@id\":\"https:\/\/culturbaine.com\/#\/schema\/person\/42eb7485c572e0746c1ea6b8216c3814\"},\"headline\":\"Tam&rsquo;s Kartel revient avec \u00ab\u00a0Dans la place\u00a0\u00bb\",\"datePublished\":\"2025-01-29T21:22:08+00:00\",\"dateModified\":\"2025-01-29T21:22:08+00:00\",\"mainEntityOfPage\":{\"@id\":\"https:\/\/culturbaine.com\/index.php\/2025\/01\/29\/tams-kartel-revient-avec-dans-la-place\/\"},\"wordCount\":176,\"publisher\":{\"@id\":\"https:\/\/culturbaine.com\/#organization\"},\"image\":{\"@id\":\"https:\/\/culturbaine.com\/index.php\/2025\/01\/29\/tams-kartel-revient-avec-dans-la-place\/#primaryimage\"},\"thumbnailUrl\":\"https:\/\/culturbaine.com\/wp-content\/uploads\/2025\/01\/17381852604512.jpg\",\"keywords\":[\"Tam's Kartel revient avec \\\"Dans la place\\\"\"],\"articleSection\":[\"Actualit\u00e9\",\"Dancehall\",\"Musique\"],\"inLanguage\":\"fr-FR\"},{\"@type\":\"WebPage\",\"@id\":\"https:\/\/culturbaine.com\/index.php\/2025\/01\/29\/tams-kartel-revient-avec-dans-la-place\/\",\"url\":\"https:\/\/culturbaine.com\/index.php\/2025\/01\/29\/tams-kartel-revient-avec-dans-la-place\/\",\"name\":\"Tam's Kartel revient avec \\\"Dans la place\\\" - Culturbaine\",\"isPartOf\":{\"@id\":\"https:\/\/culturbaine.com\/#website\"},\"primaryImageOfPage\":{\"@id\":\"https:\/\/culturbaine.com\/index.php\/2025\/01\/29\/tams-kartel-revient-avec-dans-la-place\/#primaryimage\"},\"image\":{\"@id\":\"https:\/\/culturbaine.com\/index.php\/2025\/01\/29\/tams-kartel-revient-avec-dans-la-place\/#primaryimage\"},\"thumbnailUrl\":\"https:\/\/culturbaine.com\/wp-content\/uploads\/2025\/01\/17381852604512.jpg\",\"datePublished\":\"2025-01-29T21:22:08+00:00\",\"dateModified\":\"2025-01-29T21:22:08+00:00\",\"breadcrumb\":{\"@id\":\"https:\/\/culturbaine.com\/index.php\/2025\/01\/29\/tams-kartel-revient-avec-dans-la-place\/#breadcrumb\"},\"inLanguage\":\"fr-FR\",\"potentialAction\":[{\"@type\":\"ReadAction\",\"target\":[\"https:\/\/culturbaine.com\/index.php\/2025\/01\/29\/tams-kartel-revient-avec-dans-la-place\/\"]}]},{\"@type\":\"ImageObject\",\"inLanguage\":\"fr-FR\",\"@id\":\"https:\/\/culturbaine.com\/index.php\/2025\/01\/29\/tams-kartel-revient-avec-dans-la-place\/#primaryimage\",\"url\":\"https:\/\/culturbaine.com\/wp-content\/uploads\/2025\/01\/17381852604512.jpg\",\"contentUrl\":\"https:\/\/culturbaine.com\/wp-content\/uploads\/2025\/01\/17381852604512.jpg\",\"width\":715,\"height\":454},{\"@type\":\"BreadcrumbList\",\"@id\":\"https:\/\/culturbaine.com\/index.php\/2025\/01\/29\/tams-kartel-revient-avec-dans-la-place\/#breadcrumb\",\"itemListElement\":[{\"@type\":\"ListItem\",\"position\":1,\"name\":\"Home\",\"item\":\"https:\/\/culturbaine.com\/\"},{\"@type\":\"ListItem\",\"position\":2,\"name\":\"Tam&rsquo;s Kartel revient avec \u00ab\u00a0Dans la place\u00a0\u00bb\"}]},{\"@type\":\"WebSite\",\"@id\":\"https:\/\/culturbaine.com\/#website\",\"url\":\"https:\/\/culturbaine.com\/\",\"name\":\"Culturbaine.com\",\"description\":\"Toute l&#039;actualit\u00e9 des Cultures Urbaines, en un clic  !\",\"publisher\":{\"@id\":\"https:\/\/culturbaine.com\/#organization\"},\"potentialAction\":[{\"@type\":\"SearchAction\",\"target\":{\"@type\":\"EntryPoint\",\"urlTemplate\":\"https:\/\/culturbaine.com\/?s={search_term_string}\"},\"query-input\":{\"@type\":\"PropertyValueSpecification\",\"valueRequired\":true,\"valueName\":\"search_term_string\"}}],\"inLanguage\":\"fr-FR\"},{\"@type\":\"Organization\",\"@id\":\"https:\/\/culturbaine.com\/#organization\",\"name\":\"Culturbaine.com\",\"url\":\"https:\/\/culturbaine.com\/\",\"logo\":{\"@type\":\"ImageObject\",\"inLanguage\":\"fr-FR\",\"@id\":\"https:\/\/culturbaine.com\/#\/schema\/logo\/image\/\",\"url\":\"https:\/\/culturbaine.com\/wp-content\/uploads\/2023\/07\/WhatsApp-Image-2023-07-17-at-14.38.18.jpeg\",\"contentUrl\":\"https:\/\/culturbaine.com\/wp-content\/uploads\/2023\/07\/WhatsApp-Image-2023-07-17-at-14.38.18.jpeg\",\"width\":855,\"height\":270,\"caption\":\"Culturbaine.com\"},\"image\":{\"@id\":\"https:\/\/culturbaine.com\/#\/schema\/logo\/image\/\"},\"sameAs\":[\"https:\/\/www.facebook.com\/Culturbaines\",\"https:\/\/x.com\/culturbaines\"]},{\"@type\":\"Person\",\"@id\":\"https:\/\/culturbaine.com\/#\/schema\/person\/42eb7485c572e0746c1ea6b8216c3814\",\"name\":\"admin1\",\"image\":{\"@type\":\"ImageObject\",\"inLanguage\":\"fr-FR\",\"@id\":\"https:\/\/culturbaine.com\/#\/schema\/person\/image\/\",\"url\":\"https:\/\/secure.gravatar.com\/avatar\/c268f4d483ce0486e5a10fee87bbf756?s=96&d=mm&r=g\",\"contentUrl\":\"https:\/\/secure.gravatar.com\/avatar\/c268f4d483ce0486e5a10fee87bbf756?s=96&d=mm&r=g\",\"caption\":\"admin1\"},\"url\":\"https:\/\/culturbaine.com\/index.php\/author\/admin1\/\"}]}<\/script>\n<!-- \/ Yoast SEO Premium plugin. -->","yoast_head_json":{"title":"Tam's Kartel revient avec \"Dans la place\" - Culturbaine","robots":{"index":"index","follow":"follow","max-snippet":"max-snippet:-1","max-image-preview":"max-image-preview:large","max-video-preview":"max-video-preview:-1"},"canonical":"https:\/\/culturbaine.com\/index.php\/2025\/01\/29\/tams-kartel-revient-avec-dans-la-place\/","og_locale":"fr_FR","og_type":"article","og_title":"Tam's Kartel revient avec \"Dans la place\"","og_description":"Quelques jours apr\u00e8s une sortie m\u00e9diatique marquante dans laquelle il s&rsquo;est confi\u00e9 sur les r\u00e9alit\u00e9s de sa carri\u00e8re musicale, sa vie priv\u00e9e et ses anciens collaborateurs, le chanteur guin\u00e9en de dancehall, Tam&rsquo;s Kartel, revient sur le devant de la sc\u00e8ne avec d\u00e9termination. Loin de se laisser abattre, il a d\u00e9voil\u00e9 un nouveau single intitul\u00e9 Dans [&hellip;]","og_url":"https:\/\/culturbaine.com\/index.php\/2025\/01\/29\/tams-kartel-revient-avec-dans-la-place\/","og_site_name":"Culturbaine","article_publisher":"https:\/\/www.facebook.com\/Culturbaines","article_published_time":"2025-01-29T21:22:08+00:00","og_image":[{"width":715,"height":454,"url":"https:\/\/culturbaine.com\/wp-content\/uploads\/2025\/01\/17381852604512.jpg","type":"image\/jpeg"}],"author":"admin1","twitter_card":"summary_large_image","twitter_creator":"@culturbaines","twitter_site":"@culturbaines","twitter_misc":{"\u00c9crit par":"admin1","Dur\u00e9e de lecture estim\u00e9e":"1 minute"},"schema":{"@context":"https:\/\/schema.org","@graph":[{"@type":"Article","@id":"https:\/\/culturbaine.com\/index.php\/2025\/01\/29\/tams-kartel-revient-avec-dans-la-place\/#article","isPartOf":{"@id":"https:\/\/culturbaine.com\/index.php\/2025\/01\/29\/tams-kartel-revient-avec-dans-la-place\/"},"author":{"name":"admin1","@id":"https:\/\/culturbaine.com\/#\/schema\/person\/42eb7485c572e0746c1ea6b8216c3814"},"headline":"Tam&rsquo;s Kartel revient avec \u00ab\u00a0Dans la place\u00a0\u00bb","datePublished":"2025-01-29T21:22:08+00:00","dateModified":"2025-01-29T21:22:08+00:00","mainEntityOfPage":{"@id":"https:\/\/culturbaine.com\/index.php\/2025\/01\/29\/tams-kartel-revient-avec-dans-la-place\/"},"wordCount":176,"publisher":{"@id":"https:\/\/culturbaine.com\/#organization"},"image":{"@id":"https:\/\/culturbaine.com\/index.php\/2025\/01\/29\/tams-kartel-revient-avec-dans-la-place\/#primaryimage"},"thumbnailUrl":"https:\/\/culturbaine.com\/wp-content\/uploads\/2025\/01\/17381852604512.jpg","keywords":["Tam's Kartel revient avec \"Dans la place\""],"articleSection":["Actualit\u00e9","Dancehall","Musique"],"inLanguage":"fr-FR"},{"@type":"WebPage","@id":"https:\/\/culturbaine.com\/index.php\/2025\/01\/29\/tams-kartel-revient-avec-dans-la-place\/","url":"https:\/\/culturbaine.com\/index.php\/2025\/01\/29\/tams-kartel-revient-avec-dans-la-place\/","name":"Tam's Kartel revient avec \"Dans la place\" - Culturbaine","isPartOf":{"@id":"https:\/\/culturbaine.com\/#website"},"primaryImageOfPage":{"@id":"https:\/\/culturbaine.com\/index.php\/2025\/01\/29\/tams-kartel-revient-avec-dans-la-place\/#primaryimage"},"image":{"@id":"https:\/\/culturbaine.com\/index.php\/2025\/01\/29\/tams-kartel-revient-avec-dans-la-place\/#primaryimage"},"thumbnailUrl":"https:\/\/culturbaine.com\/wp-content\/uploads\/2025\/01\/17381852604512.jpg","datePublished":"2025-01-29T21:22:08+00:00","dateModified":"2025-01-29T21:22:08+00:00","breadcrumb":{"@id":"https:\/\/culturbaine.com\/index.php\/2025\/01\/29\/tams-kartel-revient-avec-dans-la-place\/#breadcrumb"},"inLanguage":"fr-FR","potentialAction":[{"@type":"ReadAction","target":["https:\/\/culturbaine.com\/index.php\/2025\/01\/29\/tams-kartel-revient-avec-dans-la-place\/"]}]},{"@type":"ImageObject","inLanguage":"fr-FR","@id":"https:\/\/culturbaine.com\/index.php\/2025\/01\/29\/tams-kartel-revient-avec-dans-la-place\/#primaryimage","url":"https:\/\/culturbaine.com\/wp-content\/uploads\/2025\/01\/17381852604512.jpg","contentUrl":"https:\/\/culturbaine.com\/wp-content\/uploads\/2025\/01\/17381852604512.jpg","width":715,"height":454},{"@type":"BreadcrumbList","@id":"https:\/\/culturbaine.com\/index.php\/2025\/01\/29\/tams-kartel-revient-avec-dans-la-place\/#breadcrumb","itemListElement":[{"@type":"ListItem","position":1,"name":"Home","item":"https:\/\/culturbaine.com\/"},{"@type":"ListItem","position":2,"name":"Tam&rsquo;s Kartel revient avec \u00ab\u00a0Dans la place\u00a0\u00bb"}]},{"@type":"WebSite","@id":"https:\/\/culturbaine.com\/#website","url":"https:\/\/culturbaine.com\/","name":"Culturbaine.com","description":"Toute l&#039;actualit\u00e9 des Cultures Urbaines, en un clic  !","publisher":{"@id":"https:\/\/culturbaine.com\/#organization"},"potentialAction":[{"@type":"SearchAction","target":{"@type":"EntryPoint","urlTemplate":"https:\/\/culturbaine.com\/?s={search_term_string}"},"query-input":{"@type":"PropertyValueSpecification","valueRequired":true,"valueName":"search_term_string"}}],"inLanguage":"fr-FR"},{"@type":"Organization","@id":"https:\/\/culturbaine.com\/#organization","name":"Culturbaine.com","url":"https:\/\/culturbaine.com\/","logo":{"@type":"ImageObject","inLanguage":"fr-FR","@id":"https:\/\/culturbaine.com\/#\/schema\/logo\/image\/","url":"https:\/\/culturbaine.com\/wp-content\/uploads\/2023\/07\/WhatsApp-Image-2023-07-17-at-14.38.18.jpeg","contentUrl":"https:\/\/culturbaine.com\/wp-content\/uploads\/2023\/07\/WhatsApp-Image-2023-07-17-at-14.38.18.jpeg","width":855,"height":270,"caption":"Culturbaine.com"},"image":{"@id":"https:\/\/culturbaine.com\/#\/schema\/logo\/image\/"},"sameAs":["https:\/\/www.facebook.com\/Culturbaines","https:\/\/x.com\/culturbaines"]},{"@type":"Person","@id":"https:\/\/culturbaine.com\/#\/schema\/person\/42eb7485c572e0746c1ea6b8216c3814","name":"admin1","image":{"@type":"ImageObject","inLanguage":"fr-FR","@id":"https:\/\/culturbaine.com\/#\/schema\/person\/image\/","url":"https:\/\/secure.gravatar.com\/avatar\/c268f4d483ce0486e5a10fee87bbf756?s=96&d=mm&r=g","contentUrl":"https:\/\/secure.gravatar.com\/avatar\/c268f4d483ce0486e5a10fee87bbf756?s=96&d=mm&r=g","caption":"admin1"},"url":"https:\/\/culturbaine.com\/index.php\/author\/admin1\/"}]}},"_links":{"self":[{"href":"https:\/\/culturbaine.com\/index.php\/wp-json\/wp\/v2\/posts\/10957"}],"collection":[{"href":"https:\/\/culturbaine.com\/index.php\/wp-json\/wp\/v2\/posts"}],"about":[{"href":"https:\/\/culturbaine.com\/index.php\/wp-json\/wp\/v2\/types\/post"}],"author":[{"embeddable":true,"href":"https:\/\/culturbaine.com\/index.php\/wp-json\/wp\/v2\/users\/2"}],"replies":[{"embeddable":true,"href":"https:\/\/culturbaine.com\/index.php\/wp-json\/wp\/v2\/comments?post=10957"}],"version-history":[{"count":0,"href":"https:\/\/culturbaine.com\/index.php\/wp-json\/wp\/v2\/posts\/10957\/revisions"}],"wp:featuredmedia":[{"embeddable":true,"href":"https:\/\/culturbaine.com\/index.php\/wp-json\/wp\/v2\/media\/10958"}],"wp:attachment":[{"href":"https:\/\/culturbaine.com\/index.php\/wp-json\/wp\/v2\/media?parent=10957"}],"wp:term":[{"taxonomy":"category","embeddable":true,"href":"https:\/\/culturbaine.com\/index.php\/wp-json\/wp\/v2\/categories?post=10957"},{"taxonomy":"post_tag","embeddable":true,"href":"https:\/\/culturbaine.com\/index.php\/wp-json\/wp\/v2\/tags?post=10957"}],"curies":[{"name":"wp","href":"https:\/\/api.w.org\/{rel}","templated":true}]}}