{"id":10944,"date":"2025-01-28T17:42:45","date_gmt":"2025-01-28T17:42:45","guid":{"rendered":"https:\/\/culturbaine.com\/?p=10944"},"modified":"2025-01-28T17:42:45","modified_gmt":"2025-01-28T17:42:45","slug":"youssef-swatts-annonce-sa-tournee-europeenne-avec-ses-musiciens","status":"publish","type":"post","link":"https:\/\/culturbaine.com\/index.php\/2025\/01\/28\/youssef-swatts-annonce-sa-tournee-europeenne-avec-ses-musiciens\/","title":{"rendered":"Youssef Swatt&rsquo;s annonce une tourn\u00e9e europ\u00e9enne avec musiciens !"},"content":{"rendered":"<p>Le rappeur belge <strong>Youssef Swatt&rsquo;s,<\/strong> vainqueur de la saison 3 de <strong>Nouvelle \u00c9cole<\/strong>, s\u2019appr\u00eate \u00e0 enflammer les sc\u00e8nes europ\u00e9ennes. Alors que son nouvel EP est attendu pour le 21 f\u00e9vrier prochain, l\u2019artiste a r\u00e9v\u00e9l\u00e9 les dates d\u2019une tourn\u00e9e qui le conduira en France, en Belgique et en Suisse.<\/p>\n<p>Cette tourn\u00e9e marque une diff\u00e9rence notable par rapport \u00e0 ses pr\u00e9c\u00e9dentes : cette fois, <strong>Youssef Swatt&rsquo;s<\/strong> se produira aux c\u00f4t\u00e9s de musiciens, apportant une nouvelle dimension \u00e0 ses prestations. Une annonce qui promet un show unique et renouvel\u00e9, comme l\u2019artiste l\u2019a soulign\u00e9 sur sa page Facebook : \u00ab <strong>J\u2019ai h\u00e2te de vous montrer le nouveau show<\/strong>. \u00bb<\/p>\n<p>Les fans peuvent d\u2019ores et d\u00e9j\u00e0 se pr\u00e9parer \u00e0 red\u00e9couvrir son univers \u00e0 travers une exp\u00e9rience musicale encore plus immersive. Restez connect\u00e9s pour les d\u00e9tails sur les dates et les lieux des concerts.<\/p>\n<p><img loading=\"lazy\" decoding=\"async\" class=\"aligncenter size-full wp-image-10945\" src=\"https:\/\/culturbaine.com\/wp-content\/uploads\/2025\/01\/1738003095709.jpg\" alt=\"\" width=\"720\" height=\"900\" srcset=\"https:\/\/culturbaine.com\/wp-content\/uploads\/2025\/01\/1738003095709.jpg 720w, https:\/\/culturbaine.com\/wp-content\/uploads\/2025\/01\/1738003095709-240x300.jpg 240w\" sizes=\"(max-width: 720px) 100vw, 720px\" \/><\/p>\n<p><strong>Mohamed Cinq Sylla<\/strong><\/p>\n","protected":false},"excerpt":{"rendered":"<p>Le rappeur belge Youssef Swatt&rsquo;s, vainqueur de la saison 3 de Nouvelle \u00c9cole, s\u2019appr\u00eate \u00e0 enflammer les sc\u00e8nes europ\u00e9ennes. Alors que son nouvel EP est attendu pour le 21 f\u00e9vrier prochain, l\u2019artiste a r\u00e9v\u00e9l\u00e9 les dates d\u2019une tourn\u00e9e qui le conduira en France, en Belgique et en Suisse. Cette tourn\u00e9e marque une diff\u00e9rence notable par [&hellip;]<\/p>\n","protected":false},"author":2,"featured_media":10946,"comment_status":"closed","ping_status":"closed","sticky":false,"template":"","format":"standard","meta":{"_mi_skip_tracking":false,"_monsterinsights_sitenote_active":false,"_monsterinsights_sitenote_note":"","_monsterinsights_sitenote_category":0,"footnotes":""},"categories":[21,33,512],"tags":[],"class_list":["post-10944","post","type-post","status-publish","format-standard","has-post-thumbnail","hentry","category-actualite","category-agenda","category-rap"],"yoast_head":"<!-- This site is optimized with the Yoast SEO Premium plugin v20.1 (Yoast SEO v24.0) - https:\/\/yoast.com\/wordpress\/plugins\/seo\/ -->\n<title>Youssef Swatt&#039;s annonce une tourn\u00e9e europ\u00e9enne avec musiciens ! - Culturbaine<\/title>\n<meta name=\"robots\" content=\"index, follow, max-snippet:-1, max-image-preview:large, max-video-preview:-1\" \/>\n<link rel=\"canonical\" href=\"https:\/\/culturbaine.com\/index.php\/2025\/01\/28\/youssef-swatts-annonce-sa-tournee-europeenne-avec-ses-musiciens\/\" \/>\n<meta property=\"og:locale\" content=\"fr_FR\" \/>\n<meta property=\"og:type\" content=\"article\" \/>\n<meta property=\"og:title\" content=\"Youssef Swatt&#039;s annonce une tourn\u00e9e europ\u00e9enne avec musiciens !\" \/>\n<meta property=\"og:description\" content=\"Le rappeur belge Youssef Swatt&rsquo;s, vainqueur de la saison 3 de Nouvelle \u00c9cole, s\u2019appr\u00eate \u00e0 enflammer les sc\u00e8nes europ\u00e9ennes. Alors que son nouvel EP est attendu pour le 21 f\u00e9vrier prochain, l\u2019artiste a r\u00e9v\u00e9l\u00e9 les dates d\u2019une tourn\u00e9e qui le conduira en France, en Belgique et en Suisse. Cette tourn\u00e9e marque une diff\u00e9rence notable par [&hellip;]\" \/>\n<meta property=\"og:url\" content=\"https:\/\/culturbaine.com\/index.php\/2025\/01\/28\/youssef-swatts-annonce-sa-tournee-europeenne-avec-ses-musiciens\/\" \/>\n<meta property=\"og:site_name\" content=\"Culturbaine\" \/>\n<meta property=\"article:publisher\" content=\"https:\/\/www.facebook.com\/Culturbaines\" \/>\n<meta property=\"article:published_time\" content=\"2025-01-28T17:42:45+00:00\" \/>\n<meta property=\"og:image\" content=\"https:\/\/culturbaine.com\/wp-content\/uploads\/2025\/01\/IMG_20250128_173141.jpg\" \/>\n\t<meta property=\"og:image:width\" content=\"718\" \/>\n\t<meta property=\"og:image:height\" content=\"400\" \/>\n\t<meta property=\"og:image:type\" content=\"image\/jpeg\" \/>\n<meta name=\"author\" content=\"admin1\" \/>\n<meta name=\"twitter:card\" content=\"summary_large_image\" \/>\n<meta name=\"twitter:creator\" content=\"@culturbaines\" \/>\n<meta name=\"twitter:site\" content=\"@culturbaines\" \/>\n<meta name=\"twitter:label1\" content=\"\u00c9crit par\" \/>\n\t<meta name=\"twitter:data1\" content=\"admin1\" \/>\n\t<meta name=\"twitter:label2\" content=\"Dur\u00e9e de lecture estim\u00e9e\" \/>\n\t<meta name=\"twitter:data2\" content=\"2 minutes\" \/>\n<script type=\"application\/ld+json\" class=\"yoast-schema-graph\">{\"@context\":\"https:\/\/schema.org\",\"@graph\":[{\"@type\":\"Article\",\"@id\":\"https:\/\/culturbaine.com\/index.php\/2025\/01\/28\/youssef-swatts-annonce-sa-tournee-europeenne-avec-ses-musiciens\/#article\",\"isPartOf\":{\"@id\":\"https:\/\/culturbaine.com\/index.php\/2025\/01\/28\/youssef-swatts-annonce-sa-tournee-europeenne-avec-ses-musiciens\/\"},\"author\":{\"name\":\"admin1\",\"@id\":\"https:\/\/culturbaine.com\/#\/schema\/person\/42eb7485c572e0746c1ea6b8216c3814\"},\"headline\":\"Youssef Swatt&rsquo;s annonce une tourn\u00e9e europ\u00e9enne avec musiciens !\",\"datePublished\":\"2025-01-28T17:42:45+00:00\",\"dateModified\":\"2025-01-28T17:42:45+00:00\",\"mainEntityOfPage\":{\"@id\":\"https:\/\/culturbaine.com\/index.php\/2025\/01\/28\/youssef-swatts-annonce-sa-tournee-europeenne-avec-ses-musiciens\/\"},\"wordCount\":170,\"publisher\":{\"@id\":\"https:\/\/culturbaine.com\/#organization\"},\"image\":{\"@id\":\"https:\/\/culturbaine.com\/index.php\/2025\/01\/28\/youssef-swatts-annonce-sa-tournee-europeenne-avec-ses-musiciens\/#primaryimage\"},\"thumbnailUrl\":\"https:\/\/culturbaine.com\/wp-content\/uploads\/2025\/01\/IMG_20250128_173141.jpg\",\"articleSection\":[\"Actualit\u00e9\",\"Agenda\",\"Rap\"],\"inLanguage\":\"fr-FR\"},{\"@type\":\"WebPage\",\"@id\":\"https:\/\/culturbaine.com\/index.php\/2025\/01\/28\/youssef-swatts-annonce-sa-tournee-europeenne-avec-ses-musiciens\/\",\"url\":\"https:\/\/culturbaine.com\/index.php\/2025\/01\/28\/youssef-swatts-annonce-sa-tournee-europeenne-avec-ses-musiciens\/\",\"name\":\"Youssef Swatt's annonce une tourn\u00e9e europ\u00e9enne avec musiciens ! - Culturbaine\",\"isPartOf\":{\"@id\":\"https:\/\/culturbaine.com\/#website\"},\"primaryImageOfPage\":{\"@id\":\"https:\/\/culturbaine.com\/index.php\/2025\/01\/28\/youssef-swatts-annonce-sa-tournee-europeenne-avec-ses-musiciens\/#primaryimage\"},\"image\":{\"@id\":\"https:\/\/culturbaine.com\/index.php\/2025\/01\/28\/youssef-swatts-annonce-sa-tournee-europeenne-avec-ses-musiciens\/#primaryimage\"},\"thumbnailUrl\":\"https:\/\/culturbaine.com\/wp-content\/uploads\/2025\/01\/IMG_20250128_173141.jpg\",\"datePublished\":\"2025-01-28T17:42:45+00:00\",\"dateModified\":\"2025-01-28T17:42:45+00:00\",\"breadcrumb\":{\"@id\":\"https:\/\/culturbaine.com\/index.php\/2025\/01\/28\/youssef-swatts-annonce-sa-tournee-europeenne-avec-ses-musiciens\/#breadcrumb\"},\"inLanguage\":\"fr-FR\",\"potentialAction\":[{\"@type\":\"ReadAction\",\"target\":[\"https:\/\/culturbaine.com\/index.php\/2025\/01\/28\/youssef-swatts-annonce-sa-tournee-europeenne-avec-ses-musiciens\/\"]}]},{\"@type\":\"ImageObject\",\"inLanguage\":\"fr-FR\",\"@id\":\"https:\/\/culturbaine.com\/index.php\/2025\/01\/28\/youssef-swatts-annonce-sa-tournee-europeenne-avec-ses-musiciens\/#primaryimage\",\"url\":\"https:\/\/culturbaine.com\/wp-content\/uploads\/2025\/01\/IMG_20250128_173141.jpg\",\"contentUrl\":\"https:\/\/culturbaine.com\/wp-content\/uploads\/2025\/01\/IMG_20250128_173141.jpg\",\"width\":718,\"height\":400},{\"@type\":\"BreadcrumbList\",\"@id\":\"https:\/\/culturbaine.com\/index.php\/2025\/01\/28\/youssef-swatts-annonce-sa-tournee-europeenne-avec-ses-musiciens\/#breadcrumb\",\"itemListElement\":[{\"@type\":\"ListItem\",\"position\":1,\"name\":\"Home\",\"item\":\"https:\/\/culturbaine.com\/\"},{\"@type\":\"ListItem\",\"position\":2,\"name\":\"Youssef Swatt&rsquo;s annonce une tourn\u00e9e europ\u00e9enne avec musiciens !\"}]},{\"@type\":\"WebSite\",\"@id\":\"https:\/\/culturbaine.com\/#website\",\"url\":\"https:\/\/culturbaine.com\/\",\"name\":\"Culturbaine.com\",\"description\":\"Toute l&#039;actualit\u00e9 des Cultures Urbaines, en un clic  !\",\"publisher\":{\"@id\":\"https:\/\/culturbaine.com\/#organization\"},\"potentialAction\":[{\"@type\":\"SearchAction\",\"target\":{\"@type\":\"EntryPoint\",\"urlTemplate\":\"https:\/\/culturbaine.com\/?s={search_term_string}\"},\"query-input\":{\"@type\":\"PropertyValueSpecification\",\"valueRequired\":true,\"valueName\":\"search_term_string\"}}],\"inLanguage\":\"fr-FR\"},{\"@type\":\"Organization\",\"@id\":\"https:\/\/culturbaine.com\/#organization\",\"name\":\"Culturbaine.com\",\"url\":\"https:\/\/culturbaine.com\/\",\"logo\":{\"@type\":\"ImageObject\",\"inLanguage\":\"fr-FR\",\"@id\":\"https:\/\/culturbaine.com\/#\/schema\/logo\/image\/\",\"url\":\"https:\/\/culturbaine.com\/wp-content\/uploads\/2023\/07\/WhatsApp-Image-2023-07-17-at-14.38.18.jpeg\",\"contentUrl\":\"https:\/\/culturbaine.com\/wp-content\/uploads\/2023\/07\/WhatsApp-Image-2023-07-17-at-14.38.18.jpeg\",\"width\":855,\"height\":270,\"caption\":\"Culturbaine.com\"},\"image\":{\"@id\":\"https:\/\/culturbaine.com\/#\/schema\/logo\/image\/\"},\"sameAs\":[\"https:\/\/www.facebook.com\/Culturbaines\",\"https:\/\/x.com\/culturbaines\"]},{\"@type\":\"Person\",\"@id\":\"https:\/\/culturbaine.com\/#\/schema\/person\/42eb7485c572e0746c1ea6b8216c3814\",\"name\":\"admin1\",\"image\":{\"@type\":\"ImageObject\",\"inLanguage\":\"fr-FR\",\"@id\":\"https:\/\/culturbaine.com\/#\/schema\/person\/image\/\",\"url\":\"https:\/\/secure.gravatar.com\/avatar\/c268f4d483ce0486e5a10fee87bbf756?s=96&d=mm&r=g\",\"contentUrl\":\"https:\/\/secure.gravatar.com\/avatar\/c268f4d483ce0486e5a10fee87bbf756?s=96&d=mm&r=g\",\"caption\":\"admin1\"},\"url\":\"https:\/\/culturbaine.com\/index.php\/author\/admin1\/\"}]}<\/script>\n<!-- \/ Yoast SEO Premium plugin. -->","yoast_head_json":{"title":"Youssef Swatt's annonce une tourn\u00e9e europ\u00e9enne avec musiciens ! - Culturbaine","robots":{"index":"index","follow":"follow","max-snippet":"max-snippet:-1","max-image-preview":"max-image-preview:large","max-video-preview":"max-video-preview:-1"},"canonical":"https:\/\/culturbaine.com\/index.php\/2025\/01\/28\/youssef-swatts-annonce-sa-tournee-europeenne-avec-ses-musiciens\/","og_locale":"fr_FR","og_type":"article","og_title":"Youssef Swatt's annonce une tourn\u00e9e europ\u00e9enne avec musiciens !","og_description":"Le rappeur belge Youssef Swatt&rsquo;s, vainqueur de la saison 3 de Nouvelle \u00c9cole, s\u2019appr\u00eate \u00e0 enflammer les sc\u00e8nes europ\u00e9ennes. Alors que son nouvel EP est attendu pour le 21 f\u00e9vrier prochain, l\u2019artiste a r\u00e9v\u00e9l\u00e9 les dates d\u2019une tourn\u00e9e qui le conduira en France, en Belgique et en Suisse. Cette tourn\u00e9e marque une diff\u00e9rence notable par [&hellip;]","og_url":"https:\/\/culturbaine.com\/index.php\/2025\/01\/28\/youssef-swatts-annonce-sa-tournee-europeenne-avec-ses-musiciens\/","og_site_name":"Culturbaine","article_publisher":"https:\/\/www.facebook.com\/Culturbaines","article_published_time":"2025-01-28T17:42:45+00:00","og_image":[{"width":718,"height":400,"url":"https:\/\/culturbaine.com\/wp-content\/uploads\/2025\/01\/IMG_20250128_173141.jpg","type":"image\/jpeg"}],"author":"admin1","twitter_card":"summary_large_image","twitter_creator":"@culturbaines","twitter_site":"@culturbaines","twitter_misc":{"\u00c9crit par":"admin1","Dur\u00e9e de lecture estim\u00e9e":"2 minutes"},"schema":{"@context":"https:\/\/schema.org","@graph":[{"@type":"Article","@id":"https:\/\/culturbaine.com\/index.php\/2025\/01\/28\/youssef-swatts-annonce-sa-tournee-europeenne-avec-ses-musiciens\/#article","isPartOf":{"@id":"https:\/\/culturbaine.com\/index.php\/2025\/01\/28\/youssef-swatts-annonce-sa-tournee-europeenne-avec-ses-musiciens\/"},"author":{"name":"admin1","@id":"https:\/\/culturbaine.com\/#\/schema\/person\/42eb7485c572e0746c1ea6b8216c3814"},"headline":"Youssef Swatt&rsquo;s annonce une tourn\u00e9e europ\u00e9enne avec musiciens !","datePublished":"2025-01-28T17:42:45+00:00","dateModified":"2025-01-28T17:42:45+00:00","mainEntityOfPage":{"@id":"https:\/\/culturbaine.com\/index.php\/2025\/01\/28\/youssef-swatts-annonce-sa-tournee-europeenne-avec-ses-musiciens\/"},"wordCount":170,"publisher":{"@id":"https:\/\/culturbaine.com\/#organization"},"image":{"@id":"https:\/\/culturbaine.com\/index.php\/2025\/01\/28\/youssef-swatts-annonce-sa-tournee-europeenne-avec-ses-musiciens\/#primaryimage"},"thumbnailUrl":"https:\/\/culturbaine.com\/wp-content\/uploads\/2025\/01\/IMG_20250128_173141.jpg","articleSection":["Actualit\u00e9","Agenda","Rap"],"inLanguage":"fr-FR"},{"@type":"WebPage","@id":"https:\/\/culturbaine.com\/index.php\/2025\/01\/28\/youssef-swatts-annonce-sa-tournee-europeenne-avec-ses-musiciens\/","url":"https:\/\/culturbaine.com\/index.php\/2025\/01\/28\/youssef-swatts-annonce-sa-tournee-europeenne-avec-ses-musiciens\/","name":"Youssef Swatt's annonce une tourn\u00e9e europ\u00e9enne avec musiciens ! - Culturbaine","isPartOf":{"@id":"https:\/\/culturbaine.com\/#website"},"primaryImageOfPage":{"@id":"https:\/\/culturbaine.com\/index.php\/2025\/01\/28\/youssef-swatts-annonce-sa-tournee-europeenne-avec-ses-musiciens\/#primaryimage"},"image":{"@id":"https:\/\/culturbaine.com\/index.php\/2025\/01\/28\/youssef-swatts-annonce-sa-tournee-europeenne-avec-ses-musiciens\/#primaryimage"},"thumbnailUrl":"https:\/\/culturbaine.com\/wp-content\/uploads\/2025\/01\/IMG_20250128_173141.jpg","datePublished":"2025-01-28T17:42:45+00:00","dateModified":"2025-01-28T17:42:45+00:00","breadcrumb":{"@id":"https:\/\/culturbaine.com\/index.php\/2025\/01\/28\/youssef-swatts-annonce-sa-tournee-europeenne-avec-ses-musiciens\/#breadcrumb"},"inLanguage":"fr-FR","potentialAction":[{"@type":"ReadAction","target":["https:\/\/culturbaine.com\/index.php\/2025\/01\/28\/youssef-swatts-annonce-sa-tournee-europeenne-avec-ses-musiciens\/"]}]},{"@type":"ImageObject","inLanguage":"fr-FR","@id":"https:\/\/culturbaine.com\/index.php\/2025\/01\/28\/youssef-swatts-annonce-sa-tournee-europeenne-avec-ses-musiciens\/#primaryimage","url":"https:\/\/culturbaine.com\/wp-content\/uploads\/2025\/01\/IMG_20250128_173141.jpg","contentUrl":"https:\/\/culturbaine.com\/wp-content\/uploads\/2025\/01\/IMG_20250128_173141.jpg","width":718,"height":400},{"@type":"BreadcrumbList","@id":"https:\/\/culturbaine.com\/index.php\/2025\/01\/28\/youssef-swatts-annonce-sa-tournee-europeenne-avec-ses-musiciens\/#breadcrumb","itemListElement":[{"@type":"ListItem","position":1,"name":"Home","item":"https:\/\/culturbaine.com\/"},{"@type":"ListItem","position":2,"name":"Youssef Swatt&rsquo;s annonce une tourn\u00e9e europ\u00e9enne avec musiciens !"}]},{"@type":"WebSite","@id":"https:\/\/culturbaine.com\/#website","url":"https:\/\/culturbaine.com\/","name":"Culturbaine.com","description":"Toute l&#039;actualit\u00e9 des Cultures Urbaines, en un clic  !","publisher":{"@id":"https:\/\/culturbaine.com\/#organization"},"potentialAction":[{"@type":"SearchAction","target":{"@type":"EntryPoint","urlTemplate":"https:\/\/culturbaine.com\/?s={search_term_string}"},"query-input":{"@type":"PropertyValueSpecification","valueRequired":true,"valueName":"search_term_string"}}],"inLanguage":"fr-FR"},{"@type":"Organization","@id":"https:\/\/culturbaine.com\/#organization","name":"Culturbaine.com","url":"https:\/\/culturbaine.com\/","logo":{"@type":"ImageObject","inLanguage":"fr-FR","@id":"https:\/\/culturbaine.com\/#\/schema\/logo\/image\/","url":"https:\/\/culturbaine.com\/wp-content\/uploads\/2023\/07\/WhatsApp-Image-2023-07-17-at-14.38.18.jpeg","contentUrl":"https:\/\/culturbaine.com\/wp-content\/uploads\/2023\/07\/WhatsApp-Image-2023-07-17-at-14.38.18.jpeg","width":855,"height":270,"caption":"Culturbaine.com"},"image":{"@id":"https:\/\/culturbaine.com\/#\/schema\/logo\/image\/"},"sameAs":["https:\/\/www.facebook.com\/Culturbaines","https:\/\/x.com\/culturbaines"]},{"@type":"Person","@id":"https:\/\/culturbaine.com\/#\/schema\/person\/42eb7485c572e0746c1ea6b8216c3814","name":"admin1","image":{"@type":"ImageObject","inLanguage":"fr-FR","@id":"https:\/\/culturbaine.com\/#\/schema\/person\/image\/","url":"https:\/\/secure.gravatar.com\/avatar\/c268f4d483ce0486e5a10fee87bbf756?s=96&d=mm&r=g","contentUrl":"https:\/\/secure.gravatar.com\/avatar\/c268f4d483ce0486e5a10fee87bbf756?s=96&d=mm&r=g","caption":"admin1"},"url":"https:\/\/culturbaine.com\/index.php\/author\/admin1\/"}]}},"_links":{"self":[{"href":"https:\/\/culturbaine.com\/index.php\/wp-json\/wp\/v2\/posts\/10944"}],"collection":[{"href":"https:\/\/culturbaine.com\/index.php\/wp-json\/wp\/v2\/posts"}],"about":[{"href":"https:\/\/culturbaine.com\/index.php\/wp-json\/wp\/v2\/types\/post"}],"author":[{"embeddable":true,"href":"https:\/\/culturbaine.com\/index.php\/wp-json\/wp\/v2\/users\/2"}],"replies":[{"embeddable":true,"href":"https:\/\/culturbaine.com\/index.php\/wp-json\/wp\/v2\/comments?post=10944"}],"version-history":[{"count":0,"href":"https:\/\/culturbaine.com\/index.php\/wp-json\/wp\/v2\/posts\/10944\/revisions"}],"wp:featuredmedia":[{"embeddable":true,"href":"https:\/\/culturbaine.com\/index.php\/wp-json\/wp\/v2\/media\/10946"}],"wp:attachment":[{"href":"https:\/\/culturbaine.com\/index.php\/wp-json\/wp\/v2\/media?parent=10944"}],"wp:term":[{"taxonomy":"category","embeddable":true,"href":"https:\/\/culturbaine.com\/index.php\/wp-json\/wp\/v2\/categories?post=10944"},{"taxonomy":"post_tag","embeddable":true,"href":"https:\/\/culturbaine.com\/index.php\/wp-json\/wp\/v2\/tags?post=10944"}],"curies":[{"name":"wp","href":"https:\/\/api.w.org\/{rel}","templated":true}]}}