{"id":10884,"date":"2025-01-24T14:00:02","date_gmt":"2025-01-24T14:00:02","guid":{"rendered":"https:\/\/culturbaine.com\/?p=10884"},"modified":"2025-01-24T10:09:34","modified_gmt":"2025-01-24T10:09:34","slug":"chute-libre-youssef-swatts-fixe-une-date-de-sortie-pour-son-nouvel-ep","status":"publish","type":"post","link":"https:\/\/culturbaine.com\/index.php\/2025\/01\/24\/chute-libre-youssef-swatts-fixe-une-date-de-sortie-pour-son-nouvel-ep\/","title":{"rendered":"Chute Libre : Youssef Swatt&rsquo;s fixe une date de sortie pour son nouvel EP\u00a0"},"content":{"rendered":"<p>Les fans de <strong>Youssef Swatt&rsquo;s<\/strong> peuvent se r\u00e9jouir ! Six mois apr\u00e8s sa victoire lors de la troisi\u00e8me saison de <strong>Nouvelle \u00c9cole,<\/strong> le c\u00e9l\u00e8bre concours de rap diffus\u00e9 sur <strong>Netflix<\/strong>, le rappeur belge a d\u00e9voil\u00e9 la date de sortie de son nouvel EP intitul\u00e9 <strong>Chute Libre<\/strong>. Pr\u00e9vu pour le 21 f\u00e9vrier 2025, ce projet suscite d\u00e9j\u00e0 une vive attente.<\/p>\n<p>C&rsquo;est sur sa page Facebook que l&rsquo;artiste a annonc\u00e9 la nouvelle, tout en partageant quelques d\u00e9tails intrigants. L&rsquo;EP comptera huit titres et inclura trois collaborations, dont les identit\u00e9s restent pour l\u2019instant secr\u00e8tes. Cependant, une chose est certaine : <strong>Youssef<\/strong> a d\u00e9j\u00e0 enregistr\u00e9 un featuring avec l&rsquo;artiste fran\u00e7aise <strong>Clara Luciani<\/strong>, de quoi attiser la curiosit\u00e9 des m\u00e9lomanes.<\/p>\n<p>R\u00e9put\u00e9 pour la qualit\u00e9 de son \u00e9criture et son attachement au rap \u00e0 l\u2019ancienne, <strong>Youssef Swatt&rsquo;s<\/strong> continue de s\u00e9duire par sa profondeur et sa cr\u00e9ativit\u00e9. Grand admirateur de <strong>Youssoupha<\/strong>, ma\u00eetre incontest\u00e9 des mots, le jeune artiste suit les traces de son idole en proposant des textes qui touchent et inspirent.<\/p>\n<p>Rendez-vous le 21 f\u00e9vrier pour d\u00e9couvrir <strong>Chute Libre<\/strong>, une \u0153uvre qui promet d\u2019\u00eatre \u00e0 la hauteur des attentes !<\/p>\n<p><strong>Mohamed Cinq Sylla<\/strong><\/p>\n","protected":false},"excerpt":{"rendered":"<p>Les fans de Youssef Swatt&rsquo;s peuvent se r\u00e9jouir ! Six mois apr\u00e8s sa victoire lors de la troisi\u00e8me saison de Nouvelle \u00c9cole, le c\u00e9l\u00e8bre concours de rap diffus\u00e9 sur Netflix, le rappeur belge a d\u00e9voil\u00e9 la date de sortie de son nouvel EP intitul\u00e9 Chute Libre. Pr\u00e9vu pour le 21 f\u00e9vrier 2025, ce projet suscite [&hellip;]<\/p>\n","protected":false},"author":2,"featured_media":10885,"comment_status":"closed","ping_status":"closed","sticky":false,"template":"","format":"standard","meta":{"_mi_skip_tracking":false,"_monsterinsights_sitenote_active":false,"_monsterinsights_sitenote_note":"","_monsterinsights_sitenote_category":0,"footnotes":""},"categories":[21,512,3070],"tags":[3634],"class_list":["post-10884","post","type-post","status-publish","format-standard","has-post-thumbnail","hentry","category-actualite","category-rap","category-sortie-dalbum","tag-youssef-swatts-fixe-une-date-de-sortie-pour-son-nouvel-ep-chute-libre"],"yoast_head":"<!-- This site is optimized with the Yoast SEO Premium plugin v20.1 (Yoast SEO v24.0) - https:\/\/yoast.com\/wordpress\/plugins\/seo\/ -->\n<title>Chute Libre : Youssef Swatt&#039;s fixe une date de sortie pour son nouvel EP\u00a0 - Culturbaine<\/title>\n<meta name=\"robots\" content=\"index, follow, max-snippet:-1, max-image-preview:large, max-video-preview:-1\" \/>\n<link rel=\"canonical\" href=\"https:\/\/culturbaine.com\/index.php\/2025\/01\/24\/chute-libre-youssef-swatts-fixe-une-date-de-sortie-pour-son-nouvel-ep\/\" \/>\n<meta property=\"og:locale\" content=\"fr_FR\" \/>\n<meta property=\"og:type\" content=\"article\" \/>\n<meta property=\"og:title\" content=\"Chute Libre : Youssef Swatt&#039;s fixe une date de sortie pour son nouvel EP\u00a0\" \/>\n<meta property=\"og:description\" content=\"Les fans de Youssef Swatt&rsquo;s peuvent se r\u00e9jouir ! Six mois apr\u00e8s sa victoire lors de la troisi\u00e8me saison de Nouvelle \u00c9cole, le c\u00e9l\u00e8bre concours de rap diffus\u00e9 sur Netflix, le rappeur belge a d\u00e9voil\u00e9 la date de sortie de son nouvel EP intitul\u00e9 Chute Libre. Pr\u00e9vu pour le 21 f\u00e9vrier 2025, ce projet suscite [&hellip;]\" \/>\n<meta property=\"og:url\" content=\"https:\/\/culturbaine.com\/index.php\/2025\/01\/24\/chute-libre-youssef-swatts-fixe-une-date-de-sortie-pour-son-nouvel-ep\/\" \/>\n<meta property=\"og:site_name\" content=\"Culturbaine\" \/>\n<meta property=\"article:publisher\" content=\"https:\/\/www.facebook.com\/Culturbaines\" \/>\n<meta property=\"article:published_time\" content=\"2025-01-24T14:00:02+00:00\" \/>\n<meta property=\"article:modified_time\" content=\"2025-01-24T10:09:34+00:00\" \/>\n<meta property=\"og:image\" content=\"https:\/\/culturbaine.com\/wp-content\/uploads\/2025\/01\/IMG_20250124_100030.jpg\" \/>\n\t<meta property=\"og:image:width\" content=\"720\" \/>\n\t<meta property=\"og:image:height\" content=\"439\" \/>\n\t<meta property=\"og:image:type\" content=\"image\/jpeg\" \/>\n<meta name=\"author\" content=\"admin1\" \/>\n<meta name=\"twitter:card\" content=\"summary_large_image\" \/>\n<meta name=\"twitter:creator\" content=\"@culturbaines\" \/>\n<meta name=\"twitter:site\" content=\"@culturbaines\" \/>\n<meta name=\"twitter:label1\" content=\"\u00c9crit par\" \/>\n\t<meta name=\"twitter:data1\" content=\"admin1\" \/>\n\t<meta name=\"twitter:label2\" content=\"Dur\u00e9e de lecture estim\u00e9e\" \/>\n\t<meta name=\"twitter:data2\" content=\"2 minutes\" \/>\n<script type=\"application\/ld+json\" class=\"yoast-schema-graph\">{\"@context\":\"https:\/\/schema.org\",\"@graph\":[{\"@type\":\"Article\",\"@id\":\"https:\/\/culturbaine.com\/index.php\/2025\/01\/24\/chute-libre-youssef-swatts-fixe-une-date-de-sortie-pour-son-nouvel-ep\/#article\",\"isPartOf\":{\"@id\":\"https:\/\/culturbaine.com\/index.php\/2025\/01\/24\/chute-libre-youssef-swatts-fixe-une-date-de-sortie-pour-son-nouvel-ep\/\"},\"author\":{\"name\":\"admin1\",\"@id\":\"https:\/\/culturbaine.com\/#\/schema\/person\/42eb7485c572e0746c1ea6b8216c3814\"},\"headline\":\"Chute Libre : Youssef Swatt&rsquo;s fixe une date de sortie pour son nouvel EP\u00a0\",\"datePublished\":\"2025-01-24T14:00:02+00:00\",\"dateModified\":\"2025-01-24T10:09:34+00:00\",\"mainEntityOfPage\":{\"@id\":\"https:\/\/culturbaine.com\/index.php\/2025\/01\/24\/chute-libre-youssef-swatts-fixe-une-date-de-sortie-pour-son-nouvel-ep\/\"},\"wordCount\":223,\"publisher\":{\"@id\":\"https:\/\/culturbaine.com\/#organization\"},\"image\":{\"@id\":\"https:\/\/culturbaine.com\/index.php\/2025\/01\/24\/chute-libre-youssef-swatts-fixe-une-date-de-sortie-pour-son-nouvel-ep\/#primaryimage\"},\"thumbnailUrl\":\"https:\/\/culturbaine.com\/wp-content\/uploads\/2025\/01\/IMG_20250124_100030.jpg\",\"keywords\":[\"Youssef Swatt's fixe une date de sortie pour son nouvel EP\u00a0Chute Libre\"],\"articleSection\":[\"Actualit\u00e9\",\"Rap\",\"Sortie d'album\"],\"inLanguage\":\"fr-FR\"},{\"@type\":\"WebPage\",\"@id\":\"https:\/\/culturbaine.com\/index.php\/2025\/01\/24\/chute-libre-youssef-swatts-fixe-une-date-de-sortie-pour-son-nouvel-ep\/\",\"url\":\"https:\/\/culturbaine.com\/index.php\/2025\/01\/24\/chute-libre-youssef-swatts-fixe-une-date-de-sortie-pour-son-nouvel-ep\/\",\"name\":\"Chute Libre : Youssef Swatt's fixe une date de sortie pour son nouvel EP\u00a0 - Culturbaine\",\"isPartOf\":{\"@id\":\"https:\/\/culturbaine.com\/#website\"},\"primaryImageOfPage\":{\"@id\":\"https:\/\/culturbaine.com\/index.php\/2025\/01\/24\/chute-libre-youssef-swatts-fixe-une-date-de-sortie-pour-son-nouvel-ep\/#primaryimage\"},\"image\":{\"@id\":\"https:\/\/culturbaine.com\/index.php\/2025\/01\/24\/chute-libre-youssef-swatts-fixe-une-date-de-sortie-pour-son-nouvel-ep\/#primaryimage\"},\"thumbnailUrl\":\"https:\/\/culturbaine.com\/wp-content\/uploads\/2025\/01\/IMG_20250124_100030.jpg\",\"datePublished\":\"2025-01-24T14:00:02+00:00\",\"dateModified\":\"2025-01-24T10:09:34+00:00\",\"breadcrumb\":{\"@id\":\"https:\/\/culturbaine.com\/index.php\/2025\/01\/24\/chute-libre-youssef-swatts-fixe-une-date-de-sortie-pour-son-nouvel-ep\/#breadcrumb\"},\"inLanguage\":\"fr-FR\",\"potentialAction\":[{\"@type\":\"ReadAction\",\"target\":[\"https:\/\/culturbaine.com\/index.php\/2025\/01\/24\/chute-libre-youssef-swatts-fixe-une-date-de-sortie-pour-son-nouvel-ep\/\"]}]},{\"@type\":\"ImageObject\",\"inLanguage\":\"fr-FR\",\"@id\":\"https:\/\/culturbaine.com\/index.php\/2025\/01\/24\/chute-libre-youssef-swatts-fixe-une-date-de-sortie-pour-son-nouvel-ep\/#primaryimage\",\"url\":\"https:\/\/culturbaine.com\/wp-content\/uploads\/2025\/01\/IMG_20250124_100030.jpg\",\"contentUrl\":\"https:\/\/culturbaine.com\/wp-content\/uploads\/2025\/01\/IMG_20250124_100030.jpg\",\"width\":720,\"height\":439},{\"@type\":\"BreadcrumbList\",\"@id\":\"https:\/\/culturbaine.com\/index.php\/2025\/01\/24\/chute-libre-youssef-swatts-fixe-une-date-de-sortie-pour-son-nouvel-ep\/#breadcrumb\",\"itemListElement\":[{\"@type\":\"ListItem\",\"position\":1,\"name\":\"Home\",\"item\":\"https:\/\/culturbaine.com\/\"},{\"@type\":\"ListItem\",\"position\":2,\"name\":\"Chute Libre : Youssef Swatt&rsquo;s fixe une date de sortie pour son nouvel EP\u00a0\"}]},{\"@type\":\"WebSite\",\"@id\":\"https:\/\/culturbaine.com\/#website\",\"url\":\"https:\/\/culturbaine.com\/\",\"name\":\"Culturbaine.com\",\"description\":\"Toute l&#039;actualit\u00e9 des Cultures Urbaines, en un clic  !\",\"publisher\":{\"@id\":\"https:\/\/culturbaine.com\/#organization\"},\"potentialAction\":[{\"@type\":\"SearchAction\",\"target\":{\"@type\":\"EntryPoint\",\"urlTemplate\":\"https:\/\/culturbaine.com\/?s={search_term_string}\"},\"query-input\":{\"@type\":\"PropertyValueSpecification\",\"valueRequired\":true,\"valueName\":\"search_term_string\"}}],\"inLanguage\":\"fr-FR\"},{\"@type\":\"Organization\",\"@id\":\"https:\/\/culturbaine.com\/#organization\",\"name\":\"Culturbaine.com\",\"url\":\"https:\/\/culturbaine.com\/\",\"logo\":{\"@type\":\"ImageObject\",\"inLanguage\":\"fr-FR\",\"@id\":\"https:\/\/culturbaine.com\/#\/schema\/logo\/image\/\",\"url\":\"https:\/\/culturbaine.com\/wp-content\/uploads\/2023\/07\/WhatsApp-Image-2023-07-17-at-14.38.18.jpeg\",\"contentUrl\":\"https:\/\/culturbaine.com\/wp-content\/uploads\/2023\/07\/WhatsApp-Image-2023-07-17-at-14.38.18.jpeg\",\"width\":855,\"height\":270,\"caption\":\"Culturbaine.com\"},\"image\":{\"@id\":\"https:\/\/culturbaine.com\/#\/schema\/logo\/image\/\"},\"sameAs\":[\"https:\/\/www.facebook.com\/Culturbaines\",\"https:\/\/x.com\/culturbaines\"]},{\"@type\":\"Person\",\"@id\":\"https:\/\/culturbaine.com\/#\/schema\/person\/42eb7485c572e0746c1ea6b8216c3814\",\"name\":\"admin1\",\"image\":{\"@type\":\"ImageObject\",\"inLanguage\":\"fr-FR\",\"@id\":\"https:\/\/culturbaine.com\/#\/schema\/person\/image\/\",\"url\":\"https:\/\/secure.gravatar.com\/avatar\/c268f4d483ce0486e5a10fee87bbf756?s=96&d=mm&r=g\",\"contentUrl\":\"https:\/\/secure.gravatar.com\/avatar\/c268f4d483ce0486e5a10fee87bbf756?s=96&d=mm&r=g\",\"caption\":\"admin1\"},\"url\":\"https:\/\/culturbaine.com\/index.php\/author\/admin1\/\"}]}<\/script>\n<!-- \/ Yoast SEO Premium plugin. -->","yoast_head_json":{"title":"Chute Libre : Youssef Swatt's fixe une date de sortie pour son nouvel EP\u00a0 - Culturbaine","robots":{"index":"index","follow":"follow","max-snippet":"max-snippet:-1","max-image-preview":"max-image-preview:large","max-video-preview":"max-video-preview:-1"},"canonical":"https:\/\/culturbaine.com\/index.php\/2025\/01\/24\/chute-libre-youssef-swatts-fixe-une-date-de-sortie-pour-son-nouvel-ep\/","og_locale":"fr_FR","og_type":"article","og_title":"Chute Libre : Youssef Swatt's fixe une date de sortie pour son nouvel EP\u00a0","og_description":"Les fans de Youssef Swatt&rsquo;s peuvent se r\u00e9jouir ! Six mois apr\u00e8s sa victoire lors de la troisi\u00e8me saison de Nouvelle \u00c9cole, le c\u00e9l\u00e8bre concours de rap diffus\u00e9 sur Netflix, le rappeur belge a d\u00e9voil\u00e9 la date de sortie de son nouvel EP intitul\u00e9 Chute Libre. Pr\u00e9vu pour le 21 f\u00e9vrier 2025, ce projet suscite [&hellip;]","og_url":"https:\/\/culturbaine.com\/index.php\/2025\/01\/24\/chute-libre-youssef-swatts-fixe-une-date-de-sortie-pour-son-nouvel-ep\/","og_site_name":"Culturbaine","article_publisher":"https:\/\/www.facebook.com\/Culturbaines","article_published_time":"2025-01-24T14:00:02+00:00","article_modified_time":"2025-01-24T10:09:34+00:00","og_image":[{"width":720,"height":439,"url":"https:\/\/culturbaine.com\/wp-content\/uploads\/2025\/01\/IMG_20250124_100030.jpg","type":"image\/jpeg"}],"author":"admin1","twitter_card":"summary_large_image","twitter_creator":"@culturbaines","twitter_site":"@culturbaines","twitter_misc":{"\u00c9crit par":"admin1","Dur\u00e9e de lecture estim\u00e9e":"2 minutes"},"schema":{"@context":"https:\/\/schema.org","@graph":[{"@type":"Article","@id":"https:\/\/culturbaine.com\/index.php\/2025\/01\/24\/chute-libre-youssef-swatts-fixe-une-date-de-sortie-pour-son-nouvel-ep\/#article","isPartOf":{"@id":"https:\/\/culturbaine.com\/index.php\/2025\/01\/24\/chute-libre-youssef-swatts-fixe-une-date-de-sortie-pour-son-nouvel-ep\/"},"author":{"name":"admin1","@id":"https:\/\/culturbaine.com\/#\/schema\/person\/42eb7485c572e0746c1ea6b8216c3814"},"headline":"Chute Libre : Youssef Swatt&rsquo;s fixe une date de sortie pour son nouvel EP\u00a0","datePublished":"2025-01-24T14:00:02+00:00","dateModified":"2025-01-24T10:09:34+00:00","mainEntityOfPage":{"@id":"https:\/\/culturbaine.com\/index.php\/2025\/01\/24\/chute-libre-youssef-swatts-fixe-une-date-de-sortie-pour-son-nouvel-ep\/"},"wordCount":223,"publisher":{"@id":"https:\/\/culturbaine.com\/#organization"},"image":{"@id":"https:\/\/culturbaine.com\/index.php\/2025\/01\/24\/chute-libre-youssef-swatts-fixe-une-date-de-sortie-pour-son-nouvel-ep\/#primaryimage"},"thumbnailUrl":"https:\/\/culturbaine.com\/wp-content\/uploads\/2025\/01\/IMG_20250124_100030.jpg","keywords":["Youssef Swatt's fixe une date de sortie pour son nouvel EP\u00a0Chute Libre"],"articleSection":["Actualit\u00e9","Rap","Sortie d'album"],"inLanguage":"fr-FR"},{"@type":"WebPage","@id":"https:\/\/culturbaine.com\/index.php\/2025\/01\/24\/chute-libre-youssef-swatts-fixe-une-date-de-sortie-pour-son-nouvel-ep\/","url":"https:\/\/culturbaine.com\/index.php\/2025\/01\/24\/chute-libre-youssef-swatts-fixe-une-date-de-sortie-pour-son-nouvel-ep\/","name":"Chute Libre : Youssef Swatt's fixe une date de sortie pour son nouvel EP\u00a0 - Culturbaine","isPartOf":{"@id":"https:\/\/culturbaine.com\/#website"},"primaryImageOfPage":{"@id":"https:\/\/culturbaine.com\/index.php\/2025\/01\/24\/chute-libre-youssef-swatts-fixe-une-date-de-sortie-pour-son-nouvel-ep\/#primaryimage"},"image":{"@id":"https:\/\/culturbaine.com\/index.php\/2025\/01\/24\/chute-libre-youssef-swatts-fixe-une-date-de-sortie-pour-son-nouvel-ep\/#primaryimage"},"thumbnailUrl":"https:\/\/culturbaine.com\/wp-content\/uploads\/2025\/01\/IMG_20250124_100030.jpg","datePublished":"2025-01-24T14:00:02+00:00","dateModified":"2025-01-24T10:09:34+00:00","breadcrumb":{"@id":"https:\/\/culturbaine.com\/index.php\/2025\/01\/24\/chute-libre-youssef-swatts-fixe-une-date-de-sortie-pour-son-nouvel-ep\/#breadcrumb"},"inLanguage":"fr-FR","potentialAction":[{"@type":"ReadAction","target":["https:\/\/culturbaine.com\/index.php\/2025\/01\/24\/chute-libre-youssef-swatts-fixe-une-date-de-sortie-pour-son-nouvel-ep\/"]}]},{"@type":"ImageObject","inLanguage":"fr-FR","@id":"https:\/\/culturbaine.com\/index.php\/2025\/01\/24\/chute-libre-youssef-swatts-fixe-une-date-de-sortie-pour-son-nouvel-ep\/#primaryimage","url":"https:\/\/culturbaine.com\/wp-content\/uploads\/2025\/01\/IMG_20250124_100030.jpg","contentUrl":"https:\/\/culturbaine.com\/wp-content\/uploads\/2025\/01\/IMG_20250124_100030.jpg","width":720,"height":439},{"@type":"BreadcrumbList","@id":"https:\/\/culturbaine.com\/index.php\/2025\/01\/24\/chute-libre-youssef-swatts-fixe-une-date-de-sortie-pour-son-nouvel-ep\/#breadcrumb","itemListElement":[{"@type":"ListItem","position":1,"name":"Home","item":"https:\/\/culturbaine.com\/"},{"@type":"ListItem","position":2,"name":"Chute Libre : Youssef Swatt&rsquo;s fixe une date de sortie pour son nouvel EP\u00a0"}]},{"@type":"WebSite","@id":"https:\/\/culturbaine.com\/#website","url":"https:\/\/culturbaine.com\/","name":"Culturbaine.com","description":"Toute l&#039;actualit\u00e9 des Cultures Urbaines, en un clic  !","publisher":{"@id":"https:\/\/culturbaine.com\/#organization"},"potentialAction":[{"@type":"SearchAction","target":{"@type":"EntryPoint","urlTemplate":"https:\/\/culturbaine.com\/?s={search_term_string}"},"query-input":{"@type":"PropertyValueSpecification","valueRequired":true,"valueName":"search_term_string"}}],"inLanguage":"fr-FR"},{"@type":"Organization","@id":"https:\/\/culturbaine.com\/#organization","name":"Culturbaine.com","url":"https:\/\/culturbaine.com\/","logo":{"@type":"ImageObject","inLanguage":"fr-FR","@id":"https:\/\/culturbaine.com\/#\/schema\/logo\/image\/","url":"https:\/\/culturbaine.com\/wp-content\/uploads\/2023\/07\/WhatsApp-Image-2023-07-17-at-14.38.18.jpeg","contentUrl":"https:\/\/culturbaine.com\/wp-content\/uploads\/2023\/07\/WhatsApp-Image-2023-07-17-at-14.38.18.jpeg","width":855,"height":270,"caption":"Culturbaine.com"},"image":{"@id":"https:\/\/culturbaine.com\/#\/schema\/logo\/image\/"},"sameAs":["https:\/\/www.facebook.com\/Culturbaines","https:\/\/x.com\/culturbaines"]},{"@type":"Person","@id":"https:\/\/culturbaine.com\/#\/schema\/person\/42eb7485c572e0746c1ea6b8216c3814","name":"admin1","image":{"@type":"ImageObject","inLanguage":"fr-FR","@id":"https:\/\/culturbaine.com\/#\/schema\/person\/image\/","url":"https:\/\/secure.gravatar.com\/avatar\/c268f4d483ce0486e5a10fee87bbf756?s=96&d=mm&r=g","contentUrl":"https:\/\/secure.gravatar.com\/avatar\/c268f4d483ce0486e5a10fee87bbf756?s=96&d=mm&r=g","caption":"admin1"},"url":"https:\/\/culturbaine.com\/index.php\/author\/admin1\/"}]}},"_links":{"self":[{"href":"https:\/\/culturbaine.com\/index.php\/wp-json\/wp\/v2\/posts\/10884"}],"collection":[{"href":"https:\/\/culturbaine.com\/index.php\/wp-json\/wp\/v2\/posts"}],"about":[{"href":"https:\/\/culturbaine.com\/index.php\/wp-json\/wp\/v2\/types\/post"}],"author":[{"embeddable":true,"href":"https:\/\/culturbaine.com\/index.php\/wp-json\/wp\/v2\/users\/2"}],"replies":[{"embeddable":true,"href":"https:\/\/culturbaine.com\/index.php\/wp-json\/wp\/v2\/comments?post=10884"}],"version-history":[{"count":0,"href":"https:\/\/culturbaine.com\/index.php\/wp-json\/wp\/v2\/posts\/10884\/revisions"}],"wp:featuredmedia":[{"embeddable":true,"href":"https:\/\/culturbaine.com\/index.php\/wp-json\/wp\/v2\/media\/10885"}],"wp:attachment":[{"href":"https:\/\/culturbaine.com\/index.php\/wp-json\/wp\/v2\/media?parent=10884"}],"wp:term":[{"taxonomy":"category","embeddable":true,"href":"https:\/\/culturbaine.com\/index.php\/wp-json\/wp\/v2\/categories?post=10884"},{"taxonomy":"post_tag","embeddable":true,"href":"https:\/\/culturbaine.com\/index.php\/wp-json\/wp\/v2\/tags?post=10884"}],"curies":[{"name":"wp","href":"https:\/\/api.w.org\/{rel}","templated":true}]}}