{"id":10861,"date":"2025-01-22T17:03:11","date_gmt":"2025-01-22T17:03:11","guid":{"rendered":"https:\/\/culturbaine.com\/?p=10861"},"modified":"2025-01-22T17:03:11","modified_gmt":"2025-01-22T17:03:11","slug":"symphonie-annonce-son-spectacle-shegeuy-au-ccfg","status":"publish","type":"post","link":"https:\/\/culturbaine.com\/index.php\/2025\/01\/22\/symphonie-annonce-son-spectacle-shegeuy-au-ccfg\/","title":{"rendered":"Symphonie annonce son spectacle \u2018Shegeuy\u2019 au CCFG"},"content":{"rendered":"<p>Le 5 avril 2025, la talentueuse slameuse guin\u00e9enne <strong>Symphonie<\/strong> se produira au Centre Culturel Franco-Guin\u00e9en (CCFG) pour un spectacle in\u00e9dit intitul\u00e9 \u2018<strong>Shegeuy<\/strong>\u2019. Ce rendez-vous po\u00e9tique s\u2019annonce intense et promet de marquer les esprits.<\/p>\n<p><img loading=\"lazy\" decoding=\"async\" class=\"aligncenter size-full wp-image-10862\" src=\"https:\/\/culturbaine.com\/wp-content\/uploads\/2025\/01\/1737542283987.jpg\" alt=\"\" width=\"720\" height=\"900\" srcset=\"https:\/\/culturbaine.com\/wp-content\/uploads\/2025\/01\/1737542283987.jpg 720w, https:\/\/culturbaine.com\/wp-content\/uploads\/2025\/01\/1737542283987-240x300.jpg 240w\" sizes=\"(max-width: 720px) 100vw, 720px\" \/><\/p>\n<p>Dans un long message publi\u00e9 sur sa page Facebook, l\u2019artiste a d\u00e9voil\u00e9 les grandes lignes de cet \u00e9v\u00e9nement. Mais qu\u2019est-ce qui se cache derri\u00e8re ce titre intrigant ?<\/p>\n<p>Selon ses propres mots : <strong>\u00ab Un voyage po\u00e9tique intense o\u00f9 les mots se m\u00ealent aux v\u00e9rit\u00e9s brutes, un hommage vibrant \u00e0 celles et ceux qui affrontent les temp\u00eates sans plier. C\u2019est une r\u00e9volte, une c\u00e9l\u00e9bration, un cri d\u2019espoir. \u00bb<\/strong><\/p>\n<p><strong>Symphonie<\/strong> d\u00e9crit \u2018<strong>Shegeuy<\/strong>\u2019 comme bien plus qu\u2019un simple spectacle. Elle le pr\u00e9sente comme une voix, une lutte, un appel \u00e0 la r\u00e9flexion et \u00e0 l\u2019action.<strong>\u00ab Pr\u00eat(e) \u00e0 l\u2019entendre ? \u00bb<\/strong>, interroge-t-elle.<\/p>\n<p>Sacr\u00e9e championne nationale de slam en 2021 et finaliste de la troisi\u00e8me \u00e9dition de la Coupe d\u2019Afrique de Slam et Po\u00e9sie, <strong>Symphonie<\/strong> s\u2019est impos\u00e9e comme une figure embl\u00e9matique de l\u2019art oratoire en Guin\u00e9e. \u00c0 travers ses textes puissants et engag\u00e9s, elle donne une voix aux sans-voix et aborde des th\u00e9matiques sociales avec authenticit\u00e9 et profondeur.<\/p>\n<p>Save the date<\/p>\n<p><strong>Mohamed Cinq Sylla\u00a0<\/strong><\/p>\n","protected":false},"excerpt":{"rendered":"<p>Le 5 avril 2025, la talentueuse slameuse guin\u00e9enne Symphonie se produira au Centre Culturel Franco-Guin\u00e9en (CCFG) pour un spectacle in\u00e9dit intitul\u00e9 \u2018Shegeuy\u2019. Ce rendez-vous po\u00e9tique s\u2019annonce intense et promet de marquer les esprits. Dans un long message publi\u00e9 sur sa page Facebook, l\u2019artiste a d\u00e9voil\u00e9 les grandes lignes de cet \u00e9v\u00e9nement. Mais qu\u2019est-ce qui se [&hellip;]<\/p>\n","protected":false},"author":2,"featured_media":10863,"comment_status":"closed","ping_status":"closed","sticky":false,"template":"","format":"standard","meta":{"_mi_skip_tracking":false,"_monsterinsights_sitenote_active":false,"_monsterinsights_sitenote_note":"","_monsterinsights_sitenote_category":0,"footnotes":""},"categories":[21,33,2386],"tags":[3628],"class_list":["post-10861","post","type-post","status-publish","format-standard","has-post-thumbnail","hentry","category-actualite","category-agenda","category-slam","tag-symphonie-annonce-son-spectacle-shegeuy-au-ccfg"],"yoast_head":"<!-- This site is optimized with the Yoast SEO Premium plugin v20.1 (Yoast SEO v24.0) - https:\/\/yoast.com\/wordpress\/plugins\/seo\/ -->\n<title>Symphonie annonce son spectacle \u2018Shegeuy\u2019 au CCFG - Culturbaine<\/title>\n<meta name=\"robots\" content=\"index, follow, max-snippet:-1, max-image-preview:large, max-video-preview:-1\" \/>\n<link rel=\"canonical\" href=\"https:\/\/culturbaine.com\/index.php\/2025\/01\/22\/symphonie-annonce-son-spectacle-shegeuy-au-ccfg\/\" \/>\n<meta property=\"og:locale\" content=\"fr_FR\" \/>\n<meta property=\"og:type\" content=\"article\" \/>\n<meta property=\"og:title\" content=\"Symphonie annonce son spectacle \u2018Shegeuy\u2019 au CCFG\" \/>\n<meta property=\"og:description\" content=\"Le 5 avril 2025, la talentueuse slameuse guin\u00e9enne Symphonie se produira au Centre Culturel Franco-Guin\u00e9en (CCFG) pour un spectacle in\u00e9dit intitul\u00e9 \u2018Shegeuy\u2019. Ce rendez-vous po\u00e9tique s\u2019annonce intense et promet de marquer les esprits. Dans un long message publi\u00e9 sur sa page Facebook, l\u2019artiste a d\u00e9voil\u00e9 les grandes lignes de cet \u00e9v\u00e9nement. Mais qu\u2019est-ce qui se [&hellip;]\" \/>\n<meta property=\"og:url\" content=\"https:\/\/culturbaine.com\/index.php\/2025\/01\/22\/symphonie-annonce-son-spectacle-shegeuy-au-ccfg\/\" \/>\n<meta property=\"og:site_name\" content=\"Culturbaine\" \/>\n<meta property=\"article:publisher\" content=\"https:\/\/www.facebook.com\/Culturbaines\" \/>\n<meta property=\"article:published_time\" content=\"2025-01-22T17:03:11+00:00\" \/>\n<meta property=\"og:image\" content=\"https:\/\/culturbaine.com\/wp-content\/uploads\/2025\/01\/17375422839872.jpg\" \/>\n\t<meta property=\"og:image:width\" content=\"720\" \/>\n\t<meta property=\"og:image:height\" content=\"435\" \/>\n\t<meta property=\"og:image:type\" content=\"image\/jpeg\" \/>\n<meta name=\"author\" content=\"admin1\" \/>\n<meta name=\"twitter:card\" content=\"summary_large_image\" \/>\n<meta name=\"twitter:creator\" content=\"@culturbaines\" \/>\n<meta name=\"twitter:site\" content=\"@culturbaines\" \/>\n<meta name=\"twitter:label1\" content=\"\u00c9crit par\" \/>\n\t<meta name=\"twitter:data1\" content=\"admin1\" \/>\n\t<meta name=\"twitter:label2\" content=\"Dur\u00e9e de lecture estim\u00e9e\" \/>\n\t<meta name=\"twitter:data2\" content=\"2 minutes\" \/>\n<script type=\"application\/ld+json\" class=\"yoast-schema-graph\">{\"@context\":\"https:\/\/schema.org\",\"@graph\":[{\"@type\":\"Article\",\"@id\":\"https:\/\/culturbaine.com\/index.php\/2025\/01\/22\/symphonie-annonce-son-spectacle-shegeuy-au-ccfg\/#article\",\"isPartOf\":{\"@id\":\"https:\/\/culturbaine.com\/index.php\/2025\/01\/22\/symphonie-annonce-son-spectacle-shegeuy-au-ccfg\/\"},\"author\":{\"name\":\"admin1\",\"@id\":\"https:\/\/culturbaine.com\/#\/schema\/person\/42eb7485c572e0746c1ea6b8216c3814\"},\"headline\":\"Symphonie annonce son spectacle \u2018Shegeuy\u2019 au CCFG\",\"datePublished\":\"2025-01-22T17:03:11+00:00\",\"dateModified\":\"2025-01-22T17:03:11+00:00\",\"mainEntityOfPage\":{\"@id\":\"https:\/\/culturbaine.com\/index.php\/2025\/01\/22\/symphonie-annonce-son-spectacle-shegeuy-au-ccfg\/\"},\"wordCount\":225,\"publisher\":{\"@id\":\"https:\/\/culturbaine.com\/#organization\"},\"image\":{\"@id\":\"https:\/\/culturbaine.com\/index.php\/2025\/01\/22\/symphonie-annonce-son-spectacle-shegeuy-au-ccfg\/#primaryimage\"},\"thumbnailUrl\":\"https:\/\/culturbaine.com\/wp-content\/uploads\/2025\/01\/17375422839872.jpg\",\"keywords\":[\"Symphonie annonce son spectacle \u2018Shegeuy\u2019 au CCFG\"],\"articleSection\":[\"Actualit\u00e9\",\"Agenda\",\"Slam\"],\"inLanguage\":\"fr-FR\"},{\"@type\":\"WebPage\",\"@id\":\"https:\/\/culturbaine.com\/index.php\/2025\/01\/22\/symphonie-annonce-son-spectacle-shegeuy-au-ccfg\/\",\"url\":\"https:\/\/culturbaine.com\/index.php\/2025\/01\/22\/symphonie-annonce-son-spectacle-shegeuy-au-ccfg\/\",\"name\":\"Symphonie annonce son spectacle \u2018Shegeuy\u2019 au CCFG - Culturbaine\",\"isPartOf\":{\"@id\":\"https:\/\/culturbaine.com\/#website\"},\"primaryImageOfPage\":{\"@id\":\"https:\/\/culturbaine.com\/index.php\/2025\/01\/22\/symphonie-annonce-son-spectacle-shegeuy-au-ccfg\/#primaryimage\"},\"image\":{\"@id\":\"https:\/\/culturbaine.com\/index.php\/2025\/01\/22\/symphonie-annonce-son-spectacle-shegeuy-au-ccfg\/#primaryimage\"},\"thumbnailUrl\":\"https:\/\/culturbaine.com\/wp-content\/uploads\/2025\/01\/17375422839872.jpg\",\"datePublished\":\"2025-01-22T17:03:11+00:00\",\"dateModified\":\"2025-01-22T17:03:11+00:00\",\"breadcrumb\":{\"@id\":\"https:\/\/culturbaine.com\/index.php\/2025\/01\/22\/symphonie-annonce-son-spectacle-shegeuy-au-ccfg\/#breadcrumb\"},\"inLanguage\":\"fr-FR\",\"potentialAction\":[{\"@type\":\"ReadAction\",\"target\":[\"https:\/\/culturbaine.com\/index.php\/2025\/01\/22\/symphonie-annonce-son-spectacle-shegeuy-au-ccfg\/\"]}]},{\"@type\":\"ImageObject\",\"inLanguage\":\"fr-FR\",\"@id\":\"https:\/\/culturbaine.com\/index.php\/2025\/01\/22\/symphonie-annonce-son-spectacle-shegeuy-au-ccfg\/#primaryimage\",\"url\":\"https:\/\/culturbaine.com\/wp-content\/uploads\/2025\/01\/17375422839872.jpg\",\"contentUrl\":\"https:\/\/culturbaine.com\/wp-content\/uploads\/2025\/01\/17375422839872.jpg\",\"width\":720,\"height\":435},{\"@type\":\"BreadcrumbList\",\"@id\":\"https:\/\/culturbaine.com\/index.php\/2025\/01\/22\/symphonie-annonce-son-spectacle-shegeuy-au-ccfg\/#breadcrumb\",\"itemListElement\":[{\"@type\":\"ListItem\",\"position\":1,\"name\":\"Home\",\"item\":\"https:\/\/culturbaine.com\/\"},{\"@type\":\"ListItem\",\"position\":2,\"name\":\"Symphonie annonce son spectacle \u2018Shegeuy\u2019 au CCFG\"}]},{\"@type\":\"WebSite\",\"@id\":\"https:\/\/culturbaine.com\/#website\",\"url\":\"https:\/\/culturbaine.com\/\",\"name\":\"Culturbaine.com\",\"description\":\"Toute l&#039;actualit\u00e9 des Cultures Urbaines, en un clic  !\",\"publisher\":{\"@id\":\"https:\/\/culturbaine.com\/#organization\"},\"potentialAction\":[{\"@type\":\"SearchAction\",\"target\":{\"@type\":\"EntryPoint\",\"urlTemplate\":\"https:\/\/culturbaine.com\/?s={search_term_string}\"},\"query-input\":{\"@type\":\"PropertyValueSpecification\",\"valueRequired\":true,\"valueName\":\"search_term_string\"}}],\"inLanguage\":\"fr-FR\"},{\"@type\":\"Organization\",\"@id\":\"https:\/\/culturbaine.com\/#organization\",\"name\":\"Culturbaine.com\",\"url\":\"https:\/\/culturbaine.com\/\",\"logo\":{\"@type\":\"ImageObject\",\"inLanguage\":\"fr-FR\",\"@id\":\"https:\/\/culturbaine.com\/#\/schema\/logo\/image\/\",\"url\":\"https:\/\/culturbaine.com\/wp-content\/uploads\/2023\/07\/WhatsApp-Image-2023-07-17-at-14.38.18.jpeg\",\"contentUrl\":\"https:\/\/culturbaine.com\/wp-content\/uploads\/2023\/07\/WhatsApp-Image-2023-07-17-at-14.38.18.jpeg\",\"width\":855,\"height\":270,\"caption\":\"Culturbaine.com\"},\"image\":{\"@id\":\"https:\/\/culturbaine.com\/#\/schema\/logo\/image\/\"},\"sameAs\":[\"https:\/\/www.facebook.com\/Culturbaines\",\"https:\/\/x.com\/culturbaines\"]},{\"@type\":\"Person\",\"@id\":\"https:\/\/culturbaine.com\/#\/schema\/person\/42eb7485c572e0746c1ea6b8216c3814\",\"name\":\"admin1\",\"image\":{\"@type\":\"ImageObject\",\"inLanguage\":\"fr-FR\",\"@id\":\"https:\/\/culturbaine.com\/#\/schema\/person\/image\/\",\"url\":\"https:\/\/secure.gravatar.com\/avatar\/c268f4d483ce0486e5a10fee87bbf756?s=96&d=mm&r=g\",\"contentUrl\":\"https:\/\/secure.gravatar.com\/avatar\/c268f4d483ce0486e5a10fee87bbf756?s=96&d=mm&r=g\",\"caption\":\"admin1\"},\"url\":\"https:\/\/culturbaine.com\/index.php\/author\/admin1\/\"}]}<\/script>\n<!-- \/ Yoast SEO Premium plugin. -->","yoast_head_json":{"title":"Symphonie annonce son spectacle \u2018Shegeuy\u2019 au CCFG - Culturbaine","robots":{"index":"index","follow":"follow","max-snippet":"max-snippet:-1","max-image-preview":"max-image-preview:large","max-video-preview":"max-video-preview:-1"},"canonical":"https:\/\/culturbaine.com\/index.php\/2025\/01\/22\/symphonie-annonce-son-spectacle-shegeuy-au-ccfg\/","og_locale":"fr_FR","og_type":"article","og_title":"Symphonie annonce son spectacle \u2018Shegeuy\u2019 au CCFG","og_description":"Le 5 avril 2025, la talentueuse slameuse guin\u00e9enne Symphonie se produira au Centre Culturel Franco-Guin\u00e9en (CCFG) pour un spectacle in\u00e9dit intitul\u00e9 \u2018Shegeuy\u2019. Ce rendez-vous po\u00e9tique s\u2019annonce intense et promet de marquer les esprits. Dans un long message publi\u00e9 sur sa page Facebook, l\u2019artiste a d\u00e9voil\u00e9 les grandes lignes de cet \u00e9v\u00e9nement. Mais qu\u2019est-ce qui se [&hellip;]","og_url":"https:\/\/culturbaine.com\/index.php\/2025\/01\/22\/symphonie-annonce-son-spectacle-shegeuy-au-ccfg\/","og_site_name":"Culturbaine","article_publisher":"https:\/\/www.facebook.com\/Culturbaines","article_published_time":"2025-01-22T17:03:11+00:00","og_image":[{"width":720,"height":435,"url":"https:\/\/culturbaine.com\/wp-content\/uploads\/2025\/01\/17375422839872.jpg","type":"image\/jpeg"}],"author":"admin1","twitter_card":"summary_large_image","twitter_creator":"@culturbaines","twitter_site":"@culturbaines","twitter_misc":{"\u00c9crit par":"admin1","Dur\u00e9e de lecture estim\u00e9e":"2 minutes"},"schema":{"@context":"https:\/\/schema.org","@graph":[{"@type":"Article","@id":"https:\/\/culturbaine.com\/index.php\/2025\/01\/22\/symphonie-annonce-son-spectacle-shegeuy-au-ccfg\/#article","isPartOf":{"@id":"https:\/\/culturbaine.com\/index.php\/2025\/01\/22\/symphonie-annonce-son-spectacle-shegeuy-au-ccfg\/"},"author":{"name":"admin1","@id":"https:\/\/culturbaine.com\/#\/schema\/person\/42eb7485c572e0746c1ea6b8216c3814"},"headline":"Symphonie annonce son spectacle \u2018Shegeuy\u2019 au CCFG","datePublished":"2025-01-22T17:03:11+00:00","dateModified":"2025-01-22T17:03:11+00:00","mainEntityOfPage":{"@id":"https:\/\/culturbaine.com\/index.php\/2025\/01\/22\/symphonie-annonce-son-spectacle-shegeuy-au-ccfg\/"},"wordCount":225,"publisher":{"@id":"https:\/\/culturbaine.com\/#organization"},"image":{"@id":"https:\/\/culturbaine.com\/index.php\/2025\/01\/22\/symphonie-annonce-son-spectacle-shegeuy-au-ccfg\/#primaryimage"},"thumbnailUrl":"https:\/\/culturbaine.com\/wp-content\/uploads\/2025\/01\/17375422839872.jpg","keywords":["Symphonie annonce son spectacle \u2018Shegeuy\u2019 au CCFG"],"articleSection":["Actualit\u00e9","Agenda","Slam"],"inLanguage":"fr-FR"},{"@type":"WebPage","@id":"https:\/\/culturbaine.com\/index.php\/2025\/01\/22\/symphonie-annonce-son-spectacle-shegeuy-au-ccfg\/","url":"https:\/\/culturbaine.com\/index.php\/2025\/01\/22\/symphonie-annonce-son-spectacle-shegeuy-au-ccfg\/","name":"Symphonie annonce son spectacle \u2018Shegeuy\u2019 au CCFG - Culturbaine","isPartOf":{"@id":"https:\/\/culturbaine.com\/#website"},"primaryImageOfPage":{"@id":"https:\/\/culturbaine.com\/index.php\/2025\/01\/22\/symphonie-annonce-son-spectacle-shegeuy-au-ccfg\/#primaryimage"},"image":{"@id":"https:\/\/culturbaine.com\/index.php\/2025\/01\/22\/symphonie-annonce-son-spectacle-shegeuy-au-ccfg\/#primaryimage"},"thumbnailUrl":"https:\/\/culturbaine.com\/wp-content\/uploads\/2025\/01\/17375422839872.jpg","datePublished":"2025-01-22T17:03:11+00:00","dateModified":"2025-01-22T17:03:11+00:00","breadcrumb":{"@id":"https:\/\/culturbaine.com\/index.php\/2025\/01\/22\/symphonie-annonce-son-spectacle-shegeuy-au-ccfg\/#breadcrumb"},"inLanguage":"fr-FR","potentialAction":[{"@type":"ReadAction","target":["https:\/\/culturbaine.com\/index.php\/2025\/01\/22\/symphonie-annonce-son-spectacle-shegeuy-au-ccfg\/"]}]},{"@type":"ImageObject","inLanguage":"fr-FR","@id":"https:\/\/culturbaine.com\/index.php\/2025\/01\/22\/symphonie-annonce-son-spectacle-shegeuy-au-ccfg\/#primaryimage","url":"https:\/\/culturbaine.com\/wp-content\/uploads\/2025\/01\/17375422839872.jpg","contentUrl":"https:\/\/culturbaine.com\/wp-content\/uploads\/2025\/01\/17375422839872.jpg","width":720,"height":435},{"@type":"BreadcrumbList","@id":"https:\/\/culturbaine.com\/index.php\/2025\/01\/22\/symphonie-annonce-son-spectacle-shegeuy-au-ccfg\/#breadcrumb","itemListElement":[{"@type":"ListItem","position":1,"name":"Home","item":"https:\/\/culturbaine.com\/"},{"@type":"ListItem","position":2,"name":"Symphonie annonce son spectacle \u2018Shegeuy\u2019 au CCFG"}]},{"@type":"WebSite","@id":"https:\/\/culturbaine.com\/#website","url":"https:\/\/culturbaine.com\/","name":"Culturbaine.com","description":"Toute l&#039;actualit\u00e9 des Cultures Urbaines, en un clic  !","publisher":{"@id":"https:\/\/culturbaine.com\/#organization"},"potentialAction":[{"@type":"SearchAction","target":{"@type":"EntryPoint","urlTemplate":"https:\/\/culturbaine.com\/?s={search_term_string}"},"query-input":{"@type":"PropertyValueSpecification","valueRequired":true,"valueName":"search_term_string"}}],"inLanguage":"fr-FR"},{"@type":"Organization","@id":"https:\/\/culturbaine.com\/#organization","name":"Culturbaine.com","url":"https:\/\/culturbaine.com\/","logo":{"@type":"ImageObject","inLanguage":"fr-FR","@id":"https:\/\/culturbaine.com\/#\/schema\/logo\/image\/","url":"https:\/\/culturbaine.com\/wp-content\/uploads\/2023\/07\/WhatsApp-Image-2023-07-17-at-14.38.18.jpeg","contentUrl":"https:\/\/culturbaine.com\/wp-content\/uploads\/2023\/07\/WhatsApp-Image-2023-07-17-at-14.38.18.jpeg","width":855,"height":270,"caption":"Culturbaine.com"},"image":{"@id":"https:\/\/culturbaine.com\/#\/schema\/logo\/image\/"},"sameAs":["https:\/\/www.facebook.com\/Culturbaines","https:\/\/x.com\/culturbaines"]},{"@type":"Person","@id":"https:\/\/culturbaine.com\/#\/schema\/person\/42eb7485c572e0746c1ea6b8216c3814","name":"admin1","image":{"@type":"ImageObject","inLanguage":"fr-FR","@id":"https:\/\/culturbaine.com\/#\/schema\/person\/image\/","url":"https:\/\/secure.gravatar.com\/avatar\/c268f4d483ce0486e5a10fee87bbf756?s=96&d=mm&r=g","contentUrl":"https:\/\/secure.gravatar.com\/avatar\/c268f4d483ce0486e5a10fee87bbf756?s=96&d=mm&r=g","caption":"admin1"},"url":"https:\/\/culturbaine.com\/index.php\/author\/admin1\/"}]}},"_links":{"self":[{"href":"https:\/\/culturbaine.com\/index.php\/wp-json\/wp\/v2\/posts\/10861"}],"collection":[{"href":"https:\/\/culturbaine.com\/index.php\/wp-json\/wp\/v2\/posts"}],"about":[{"href":"https:\/\/culturbaine.com\/index.php\/wp-json\/wp\/v2\/types\/post"}],"author":[{"embeddable":true,"href":"https:\/\/culturbaine.com\/index.php\/wp-json\/wp\/v2\/users\/2"}],"replies":[{"embeddable":true,"href":"https:\/\/culturbaine.com\/index.php\/wp-json\/wp\/v2\/comments?post=10861"}],"version-history":[{"count":0,"href":"https:\/\/culturbaine.com\/index.php\/wp-json\/wp\/v2\/posts\/10861\/revisions"}],"wp:featuredmedia":[{"embeddable":true,"href":"https:\/\/culturbaine.com\/index.php\/wp-json\/wp\/v2\/media\/10863"}],"wp:attachment":[{"href":"https:\/\/culturbaine.com\/index.php\/wp-json\/wp\/v2\/media?parent=10861"}],"wp:term":[{"taxonomy":"category","embeddable":true,"href":"https:\/\/culturbaine.com\/index.php\/wp-json\/wp\/v2\/categories?post=10861"},{"taxonomy":"post_tag","embeddable":true,"href":"https:\/\/culturbaine.com\/index.php\/wp-json\/wp\/v2\/tags?post=10861"}],"curies":[{"name":"wp","href":"https:\/\/api.w.org\/{rel}","templated":true}]}}