{"id":10857,"date":"2025-01-22T11:58:41","date_gmt":"2025-01-22T11:58:41","guid":{"rendered":"https:\/\/culturbaine.com\/?p=10857"},"modified":"2025-01-22T11:58:41","modified_gmt":"2025-01-22T11:58:41","slug":"je-nai-jamais-voulu-faire-dalbum-solo-confie-black-m","status":"publish","type":"post","link":"https:\/\/culturbaine.com\/index.php\/2025\/01\/22\/je-nai-jamais-voulu-faire-dalbum-solo-confie-black-m\/","title":{"rendered":"\u00ab Je n&rsquo;ai jamais voulu faire d&rsquo;album solo \u00bb, confie Black M"},"content":{"rendered":"<p>R\u00e9v\u00e9l\u00e9 au grand public au sein du groupe l\u00e9gendaire de rap fran\u00e7ais <strong>Sexion d\u2019Assaut,<\/strong> <strong>Black M<\/strong> est l\u2019un des artistes d\u2019origine guin\u00e9enne les plus marquants de sa g\u00e9n\u00e9ration. Dans une r\u00e9cente interview accord\u00e9e au podcast \u2018<strong>Juste un pas de plus<\/strong>\u2019, anim\u00e9 par <strong>Karamoo<\/strong> et diffus\u00e9 sur YouTube, le rappeur a fait une r\u00e9v\u00e9lation surprenante concernant sa carri\u00e8re solo.<\/p>\n<p>Connu pour son album \u00ab<strong> Les Yeux plus gros que le monde \u00bb,<\/strong> qui a atteint le million de ventes sans streaming, <strong>Black<\/strong> <strong>M<\/strong> a confi\u00e9 que ce projet n\u2019\u00e9tait initialement pas dans ses plans.<\/p>\n<p>\u00ab<strong>Mais ce n&rsquo;\u00e9tait pas pr\u00e9vu. Parce que moi, la gens ne savent pas forc\u00e9ment je n&rsquo;ai jamais voulu faire d&rsquo;album solo.<\/strong>\u00bb a-t-il expliqu\u00e9. Il a poursuivi en r\u00e9v\u00e9lant que l\u2019id\u00e9e a \u00e9merg\u00e9 apr\u00e8s le succ\u00e8s de <strong>Ma\u00eetre Gims<\/strong>, autre membre embl\u00e9matique de la <strong>Sexion d\u2019Assaut<\/strong>, avec son premier album solo en 2013.<\/p>\n<p>Face \u00e0 l\u2019arr\u00eat temporaire de certains membres du groupe et au besoin de continuer \u00e0 produire de la musique, le producteur a vu en <strong>Black M<\/strong> la prochaine \u00e9toile montante. Cependant, ce nouveau r\u00f4le n\u2019a pas \u00e9t\u00e9 simple \u00e0 accepter :<\/p>\n<p><strong>\u00abJ&rsquo;avais une peur atroce , boule au ventre de ne pas pouvoir assumer, Est-ce que le public attend vraiment un Black M?\u00bb<\/strong> a-t-il avou\u00e9.<\/p>\n<p>Lorsqu\u2019il s\u2019est finalement lanc\u00e9, l\u2019artiste s\u2019\u00e9tait fix\u00e9 des objectifs r\u00e9alistes : <strong>\u00ab je vais tout donner pour l&rsquo;album et je vais faire de sorte que je vais parler de chiffres, essayer de faire un disque d&rsquo;or en 6 mois, 1 an parc que je trouve tr\u00e8s raisonnable \u00e0 l&rsquo;\u00e9poque.\u00bb<\/strong><\/p>\n<p>Cependant, la r\u00e9ception de l\u2019album a d\u00e9pass\u00e9 toutes ses attentes. \u00c0 partir de son quatri\u00e8me single, <strong>\u00ab Mme Pavoshko<\/strong> \u00bb, <strong>Black M<\/strong> a \u00e9t\u00e9 propuls\u00e9 sous les projecteurs. <strong>\u00ab Je ne contr\u00f4lais plus rien. Il s\u2019est pass\u00e9 un v\u00e9ritable raz-de-mar\u00e9e \u00bb,<\/strong> a-t-il racont\u00e9. R\u00e9sultat : un million de ventes pour un premier album, un exploit d\u2019autant plus impressionnant \u00e0 une \u00e9poque o\u00f9 le streaming n\u2019\u00e9tait pas encore pr\u00e9dominant.<\/p>\n<p><strong>Black M<\/strong> garde un souvenir mitig\u00e9 de cette aventure, entre satisfaction et humilit\u00e9 :<\/p>\n<p><strong>\u00ab Je ne regrette pas, car cela m\u2019a appris beaucoup de choses. Mais je reste convaincu que tout cela, c\u2019est Dieu qui donne. \u00bb<\/strong><\/p>\n<p>Avec ces confidences, <strong>Black M<\/strong> t\u00e9moigne d\u2019une carri\u00e8re solo b\u00e2tie sur l\u2019audace, le travail et une dose de foi, tout en continuant de porter l\u2019h\u00e9ritage de la <strong>Sexion d\u2019Assaut.<\/strong><\/p>\n<p><strong>Mohamed Cinq Sylla\u00a0<\/strong><\/p>\n","protected":false},"excerpt":{"rendered":"<p>R\u00e9v\u00e9l\u00e9 au grand public au sein du groupe l\u00e9gendaire de rap fran\u00e7ais Sexion d\u2019Assaut, Black M est l\u2019un des artistes d\u2019origine guin\u00e9enne les plus marquants de sa g\u00e9n\u00e9ration. Dans une r\u00e9cente interview accord\u00e9e au podcast \u2018Juste un pas de plus\u2019, anim\u00e9 par Karamoo et diffus\u00e9 sur YouTube, le rappeur a fait une r\u00e9v\u00e9lation surprenante concernant [&hellip;]<\/p>\n","protected":false},"author":2,"featured_media":10858,"comment_status":"closed","ping_status":"closed","sticky":false,"template":"","format":"standard","meta":{"_mi_skip_tracking":false,"_monsterinsights_sitenote_active":false,"_monsterinsights_sitenote_note":"","_monsterinsights_sitenote_category":0,"footnotes":""},"categories":[21,512],"tags":[3627],"class_list":["post-10857","post","type-post","status-publish","format-standard","has-post-thumbnail","hentry","category-actualite","category-rap","tag-confie-black-m"],"yoast_head":"<!-- This site is optimized with the Yoast SEO Premium plugin v20.1 (Yoast SEO v24.0) - https:\/\/yoast.com\/wordpress\/plugins\/seo\/ -->\n<title>\u00ab Je n&#039;ai jamais voulu faire d&#039;album solo \u00bb, confie Black M - Culturbaine<\/title>\n<meta name=\"robots\" content=\"index, follow, max-snippet:-1, max-image-preview:large, max-video-preview:-1\" \/>\n<link rel=\"canonical\" href=\"https:\/\/culturbaine.com\/index.php\/2025\/01\/22\/je-nai-jamais-voulu-faire-dalbum-solo-confie-black-m\/\" \/>\n<meta property=\"og:locale\" content=\"fr_FR\" \/>\n<meta property=\"og:type\" content=\"article\" \/>\n<meta property=\"og:title\" content=\"\u00ab Je n&#039;ai jamais voulu faire d&#039;album solo \u00bb, confie Black M\" \/>\n<meta property=\"og:description\" content=\"R\u00e9v\u00e9l\u00e9 au grand public au sein du groupe l\u00e9gendaire de rap fran\u00e7ais Sexion d\u2019Assaut, Black M est l\u2019un des artistes d\u2019origine guin\u00e9enne les plus marquants de sa g\u00e9n\u00e9ration. Dans une r\u00e9cente interview accord\u00e9e au podcast \u2018Juste un pas de plus\u2019, anim\u00e9 par Karamoo et diffus\u00e9 sur YouTube, le rappeur a fait une r\u00e9v\u00e9lation surprenante concernant [&hellip;]\" \/>\n<meta property=\"og:url\" content=\"https:\/\/culturbaine.com\/index.php\/2025\/01\/22\/je-nai-jamais-voulu-faire-dalbum-solo-confie-black-m\/\" \/>\n<meta property=\"og:site_name\" content=\"Culturbaine\" \/>\n<meta property=\"article:publisher\" content=\"https:\/\/www.facebook.com\/Culturbaines\" \/>\n<meta property=\"article:published_time\" content=\"2025-01-22T11:58:41+00:00\" \/>\n<meta property=\"og:image\" content=\"https:\/\/culturbaine.com\/wp-content\/uploads\/2025\/01\/IMG_20250122_115405.jpg\" \/>\n\t<meta property=\"og:image:width\" content=\"720\" \/>\n\t<meta property=\"og:image:height\" content=\"417\" \/>\n\t<meta property=\"og:image:type\" content=\"image\/jpeg\" \/>\n<meta name=\"author\" content=\"admin1\" \/>\n<meta name=\"twitter:card\" content=\"summary_large_image\" \/>\n<meta name=\"twitter:creator\" content=\"@culturbaines\" \/>\n<meta name=\"twitter:site\" content=\"@culturbaines\" \/>\n<meta name=\"twitter:label1\" content=\"\u00c9crit par\" \/>\n\t<meta name=\"twitter:data1\" content=\"admin1\" \/>\n\t<meta name=\"twitter:label2\" content=\"Dur\u00e9e de lecture estim\u00e9e\" \/>\n\t<meta name=\"twitter:data2\" content=\"3 minutes\" \/>\n<script type=\"application\/ld+json\" class=\"yoast-schema-graph\">{\"@context\":\"https:\/\/schema.org\",\"@graph\":[{\"@type\":\"Article\",\"@id\":\"https:\/\/culturbaine.com\/index.php\/2025\/01\/22\/je-nai-jamais-voulu-faire-dalbum-solo-confie-black-m\/#article\",\"isPartOf\":{\"@id\":\"https:\/\/culturbaine.com\/index.php\/2025\/01\/22\/je-nai-jamais-voulu-faire-dalbum-solo-confie-black-m\/\"},\"author\":{\"name\":\"admin1\",\"@id\":\"https:\/\/culturbaine.com\/#\/schema\/person\/42eb7485c572e0746c1ea6b8216c3814\"},\"headline\":\"\u00ab Je n&rsquo;ai jamais voulu faire d&rsquo;album solo \u00bb, confie Black M\",\"datePublished\":\"2025-01-22T11:58:41+00:00\",\"dateModified\":\"2025-01-22T11:58:41+00:00\",\"mainEntityOfPage\":{\"@id\":\"https:\/\/culturbaine.com\/index.php\/2025\/01\/22\/je-nai-jamais-voulu-faire-dalbum-solo-confie-black-m\/\"},\"wordCount\":452,\"publisher\":{\"@id\":\"https:\/\/culturbaine.com\/#organization\"},\"image\":{\"@id\":\"https:\/\/culturbaine.com\/index.php\/2025\/01\/22\/je-nai-jamais-voulu-faire-dalbum-solo-confie-black-m\/#primaryimage\"},\"thumbnailUrl\":\"https:\/\/culturbaine.com\/wp-content\/uploads\/2025\/01\/IMG_20250122_115405.jpg\",\"keywords\":[\"confie Black M\"],\"articleSection\":[\"Actualit\u00e9\",\"Rap\"],\"inLanguage\":\"fr-FR\"},{\"@type\":\"WebPage\",\"@id\":\"https:\/\/culturbaine.com\/index.php\/2025\/01\/22\/je-nai-jamais-voulu-faire-dalbum-solo-confie-black-m\/\",\"url\":\"https:\/\/culturbaine.com\/index.php\/2025\/01\/22\/je-nai-jamais-voulu-faire-dalbum-solo-confie-black-m\/\",\"name\":\"\u00ab Je n'ai jamais voulu faire d'album solo \u00bb, confie Black M - Culturbaine\",\"isPartOf\":{\"@id\":\"https:\/\/culturbaine.com\/#website\"},\"primaryImageOfPage\":{\"@id\":\"https:\/\/culturbaine.com\/index.php\/2025\/01\/22\/je-nai-jamais-voulu-faire-dalbum-solo-confie-black-m\/#primaryimage\"},\"image\":{\"@id\":\"https:\/\/culturbaine.com\/index.php\/2025\/01\/22\/je-nai-jamais-voulu-faire-dalbum-solo-confie-black-m\/#primaryimage\"},\"thumbnailUrl\":\"https:\/\/culturbaine.com\/wp-content\/uploads\/2025\/01\/IMG_20250122_115405.jpg\",\"datePublished\":\"2025-01-22T11:58:41+00:00\",\"dateModified\":\"2025-01-22T11:58:41+00:00\",\"breadcrumb\":{\"@id\":\"https:\/\/culturbaine.com\/index.php\/2025\/01\/22\/je-nai-jamais-voulu-faire-dalbum-solo-confie-black-m\/#breadcrumb\"},\"inLanguage\":\"fr-FR\",\"potentialAction\":[{\"@type\":\"ReadAction\",\"target\":[\"https:\/\/culturbaine.com\/index.php\/2025\/01\/22\/je-nai-jamais-voulu-faire-dalbum-solo-confie-black-m\/\"]}]},{\"@type\":\"ImageObject\",\"inLanguage\":\"fr-FR\",\"@id\":\"https:\/\/culturbaine.com\/index.php\/2025\/01\/22\/je-nai-jamais-voulu-faire-dalbum-solo-confie-black-m\/#primaryimage\",\"url\":\"https:\/\/culturbaine.com\/wp-content\/uploads\/2025\/01\/IMG_20250122_115405.jpg\",\"contentUrl\":\"https:\/\/culturbaine.com\/wp-content\/uploads\/2025\/01\/IMG_20250122_115405.jpg\",\"width\":720,\"height\":417},{\"@type\":\"BreadcrumbList\",\"@id\":\"https:\/\/culturbaine.com\/index.php\/2025\/01\/22\/je-nai-jamais-voulu-faire-dalbum-solo-confie-black-m\/#breadcrumb\",\"itemListElement\":[{\"@type\":\"ListItem\",\"position\":1,\"name\":\"Home\",\"item\":\"https:\/\/culturbaine.com\/\"},{\"@type\":\"ListItem\",\"position\":2,\"name\":\"\u00ab Je n&rsquo;ai jamais voulu faire d&rsquo;album solo \u00bb, confie Black M\"}]},{\"@type\":\"WebSite\",\"@id\":\"https:\/\/culturbaine.com\/#website\",\"url\":\"https:\/\/culturbaine.com\/\",\"name\":\"Culturbaine.com\",\"description\":\"Toute l&#039;actualit\u00e9 des Cultures Urbaines, en un clic  !\",\"publisher\":{\"@id\":\"https:\/\/culturbaine.com\/#organization\"},\"potentialAction\":[{\"@type\":\"SearchAction\",\"target\":{\"@type\":\"EntryPoint\",\"urlTemplate\":\"https:\/\/culturbaine.com\/?s={search_term_string}\"},\"query-input\":{\"@type\":\"PropertyValueSpecification\",\"valueRequired\":true,\"valueName\":\"search_term_string\"}}],\"inLanguage\":\"fr-FR\"},{\"@type\":\"Organization\",\"@id\":\"https:\/\/culturbaine.com\/#organization\",\"name\":\"Culturbaine.com\",\"url\":\"https:\/\/culturbaine.com\/\",\"logo\":{\"@type\":\"ImageObject\",\"inLanguage\":\"fr-FR\",\"@id\":\"https:\/\/culturbaine.com\/#\/schema\/logo\/image\/\",\"url\":\"https:\/\/culturbaine.com\/wp-content\/uploads\/2023\/07\/WhatsApp-Image-2023-07-17-at-14.38.18.jpeg\",\"contentUrl\":\"https:\/\/culturbaine.com\/wp-content\/uploads\/2023\/07\/WhatsApp-Image-2023-07-17-at-14.38.18.jpeg\",\"width\":855,\"height\":270,\"caption\":\"Culturbaine.com\"},\"image\":{\"@id\":\"https:\/\/culturbaine.com\/#\/schema\/logo\/image\/\"},\"sameAs\":[\"https:\/\/www.facebook.com\/Culturbaines\",\"https:\/\/x.com\/culturbaines\"]},{\"@type\":\"Person\",\"@id\":\"https:\/\/culturbaine.com\/#\/schema\/person\/42eb7485c572e0746c1ea6b8216c3814\",\"name\":\"admin1\",\"image\":{\"@type\":\"ImageObject\",\"inLanguage\":\"fr-FR\",\"@id\":\"https:\/\/culturbaine.com\/#\/schema\/person\/image\/\",\"url\":\"https:\/\/secure.gravatar.com\/avatar\/c268f4d483ce0486e5a10fee87bbf756?s=96&d=mm&r=g\",\"contentUrl\":\"https:\/\/secure.gravatar.com\/avatar\/c268f4d483ce0486e5a10fee87bbf756?s=96&d=mm&r=g\",\"caption\":\"admin1\"},\"url\":\"https:\/\/culturbaine.com\/index.php\/author\/admin1\/\"}]}<\/script>\n<!-- \/ Yoast SEO Premium plugin. -->","yoast_head_json":{"title":"\u00ab Je n'ai jamais voulu faire d'album solo \u00bb, confie Black M - Culturbaine","robots":{"index":"index","follow":"follow","max-snippet":"max-snippet:-1","max-image-preview":"max-image-preview:large","max-video-preview":"max-video-preview:-1"},"canonical":"https:\/\/culturbaine.com\/index.php\/2025\/01\/22\/je-nai-jamais-voulu-faire-dalbum-solo-confie-black-m\/","og_locale":"fr_FR","og_type":"article","og_title":"\u00ab Je n'ai jamais voulu faire d'album solo \u00bb, confie Black M","og_description":"R\u00e9v\u00e9l\u00e9 au grand public au sein du groupe l\u00e9gendaire de rap fran\u00e7ais Sexion d\u2019Assaut, Black M est l\u2019un des artistes d\u2019origine guin\u00e9enne les plus marquants de sa g\u00e9n\u00e9ration. Dans une r\u00e9cente interview accord\u00e9e au podcast \u2018Juste un pas de plus\u2019, anim\u00e9 par Karamoo et diffus\u00e9 sur YouTube, le rappeur a fait une r\u00e9v\u00e9lation surprenante concernant [&hellip;]","og_url":"https:\/\/culturbaine.com\/index.php\/2025\/01\/22\/je-nai-jamais-voulu-faire-dalbum-solo-confie-black-m\/","og_site_name":"Culturbaine","article_publisher":"https:\/\/www.facebook.com\/Culturbaines","article_published_time":"2025-01-22T11:58:41+00:00","og_image":[{"width":720,"height":417,"url":"https:\/\/culturbaine.com\/wp-content\/uploads\/2025\/01\/IMG_20250122_115405.jpg","type":"image\/jpeg"}],"author":"admin1","twitter_card":"summary_large_image","twitter_creator":"@culturbaines","twitter_site":"@culturbaines","twitter_misc":{"\u00c9crit par":"admin1","Dur\u00e9e de lecture estim\u00e9e":"3 minutes"},"schema":{"@context":"https:\/\/schema.org","@graph":[{"@type":"Article","@id":"https:\/\/culturbaine.com\/index.php\/2025\/01\/22\/je-nai-jamais-voulu-faire-dalbum-solo-confie-black-m\/#article","isPartOf":{"@id":"https:\/\/culturbaine.com\/index.php\/2025\/01\/22\/je-nai-jamais-voulu-faire-dalbum-solo-confie-black-m\/"},"author":{"name":"admin1","@id":"https:\/\/culturbaine.com\/#\/schema\/person\/42eb7485c572e0746c1ea6b8216c3814"},"headline":"\u00ab Je n&rsquo;ai jamais voulu faire d&rsquo;album solo \u00bb, confie Black M","datePublished":"2025-01-22T11:58:41+00:00","dateModified":"2025-01-22T11:58:41+00:00","mainEntityOfPage":{"@id":"https:\/\/culturbaine.com\/index.php\/2025\/01\/22\/je-nai-jamais-voulu-faire-dalbum-solo-confie-black-m\/"},"wordCount":452,"publisher":{"@id":"https:\/\/culturbaine.com\/#organization"},"image":{"@id":"https:\/\/culturbaine.com\/index.php\/2025\/01\/22\/je-nai-jamais-voulu-faire-dalbum-solo-confie-black-m\/#primaryimage"},"thumbnailUrl":"https:\/\/culturbaine.com\/wp-content\/uploads\/2025\/01\/IMG_20250122_115405.jpg","keywords":["confie Black M"],"articleSection":["Actualit\u00e9","Rap"],"inLanguage":"fr-FR"},{"@type":"WebPage","@id":"https:\/\/culturbaine.com\/index.php\/2025\/01\/22\/je-nai-jamais-voulu-faire-dalbum-solo-confie-black-m\/","url":"https:\/\/culturbaine.com\/index.php\/2025\/01\/22\/je-nai-jamais-voulu-faire-dalbum-solo-confie-black-m\/","name":"\u00ab Je n'ai jamais voulu faire d'album solo \u00bb, confie Black M - Culturbaine","isPartOf":{"@id":"https:\/\/culturbaine.com\/#website"},"primaryImageOfPage":{"@id":"https:\/\/culturbaine.com\/index.php\/2025\/01\/22\/je-nai-jamais-voulu-faire-dalbum-solo-confie-black-m\/#primaryimage"},"image":{"@id":"https:\/\/culturbaine.com\/index.php\/2025\/01\/22\/je-nai-jamais-voulu-faire-dalbum-solo-confie-black-m\/#primaryimage"},"thumbnailUrl":"https:\/\/culturbaine.com\/wp-content\/uploads\/2025\/01\/IMG_20250122_115405.jpg","datePublished":"2025-01-22T11:58:41+00:00","dateModified":"2025-01-22T11:58:41+00:00","breadcrumb":{"@id":"https:\/\/culturbaine.com\/index.php\/2025\/01\/22\/je-nai-jamais-voulu-faire-dalbum-solo-confie-black-m\/#breadcrumb"},"inLanguage":"fr-FR","potentialAction":[{"@type":"ReadAction","target":["https:\/\/culturbaine.com\/index.php\/2025\/01\/22\/je-nai-jamais-voulu-faire-dalbum-solo-confie-black-m\/"]}]},{"@type":"ImageObject","inLanguage":"fr-FR","@id":"https:\/\/culturbaine.com\/index.php\/2025\/01\/22\/je-nai-jamais-voulu-faire-dalbum-solo-confie-black-m\/#primaryimage","url":"https:\/\/culturbaine.com\/wp-content\/uploads\/2025\/01\/IMG_20250122_115405.jpg","contentUrl":"https:\/\/culturbaine.com\/wp-content\/uploads\/2025\/01\/IMG_20250122_115405.jpg","width":720,"height":417},{"@type":"BreadcrumbList","@id":"https:\/\/culturbaine.com\/index.php\/2025\/01\/22\/je-nai-jamais-voulu-faire-dalbum-solo-confie-black-m\/#breadcrumb","itemListElement":[{"@type":"ListItem","position":1,"name":"Home","item":"https:\/\/culturbaine.com\/"},{"@type":"ListItem","position":2,"name":"\u00ab Je n&rsquo;ai jamais voulu faire d&rsquo;album solo \u00bb, confie Black M"}]},{"@type":"WebSite","@id":"https:\/\/culturbaine.com\/#website","url":"https:\/\/culturbaine.com\/","name":"Culturbaine.com","description":"Toute l&#039;actualit\u00e9 des Cultures Urbaines, en un clic  !","publisher":{"@id":"https:\/\/culturbaine.com\/#organization"},"potentialAction":[{"@type":"SearchAction","target":{"@type":"EntryPoint","urlTemplate":"https:\/\/culturbaine.com\/?s={search_term_string}"},"query-input":{"@type":"PropertyValueSpecification","valueRequired":true,"valueName":"search_term_string"}}],"inLanguage":"fr-FR"},{"@type":"Organization","@id":"https:\/\/culturbaine.com\/#organization","name":"Culturbaine.com","url":"https:\/\/culturbaine.com\/","logo":{"@type":"ImageObject","inLanguage":"fr-FR","@id":"https:\/\/culturbaine.com\/#\/schema\/logo\/image\/","url":"https:\/\/culturbaine.com\/wp-content\/uploads\/2023\/07\/WhatsApp-Image-2023-07-17-at-14.38.18.jpeg","contentUrl":"https:\/\/culturbaine.com\/wp-content\/uploads\/2023\/07\/WhatsApp-Image-2023-07-17-at-14.38.18.jpeg","width":855,"height":270,"caption":"Culturbaine.com"},"image":{"@id":"https:\/\/culturbaine.com\/#\/schema\/logo\/image\/"},"sameAs":["https:\/\/www.facebook.com\/Culturbaines","https:\/\/x.com\/culturbaines"]},{"@type":"Person","@id":"https:\/\/culturbaine.com\/#\/schema\/person\/42eb7485c572e0746c1ea6b8216c3814","name":"admin1","image":{"@type":"ImageObject","inLanguage":"fr-FR","@id":"https:\/\/culturbaine.com\/#\/schema\/person\/image\/","url":"https:\/\/secure.gravatar.com\/avatar\/c268f4d483ce0486e5a10fee87bbf756?s=96&d=mm&r=g","contentUrl":"https:\/\/secure.gravatar.com\/avatar\/c268f4d483ce0486e5a10fee87bbf756?s=96&d=mm&r=g","caption":"admin1"},"url":"https:\/\/culturbaine.com\/index.php\/author\/admin1\/"}]}},"_links":{"self":[{"href":"https:\/\/culturbaine.com\/index.php\/wp-json\/wp\/v2\/posts\/10857"}],"collection":[{"href":"https:\/\/culturbaine.com\/index.php\/wp-json\/wp\/v2\/posts"}],"about":[{"href":"https:\/\/culturbaine.com\/index.php\/wp-json\/wp\/v2\/types\/post"}],"author":[{"embeddable":true,"href":"https:\/\/culturbaine.com\/index.php\/wp-json\/wp\/v2\/users\/2"}],"replies":[{"embeddable":true,"href":"https:\/\/culturbaine.com\/index.php\/wp-json\/wp\/v2\/comments?post=10857"}],"version-history":[{"count":0,"href":"https:\/\/culturbaine.com\/index.php\/wp-json\/wp\/v2\/posts\/10857\/revisions"}],"wp:featuredmedia":[{"embeddable":true,"href":"https:\/\/culturbaine.com\/index.php\/wp-json\/wp\/v2\/media\/10858"}],"wp:attachment":[{"href":"https:\/\/culturbaine.com\/index.php\/wp-json\/wp\/v2\/media?parent=10857"}],"wp:term":[{"taxonomy":"category","embeddable":true,"href":"https:\/\/culturbaine.com\/index.php\/wp-json\/wp\/v2\/categories?post=10857"},{"taxonomy":"post_tag","embeddable":true,"href":"https:\/\/culturbaine.com\/index.php\/wp-json\/wp\/v2\/tags?post=10857"}],"curies":[{"name":"wp","href":"https:\/\/api.w.org\/{rel}","templated":true}]}}