{"id":10847,"date":"2025-01-21T17:00:10","date_gmt":"2025-01-21T17:00:10","guid":{"rendered":"https:\/\/culturbaine.com\/?p=10847"},"modified":"2025-01-21T11:38:16","modified_gmt":"2025-01-21T11:38:16","slug":"amee-slam-une-celebration-de-14-ans-de-poesie-en-14-titres","status":"publish","type":"post","link":"https:\/\/culturbaine.com\/index.php\/2025\/01\/21\/amee-slam-une-celebration-de-14-ans-de-poesie-en-14-titres\/","title":{"rendered":"Amee Slam : une c\u00e9l\u00e9bration de 14 ans de po\u00e9sie en 14 titres"},"content":{"rendered":"<p>Le monde du slam ivoirien et africain est en effervescence apr\u00e8s l\u2019annonce de la mixtape de la talentueuse slameuse <strong>Amee Slam<\/strong>. Avec une carri\u00e8re marqu\u00e9e par une passion ind\u00e9fectible pour les mots, elle vient de r\u00e9v\u00e9ler la tracklist de son projet tant attendu, qui comptera 14 titres. Cette annonce, partag\u00e9e sur ses r\u00e9seaux sociaux, marque un tournant important dans sa carri\u00e8re artistique.<\/p>\n<p>Pour <strong>Amee Slam<\/strong>, le choix du chiffre 14 n\u2019est pas anodin. Il symbolise les 14 ann\u00e9es qui se sont \u00e9coul\u00e9es depuis ses d\u00e9buts dans le slam, une p\u00e9riode marqu\u00e9e par des d\u00e9fis, des apprentissages et une qu\u00eate constante de perfection. Ce projet se veut donc une c\u00e9l\u00e9bration de son parcours, mais aussi un hommage \u00e0 ces ann\u00e9es de pers\u00e9v\u00e9rance.<\/p>\n<p><img loading=\"lazy\" decoding=\"async\" class=\"aligncenter size-full wp-image-10848\" src=\"https:\/\/culturbaine.com\/wp-content\/uploads\/2025\/01\/1737458080473.jpg\" alt=\"\" width=\"720\" height=\"720\" srcset=\"https:\/\/culturbaine.com\/wp-content\/uploads\/2025\/01\/1737458080473.jpg 720w, https:\/\/culturbaine.com\/wp-content\/uploads\/2025\/01\/1737458080473-300x300.jpg 300w, https:\/\/culturbaine.com\/wp-content\/uploads\/2025\/01\/1737458080473-150x150.jpg 150w\" sizes=\"(max-width: 720px) 100vw, 720px\" \/><\/p>\n<p>Contrairement \u00e0 la tendance actuelle qui privil\u00e9gie les collaborations, <strong>Amee Slam<\/strong> a choisi de se concentrer uniquement sur ses propres textes. Ce choix, audacieux, refl\u00e8te son d\u00e9sir de faire entendre sa voix singuli\u00e8re et de transmettre des \u00e9motions fortes \u00e0 travers des vers puissants et introspectifs.<\/p>\n<p>Dans un prochain article, nous plongerons dans le contenu de cette mixtape pour d\u00e9couvrir les th\u00e9matiques abord\u00e9es et les \u00e9motions qui en \u00e9manent. Une chose est s\u00fbre : <strong>Amee Slam<\/strong> promet de toucher les c\u0153urs et les esprits avec ce projet exceptionnel.<\/p>\n<p><strong>Mohamed Cinq Sylla<\/strong><\/p>\n","protected":false},"excerpt":{"rendered":"<p>Le monde du slam ivoirien et africain est en effervescence apr\u00e8s l\u2019annonce de la mixtape de la talentueuse slameuse Amee Slam. Avec une carri\u00e8re marqu\u00e9e par une passion ind\u00e9fectible pour les mots, elle vient de r\u00e9v\u00e9ler la tracklist de son projet tant attendu, qui comptera 14 titres. Cette annonce, partag\u00e9e sur ses r\u00e9seaux sociaux, marque [&hellip;]<\/p>\n","protected":false},"author":2,"featured_media":10849,"comment_status":"closed","ping_status":"closed","sticky":false,"template":"","format":"standard","meta":{"_mi_skip_tracking":false,"_monsterinsights_sitenote_active":false,"_monsterinsights_sitenote_note":"","_monsterinsights_sitenote_category":0,"footnotes":""},"categories":[21,2386,3070],"tags":[3624,3625],"class_list":["post-10847","post","type-post","status-publish","format-standard","has-post-thumbnail","hentry","category-actualite","category-slam","category-sortie-dalbum","tag-ameen-slam-annonce-sa-mixtape","tag-au-commencement-nouvelle-mixtape-de-ameen-slam"],"yoast_head":"<!-- This site is optimized with the Yoast SEO Premium plugin v20.1 (Yoast SEO v24.0) - https:\/\/yoast.com\/wordpress\/plugins\/seo\/ -->\n<title>Amee Slam : une c\u00e9l\u00e9bration de 14 ans de po\u00e9sie en 14 titres - Culturbaine<\/title>\n<meta name=\"robots\" content=\"index, follow, max-snippet:-1, max-image-preview:large, max-video-preview:-1\" \/>\n<link rel=\"canonical\" href=\"https:\/\/culturbaine.com\/index.php\/2025\/01\/21\/amee-slam-une-celebration-de-14-ans-de-poesie-en-14-titres\/\" \/>\n<meta property=\"og:locale\" content=\"fr_FR\" \/>\n<meta property=\"og:type\" content=\"article\" \/>\n<meta property=\"og:title\" content=\"Amee Slam : une c\u00e9l\u00e9bration de 14 ans de po\u00e9sie en 14 titres\" \/>\n<meta property=\"og:description\" content=\"Le monde du slam ivoirien et africain est en effervescence apr\u00e8s l\u2019annonce de la mixtape de la talentueuse slameuse Amee Slam. Avec une carri\u00e8re marqu\u00e9e par une passion ind\u00e9fectible pour les mots, elle vient de r\u00e9v\u00e9ler la tracklist de son projet tant attendu, qui comptera 14 titres. Cette annonce, partag\u00e9e sur ses r\u00e9seaux sociaux, marque [&hellip;]\" \/>\n<meta property=\"og:url\" content=\"https:\/\/culturbaine.com\/index.php\/2025\/01\/21\/amee-slam-une-celebration-de-14-ans-de-poesie-en-14-titres\/\" \/>\n<meta property=\"og:site_name\" content=\"Culturbaine\" \/>\n<meta property=\"article:publisher\" content=\"https:\/\/www.facebook.com\/Culturbaines\" \/>\n<meta property=\"article:published_time\" content=\"2025-01-21T17:00:10+00:00\" \/>\n<meta property=\"article:modified_time\" content=\"2025-01-21T11:38:16+00:00\" \/>\n<meta property=\"og:image\" content=\"https:\/\/culturbaine.com\/wp-content\/uploads\/2025\/01\/17367642873032.jpg\" \/>\n\t<meta property=\"og:image:width\" content=\"720\" \/>\n\t<meta property=\"og:image:height\" content=\"498\" \/>\n\t<meta property=\"og:image:type\" content=\"image\/jpeg\" \/>\n<meta name=\"author\" content=\"admin1\" \/>\n<meta name=\"twitter:card\" content=\"summary_large_image\" \/>\n<meta name=\"twitter:creator\" content=\"@culturbaines\" \/>\n<meta name=\"twitter:site\" content=\"@culturbaines\" \/>\n<meta name=\"twitter:label1\" content=\"\u00c9crit par\" \/>\n\t<meta name=\"twitter:data1\" content=\"admin1\" \/>\n\t<meta name=\"twitter:label2\" content=\"Dur\u00e9e de lecture estim\u00e9e\" \/>\n\t<meta name=\"twitter:data2\" content=\"2 minutes\" \/>\n<script type=\"application\/ld+json\" class=\"yoast-schema-graph\">{\"@context\":\"https:\/\/schema.org\",\"@graph\":[{\"@type\":\"Article\",\"@id\":\"https:\/\/culturbaine.com\/index.php\/2025\/01\/21\/amee-slam-une-celebration-de-14-ans-de-poesie-en-14-titres\/#article\",\"isPartOf\":{\"@id\":\"https:\/\/culturbaine.com\/index.php\/2025\/01\/21\/amee-slam-une-celebration-de-14-ans-de-poesie-en-14-titres\/\"},\"author\":{\"name\":\"admin1\",\"@id\":\"https:\/\/culturbaine.com\/#\/schema\/person\/42eb7485c572e0746c1ea6b8216c3814\"},\"headline\":\"Amee Slam : une c\u00e9l\u00e9bration de 14 ans de po\u00e9sie en 14 titres\",\"datePublished\":\"2025-01-21T17:00:10+00:00\",\"dateModified\":\"2025-01-21T11:38:16+00:00\",\"mainEntityOfPage\":{\"@id\":\"https:\/\/culturbaine.com\/index.php\/2025\/01\/21\/amee-slam-une-celebration-de-14-ans-de-poesie-en-14-titres\/\"},\"wordCount\":250,\"publisher\":{\"@id\":\"https:\/\/culturbaine.com\/#organization\"},\"image\":{\"@id\":\"https:\/\/culturbaine.com\/index.php\/2025\/01\/21\/amee-slam-une-celebration-de-14-ans-de-poesie-en-14-titres\/#primaryimage\"},\"thumbnailUrl\":\"https:\/\/culturbaine.com\/wp-content\/uploads\/2025\/01\/17367642873032.jpg\",\"keywords\":[\"Ameen slam annonce sa Mixtape\",\"Au commencement nouvelle Mixtape de Ameen Slam\"],\"articleSection\":[\"Actualit\u00e9\",\"Slam\",\"Sortie d'album\"],\"inLanguage\":\"fr-FR\"},{\"@type\":\"WebPage\",\"@id\":\"https:\/\/culturbaine.com\/index.php\/2025\/01\/21\/amee-slam-une-celebration-de-14-ans-de-poesie-en-14-titres\/\",\"url\":\"https:\/\/culturbaine.com\/index.php\/2025\/01\/21\/amee-slam-une-celebration-de-14-ans-de-poesie-en-14-titres\/\",\"name\":\"Amee Slam : une c\u00e9l\u00e9bration de 14 ans de po\u00e9sie en 14 titres - Culturbaine\",\"isPartOf\":{\"@id\":\"https:\/\/culturbaine.com\/#website\"},\"primaryImageOfPage\":{\"@id\":\"https:\/\/culturbaine.com\/index.php\/2025\/01\/21\/amee-slam-une-celebration-de-14-ans-de-poesie-en-14-titres\/#primaryimage\"},\"image\":{\"@id\":\"https:\/\/culturbaine.com\/index.php\/2025\/01\/21\/amee-slam-une-celebration-de-14-ans-de-poesie-en-14-titres\/#primaryimage\"},\"thumbnailUrl\":\"https:\/\/culturbaine.com\/wp-content\/uploads\/2025\/01\/17367642873032.jpg\",\"datePublished\":\"2025-01-21T17:00:10+00:00\",\"dateModified\":\"2025-01-21T11:38:16+00:00\",\"breadcrumb\":{\"@id\":\"https:\/\/culturbaine.com\/index.php\/2025\/01\/21\/amee-slam-une-celebration-de-14-ans-de-poesie-en-14-titres\/#breadcrumb\"},\"inLanguage\":\"fr-FR\",\"potentialAction\":[{\"@type\":\"ReadAction\",\"target\":[\"https:\/\/culturbaine.com\/index.php\/2025\/01\/21\/amee-slam-une-celebration-de-14-ans-de-poesie-en-14-titres\/\"]}]},{\"@type\":\"ImageObject\",\"inLanguage\":\"fr-FR\",\"@id\":\"https:\/\/culturbaine.com\/index.php\/2025\/01\/21\/amee-slam-une-celebration-de-14-ans-de-poesie-en-14-titres\/#primaryimage\",\"url\":\"https:\/\/culturbaine.com\/wp-content\/uploads\/2025\/01\/17367642873032.jpg\",\"contentUrl\":\"https:\/\/culturbaine.com\/wp-content\/uploads\/2025\/01\/17367642873032.jpg\",\"width\":720,\"height\":498},{\"@type\":\"BreadcrumbList\",\"@id\":\"https:\/\/culturbaine.com\/index.php\/2025\/01\/21\/amee-slam-une-celebration-de-14-ans-de-poesie-en-14-titres\/#breadcrumb\",\"itemListElement\":[{\"@type\":\"ListItem\",\"position\":1,\"name\":\"Home\",\"item\":\"https:\/\/culturbaine.com\/\"},{\"@type\":\"ListItem\",\"position\":2,\"name\":\"Amee Slam : une c\u00e9l\u00e9bration de 14 ans de po\u00e9sie en 14 titres\"}]},{\"@type\":\"WebSite\",\"@id\":\"https:\/\/culturbaine.com\/#website\",\"url\":\"https:\/\/culturbaine.com\/\",\"name\":\"Culturbaine.com\",\"description\":\"Toute l&#039;actualit\u00e9 des Cultures Urbaines, en un clic  !\",\"publisher\":{\"@id\":\"https:\/\/culturbaine.com\/#organization\"},\"potentialAction\":[{\"@type\":\"SearchAction\",\"target\":{\"@type\":\"EntryPoint\",\"urlTemplate\":\"https:\/\/culturbaine.com\/?s={search_term_string}\"},\"query-input\":{\"@type\":\"PropertyValueSpecification\",\"valueRequired\":true,\"valueName\":\"search_term_string\"}}],\"inLanguage\":\"fr-FR\"},{\"@type\":\"Organization\",\"@id\":\"https:\/\/culturbaine.com\/#organization\",\"name\":\"Culturbaine.com\",\"url\":\"https:\/\/culturbaine.com\/\",\"logo\":{\"@type\":\"ImageObject\",\"inLanguage\":\"fr-FR\",\"@id\":\"https:\/\/culturbaine.com\/#\/schema\/logo\/image\/\",\"url\":\"https:\/\/culturbaine.com\/wp-content\/uploads\/2023\/07\/WhatsApp-Image-2023-07-17-at-14.38.18.jpeg\",\"contentUrl\":\"https:\/\/culturbaine.com\/wp-content\/uploads\/2023\/07\/WhatsApp-Image-2023-07-17-at-14.38.18.jpeg\",\"width\":855,\"height\":270,\"caption\":\"Culturbaine.com\"},\"image\":{\"@id\":\"https:\/\/culturbaine.com\/#\/schema\/logo\/image\/\"},\"sameAs\":[\"https:\/\/www.facebook.com\/Culturbaines\",\"https:\/\/x.com\/culturbaines\"]},{\"@type\":\"Person\",\"@id\":\"https:\/\/culturbaine.com\/#\/schema\/person\/42eb7485c572e0746c1ea6b8216c3814\",\"name\":\"admin1\",\"image\":{\"@type\":\"ImageObject\",\"inLanguage\":\"fr-FR\",\"@id\":\"https:\/\/culturbaine.com\/#\/schema\/person\/image\/\",\"url\":\"https:\/\/secure.gravatar.com\/avatar\/c268f4d483ce0486e5a10fee87bbf756?s=96&d=mm&r=g\",\"contentUrl\":\"https:\/\/secure.gravatar.com\/avatar\/c268f4d483ce0486e5a10fee87bbf756?s=96&d=mm&r=g\",\"caption\":\"admin1\"},\"url\":\"https:\/\/culturbaine.com\/index.php\/author\/admin1\/\"}]}<\/script>\n<!-- \/ Yoast SEO Premium plugin. -->","yoast_head_json":{"title":"Amee Slam : une c\u00e9l\u00e9bration de 14 ans de po\u00e9sie en 14 titres - Culturbaine","robots":{"index":"index","follow":"follow","max-snippet":"max-snippet:-1","max-image-preview":"max-image-preview:large","max-video-preview":"max-video-preview:-1"},"canonical":"https:\/\/culturbaine.com\/index.php\/2025\/01\/21\/amee-slam-une-celebration-de-14-ans-de-poesie-en-14-titres\/","og_locale":"fr_FR","og_type":"article","og_title":"Amee Slam : une c\u00e9l\u00e9bration de 14 ans de po\u00e9sie en 14 titres","og_description":"Le monde du slam ivoirien et africain est en effervescence apr\u00e8s l\u2019annonce de la mixtape de la talentueuse slameuse Amee Slam. Avec une carri\u00e8re marqu\u00e9e par une passion ind\u00e9fectible pour les mots, elle vient de r\u00e9v\u00e9ler la tracklist de son projet tant attendu, qui comptera 14 titres. Cette annonce, partag\u00e9e sur ses r\u00e9seaux sociaux, marque [&hellip;]","og_url":"https:\/\/culturbaine.com\/index.php\/2025\/01\/21\/amee-slam-une-celebration-de-14-ans-de-poesie-en-14-titres\/","og_site_name":"Culturbaine","article_publisher":"https:\/\/www.facebook.com\/Culturbaines","article_published_time":"2025-01-21T17:00:10+00:00","article_modified_time":"2025-01-21T11:38:16+00:00","og_image":[{"width":720,"height":498,"url":"https:\/\/culturbaine.com\/wp-content\/uploads\/2025\/01\/17367642873032.jpg","type":"image\/jpeg"}],"author":"admin1","twitter_card":"summary_large_image","twitter_creator":"@culturbaines","twitter_site":"@culturbaines","twitter_misc":{"\u00c9crit par":"admin1","Dur\u00e9e de lecture estim\u00e9e":"2 minutes"},"schema":{"@context":"https:\/\/schema.org","@graph":[{"@type":"Article","@id":"https:\/\/culturbaine.com\/index.php\/2025\/01\/21\/amee-slam-une-celebration-de-14-ans-de-poesie-en-14-titres\/#article","isPartOf":{"@id":"https:\/\/culturbaine.com\/index.php\/2025\/01\/21\/amee-slam-une-celebration-de-14-ans-de-poesie-en-14-titres\/"},"author":{"name":"admin1","@id":"https:\/\/culturbaine.com\/#\/schema\/person\/42eb7485c572e0746c1ea6b8216c3814"},"headline":"Amee Slam : une c\u00e9l\u00e9bration de 14 ans de po\u00e9sie en 14 titres","datePublished":"2025-01-21T17:00:10+00:00","dateModified":"2025-01-21T11:38:16+00:00","mainEntityOfPage":{"@id":"https:\/\/culturbaine.com\/index.php\/2025\/01\/21\/amee-slam-une-celebration-de-14-ans-de-poesie-en-14-titres\/"},"wordCount":250,"publisher":{"@id":"https:\/\/culturbaine.com\/#organization"},"image":{"@id":"https:\/\/culturbaine.com\/index.php\/2025\/01\/21\/amee-slam-une-celebration-de-14-ans-de-poesie-en-14-titres\/#primaryimage"},"thumbnailUrl":"https:\/\/culturbaine.com\/wp-content\/uploads\/2025\/01\/17367642873032.jpg","keywords":["Ameen slam annonce sa Mixtape","Au commencement nouvelle Mixtape de Ameen Slam"],"articleSection":["Actualit\u00e9","Slam","Sortie d'album"],"inLanguage":"fr-FR"},{"@type":"WebPage","@id":"https:\/\/culturbaine.com\/index.php\/2025\/01\/21\/amee-slam-une-celebration-de-14-ans-de-poesie-en-14-titres\/","url":"https:\/\/culturbaine.com\/index.php\/2025\/01\/21\/amee-slam-une-celebration-de-14-ans-de-poesie-en-14-titres\/","name":"Amee Slam : une c\u00e9l\u00e9bration de 14 ans de po\u00e9sie en 14 titres - Culturbaine","isPartOf":{"@id":"https:\/\/culturbaine.com\/#website"},"primaryImageOfPage":{"@id":"https:\/\/culturbaine.com\/index.php\/2025\/01\/21\/amee-slam-une-celebration-de-14-ans-de-poesie-en-14-titres\/#primaryimage"},"image":{"@id":"https:\/\/culturbaine.com\/index.php\/2025\/01\/21\/amee-slam-une-celebration-de-14-ans-de-poesie-en-14-titres\/#primaryimage"},"thumbnailUrl":"https:\/\/culturbaine.com\/wp-content\/uploads\/2025\/01\/17367642873032.jpg","datePublished":"2025-01-21T17:00:10+00:00","dateModified":"2025-01-21T11:38:16+00:00","breadcrumb":{"@id":"https:\/\/culturbaine.com\/index.php\/2025\/01\/21\/amee-slam-une-celebration-de-14-ans-de-poesie-en-14-titres\/#breadcrumb"},"inLanguage":"fr-FR","potentialAction":[{"@type":"ReadAction","target":["https:\/\/culturbaine.com\/index.php\/2025\/01\/21\/amee-slam-une-celebration-de-14-ans-de-poesie-en-14-titres\/"]}]},{"@type":"ImageObject","inLanguage":"fr-FR","@id":"https:\/\/culturbaine.com\/index.php\/2025\/01\/21\/amee-slam-une-celebration-de-14-ans-de-poesie-en-14-titres\/#primaryimage","url":"https:\/\/culturbaine.com\/wp-content\/uploads\/2025\/01\/17367642873032.jpg","contentUrl":"https:\/\/culturbaine.com\/wp-content\/uploads\/2025\/01\/17367642873032.jpg","width":720,"height":498},{"@type":"BreadcrumbList","@id":"https:\/\/culturbaine.com\/index.php\/2025\/01\/21\/amee-slam-une-celebration-de-14-ans-de-poesie-en-14-titres\/#breadcrumb","itemListElement":[{"@type":"ListItem","position":1,"name":"Home","item":"https:\/\/culturbaine.com\/"},{"@type":"ListItem","position":2,"name":"Amee Slam : une c\u00e9l\u00e9bration de 14 ans de po\u00e9sie en 14 titres"}]},{"@type":"WebSite","@id":"https:\/\/culturbaine.com\/#website","url":"https:\/\/culturbaine.com\/","name":"Culturbaine.com","description":"Toute l&#039;actualit\u00e9 des Cultures Urbaines, en un clic  !","publisher":{"@id":"https:\/\/culturbaine.com\/#organization"},"potentialAction":[{"@type":"SearchAction","target":{"@type":"EntryPoint","urlTemplate":"https:\/\/culturbaine.com\/?s={search_term_string}"},"query-input":{"@type":"PropertyValueSpecification","valueRequired":true,"valueName":"search_term_string"}}],"inLanguage":"fr-FR"},{"@type":"Organization","@id":"https:\/\/culturbaine.com\/#organization","name":"Culturbaine.com","url":"https:\/\/culturbaine.com\/","logo":{"@type":"ImageObject","inLanguage":"fr-FR","@id":"https:\/\/culturbaine.com\/#\/schema\/logo\/image\/","url":"https:\/\/culturbaine.com\/wp-content\/uploads\/2023\/07\/WhatsApp-Image-2023-07-17-at-14.38.18.jpeg","contentUrl":"https:\/\/culturbaine.com\/wp-content\/uploads\/2023\/07\/WhatsApp-Image-2023-07-17-at-14.38.18.jpeg","width":855,"height":270,"caption":"Culturbaine.com"},"image":{"@id":"https:\/\/culturbaine.com\/#\/schema\/logo\/image\/"},"sameAs":["https:\/\/www.facebook.com\/Culturbaines","https:\/\/x.com\/culturbaines"]},{"@type":"Person","@id":"https:\/\/culturbaine.com\/#\/schema\/person\/42eb7485c572e0746c1ea6b8216c3814","name":"admin1","image":{"@type":"ImageObject","inLanguage":"fr-FR","@id":"https:\/\/culturbaine.com\/#\/schema\/person\/image\/","url":"https:\/\/secure.gravatar.com\/avatar\/c268f4d483ce0486e5a10fee87bbf756?s=96&d=mm&r=g","contentUrl":"https:\/\/secure.gravatar.com\/avatar\/c268f4d483ce0486e5a10fee87bbf756?s=96&d=mm&r=g","caption":"admin1"},"url":"https:\/\/culturbaine.com\/index.php\/author\/admin1\/"}]}},"_links":{"self":[{"href":"https:\/\/culturbaine.com\/index.php\/wp-json\/wp\/v2\/posts\/10847"}],"collection":[{"href":"https:\/\/culturbaine.com\/index.php\/wp-json\/wp\/v2\/posts"}],"about":[{"href":"https:\/\/culturbaine.com\/index.php\/wp-json\/wp\/v2\/types\/post"}],"author":[{"embeddable":true,"href":"https:\/\/culturbaine.com\/index.php\/wp-json\/wp\/v2\/users\/2"}],"replies":[{"embeddable":true,"href":"https:\/\/culturbaine.com\/index.php\/wp-json\/wp\/v2\/comments?post=10847"}],"version-history":[{"count":0,"href":"https:\/\/culturbaine.com\/index.php\/wp-json\/wp\/v2\/posts\/10847\/revisions"}],"wp:featuredmedia":[{"embeddable":true,"href":"https:\/\/culturbaine.com\/index.php\/wp-json\/wp\/v2\/media\/10849"}],"wp:attachment":[{"href":"https:\/\/culturbaine.com\/index.php\/wp-json\/wp\/v2\/media?parent=10847"}],"wp:term":[{"taxonomy":"category","embeddable":true,"href":"https:\/\/culturbaine.com\/index.php\/wp-json\/wp\/v2\/categories?post=10847"},{"taxonomy":"post_tag","embeddable":true,"href":"https:\/\/culturbaine.com\/index.php\/wp-json\/wp\/v2\/tags?post=10847"}],"curies":[{"name":"wp","href":"https:\/\/api.w.org\/{rel}","templated":true}]}}