{"id":10836,"date":"2025-01-21T08:00:57","date_gmt":"2025-01-21T08:00:57","guid":{"rendered":"https:\/\/culturbaine.com\/?p=10836"},"modified":"2025-01-21T06:33:33","modified_gmt":"2025-01-21T06:33:33","slug":"black-m-je-merite-davoir-un-passeport-diplomatique","status":"publish","type":"post","link":"https:\/\/culturbaine.com\/index.php\/2025\/01\/21\/black-m-je-merite-davoir-un-passeport-diplomatique\/","title":{"rendered":"Black M : \u00ab Je m\u00e9rite d&rsquo;avoir un passeport diplomatique \u00bb"},"content":{"rendered":"<p>Le pr\u00e9sident de la transition guin\u00e9enne, le G\u00e9n\u00e9ral <strong>Mamadi Doumbouya<\/strong>, a r\u00e9cemment attribu\u00e9 un passeport diplomatique au rappeur fran\u00e7ais d\u2019origine guin\u00e9enne, <strong>Black M<\/strong>. Cette d\u00e9cision a suscit\u00e9 de nombreux d\u00e9bats au sein de l\u2019opinion publique, certains estimant que l\u2019artiste ne le m\u00e9ritait pas.<\/p>\n<p>Invit\u00e9 dans le podcast <strong>Juste un pas de plus<\/strong>, anim\u00e9 par <strong>Karamoo<\/strong> et diffus\u00e9 sur YouTube, l\u2019auteur de l\u2019album<strong> \u00abLes Yeux Plus Gros que le Monde<\/strong>\u00bb a r\u00e9pondu \u00e0 ses d\u00e9tracteurs. <strong>Black M<\/strong> a expliqu\u00e9 pourquoi, selon lui, il m\u00e9rite pleinement cet honneur, tout en exposant les raisons qui l&rsquo;ont motiv\u00e9 \u00e0 demander ce passeport.<\/p>\n<p>\u00ab<strong> Je m\u00e9rite d\u2019avoir un passeport diplomatique. J\u2019ai tellement repr\u00e9sent\u00e9 la Guin\u00e9e. Tu sais ce qui m\u2019a donn\u00e9 envie d\u2019obtenir ce passeport ? C\u2019est quand j\u2019ai vu certains artistes non guin\u00e9ens, congolais ou nig\u00e9rians, recevoir des passeports diplomatiques alors qu\u2019ils parlent peu de leurs pays. Moi, tu sais comment je suis avec la Guin\u00e9e. Je le m\u00e9rite. Je le dis vraiment en toute humilit\u00e9, c\u2019est normal \u00bb,<\/strong> a d\u00e9clar\u00e9 le rappeur.<\/p>\n<p><strong>Black M,<\/strong> membre embl\u00e9matique du groupe <strong>Sexion d\u2019Assaut<\/strong>, est connu pour mettre en avant ses origines guin\u00e9ennes dans ses \u0153uvres et lors de ses apparitions publiques. Ses paroles rappellent son engagement en faveur de la culture guin\u00e9enne et de sa promotion \u00e0 l\u2019international, des \u00e9l\u00e9ments qu\u2019il consid\u00e8re comme des justifications l\u00e9gitimes pour ce privil\u00e8ge.<\/p>\n<p>Cette pol\u00e9mique relance le d\u00e9bat sur les crit\u00e8res d\u2019attribution des passeports diplomatiques et les conditions pour en b\u00e9n\u00e9ficier. Quoi qu\u2019il en soit, <strong>Black M<\/strong> continue de porter haut les couleurs de la Guin\u00e9e, comme en t\u00e9moigne son projet ambitieux de festival en terre guin\u00e9enne.<\/p>\n<p><strong>Mohamed Cinq Sylla<\/strong><\/p>\n","protected":false},"excerpt":{"rendered":"<p>Le pr\u00e9sident de la transition guin\u00e9enne, le G\u00e9n\u00e9ral Mamadi Doumbouya, a r\u00e9cemment attribu\u00e9 un passeport diplomatique au rappeur fran\u00e7ais d\u2019origine guin\u00e9enne, Black M. Cette d\u00e9cision a suscit\u00e9 de nombreux d\u00e9bats au sein de l\u2019opinion publique, certains estimant que l\u2019artiste ne le m\u00e9ritait pas. Invit\u00e9 dans le podcast Juste un pas de plus, anim\u00e9 par Karamoo [&hellip;]<\/p>\n","protected":false},"author":2,"featured_media":10837,"comment_status":"closed","ping_status":"closed","sticky":false,"template":"","format":"standard","meta":{"_mi_skip_tracking":false,"_monsterinsights_sitenote_active":false,"_monsterinsights_sitenote_note":"","_monsterinsights_sitenote_category":0,"footnotes":""},"categories":[21,512],"tags":[],"class_list":["post-10836","post","type-post","status-publish","format-standard","has-post-thumbnail","hentry","category-actualite","category-rap"],"yoast_head":"<!-- This site is optimized with the Yoast SEO Premium plugin v20.1 (Yoast SEO v24.0) - https:\/\/yoast.com\/wordpress\/plugins\/seo\/ -->\n<title>Black M : \u00ab Je m\u00e9rite d&#039;avoir un passeport diplomatique \u00bb - Culturbaine<\/title>\n<meta name=\"robots\" content=\"index, follow, max-snippet:-1, max-image-preview:large, max-video-preview:-1\" \/>\n<link rel=\"canonical\" href=\"https:\/\/culturbaine.com\/index.php\/2025\/01\/21\/black-m-je-merite-davoir-un-passeport-diplomatique\/\" \/>\n<meta property=\"og:locale\" content=\"fr_FR\" \/>\n<meta property=\"og:type\" content=\"article\" \/>\n<meta property=\"og:title\" content=\"Black M : \u00ab Je m\u00e9rite d&#039;avoir un passeport diplomatique \u00bb\" \/>\n<meta property=\"og:description\" content=\"Le pr\u00e9sident de la transition guin\u00e9enne, le G\u00e9n\u00e9ral Mamadi Doumbouya, a r\u00e9cemment attribu\u00e9 un passeport diplomatique au rappeur fran\u00e7ais d\u2019origine guin\u00e9enne, Black M. Cette d\u00e9cision a suscit\u00e9 de nombreux d\u00e9bats au sein de l\u2019opinion publique, certains estimant que l\u2019artiste ne le m\u00e9ritait pas. Invit\u00e9 dans le podcast Juste un pas de plus, anim\u00e9 par Karamoo [&hellip;]\" \/>\n<meta property=\"og:url\" content=\"https:\/\/culturbaine.com\/index.php\/2025\/01\/21\/black-m-je-merite-davoir-un-passeport-diplomatique\/\" \/>\n<meta property=\"og:site_name\" content=\"Culturbaine\" \/>\n<meta property=\"article:publisher\" content=\"https:\/\/www.facebook.com\/Culturbaines\" \/>\n<meta property=\"article:published_time\" content=\"2025-01-21T08:00:57+00:00\" \/>\n<meta property=\"article:modified_time\" content=\"2025-01-21T06:33:33+00:00\" \/>\n<meta property=\"og:image\" content=\"https:\/\/culturbaine.com\/wp-content\/uploads\/2025\/01\/17374409186182.jpg\" \/>\n\t<meta property=\"og:image:width\" content=\"720\" \/>\n\t<meta property=\"og:image:height\" content=\"515\" \/>\n\t<meta property=\"og:image:type\" content=\"image\/jpeg\" \/>\n<meta name=\"author\" content=\"admin1\" \/>\n<meta name=\"twitter:card\" content=\"summary_large_image\" \/>\n<meta name=\"twitter:creator\" content=\"@culturbaines\" \/>\n<meta name=\"twitter:site\" content=\"@culturbaines\" \/>\n<meta name=\"twitter:label1\" content=\"\u00c9crit par\" \/>\n\t<meta name=\"twitter:data1\" content=\"admin1\" \/>\n\t<meta name=\"twitter:label2\" content=\"Dur\u00e9e de lecture estim\u00e9e\" \/>\n\t<meta name=\"twitter:data2\" content=\"2 minutes\" \/>\n<script type=\"application\/ld+json\" class=\"yoast-schema-graph\">{\"@context\":\"https:\/\/schema.org\",\"@graph\":[{\"@type\":\"Article\",\"@id\":\"https:\/\/culturbaine.com\/index.php\/2025\/01\/21\/black-m-je-merite-davoir-un-passeport-diplomatique\/#article\",\"isPartOf\":{\"@id\":\"https:\/\/culturbaine.com\/index.php\/2025\/01\/21\/black-m-je-merite-davoir-un-passeport-diplomatique\/\"},\"author\":{\"name\":\"admin1\",\"@id\":\"https:\/\/culturbaine.com\/#\/schema\/person\/42eb7485c572e0746c1ea6b8216c3814\"},\"headline\":\"Black M : \u00ab Je m\u00e9rite d&rsquo;avoir un passeport diplomatique \u00bb\",\"datePublished\":\"2025-01-21T08:00:57+00:00\",\"dateModified\":\"2025-01-21T06:33:33+00:00\",\"mainEntityOfPage\":{\"@id\":\"https:\/\/culturbaine.com\/index.php\/2025\/01\/21\/black-m-je-merite-davoir-un-passeport-diplomatique\/\"},\"wordCount\":329,\"publisher\":{\"@id\":\"https:\/\/culturbaine.com\/#organization\"},\"image\":{\"@id\":\"https:\/\/culturbaine.com\/index.php\/2025\/01\/21\/black-m-je-merite-davoir-un-passeport-diplomatique\/#primaryimage\"},\"thumbnailUrl\":\"https:\/\/culturbaine.com\/wp-content\/uploads\/2025\/01\/17374409186182.jpg\",\"articleSection\":[\"Actualit\u00e9\",\"Rap\"],\"inLanguage\":\"fr-FR\"},{\"@type\":\"WebPage\",\"@id\":\"https:\/\/culturbaine.com\/index.php\/2025\/01\/21\/black-m-je-merite-davoir-un-passeport-diplomatique\/\",\"url\":\"https:\/\/culturbaine.com\/index.php\/2025\/01\/21\/black-m-je-merite-davoir-un-passeport-diplomatique\/\",\"name\":\"Black M : \u00ab Je m\u00e9rite d'avoir un passeport diplomatique \u00bb - Culturbaine\",\"isPartOf\":{\"@id\":\"https:\/\/culturbaine.com\/#website\"},\"primaryImageOfPage\":{\"@id\":\"https:\/\/culturbaine.com\/index.php\/2025\/01\/21\/black-m-je-merite-davoir-un-passeport-diplomatique\/#primaryimage\"},\"image\":{\"@id\":\"https:\/\/culturbaine.com\/index.php\/2025\/01\/21\/black-m-je-merite-davoir-un-passeport-diplomatique\/#primaryimage\"},\"thumbnailUrl\":\"https:\/\/culturbaine.com\/wp-content\/uploads\/2025\/01\/17374409186182.jpg\",\"datePublished\":\"2025-01-21T08:00:57+00:00\",\"dateModified\":\"2025-01-21T06:33:33+00:00\",\"breadcrumb\":{\"@id\":\"https:\/\/culturbaine.com\/index.php\/2025\/01\/21\/black-m-je-merite-davoir-un-passeport-diplomatique\/#breadcrumb\"},\"inLanguage\":\"fr-FR\",\"potentialAction\":[{\"@type\":\"ReadAction\",\"target\":[\"https:\/\/culturbaine.com\/index.php\/2025\/01\/21\/black-m-je-merite-davoir-un-passeport-diplomatique\/\"]}]},{\"@type\":\"ImageObject\",\"inLanguage\":\"fr-FR\",\"@id\":\"https:\/\/culturbaine.com\/index.php\/2025\/01\/21\/black-m-je-merite-davoir-un-passeport-diplomatique\/#primaryimage\",\"url\":\"https:\/\/culturbaine.com\/wp-content\/uploads\/2025\/01\/17374409186182.jpg\",\"contentUrl\":\"https:\/\/culturbaine.com\/wp-content\/uploads\/2025\/01\/17374409186182.jpg\",\"width\":720,\"height\":515},{\"@type\":\"BreadcrumbList\",\"@id\":\"https:\/\/culturbaine.com\/index.php\/2025\/01\/21\/black-m-je-merite-davoir-un-passeport-diplomatique\/#breadcrumb\",\"itemListElement\":[{\"@type\":\"ListItem\",\"position\":1,\"name\":\"Home\",\"item\":\"https:\/\/culturbaine.com\/\"},{\"@type\":\"ListItem\",\"position\":2,\"name\":\"Black M : \u00ab Je m\u00e9rite d&rsquo;avoir un passeport diplomatique \u00bb\"}]},{\"@type\":\"WebSite\",\"@id\":\"https:\/\/culturbaine.com\/#website\",\"url\":\"https:\/\/culturbaine.com\/\",\"name\":\"Culturbaine.com\",\"description\":\"Toute l&#039;actualit\u00e9 des Cultures Urbaines, en un clic  !\",\"publisher\":{\"@id\":\"https:\/\/culturbaine.com\/#organization\"},\"potentialAction\":[{\"@type\":\"SearchAction\",\"target\":{\"@type\":\"EntryPoint\",\"urlTemplate\":\"https:\/\/culturbaine.com\/?s={search_term_string}\"},\"query-input\":{\"@type\":\"PropertyValueSpecification\",\"valueRequired\":true,\"valueName\":\"search_term_string\"}}],\"inLanguage\":\"fr-FR\"},{\"@type\":\"Organization\",\"@id\":\"https:\/\/culturbaine.com\/#organization\",\"name\":\"Culturbaine.com\",\"url\":\"https:\/\/culturbaine.com\/\",\"logo\":{\"@type\":\"ImageObject\",\"inLanguage\":\"fr-FR\",\"@id\":\"https:\/\/culturbaine.com\/#\/schema\/logo\/image\/\",\"url\":\"https:\/\/culturbaine.com\/wp-content\/uploads\/2023\/07\/WhatsApp-Image-2023-07-17-at-14.38.18.jpeg\",\"contentUrl\":\"https:\/\/culturbaine.com\/wp-content\/uploads\/2023\/07\/WhatsApp-Image-2023-07-17-at-14.38.18.jpeg\",\"width\":855,\"height\":270,\"caption\":\"Culturbaine.com\"},\"image\":{\"@id\":\"https:\/\/culturbaine.com\/#\/schema\/logo\/image\/\"},\"sameAs\":[\"https:\/\/www.facebook.com\/Culturbaines\",\"https:\/\/x.com\/culturbaines\"]},{\"@type\":\"Person\",\"@id\":\"https:\/\/culturbaine.com\/#\/schema\/person\/42eb7485c572e0746c1ea6b8216c3814\",\"name\":\"admin1\",\"image\":{\"@type\":\"ImageObject\",\"inLanguage\":\"fr-FR\",\"@id\":\"https:\/\/culturbaine.com\/#\/schema\/person\/image\/\",\"url\":\"https:\/\/secure.gravatar.com\/avatar\/c268f4d483ce0486e5a10fee87bbf756?s=96&d=mm&r=g\",\"contentUrl\":\"https:\/\/secure.gravatar.com\/avatar\/c268f4d483ce0486e5a10fee87bbf756?s=96&d=mm&r=g\",\"caption\":\"admin1\"},\"url\":\"https:\/\/culturbaine.com\/index.php\/author\/admin1\/\"}]}<\/script>\n<!-- \/ Yoast SEO Premium plugin. -->","yoast_head_json":{"title":"Black M : \u00ab Je m\u00e9rite d'avoir un passeport diplomatique \u00bb - Culturbaine","robots":{"index":"index","follow":"follow","max-snippet":"max-snippet:-1","max-image-preview":"max-image-preview:large","max-video-preview":"max-video-preview:-1"},"canonical":"https:\/\/culturbaine.com\/index.php\/2025\/01\/21\/black-m-je-merite-davoir-un-passeport-diplomatique\/","og_locale":"fr_FR","og_type":"article","og_title":"Black M : \u00ab Je m\u00e9rite d'avoir un passeport diplomatique \u00bb","og_description":"Le pr\u00e9sident de la transition guin\u00e9enne, le G\u00e9n\u00e9ral Mamadi Doumbouya, a r\u00e9cemment attribu\u00e9 un passeport diplomatique au rappeur fran\u00e7ais d\u2019origine guin\u00e9enne, Black M. Cette d\u00e9cision a suscit\u00e9 de nombreux d\u00e9bats au sein de l\u2019opinion publique, certains estimant que l\u2019artiste ne le m\u00e9ritait pas. Invit\u00e9 dans le podcast Juste un pas de plus, anim\u00e9 par Karamoo [&hellip;]","og_url":"https:\/\/culturbaine.com\/index.php\/2025\/01\/21\/black-m-je-merite-davoir-un-passeport-diplomatique\/","og_site_name":"Culturbaine","article_publisher":"https:\/\/www.facebook.com\/Culturbaines","article_published_time":"2025-01-21T08:00:57+00:00","article_modified_time":"2025-01-21T06:33:33+00:00","og_image":[{"width":720,"height":515,"url":"https:\/\/culturbaine.com\/wp-content\/uploads\/2025\/01\/17374409186182.jpg","type":"image\/jpeg"}],"author":"admin1","twitter_card":"summary_large_image","twitter_creator":"@culturbaines","twitter_site":"@culturbaines","twitter_misc":{"\u00c9crit par":"admin1","Dur\u00e9e de lecture estim\u00e9e":"2 minutes"},"schema":{"@context":"https:\/\/schema.org","@graph":[{"@type":"Article","@id":"https:\/\/culturbaine.com\/index.php\/2025\/01\/21\/black-m-je-merite-davoir-un-passeport-diplomatique\/#article","isPartOf":{"@id":"https:\/\/culturbaine.com\/index.php\/2025\/01\/21\/black-m-je-merite-davoir-un-passeport-diplomatique\/"},"author":{"name":"admin1","@id":"https:\/\/culturbaine.com\/#\/schema\/person\/42eb7485c572e0746c1ea6b8216c3814"},"headline":"Black M : \u00ab Je m\u00e9rite d&rsquo;avoir un passeport diplomatique \u00bb","datePublished":"2025-01-21T08:00:57+00:00","dateModified":"2025-01-21T06:33:33+00:00","mainEntityOfPage":{"@id":"https:\/\/culturbaine.com\/index.php\/2025\/01\/21\/black-m-je-merite-davoir-un-passeport-diplomatique\/"},"wordCount":329,"publisher":{"@id":"https:\/\/culturbaine.com\/#organization"},"image":{"@id":"https:\/\/culturbaine.com\/index.php\/2025\/01\/21\/black-m-je-merite-davoir-un-passeport-diplomatique\/#primaryimage"},"thumbnailUrl":"https:\/\/culturbaine.com\/wp-content\/uploads\/2025\/01\/17374409186182.jpg","articleSection":["Actualit\u00e9","Rap"],"inLanguage":"fr-FR"},{"@type":"WebPage","@id":"https:\/\/culturbaine.com\/index.php\/2025\/01\/21\/black-m-je-merite-davoir-un-passeport-diplomatique\/","url":"https:\/\/culturbaine.com\/index.php\/2025\/01\/21\/black-m-je-merite-davoir-un-passeport-diplomatique\/","name":"Black M : \u00ab Je m\u00e9rite d'avoir un passeport diplomatique \u00bb - Culturbaine","isPartOf":{"@id":"https:\/\/culturbaine.com\/#website"},"primaryImageOfPage":{"@id":"https:\/\/culturbaine.com\/index.php\/2025\/01\/21\/black-m-je-merite-davoir-un-passeport-diplomatique\/#primaryimage"},"image":{"@id":"https:\/\/culturbaine.com\/index.php\/2025\/01\/21\/black-m-je-merite-davoir-un-passeport-diplomatique\/#primaryimage"},"thumbnailUrl":"https:\/\/culturbaine.com\/wp-content\/uploads\/2025\/01\/17374409186182.jpg","datePublished":"2025-01-21T08:00:57+00:00","dateModified":"2025-01-21T06:33:33+00:00","breadcrumb":{"@id":"https:\/\/culturbaine.com\/index.php\/2025\/01\/21\/black-m-je-merite-davoir-un-passeport-diplomatique\/#breadcrumb"},"inLanguage":"fr-FR","potentialAction":[{"@type":"ReadAction","target":["https:\/\/culturbaine.com\/index.php\/2025\/01\/21\/black-m-je-merite-davoir-un-passeport-diplomatique\/"]}]},{"@type":"ImageObject","inLanguage":"fr-FR","@id":"https:\/\/culturbaine.com\/index.php\/2025\/01\/21\/black-m-je-merite-davoir-un-passeport-diplomatique\/#primaryimage","url":"https:\/\/culturbaine.com\/wp-content\/uploads\/2025\/01\/17374409186182.jpg","contentUrl":"https:\/\/culturbaine.com\/wp-content\/uploads\/2025\/01\/17374409186182.jpg","width":720,"height":515},{"@type":"BreadcrumbList","@id":"https:\/\/culturbaine.com\/index.php\/2025\/01\/21\/black-m-je-merite-davoir-un-passeport-diplomatique\/#breadcrumb","itemListElement":[{"@type":"ListItem","position":1,"name":"Home","item":"https:\/\/culturbaine.com\/"},{"@type":"ListItem","position":2,"name":"Black M : \u00ab Je m\u00e9rite d&rsquo;avoir un passeport diplomatique \u00bb"}]},{"@type":"WebSite","@id":"https:\/\/culturbaine.com\/#website","url":"https:\/\/culturbaine.com\/","name":"Culturbaine.com","description":"Toute l&#039;actualit\u00e9 des Cultures Urbaines, en un clic  !","publisher":{"@id":"https:\/\/culturbaine.com\/#organization"},"potentialAction":[{"@type":"SearchAction","target":{"@type":"EntryPoint","urlTemplate":"https:\/\/culturbaine.com\/?s={search_term_string}"},"query-input":{"@type":"PropertyValueSpecification","valueRequired":true,"valueName":"search_term_string"}}],"inLanguage":"fr-FR"},{"@type":"Organization","@id":"https:\/\/culturbaine.com\/#organization","name":"Culturbaine.com","url":"https:\/\/culturbaine.com\/","logo":{"@type":"ImageObject","inLanguage":"fr-FR","@id":"https:\/\/culturbaine.com\/#\/schema\/logo\/image\/","url":"https:\/\/culturbaine.com\/wp-content\/uploads\/2023\/07\/WhatsApp-Image-2023-07-17-at-14.38.18.jpeg","contentUrl":"https:\/\/culturbaine.com\/wp-content\/uploads\/2023\/07\/WhatsApp-Image-2023-07-17-at-14.38.18.jpeg","width":855,"height":270,"caption":"Culturbaine.com"},"image":{"@id":"https:\/\/culturbaine.com\/#\/schema\/logo\/image\/"},"sameAs":["https:\/\/www.facebook.com\/Culturbaines","https:\/\/x.com\/culturbaines"]},{"@type":"Person","@id":"https:\/\/culturbaine.com\/#\/schema\/person\/42eb7485c572e0746c1ea6b8216c3814","name":"admin1","image":{"@type":"ImageObject","inLanguage":"fr-FR","@id":"https:\/\/culturbaine.com\/#\/schema\/person\/image\/","url":"https:\/\/secure.gravatar.com\/avatar\/c268f4d483ce0486e5a10fee87bbf756?s=96&d=mm&r=g","contentUrl":"https:\/\/secure.gravatar.com\/avatar\/c268f4d483ce0486e5a10fee87bbf756?s=96&d=mm&r=g","caption":"admin1"},"url":"https:\/\/culturbaine.com\/index.php\/author\/admin1\/"}]}},"_links":{"self":[{"href":"https:\/\/culturbaine.com\/index.php\/wp-json\/wp\/v2\/posts\/10836"}],"collection":[{"href":"https:\/\/culturbaine.com\/index.php\/wp-json\/wp\/v2\/posts"}],"about":[{"href":"https:\/\/culturbaine.com\/index.php\/wp-json\/wp\/v2\/types\/post"}],"author":[{"embeddable":true,"href":"https:\/\/culturbaine.com\/index.php\/wp-json\/wp\/v2\/users\/2"}],"replies":[{"embeddable":true,"href":"https:\/\/culturbaine.com\/index.php\/wp-json\/wp\/v2\/comments?post=10836"}],"version-history":[{"count":0,"href":"https:\/\/culturbaine.com\/index.php\/wp-json\/wp\/v2\/posts\/10836\/revisions"}],"wp:featuredmedia":[{"embeddable":true,"href":"https:\/\/culturbaine.com\/index.php\/wp-json\/wp\/v2\/media\/10837"}],"wp:attachment":[{"href":"https:\/\/culturbaine.com\/index.php\/wp-json\/wp\/v2\/media?parent=10836"}],"wp:term":[{"taxonomy":"category","embeddable":true,"href":"https:\/\/culturbaine.com\/index.php\/wp-json\/wp\/v2\/categories?post=10836"},{"taxonomy":"post_tag","embeddable":true,"href":"https:\/\/culturbaine.com\/index.php\/wp-json\/wp\/v2\/tags?post=10836"}],"curies":[{"name":"wp","href":"https:\/\/api.w.org\/{rel}","templated":true}]}}