{"id":10812,"date":"2025-01-19T14:32:32","date_gmt":"2025-01-19T14:32:32","guid":{"rendered":"https:\/\/culturbaine.com\/?p=10812"},"modified":"2025-01-19T14:32:32","modified_gmt":"2025-01-19T14:32:32","slug":"burkina-faso-some-sankar-rodolphe-sacre-champion-national-2025-deloquence-slam-eveil","status":"publish","type":"post","link":"https:\/\/culturbaine.com\/index.php\/2025\/01\/19\/burkina-faso-some-sankar-rodolphe-sacre-champion-national-2025-deloquence-slam-eveil\/","title":{"rendered":"Burkina Faso : Som\u00e9 Sankar Rodolphe sacr\u00e9 champion national 2025 d\u2019\u00c9loquence Slam \u00c9veil"},"content":{"rendered":"<p>La 10\u1d49 \u00e9dition du concours national de slam, intitul\u00e9e \u00ab <strong>Rempart d\u2019\u00c9loquence et des Arts EDUC \u00bb<\/strong>, s\u2019est cl\u00f4tur\u00e9e en apoth\u00e9ose ce 18 janvier 2025 \u00e0 l\u2019espace C\u0153ur de Diva. Organis\u00e9e par l\u2019<strong>association Kalamou<\/strong>, cette comp\u00e9tition a rassembl\u00e9 10 finalistes issus de 4 grandes villes du Burkina Faso : Bobo-Dioulasso, Ouagadougou, Fada N\u2019Gourma, et Ziniar\u00e9.<\/p>\n<p>Au terme d\u2019un affrontement artistique marqu\u00e9 par la puissance des mots et la profondeur des vers, le jury a finalement d\u00e9sign\u00e9 <strong>Som\u00e9 Sankar Rodolphe<\/strong>, repr\u00e9sentant de Ouagadougou, comme vainqueur de cette \u00e9dition.<\/p>\n<p>En remportant ce titre prestigieux, le jeune slameur d\u00e9croche \u00e9galement l\u2019opportunit\u00e9 de repr\u00e9senter le Burkina Faso lors des phases pr\u00e9liminaires de la prochaine Coupe du Monde de Slam Po\u00e9sie. Une occasion unique qui mettra en lumi\u00e8re son talent sur la sc\u00e8ne internationale et contribuera \u00e0 la promotion du slam burkinab\u00e8.<\/p>\n<p><img loading=\"lazy\" decoding=\"async\" class=\"aligncenter size-full wp-image-10813\" src=\"https:\/\/culturbaine.com\/wp-content\/uploads\/2025\/01\/1737296168217.jpg\" alt=\"\" width=\"720\" height=\"960\" srcset=\"https:\/\/culturbaine.com\/wp-content\/uploads\/2025\/01\/1737296168217.jpg 720w, https:\/\/culturbaine.com\/wp-content\/uploads\/2025\/01\/1737296168217-225x300.jpg 225w\" sizes=\"(max-width: 720px) 100vw, 720px\" \/><\/p>\n<p>Avec cette victoire, <strong>Som\u00e9 Sankar Rodolphe<\/strong> inscrit son nom dans l\u2019histoire de l\u2019\u00e9loquence et devient une figure montante de la po\u00e9sie burkinab\u00e8.<\/p>\n<p><strong>Mohamed Cinq Sylla<\/strong><\/p>\n","protected":false},"excerpt":{"rendered":"<p>La 10\u1d49 \u00e9dition du concours national de slam, intitul\u00e9e \u00ab Rempart d\u2019\u00c9loquence et des Arts EDUC \u00bb, s\u2019est cl\u00f4tur\u00e9e en apoth\u00e9ose ce 18 janvier 2025 \u00e0 l\u2019espace C\u0153ur de Diva. Organis\u00e9e par l\u2019association Kalamou, cette comp\u00e9tition a rassembl\u00e9 10 finalistes issus de 4 grandes villes du Burkina Faso : Bobo-Dioulasso, Ouagadougou, Fada N\u2019Gourma, et Ziniar\u00e9. [&hellip;]<\/p>\n","protected":false},"author":2,"featured_media":10814,"comment_status":"closed","ping_status":"closed","sticky":false,"template":"","format":"standard","meta":{"_mi_skip_tracking":false,"_monsterinsights_sitenote_active":false,"_monsterinsights_sitenote_note":"","_monsterinsights_sitenote_category":0,"footnotes":""},"categories":[21,2386],"tags":[3621],"class_list":["post-10812","post","type-post","status-publish","format-standard","has-post-thumbnail","hentry","category-actualite","category-slam","tag-some-sankar-rodolphe-sacre-champion-national-2025-deloquence-slam-eveil"],"yoast_head":"<!-- This site is optimized with the Yoast SEO Premium plugin v20.1 (Yoast SEO v24.0) - https:\/\/yoast.com\/wordpress\/plugins\/seo\/ -->\n<title>Burkina Faso : Som\u00e9 Sankar Rodolphe sacr\u00e9 champion national 2025 d\u2019\u00c9loquence Slam \u00c9veil - Culturbaine<\/title>\n<meta name=\"robots\" content=\"index, follow, max-snippet:-1, max-image-preview:large, max-video-preview:-1\" \/>\n<link rel=\"canonical\" href=\"https:\/\/culturbaine.com\/index.php\/2025\/01\/19\/burkina-faso-some-sankar-rodolphe-sacre-champion-national-2025-deloquence-slam-eveil\/\" \/>\n<meta property=\"og:locale\" content=\"fr_FR\" \/>\n<meta property=\"og:type\" content=\"article\" \/>\n<meta property=\"og:title\" content=\"Burkina Faso : Som\u00e9 Sankar Rodolphe sacr\u00e9 champion national 2025 d\u2019\u00c9loquence Slam \u00c9veil\" \/>\n<meta property=\"og:description\" content=\"La 10\u1d49 \u00e9dition du concours national de slam, intitul\u00e9e \u00ab Rempart d\u2019\u00c9loquence et des Arts EDUC \u00bb, s\u2019est cl\u00f4tur\u00e9e en apoth\u00e9ose ce 18 janvier 2025 \u00e0 l\u2019espace C\u0153ur de Diva. Organis\u00e9e par l\u2019association Kalamou, cette comp\u00e9tition a rassembl\u00e9 10 finalistes issus de 4 grandes villes du Burkina Faso : Bobo-Dioulasso, Ouagadougou, Fada N\u2019Gourma, et Ziniar\u00e9. [&hellip;]\" \/>\n<meta property=\"og:url\" content=\"https:\/\/culturbaine.com\/index.php\/2025\/01\/19\/burkina-faso-some-sankar-rodolphe-sacre-champion-national-2025-deloquence-slam-eveil\/\" \/>\n<meta property=\"og:site_name\" content=\"Culturbaine\" \/>\n<meta property=\"article:publisher\" content=\"https:\/\/www.facebook.com\/Culturbaines\" \/>\n<meta property=\"article:published_time\" content=\"2025-01-19T14:32:32+00:00\" \/>\n<meta property=\"og:image\" content=\"https:\/\/culturbaine.com\/wp-content\/uploads\/2025\/01\/17372961273182.jpg\" \/>\n\t<meta property=\"og:image:width\" content=\"614\" \/>\n\t<meta property=\"og:image:height\" content=\"395\" \/>\n\t<meta property=\"og:image:type\" content=\"image\/jpeg\" \/>\n<meta name=\"author\" content=\"admin1\" \/>\n<meta name=\"twitter:card\" content=\"summary_large_image\" \/>\n<meta name=\"twitter:creator\" content=\"@culturbaines\" \/>\n<meta name=\"twitter:site\" content=\"@culturbaines\" \/>\n<meta name=\"twitter:label1\" content=\"\u00c9crit par\" \/>\n\t<meta name=\"twitter:data1\" content=\"admin1\" \/>\n\t<meta name=\"twitter:label2\" content=\"Dur\u00e9e de lecture estim\u00e9e\" \/>\n\t<meta name=\"twitter:data2\" content=\"2 minutes\" \/>\n<script type=\"application\/ld+json\" class=\"yoast-schema-graph\">{\"@context\":\"https:\/\/schema.org\",\"@graph\":[{\"@type\":\"Article\",\"@id\":\"https:\/\/culturbaine.com\/index.php\/2025\/01\/19\/burkina-faso-some-sankar-rodolphe-sacre-champion-national-2025-deloquence-slam-eveil\/#article\",\"isPartOf\":{\"@id\":\"https:\/\/culturbaine.com\/index.php\/2025\/01\/19\/burkina-faso-some-sankar-rodolphe-sacre-champion-national-2025-deloquence-slam-eveil\/\"},\"author\":{\"name\":\"admin1\",\"@id\":\"https:\/\/culturbaine.com\/#\/schema\/person\/42eb7485c572e0746c1ea6b8216c3814\"},\"headline\":\"Burkina Faso : Som\u00e9 Sankar Rodolphe sacr\u00e9 champion national 2025 d\u2019\u00c9loquence Slam \u00c9veil\",\"datePublished\":\"2025-01-19T14:32:32+00:00\",\"dateModified\":\"2025-01-19T14:32:32+00:00\",\"mainEntityOfPage\":{\"@id\":\"https:\/\/culturbaine.com\/index.php\/2025\/01\/19\/burkina-faso-some-sankar-rodolphe-sacre-champion-national-2025-deloquence-slam-eveil\/\"},\"wordCount\":189,\"publisher\":{\"@id\":\"https:\/\/culturbaine.com\/#organization\"},\"image\":{\"@id\":\"https:\/\/culturbaine.com\/index.php\/2025\/01\/19\/burkina-faso-some-sankar-rodolphe-sacre-champion-national-2025-deloquence-slam-eveil\/#primaryimage\"},\"thumbnailUrl\":\"https:\/\/culturbaine.com\/wp-content\/uploads\/2025\/01\/17372961273182.jpg\",\"keywords\":[\"Som\u00e9 Sankar Rodolphe sacr\u00e9 champion national 2025 d\u2019\u00c9loquence Slam \u00c9veil\"],\"articleSection\":[\"Actualit\u00e9\",\"Slam\"],\"inLanguage\":\"fr-FR\"},{\"@type\":\"WebPage\",\"@id\":\"https:\/\/culturbaine.com\/index.php\/2025\/01\/19\/burkina-faso-some-sankar-rodolphe-sacre-champion-national-2025-deloquence-slam-eveil\/\",\"url\":\"https:\/\/culturbaine.com\/index.php\/2025\/01\/19\/burkina-faso-some-sankar-rodolphe-sacre-champion-national-2025-deloquence-slam-eveil\/\",\"name\":\"Burkina Faso : Som\u00e9 Sankar Rodolphe sacr\u00e9 champion national 2025 d\u2019\u00c9loquence Slam \u00c9veil - Culturbaine\",\"isPartOf\":{\"@id\":\"https:\/\/culturbaine.com\/#website\"},\"primaryImageOfPage\":{\"@id\":\"https:\/\/culturbaine.com\/index.php\/2025\/01\/19\/burkina-faso-some-sankar-rodolphe-sacre-champion-national-2025-deloquence-slam-eveil\/#primaryimage\"},\"image\":{\"@id\":\"https:\/\/culturbaine.com\/index.php\/2025\/01\/19\/burkina-faso-some-sankar-rodolphe-sacre-champion-national-2025-deloquence-slam-eveil\/#primaryimage\"},\"thumbnailUrl\":\"https:\/\/culturbaine.com\/wp-content\/uploads\/2025\/01\/17372961273182.jpg\",\"datePublished\":\"2025-01-19T14:32:32+00:00\",\"dateModified\":\"2025-01-19T14:32:32+00:00\",\"breadcrumb\":{\"@id\":\"https:\/\/culturbaine.com\/index.php\/2025\/01\/19\/burkina-faso-some-sankar-rodolphe-sacre-champion-national-2025-deloquence-slam-eveil\/#breadcrumb\"},\"inLanguage\":\"fr-FR\",\"potentialAction\":[{\"@type\":\"ReadAction\",\"target\":[\"https:\/\/culturbaine.com\/index.php\/2025\/01\/19\/burkina-faso-some-sankar-rodolphe-sacre-champion-national-2025-deloquence-slam-eveil\/\"]}]},{\"@type\":\"ImageObject\",\"inLanguage\":\"fr-FR\",\"@id\":\"https:\/\/culturbaine.com\/index.php\/2025\/01\/19\/burkina-faso-some-sankar-rodolphe-sacre-champion-national-2025-deloquence-slam-eveil\/#primaryimage\",\"url\":\"https:\/\/culturbaine.com\/wp-content\/uploads\/2025\/01\/17372961273182.jpg\",\"contentUrl\":\"https:\/\/culturbaine.com\/wp-content\/uploads\/2025\/01\/17372961273182.jpg\",\"width\":614,\"height\":395},{\"@type\":\"BreadcrumbList\",\"@id\":\"https:\/\/culturbaine.com\/index.php\/2025\/01\/19\/burkina-faso-some-sankar-rodolphe-sacre-champion-national-2025-deloquence-slam-eveil\/#breadcrumb\",\"itemListElement\":[{\"@type\":\"ListItem\",\"position\":1,\"name\":\"Home\",\"item\":\"https:\/\/culturbaine.com\/\"},{\"@type\":\"ListItem\",\"position\":2,\"name\":\"Burkina Faso : Som\u00e9 Sankar Rodolphe sacr\u00e9 champion national 2025 d\u2019\u00c9loquence Slam \u00c9veil\"}]},{\"@type\":\"WebSite\",\"@id\":\"https:\/\/culturbaine.com\/#website\",\"url\":\"https:\/\/culturbaine.com\/\",\"name\":\"Culturbaine.com\",\"description\":\"Toute l&#039;actualit\u00e9 des Cultures Urbaines, en un clic  !\",\"publisher\":{\"@id\":\"https:\/\/culturbaine.com\/#organization\"},\"potentialAction\":[{\"@type\":\"SearchAction\",\"target\":{\"@type\":\"EntryPoint\",\"urlTemplate\":\"https:\/\/culturbaine.com\/?s={search_term_string}\"},\"query-input\":{\"@type\":\"PropertyValueSpecification\",\"valueRequired\":true,\"valueName\":\"search_term_string\"}}],\"inLanguage\":\"fr-FR\"},{\"@type\":\"Organization\",\"@id\":\"https:\/\/culturbaine.com\/#organization\",\"name\":\"Culturbaine.com\",\"url\":\"https:\/\/culturbaine.com\/\",\"logo\":{\"@type\":\"ImageObject\",\"inLanguage\":\"fr-FR\",\"@id\":\"https:\/\/culturbaine.com\/#\/schema\/logo\/image\/\",\"url\":\"https:\/\/culturbaine.com\/wp-content\/uploads\/2023\/07\/WhatsApp-Image-2023-07-17-at-14.38.18.jpeg\",\"contentUrl\":\"https:\/\/culturbaine.com\/wp-content\/uploads\/2023\/07\/WhatsApp-Image-2023-07-17-at-14.38.18.jpeg\",\"width\":855,\"height\":270,\"caption\":\"Culturbaine.com\"},\"image\":{\"@id\":\"https:\/\/culturbaine.com\/#\/schema\/logo\/image\/\"},\"sameAs\":[\"https:\/\/www.facebook.com\/Culturbaines\",\"https:\/\/x.com\/culturbaines\"]},{\"@type\":\"Person\",\"@id\":\"https:\/\/culturbaine.com\/#\/schema\/person\/42eb7485c572e0746c1ea6b8216c3814\",\"name\":\"admin1\",\"image\":{\"@type\":\"ImageObject\",\"inLanguage\":\"fr-FR\",\"@id\":\"https:\/\/culturbaine.com\/#\/schema\/person\/image\/\",\"url\":\"https:\/\/secure.gravatar.com\/avatar\/c268f4d483ce0486e5a10fee87bbf756?s=96&d=mm&r=g\",\"contentUrl\":\"https:\/\/secure.gravatar.com\/avatar\/c268f4d483ce0486e5a10fee87bbf756?s=96&d=mm&r=g\",\"caption\":\"admin1\"},\"url\":\"https:\/\/culturbaine.com\/index.php\/author\/admin1\/\"}]}<\/script>\n<!-- \/ Yoast SEO Premium plugin. -->","yoast_head_json":{"title":"Burkina Faso : Som\u00e9 Sankar Rodolphe sacr\u00e9 champion national 2025 d\u2019\u00c9loquence Slam \u00c9veil - Culturbaine","robots":{"index":"index","follow":"follow","max-snippet":"max-snippet:-1","max-image-preview":"max-image-preview:large","max-video-preview":"max-video-preview:-1"},"canonical":"https:\/\/culturbaine.com\/index.php\/2025\/01\/19\/burkina-faso-some-sankar-rodolphe-sacre-champion-national-2025-deloquence-slam-eveil\/","og_locale":"fr_FR","og_type":"article","og_title":"Burkina Faso : Som\u00e9 Sankar Rodolphe sacr\u00e9 champion national 2025 d\u2019\u00c9loquence Slam \u00c9veil","og_description":"La 10\u1d49 \u00e9dition du concours national de slam, intitul\u00e9e \u00ab Rempart d\u2019\u00c9loquence et des Arts EDUC \u00bb, s\u2019est cl\u00f4tur\u00e9e en apoth\u00e9ose ce 18 janvier 2025 \u00e0 l\u2019espace C\u0153ur de Diva. Organis\u00e9e par l\u2019association Kalamou, cette comp\u00e9tition a rassembl\u00e9 10 finalistes issus de 4 grandes villes du Burkina Faso : Bobo-Dioulasso, Ouagadougou, Fada N\u2019Gourma, et Ziniar\u00e9. [&hellip;]","og_url":"https:\/\/culturbaine.com\/index.php\/2025\/01\/19\/burkina-faso-some-sankar-rodolphe-sacre-champion-national-2025-deloquence-slam-eveil\/","og_site_name":"Culturbaine","article_publisher":"https:\/\/www.facebook.com\/Culturbaines","article_published_time":"2025-01-19T14:32:32+00:00","og_image":[{"width":614,"height":395,"url":"https:\/\/culturbaine.com\/wp-content\/uploads\/2025\/01\/17372961273182.jpg","type":"image\/jpeg"}],"author":"admin1","twitter_card":"summary_large_image","twitter_creator":"@culturbaines","twitter_site":"@culturbaines","twitter_misc":{"\u00c9crit par":"admin1","Dur\u00e9e de lecture estim\u00e9e":"2 minutes"},"schema":{"@context":"https:\/\/schema.org","@graph":[{"@type":"Article","@id":"https:\/\/culturbaine.com\/index.php\/2025\/01\/19\/burkina-faso-some-sankar-rodolphe-sacre-champion-national-2025-deloquence-slam-eveil\/#article","isPartOf":{"@id":"https:\/\/culturbaine.com\/index.php\/2025\/01\/19\/burkina-faso-some-sankar-rodolphe-sacre-champion-national-2025-deloquence-slam-eveil\/"},"author":{"name":"admin1","@id":"https:\/\/culturbaine.com\/#\/schema\/person\/42eb7485c572e0746c1ea6b8216c3814"},"headline":"Burkina Faso : Som\u00e9 Sankar Rodolphe sacr\u00e9 champion national 2025 d\u2019\u00c9loquence Slam \u00c9veil","datePublished":"2025-01-19T14:32:32+00:00","dateModified":"2025-01-19T14:32:32+00:00","mainEntityOfPage":{"@id":"https:\/\/culturbaine.com\/index.php\/2025\/01\/19\/burkina-faso-some-sankar-rodolphe-sacre-champion-national-2025-deloquence-slam-eveil\/"},"wordCount":189,"publisher":{"@id":"https:\/\/culturbaine.com\/#organization"},"image":{"@id":"https:\/\/culturbaine.com\/index.php\/2025\/01\/19\/burkina-faso-some-sankar-rodolphe-sacre-champion-national-2025-deloquence-slam-eveil\/#primaryimage"},"thumbnailUrl":"https:\/\/culturbaine.com\/wp-content\/uploads\/2025\/01\/17372961273182.jpg","keywords":["Som\u00e9 Sankar Rodolphe sacr\u00e9 champion national 2025 d\u2019\u00c9loquence Slam \u00c9veil"],"articleSection":["Actualit\u00e9","Slam"],"inLanguage":"fr-FR"},{"@type":"WebPage","@id":"https:\/\/culturbaine.com\/index.php\/2025\/01\/19\/burkina-faso-some-sankar-rodolphe-sacre-champion-national-2025-deloquence-slam-eveil\/","url":"https:\/\/culturbaine.com\/index.php\/2025\/01\/19\/burkina-faso-some-sankar-rodolphe-sacre-champion-national-2025-deloquence-slam-eveil\/","name":"Burkina Faso : Som\u00e9 Sankar Rodolphe sacr\u00e9 champion national 2025 d\u2019\u00c9loquence Slam \u00c9veil - Culturbaine","isPartOf":{"@id":"https:\/\/culturbaine.com\/#website"},"primaryImageOfPage":{"@id":"https:\/\/culturbaine.com\/index.php\/2025\/01\/19\/burkina-faso-some-sankar-rodolphe-sacre-champion-national-2025-deloquence-slam-eveil\/#primaryimage"},"image":{"@id":"https:\/\/culturbaine.com\/index.php\/2025\/01\/19\/burkina-faso-some-sankar-rodolphe-sacre-champion-national-2025-deloquence-slam-eveil\/#primaryimage"},"thumbnailUrl":"https:\/\/culturbaine.com\/wp-content\/uploads\/2025\/01\/17372961273182.jpg","datePublished":"2025-01-19T14:32:32+00:00","dateModified":"2025-01-19T14:32:32+00:00","breadcrumb":{"@id":"https:\/\/culturbaine.com\/index.php\/2025\/01\/19\/burkina-faso-some-sankar-rodolphe-sacre-champion-national-2025-deloquence-slam-eveil\/#breadcrumb"},"inLanguage":"fr-FR","potentialAction":[{"@type":"ReadAction","target":["https:\/\/culturbaine.com\/index.php\/2025\/01\/19\/burkina-faso-some-sankar-rodolphe-sacre-champion-national-2025-deloquence-slam-eveil\/"]}]},{"@type":"ImageObject","inLanguage":"fr-FR","@id":"https:\/\/culturbaine.com\/index.php\/2025\/01\/19\/burkina-faso-some-sankar-rodolphe-sacre-champion-national-2025-deloquence-slam-eveil\/#primaryimage","url":"https:\/\/culturbaine.com\/wp-content\/uploads\/2025\/01\/17372961273182.jpg","contentUrl":"https:\/\/culturbaine.com\/wp-content\/uploads\/2025\/01\/17372961273182.jpg","width":614,"height":395},{"@type":"BreadcrumbList","@id":"https:\/\/culturbaine.com\/index.php\/2025\/01\/19\/burkina-faso-some-sankar-rodolphe-sacre-champion-national-2025-deloquence-slam-eveil\/#breadcrumb","itemListElement":[{"@type":"ListItem","position":1,"name":"Home","item":"https:\/\/culturbaine.com\/"},{"@type":"ListItem","position":2,"name":"Burkina Faso : Som\u00e9 Sankar Rodolphe sacr\u00e9 champion national 2025 d\u2019\u00c9loquence Slam \u00c9veil"}]},{"@type":"WebSite","@id":"https:\/\/culturbaine.com\/#website","url":"https:\/\/culturbaine.com\/","name":"Culturbaine.com","description":"Toute l&#039;actualit\u00e9 des Cultures Urbaines, en un clic  !","publisher":{"@id":"https:\/\/culturbaine.com\/#organization"},"potentialAction":[{"@type":"SearchAction","target":{"@type":"EntryPoint","urlTemplate":"https:\/\/culturbaine.com\/?s={search_term_string}"},"query-input":{"@type":"PropertyValueSpecification","valueRequired":true,"valueName":"search_term_string"}}],"inLanguage":"fr-FR"},{"@type":"Organization","@id":"https:\/\/culturbaine.com\/#organization","name":"Culturbaine.com","url":"https:\/\/culturbaine.com\/","logo":{"@type":"ImageObject","inLanguage":"fr-FR","@id":"https:\/\/culturbaine.com\/#\/schema\/logo\/image\/","url":"https:\/\/culturbaine.com\/wp-content\/uploads\/2023\/07\/WhatsApp-Image-2023-07-17-at-14.38.18.jpeg","contentUrl":"https:\/\/culturbaine.com\/wp-content\/uploads\/2023\/07\/WhatsApp-Image-2023-07-17-at-14.38.18.jpeg","width":855,"height":270,"caption":"Culturbaine.com"},"image":{"@id":"https:\/\/culturbaine.com\/#\/schema\/logo\/image\/"},"sameAs":["https:\/\/www.facebook.com\/Culturbaines","https:\/\/x.com\/culturbaines"]},{"@type":"Person","@id":"https:\/\/culturbaine.com\/#\/schema\/person\/42eb7485c572e0746c1ea6b8216c3814","name":"admin1","image":{"@type":"ImageObject","inLanguage":"fr-FR","@id":"https:\/\/culturbaine.com\/#\/schema\/person\/image\/","url":"https:\/\/secure.gravatar.com\/avatar\/c268f4d483ce0486e5a10fee87bbf756?s=96&d=mm&r=g","contentUrl":"https:\/\/secure.gravatar.com\/avatar\/c268f4d483ce0486e5a10fee87bbf756?s=96&d=mm&r=g","caption":"admin1"},"url":"https:\/\/culturbaine.com\/index.php\/author\/admin1\/"}]}},"_links":{"self":[{"href":"https:\/\/culturbaine.com\/index.php\/wp-json\/wp\/v2\/posts\/10812"}],"collection":[{"href":"https:\/\/culturbaine.com\/index.php\/wp-json\/wp\/v2\/posts"}],"about":[{"href":"https:\/\/culturbaine.com\/index.php\/wp-json\/wp\/v2\/types\/post"}],"author":[{"embeddable":true,"href":"https:\/\/culturbaine.com\/index.php\/wp-json\/wp\/v2\/users\/2"}],"replies":[{"embeddable":true,"href":"https:\/\/culturbaine.com\/index.php\/wp-json\/wp\/v2\/comments?post=10812"}],"version-history":[{"count":0,"href":"https:\/\/culturbaine.com\/index.php\/wp-json\/wp\/v2\/posts\/10812\/revisions"}],"wp:featuredmedia":[{"embeddable":true,"href":"https:\/\/culturbaine.com\/index.php\/wp-json\/wp\/v2\/media\/10814"}],"wp:attachment":[{"href":"https:\/\/culturbaine.com\/index.php\/wp-json\/wp\/v2\/media?parent=10812"}],"wp:term":[{"taxonomy":"category","embeddable":true,"href":"https:\/\/culturbaine.com\/index.php\/wp-json\/wp\/v2\/categories?post=10812"},{"taxonomy":"post_tag","embeddable":true,"href":"https:\/\/culturbaine.com\/index.php\/wp-json\/wp\/v2\/tags?post=10812"}],"curies":[{"name":"wp","href":"https:\/\/api.w.org\/{rel}","templated":true}]}}