{"id":10733,"date":"2025-01-13T17:00:38","date_gmt":"2025-01-13T17:00:38","guid":{"rendered":"https:\/\/culturbaine.com\/?p=10733"},"modified":"2025-01-13T15:58:20","modified_gmt":"2025-01-13T15:58:20","slug":"koba-lad-condamne-a-15-mois-de-prison-pour-violences-sur-son-manager","status":"publish","type":"post","link":"https:\/\/culturbaine.com\/index.php\/2025\/01\/13\/koba-lad-condamne-a-15-mois-de-prison-pour-violences-sur-son-manager\/","title":{"rendered":"Koba LaD condamn\u00e9 \u00e0 15 mois de prison pour violences sur son manager"},"content":{"rendered":"<p>Le c\u00e9l\u00e8bre rappeur fran\u00e7ais <strong>Koba LaD<\/strong>, connu pour ses d\u00e9m\u00eal\u00e9s avec la justice, vient d\u2019\u00eatre condamn\u00e9 \u00e0 15 mois de prison par le tribunal correctionnel de Melun (Seine-et-Marne). Cette condamnation fait suite \u00e0 des faits de violences sur son manager, <strong>Marvin I<\/strong>., alias \u00ab\u00a0<strong>Deuspi<\/strong>\u00ab\u00a0.<\/p>\n<p>En avril 2022, au retour d\u2019un showcase dans une bo\u00eete de nuit \u00e0 Lille, les \u00e9v\u00e9nements ont pris une tournure dramatique. <strong>Marvin I<\/strong>., le manager de <strong>Koba LaD<\/strong>, aurait \u00e9t\u00e9 emmen\u00e9 de force par des membres de l\u2019entourage du rappeur dans un entrep\u00f4t d\u00e9saffect\u00e9 situ\u00e9 dans l\u2019Essonne. L\u00e0, il aurait \u00e9t\u00e9 pass\u00e9 \u00e0 tabac avant de perdre connaissance.<\/p>\n<p>\u00c0 son r\u00e9veil, <strong>Marvin I.<\/strong> se serait retrouv\u00e9 devant le domicile de sa compagne, <strong>Sarah B<\/strong>., \u00e0 Vert-Saint-Denis, une commune de l\u2019agglom\u00e9ration de Melun. Selon les d\u00e9clarations, sa compagne et le petit fr\u00e8re de cette derni\u00e8re auraient \u00e9galement \u00e9t\u00e9 s\u00e9questr\u00e9s.<\/p>\n<p>Face aux juges, <strong>Koba LaD<\/strong>, de son vrai nom <strong>Marcel Junior Loutarila<\/strong>, a admis une bagarre dans la rue avec son manager le 18 avril 2022. Cependant, il a fermement ni\u00e9 toute implication dans une \u00e9ventuelle s\u00e9questration.<\/p>\n<p>Le rappeur accuse son manager de l\u2019avoir escroqu\u00e9 de plusieurs centaines de milliers d\u2019euros. Il a d\u2019ailleurs d\u00e9pos\u00e9 plainte contre <strong>Marvin I.<\/strong> pour des soup\u00e7ons de malversations financi\u00e8res. Une enqu\u00eate concernant ces accusations est toujours en cours.<\/p>\n<p>Cette affaire, marqu\u00e9e par des t\u00e9moignages contradictoires, met en lumi\u00e8re les tensions internes dans l\u2019entourage du rappeur. <strong>Koba LaD<\/strong>, dont le parcours artistique a souvent \u00e9t\u00e9 entach\u00e9 par des probl\u00e8mes judiciaires, devra d\u00e9sormais faire face aux cons\u00e9quences de cette condamnation.<\/p>\n<p>L\u2019affaire reste en partie ouverte, notamment sur le volet financier, et pourrait r\u00e9v\u00e9ler de nouveaux rebondissements.<\/p>\n<p><strong>Mohamed Cinq Sylla<\/strong><\/p>\n","protected":false},"excerpt":{"rendered":"<p>Le c\u00e9l\u00e8bre rappeur fran\u00e7ais Koba LaD, connu pour ses d\u00e9m\u00eal\u00e9s avec la justice, vient d\u2019\u00eatre condamn\u00e9 \u00e0 15 mois de prison par le tribunal correctionnel de Melun (Seine-et-Marne). Cette condamnation fait suite \u00e0 des faits de violences sur son manager, Marvin I., alias \u00ab\u00a0Deuspi\u00ab\u00a0. En avril 2022, au retour d\u2019un showcase dans une bo\u00eete de [&hellip;]<\/p>\n","protected":false},"author":2,"featured_media":10734,"comment_status":"closed","ping_status":"closed","sticky":false,"template":"","format":"standard","meta":{"_mi_skip_tracking":false,"_monsterinsights_sitenote_active":false,"_monsterinsights_sitenote_note":"","_monsterinsights_sitenote_category":0,"footnotes":""},"categories":[21,512],"tags":[3603],"class_list":["post-10733","post","type-post","status-publish","format-standard","has-post-thumbnail","hentry","category-actualite","category-rap","tag-koba-lad-condamne-a-15-mois-de-prison-pour-violences-sur-son-manager"],"yoast_head":"<!-- This site is optimized with the Yoast SEO Premium plugin v20.1 (Yoast SEO v24.0) - https:\/\/yoast.com\/wordpress\/plugins\/seo\/ -->\n<title>Koba LaD condamn\u00e9 \u00e0 15 mois de prison pour violences sur son manager - Culturbaine<\/title>\n<meta name=\"robots\" content=\"index, follow, max-snippet:-1, max-image-preview:large, max-video-preview:-1\" \/>\n<link rel=\"canonical\" href=\"https:\/\/culturbaine.com\/index.php\/2025\/01\/13\/koba-lad-condamne-a-15-mois-de-prison-pour-violences-sur-son-manager\/\" \/>\n<meta property=\"og:locale\" content=\"fr_FR\" \/>\n<meta property=\"og:type\" content=\"article\" \/>\n<meta property=\"og:title\" content=\"Koba LaD condamn\u00e9 \u00e0 15 mois de prison pour violences sur son manager\" \/>\n<meta property=\"og:description\" content=\"Le c\u00e9l\u00e8bre rappeur fran\u00e7ais Koba LaD, connu pour ses d\u00e9m\u00eal\u00e9s avec la justice, vient d\u2019\u00eatre condamn\u00e9 \u00e0 15 mois de prison par le tribunal correctionnel de Melun (Seine-et-Marne). Cette condamnation fait suite \u00e0 des faits de violences sur son manager, Marvin I., alias \u00ab\u00a0Deuspi\u00ab\u00a0. En avril 2022, au retour d\u2019un showcase dans une bo\u00eete de [&hellip;]\" \/>\n<meta property=\"og:url\" content=\"https:\/\/culturbaine.com\/index.php\/2025\/01\/13\/koba-lad-condamne-a-15-mois-de-prison-pour-violences-sur-son-manager\/\" \/>\n<meta property=\"og:site_name\" content=\"Culturbaine\" \/>\n<meta property=\"article:publisher\" content=\"https:\/\/www.facebook.com\/Culturbaines\" \/>\n<meta property=\"article:published_time\" content=\"2025-01-13T17:00:38+00:00\" \/>\n<meta property=\"article:modified_time\" content=\"2025-01-13T15:58:20+00:00\" \/>\n<meta property=\"og:image\" content=\"https:\/\/culturbaine.com\/wp-content\/uploads\/2025\/01\/1736783610888.jpg\" \/>\n\t<meta property=\"og:image:width\" content=\"720\" \/>\n\t<meta property=\"og:image:height\" content=\"396\" \/>\n\t<meta property=\"og:image:type\" content=\"image\/jpeg\" \/>\n<meta name=\"author\" content=\"admin1\" \/>\n<meta name=\"twitter:card\" content=\"summary_large_image\" \/>\n<meta name=\"twitter:creator\" content=\"@culturbaines\" \/>\n<meta name=\"twitter:site\" content=\"@culturbaines\" \/>\n<meta name=\"twitter:label1\" content=\"\u00c9crit par\" \/>\n\t<meta name=\"twitter:data1\" content=\"admin1\" \/>\n\t<meta name=\"twitter:label2\" content=\"Dur\u00e9e de lecture estim\u00e9e\" \/>\n\t<meta name=\"twitter:data2\" content=\"2 minutes\" \/>\n<script type=\"application\/ld+json\" class=\"yoast-schema-graph\">{\"@context\":\"https:\/\/schema.org\",\"@graph\":[{\"@type\":\"Article\",\"@id\":\"https:\/\/culturbaine.com\/index.php\/2025\/01\/13\/koba-lad-condamne-a-15-mois-de-prison-pour-violences-sur-son-manager\/#article\",\"isPartOf\":{\"@id\":\"https:\/\/culturbaine.com\/index.php\/2025\/01\/13\/koba-lad-condamne-a-15-mois-de-prison-pour-violences-sur-son-manager\/\"},\"author\":{\"name\":\"admin1\",\"@id\":\"https:\/\/culturbaine.com\/#\/schema\/person\/42eb7485c572e0746c1ea6b8216c3814\"},\"headline\":\"Koba LaD condamn\u00e9 \u00e0 15 mois de prison pour violences sur son manager\",\"datePublished\":\"2025-01-13T17:00:38+00:00\",\"dateModified\":\"2025-01-13T15:58:20+00:00\",\"mainEntityOfPage\":{\"@id\":\"https:\/\/culturbaine.com\/index.php\/2025\/01\/13\/koba-lad-condamne-a-15-mois-de-prison-pour-violences-sur-son-manager\/\"},\"wordCount\":316,\"publisher\":{\"@id\":\"https:\/\/culturbaine.com\/#organization\"},\"image\":{\"@id\":\"https:\/\/culturbaine.com\/index.php\/2025\/01\/13\/koba-lad-condamne-a-15-mois-de-prison-pour-violences-sur-son-manager\/#primaryimage\"},\"thumbnailUrl\":\"https:\/\/culturbaine.com\/wp-content\/uploads\/2025\/01\/1736783610888.jpg\",\"keywords\":[\"Koba LaD condamn\u00e9 \u00e0 15 mois de prison pour violences sur son manager\"],\"articleSection\":[\"Actualit\u00e9\",\"Rap\"],\"inLanguage\":\"fr-FR\"},{\"@type\":\"WebPage\",\"@id\":\"https:\/\/culturbaine.com\/index.php\/2025\/01\/13\/koba-lad-condamne-a-15-mois-de-prison-pour-violences-sur-son-manager\/\",\"url\":\"https:\/\/culturbaine.com\/index.php\/2025\/01\/13\/koba-lad-condamne-a-15-mois-de-prison-pour-violences-sur-son-manager\/\",\"name\":\"Koba LaD condamn\u00e9 \u00e0 15 mois de prison pour violences sur son manager - Culturbaine\",\"isPartOf\":{\"@id\":\"https:\/\/culturbaine.com\/#website\"},\"primaryImageOfPage\":{\"@id\":\"https:\/\/culturbaine.com\/index.php\/2025\/01\/13\/koba-lad-condamne-a-15-mois-de-prison-pour-violences-sur-son-manager\/#primaryimage\"},\"image\":{\"@id\":\"https:\/\/culturbaine.com\/index.php\/2025\/01\/13\/koba-lad-condamne-a-15-mois-de-prison-pour-violences-sur-son-manager\/#primaryimage\"},\"thumbnailUrl\":\"https:\/\/culturbaine.com\/wp-content\/uploads\/2025\/01\/1736783610888.jpg\",\"datePublished\":\"2025-01-13T17:00:38+00:00\",\"dateModified\":\"2025-01-13T15:58:20+00:00\",\"breadcrumb\":{\"@id\":\"https:\/\/culturbaine.com\/index.php\/2025\/01\/13\/koba-lad-condamne-a-15-mois-de-prison-pour-violences-sur-son-manager\/#breadcrumb\"},\"inLanguage\":\"fr-FR\",\"potentialAction\":[{\"@type\":\"ReadAction\",\"target\":[\"https:\/\/culturbaine.com\/index.php\/2025\/01\/13\/koba-lad-condamne-a-15-mois-de-prison-pour-violences-sur-son-manager\/\"]}]},{\"@type\":\"ImageObject\",\"inLanguage\":\"fr-FR\",\"@id\":\"https:\/\/culturbaine.com\/index.php\/2025\/01\/13\/koba-lad-condamne-a-15-mois-de-prison-pour-violences-sur-son-manager\/#primaryimage\",\"url\":\"https:\/\/culturbaine.com\/wp-content\/uploads\/2025\/01\/1736783610888.jpg\",\"contentUrl\":\"https:\/\/culturbaine.com\/wp-content\/uploads\/2025\/01\/1736783610888.jpg\",\"width\":720,\"height\":396},{\"@type\":\"BreadcrumbList\",\"@id\":\"https:\/\/culturbaine.com\/index.php\/2025\/01\/13\/koba-lad-condamne-a-15-mois-de-prison-pour-violences-sur-son-manager\/#breadcrumb\",\"itemListElement\":[{\"@type\":\"ListItem\",\"position\":1,\"name\":\"Home\",\"item\":\"https:\/\/culturbaine.com\/\"},{\"@type\":\"ListItem\",\"position\":2,\"name\":\"Koba LaD condamn\u00e9 \u00e0 15 mois de prison pour violences sur son manager\"}]},{\"@type\":\"WebSite\",\"@id\":\"https:\/\/culturbaine.com\/#website\",\"url\":\"https:\/\/culturbaine.com\/\",\"name\":\"Culturbaine.com\",\"description\":\"Toute l&#039;actualit\u00e9 des Cultures Urbaines, en un clic  !\",\"publisher\":{\"@id\":\"https:\/\/culturbaine.com\/#organization\"},\"potentialAction\":[{\"@type\":\"SearchAction\",\"target\":{\"@type\":\"EntryPoint\",\"urlTemplate\":\"https:\/\/culturbaine.com\/?s={search_term_string}\"},\"query-input\":{\"@type\":\"PropertyValueSpecification\",\"valueRequired\":true,\"valueName\":\"search_term_string\"}}],\"inLanguage\":\"fr-FR\"},{\"@type\":\"Organization\",\"@id\":\"https:\/\/culturbaine.com\/#organization\",\"name\":\"Culturbaine.com\",\"url\":\"https:\/\/culturbaine.com\/\",\"logo\":{\"@type\":\"ImageObject\",\"inLanguage\":\"fr-FR\",\"@id\":\"https:\/\/culturbaine.com\/#\/schema\/logo\/image\/\",\"url\":\"https:\/\/culturbaine.com\/wp-content\/uploads\/2023\/07\/WhatsApp-Image-2023-07-17-at-14.38.18.jpeg\",\"contentUrl\":\"https:\/\/culturbaine.com\/wp-content\/uploads\/2023\/07\/WhatsApp-Image-2023-07-17-at-14.38.18.jpeg\",\"width\":855,\"height\":270,\"caption\":\"Culturbaine.com\"},\"image\":{\"@id\":\"https:\/\/culturbaine.com\/#\/schema\/logo\/image\/\"},\"sameAs\":[\"https:\/\/www.facebook.com\/Culturbaines\",\"https:\/\/x.com\/culturbaines\"]},{\"@type\":\"Person\",\"@id\":\"https:\/\/culturbaine.com\/#\/schema\/person\/42eb7485c572e0746c1ea6b8216c3814\",\"name\":\"admin1\",\"image\":{\"@type\":\"ImageObject\",\"inLanguage\":\"fr-FR\",\"@id\":\"https:\/\/culturbaine.com\/#\/schema\/person\/image\/\",\"url\":\"https:\/\/secure.gravatar.com\/avatar\/c268f4d483ce0486e5a10fee87bbf756?s=96&d=mm&r=g\",\"contentUrl\":\"https:\/\/secure.gravatar.com\/avatar\/c268f4d483ce0486e5a10fee87bbf756?s=96&d=mm&r=g\",\"caption\":\"admin1\"},\"url\":\"https:\/\/culturbaine.com\/index.php\/author\/admin1\/\"}]}<\/script>\n<!-- \/ Yoast SEO Premium plugin. -->","yoast_head_json":{"title":"Koba LaD condamn\u00e9 \u00e0 15 mois de prison pour violences sur son manager - Culturbaine","robots":{"index":"index","follow":"follow","max-snippet":"max-snippet:-1","max-image-preview":"max-image-preview:large","max-video-preview":"max-video-preview:-1"},"canonical":"https:\/\/culturbaine.com\/index.php\/2025\/01\/13\/koba-lad-condamne-a-15-mois-de-prison-pour-violences-sur-son-manager\/","og_locale":"fr_FR","og_type":"article","og_title":"Koba LaD condamn\u00e9 \u00e0 15 mois de prison pour violences sur son manager","og_description":"Le c\u00e9l\u00e8bre rappeur fran\u00e7ais Koba LaD, connu pour ses d\u00e9m\u00eal\u00e9s avec la justice, vient d\u2019\u00eatre condamn\u00e9 \u00e0 15 mois de prison par le tribunal correctionnel de Melun (Seine-et-Marne). Cette condamnation fait suite \u00e0 des faits de violences sur son manager, Marvin I., alias \u00ab\u00a0Deuspi\u00ab\u00a0. En avril 2022, au retour d\u2019un showcase dans une bo\u00eete de [&hellip;]","og_url":"https:\/\/culturbaine.com\/index.php\/2025\/01\/13\/koba-lad-condamne-a-15-mois-de-prison-pour-violences-sur-son-manager\/","og_site_name":"Culturbaine","article_publisher":"https:\/\/www.facebook.com\/Culturbaines","article_published_time":"2025-01-13T17:00:38+00:00","article_modified_time":"2025-01-13T15:58:20+00:00","og_image":[{"width":720,"height":396,"url":"https:\/\/culturbaine.com\/wp-content\/uploads\/2025\/01\/1736783610888.jpg","type":"image\/jpeg"}],"author":"admin1","twitter_card":"summary_large_image","twitter_creator":"@culturbaines","twitter_site":"@culturbaines","twitter_misc":{"\u00c9crit par":"admin1","Dur\u00e9e de lecture estim\u00e9e":"2 minutes"},"schema":{"@context":"https:\/\/schema.org","@graph":[{"@type":"Article","@id":"https:\/\/culturbaine.com\/index.php\/2025\/01\/13\/koba-lad-condamne-a-15-mois-de-prison-pour-violences-sur-son-manager\/#article","isPartOf":{"@id":"https:\/\/culturbaine.com\/index.php\/2025\/01\/13\/koba-lad-condamne-a-15-mois-de-prison-pour-violences-sur-son-manager\/"},"author":{"name":"admin1","@id":"https:\/\/culturbaine.com\/#\/schema\/person\/42eb7485c572e0746c1ea6b8216c3814"},"headline":"Koba LaD condamn\u00e9 \u00e0 15 mois de prison pour violences sur son manager","datePublished":"2025-01-13T17:00:38+00:00","dateModified":"2025-01-13T15:58:20+00:00","mainEntityOfPage":{"@id":"https:\/\/culturbaine.com\/index.php\/2025\/01\/13\/koba-lad-condamne-a-15-mois-de-prison-pour-violences-sur-son-manager\/"},"wordCount":316,"publisher":{"@id":"https:\/\/culturbaine.com\/#organization"},"image":{"@id":"https:\/\/culturbaine.com\/index.php\/2025\/01\/13\/koba-lad-condamne-a-15-mois-de-prison-pour-violences-sur-son-manager\/#primaryimage"},"thumbnailUrl":"https:\/\/culturbaine.com\/wp-content\/uploads\/2025\/01\/1736783610888.jpg","keywords":["Koba LaD condamn\u00e9 \u00e0 15 mois de prison pour violences sur son manager"],"articleSection":["Actualit\u00e9","Rap"],"inLanguage":"fr-FR"},{"@type":"WebPage","@id":"https:\/\/culturbaine.com\/index.php\/2025\/01\/13\/koba-lad-condamne-a-15-mois-de-prison-pour-violences-sur-son-manager\/","url":"https:\/\/culturbaine.com\/index.php\/2025\/01\/13\/koba-lad-condamne-a-15-mois-de-prison-pour-violences-sur-son-manager\/","name":"Koba LaD condamn\u00e9 \u00e0 15 mois de prison pour violences sur son manager - Culturbaine","isPartOf":{"@id":"https:\/\/culturbaine.com\/#website"},"primaryImageOfPage":{"@id":"https:\/\/culturbaine.com\/index.php\/2025\/01\/13\/koba-lad-condamne-a-15-mois-de-prison-pour-violences-sur-son-manager\/#primaryimage"},"image":{"@id":"https:\/\/culturbaine.com\/index.php\/2025\/01\/13\/koba-lad-condamne-a-15-mois-de-prison-pour-violences-sur-son-manager\/#primaryimage"},"thumbnailUrl":"https:\/\/culturbaine.com\/wp-content\/uploads\/2025\/01\/1736783610888.jpg","datePublished":"2025-01-13T17:00:38+00:00","dateModified":"2025-01-13T15:58:20+00:00","breadcrumb":{"@id":"https:\/\/culturbaine.com\/index.php\/2025\/01\/13\/koba-lad-condamne-a-15-mois-de-prison-pour-violences-sur-son-manager\/#breadcrumb"},"inLanguage":"fr-FR","potentialAction":[{"@type":"ReadAction","target":["https:\/\/culturbaine.com\/index.php\/2025\/01\/13\/koba-lad-condamne-a-15-mois-de-prison-pour-violences-sur-son-manager\/"]}]},{"@type":"ImageObject","inLanguage":"fr-FR","@id":"https:\/\/culturbaine.com\/index.php\/2025\/01\/13\/koba-lad-condamne-a-15-mois-de-prison-pour-violences-sur-son-manager\/#primaryimage","url":"https:\/\/culturbaine.com\/wp-content\/uploads\/2025\/01\/1736783610888.jpg","contentUrl":"https:\/\/culturbaine.com\/wp-content\/uploads\/2025\/01\/1736783610888.jpg","width":720,"height":396},{"@type":"BreadcrumbList","@id":"https:\/\/culturbaine.com\/index.php\/2025\/01\/13\/koba-lad-condamne-a-15-mois-de-prison-pour-violences-sur-son-manager\/#breadcrumb","itemListElement":[{"@type":"ListItem","position":1,"name":"Home","item":"https:\/\/culturbaine.com\/"},{"@type":"ListItem","position":2,"name":"Koba LaD condamn\u00e9 \u00e0 15 mois de prison pour violences sur son manager"}]},{"@type":"WebSite","@id":"https:\/\/culturbaine.com\/#website","url":"https:\/\/culturbaine.com\/","name":"Culturbaine.com","description":"Toute l&#039;actualit\u00e9 des Cultures Urbaines, en un clic  !","publisher":{"@id":"https:\/\/culturbaine.com\/#organization"},"potentialAction":[{"@type":"SearchAction","target":{"@type":"EntryPoint","urlTemplate":"https:\/\/culturbaine.com\/?s={search_term_string}"},"query-input":{"@type":"PropertyValueSpecification","valueRequired":true,"valueName":"search_term_string"}}],"inLanguage":"fr-FR"},{"@type":"Organization","@id":"https:\/\/culturbaine.com\/#organization","name":"Culturbaine.com","url":"https:\/\/culturbaine.com\/","logo":{"@type":"ImageObject","inLanguage":"fr-FR","@id":"https:\/\/culturbaine.com\/#\/schema\/logo\/image\/","url":"https:\/\/culturbaine.com\/wp-content\/uploads\/2023\/07\/WhatsApp-Image-2023-07-17-at-14.38.18.jpeg","contentUrl":"https:\/\/culturbaine.com\/wp-content\/uploads\/2023\/07\/WhatsApp-Image-2023-07-17-at-14.38.18.jpeg","width":855,"height":270,"caption":"Culturbaine.com"},"image":{"@id":"https:\/\/culturbaine.com\/#\/schema\/logo\/image\/"},"sameAs":["https:\/\/www.facebook.com\/Culturbaines","https:\/\/x.com\/culturbaines"]},{"@type":"Person","@id":"https:\/\/culturbaine.com\/#\/schema\/person\/42eb7485c572e0746c1ea6b8216c3814","name":"admin1","image":{"@type":"ImageObject","inLanguage":"fr-FR","@id":"https:\/\/culturbaine.com\/#\/schema\/person\/image\/","url":"https:\/\/secure.gravatar.com\/avatar\/c268f4d483ce0486e5a10fee87bbf756?s=96&d=mm&r=g","contentUrl":"https:\/\/secure.gravatar.com\/avatar\/c268f4d483ce0486e5a10fee87bbf756?s=96&d=mm&r=g","caption":"admin1"},"url":"https:\/\/culturbaine.com\/index.php\/author\/admin1\/"}]}},"_links":{"self":[{"href":"https:\/\/culturbaine.com\/index.php\/wp-json\/wp\/v2\/posts\/10733"}],"collection":[{"href":"https:\/\/culturbaine.com\/index.php\/wp-json\/wp\/v2\/posts"}],"about":[{"href":"https:\/\/culturbaine.com\/index.php\/wp-json\/wp\/v2\/types\/post"}],"author":[{"embeddable":true,"href":"https:\/\/culturbaine.com\/index.php\/wp-json\/wp\/v2\/users\/2"}],"replies":[{"embeddable":true,"href":"https:\/\/culturbaine.com\/index.php\/wp-json\/wp\/v2\/comments?post=10733"}],"version-history":[{"count":0,"href":"https:\/\/culturbaine.com\/index.php\/wp-json\/wp\/v2\/posts\/10733\/revisions"}],"wp:featuredmedia":[{"embeddable":true,"href":"https:\/\/culturbaine.com\/index.php\/wp-json\/wp\/v2\/media\/10734"}],"wp:attachment":[{"href":"https:\/\/culturbaine.com\/index.php\/wp-json\/wp\/v2\/media?parent=10733"}],"wp:term":[{"taxonomy":"category","embeddable":true,"href":"https:\/\/culturbaine.com\/index.php\/wp-json\/wp\/v2\/categories?post=10733"},{"taxonomy":"post_tag","embeddable":true,"href":"https:\/\/culturbaine.com\/index.php\/wp-json\/wp\/v2\/tags?post=10733"}],"curies":[{"name":"wp","href":"https:\/\/api.w.org\/{rel}","templated":true}]}}