{"id":10724,"date":"2025-01-13T11:00:24","date_gmt":"2025-01-13T11:00:24","guid":{"rendered":"https:\/\/culturbaine.com\/?p=10724"},"modified":"2025-01-13T10:11:10","modified_gmt":"2025-01-13T10:11:10","slug":"jupiter-davibe-presente-ses-ambitions-culturelles-au-premier-ministre","status":"publish","type":"post","link":"https:\/\/culturbaine.com\/index.php\/2025\/01\/13\/jupiter-davibe-presente-ses-ambitions-culturelles-au-premier-ministre\/","title":{"rendered":"Jupiter Davibe pr\u00e9sente ses ambitions culturelles au Premier ministre"},"content":{"rendered":"<p>Le chanteur et compositeur guin\u00e9en <strong>Jupiter Davibe<\/strong>, de son vrai nom <strong>Ibrahima Bah<\/strong>, a \u00e9t\u00e9 re\u00e7u au Palais de la Colombe le 10 janvier 2025 par <strong>Amadou Oury Bah<\/strong>, Premier ministre et Chef du Gouvernement. Cette rencontre a \u00e9t\u00e9 l\u2019occasion pour l\u2019artiste de pr\u00e9senter son projet culturel ambitieux pour la Guin\u00e9e, marqu\u00e9 notamment par son concert d\u00e9dicace pr\u00e9vu le 25 janvier au Stade Petit Sory de Nongo.<\/p>\n<p>Lors de l\u2019audience, <strong>Jupiter Davibe<\/strong> a d\u00e9taill\u00e9 son plan visant \u00e0 promouvoir l\u2019image de la Guin\u00e9e sur la sc\u00e8ne internationale. Selon les propos rapport\u00e9s par la page Facebook de la Primature, l\u2019interpr\u00e8te du c\u00e9l\u00e8bre titre <strong>Africa By Night<\/strong> a d\u00e9clar\u00e9 : <strong>\u00ab J\u2019ai con\u00e7u un plan d\u2019animation destin\u00e9 \u00e0 mettre en lumi\u00e8re la Guin\u00e9e \u00e0 travers des spectacles g\u00e9ants et des circuits touristiques. \u00bb<\/strong><\/p>\n<p>De son c\u00f4t\u00e9, le Premier ministre <strong>Amadou Oury Bah<\/strong> a soulign\u00e9 l\u2019importance des artistes et des sportifs dans la valorisation de l\u2019image d\u2019un pays, en affirmant : \u00ab <strong>Ce pays ouvert et ambitieux doit retrouver sa place d\u2019antan sur le plan artistique et sportif. Les artistes et les sportifs sont les meilleurs ambassadeurs d\u2019un pays aupr\u00e8s des jeunes. \u00bb<\/strong><\/p>\n<p>Le rendez-vous est donc fix\u00e9 au 25 janvier prochain, avec le lancement officiel du deuxi\u00e8me album de <strong>Jupiter Davibe<\/strong>, <strong>Faabelan Chapitre 2,<\/strong> lors d\u2019un concert qui s\u2019annonce m\u00e9morable au Stade Petit Sory de Nongo.<\/p>\n<p><strong>Mohamed Cinq Sylla<\/strong><\/p>\n","protected":false},"excerpt":{"rendered":"<p>Le chanteur et compositeur guin\u00e9en Jupiter Davibe, de son vrai nom Ibrahima Bah, a \u00e9t\u00e9 re\u00e7u au Palais de la Colombe le 10 janvier 2025 par Amadou Oury Bah, Premier ministre et Chef du Gouvernement. Cette rencontre a \u00e9t\u00e9 l\u2019occasion pour l\u2019artiste de pr\u00e9senter son projet culturel ambitieux pour la Guin\u00e9e, marqu\u00e9 notamment par son [&hellip;]<\/p>\n","protected":false},"author":2,"featured_media":10725,"comment_status":"closed","ping_status":"closed","sticky":false,"template":"","format":"standard","meta":{"_mi_skip_tracking":false,"_monsterinsights_sitenote_active":false,"_monsterinsights_sitenote_note":"","_monsterinsights_sitenote_category":0,"footnotes":""},"categories":[21],"tags":[3600,3601],"class_list":["post-10724","post","type-post","status-publish","format-standard","has-post-thumbnail","hentry","category-actualite","tag-jupiter-davibe-presente-ses-ambitions-culturelles-au-premier-ministre","tag-jupiter-davibe-recu-par-le-premier-ministre-guineen"],"yoast_head":"<!-- This site is optimized with the Yoast SEO Premium plugin v20.1 (Yoast SEO v24.0) - https:\/\/yoast.com\/wordpress\/plugins\/seo\/ -->\n<title>Jupiter Davibe pr\u00e9sente ses ambitions culturelles au Premier ministre - Culturbaine<\/title>\n<meta name=\"robots\" content=\"index, follow, max-snippet:-1, max-image-preview:large, max-video-preview:-1\" \/>\n<link rel=\"canonical\" href=\"https:\/\/culturbaine.com\/index.php\/2025\/01\/13\/jupiter-davibe-presente-ses-ambitions-culturelles-au-premier-ministre\/\" \/>\n<meta property=\"og:locale\" content=\"fr_FR\" \/>\n<meta property=\"og:type\" content=\"article\" \/>\n<meta property=\"og:title\" content=\"Jupiter Davibe pr\u00e9sente ses ambitions culturelles au Premier ministre\" \/>\n<meta property=\"og:description\" content=\"Le chanteur et compositeur guin\u00e9en Jupiter Davibe, de son vrai nom Ibrahima Bah, a \u00e9t\u00e9 re\u00e7u au Palais de la Colombe le 10 janvier 2025 par Amadou Oury Bah, Premier ministre et Chef du Gouvernement. Cette rencontre a \u00e9t\u00e9 l\u2019occasion pour l\u2019artiste de pr\u00e9senter son projet culturel ambitieux pour la Guin\u00e9e, marqu\u00e9 notamment par son [&hellip;]\" \/>\n<meta property=\"og:url\" content=\"https:\/\/culturbaine.com\/index.php\/2025\/01\/13\/jupiter-davibe-presente-ses-ambitions-culturelles-au-premier-ministre\/\" \/>\n<meta property=\"og:site_name\" content=\"Culturbaine\" \/>\n<meta property=\"article:publisher\" content=\"https:\/\/www.facebook.com\/Culturbaines\" \/>\n<meta property=\"article:published_time\" content=\"2025-01-13T11:00:24+00:00\" \/>\n<meta property=\"article:modified_time\" content=\"2025-01-13T10:11:10+00:00\" \/>\n<meta property=\"og:image\" content=\"https:\/\/culturbaine.com\/wp-content\/uploads\/2025\/01\/17367610038892.jpg\" \/>\n\t<meta property=\"og:image:width\" content=\"720\" \/>\n\t<meta property=\"og:image:height\" content=\"482\" \/>\n\t<meta property=\"og:image:type\" content=\"image\/jpeg\" \/>\n<meta name=\"author\" content=\"admin1\" \/>\n<meta name=\"twitter:card\" content=\"summary_large_image\" \/>\n<meta name=\"twitter:creator\" content=\"@culturbaines\" \/>\n<meta name=\"twitter:site\" content=\"@culturbaines\" \/>\n<meta name=\"twitter:label1\" content=\"\u00c9crit par\" \/>\n\t<meta name=\"twitter:data1\" content=\"admin1\" \/>\n\t<meta name=\"twitter:label2\" content=\"Dur\u00e9e de lecture estim\u00e9e\" \/>\n\t<meta name=\"twitter:data2\" content=\"2 minutes\" \/>\n<script type=\"application\/ld+json\" class=\"yoast-schema-graph\">{\"@context\":\"https:\/\/schema.org\",\"@graph\":[{\"@type\":\"Article\",\"@id\":\"https:\/\/culturbaine.com\/index.php\/2025\/01\/13\/jupiter-davibe-presente-ses-ambitions-culturelles-au-premier-ministre\/#article\",\"isPartOf\":{\"@id\":\"https:\/\/culturbaine.com\/index.php\/2025\/01\/13\/jupiter-davibe-presente-ses-ambitions-culturelles-au-premier-ministre\/\"},\"author\":{\"name\":\"admin1\",\"@id\":\"https:\/\/culturbaine.com\/#\/schema\/person\/42eb7485c572e0746c1ea6b8216c3814\"},\"headline\":\"Jupiter Davibe pr\u00e9sente ses ambitions culturelles au Premier ministre\",\"datePublished\":\"2025-01-13T11:00:24+00:00\",\"dateModified\":\"2025-01-13T10:11:10+00:00\",\"mainEntityOfPage\":{\"@id\":\"https:\/\/culturbaine.com\/index.php\/2025\/01\/13\/jupiter-davibe-presente-ses-ambitions-culturelles-au-premier-ministre\/\"},\"wordCount\":259,\"publisher\":{\"@id\":\"https:\/\/culturbaine.com\/#organization\"},\"image\":{\"@id\":\"https:\/\/culturbaine.com\/index.php\/2025\/01\/13\/jupiter-davibe-presente-ses-ambitions-culturelles-au-premier-ministre\/#primaryimage\"},\"thumbnailUrl\":\"https:\/\/culturbaine.com\/wp-content\/uploads\/2025\/01\/17367610038892.jpg\",\"keywords\":[\"Jupiter Davibe pr\u00e9sente ses ambitions culturelles au Premier ministre\",\"Jupiter Davibe re\u00e7u par le premier ministre guin\u00e9en\"],\"articleSection\":[\"Actualit\u00e9\"],\"inLanguage\":\"fr-FR\"},{\"@type\":\"WebPage\",\"@id\":\"https:\/\/culturbaine.com\/index.php\/2025\/01\/13\/jupiter-davibe-presente-ses-ambitions-culturelles-au-premier-ministre\/\",\"url\":\"https:\/\/culturbaine.com\/index.php\/2025\/01\/13\/jupiter-davibe-presente-ses-ambitions-culturelles-au-premier-ministre\/\",\"name\":\"Jupiter Davibe pr\u00e9sente ses ambitions culturelles au Premier ministre - Culturbaine\",\"isPartOf\":{\"@id\":\"https:\/\/culturbaine.com\/#website\"},\"primaryImageOfPage\":{\"@id\":\"https:\/\/culturbaine.com\/index.php\/2025\/01\/13\/jupiter-davibe-presente-ses-ambitions-culturelles-au-premier-ministre\/#primaryimage\"},\"image\":{\"@id\":\"https:\/\/culturbaine.com\/index.php\/2025\/01\/13\/jupiter-davibe-presente-ses-ambitions-culturelles-au-premier-ministre\/#primaryimage\"},\"thumbnailUrl\":\"https:\/\/culturbaine.com\/wp-content\/uploads\/2025\/01\/17367610038892.jpg\",\"datePublished\":\"2025-01-13T11:00:24+00:00\",\"dateModified\":\"2025-01-13T10:11:10+00:00\",\"breadcrumb\":{\"@id\":\"https:\/\/culturbaine.com\/index.php\/2025\/01\/13\/jupiter-davibe-presente-ses-ambitions-culturelles-au-premier-ministre\/#breadcrumb\"},\"inLanguage\":\"fr-FR\",\"potentialAction\":[{\"@type\":\"ReadAction\",\"target\":[\"https:\/\/culturbaine.com\/index.php\/2025\/01\/13\/jupiter-davibe-presente-ses-ambitions-culturelles-au-premier-ministre\/\"]}]},{\"@type\":\"ImageObject\",\"inLanguage\":\"fr-FR\",\"@id\":\"https:\/\/culturbaine.com\/index.php\/2025\/01\/13\/jupiter-davibe-presente-ses-ambitions-culturelles-au-premier-ministre\/#primaryimage\",\"url\":\"https:\/\/culturbaine.com\/wp-content\/uploads\/2025\/01\/17367610038892.jpg\",\"contentUrl\":\"https:\/\/culturbaine.com\/wp-content\/uploads\/2025\/01\/17367610038892.jpg\",\"width\":720,\"height\":482},{\"@type\":\"BreadcrumbList\",\"@id\":\"https:\/\/culturbaine.com\/index.php\/2025\/01\/13\/jupiter-davibe-presente-ses-ambitions-culturelles-au-premier-ministre\/#breadcrumb\",\"itemListElement\":[{\"@type\":\"ListItem\",\"position\":1,\"name\":\"Home\",\"item\":\"https:\/\/culturbaine.com\/\"},{\"@type\":\"ListItem\",\"position\":2,\"name\":\"Jupiter Davibe pr\u00e9sente ses ambitions culturelles au Premier ministre\"}]},{\"@type\":\"WebSite\",\"@id\":\"https:\/\/culturbaine.com\/#website\",\"url\":\"https:\/\/culturbaine.com\/\",\"name\":\"Culturbaine.com\",\"description\":\"Toute l&#039;actualit\u00e9 des Cultures Urbaines, en un clic  !\",\"publisher\":{\"@id\":\"https:\/\/culturbaine.com\/#organization\"},\"potentialAction\":[{\"@type\":\"SearchAction\",\"target\":{\"@type\":\"EntryPoint\",\"urlTemplate\":\"https:\/\/culturbaine.com\/?s={search_term_string}\"},\"query-input\":{\"@type\":\"PropertyValueSpecification\",\"valueRequired\":true,\"valueName\":\"search_term_string\"}}],\"inLanguage\":\"fr-FR\"},{\"@type\":\"Organization\",\"@id\":\"https:\/\/culturbaine.com\/#organization\",\"name\":\"Culturbaine.com\",\"url\":\"https:\/\/culturbaine.com\/\",\"logo\":{\"@type\":\"ImageObject\",\"inLanguage\":\"fr-FR\",\"@id\":\"https:\/\/culturbaine.com\/#\/schema\/logo\/image\/\",\"url\":\"https:\/\/culturbaine.com\/wp-content\/uploads\/2023\/07\/WhatsApp-Image-2023-07-17-at-14.38.18.jpeg\",\"contentUrl\":\"https:\/\/culturbaine.com\/wp-content\/uploads\/2023\/07\/WhatsApp-Image-2023-07-17-at-14.38.18.jpeg\",\"width\":855,\"height\":270,\"caption\":\"Culturbaine.com\"},\"image\":{\"@id\":\"https:\/\/culturbaine.com\/#\/schema\/logo\/image\/\"},\"sameAs\":[\"https:\/\/www.facebook.com\/Culturbaines\",\"https:\/\/x.com\/culturbaines\"]},{\"@type\":\"Person\",\"@id\":\"https:\/\/culturbaine.com\/#\/schema\/person\/42eb7485c572e0746c1ea6b8216c3814\",\"name\":\"admin1\",\"image\":{\"@type\":\"ImageObject\",\"inLanguage\":\"fr-FR\",\"@id\":\"https:\/\/culturbaine.com\/#\/schema\/person\/image\/\",\"url\":\"https:\/\/secure.gravatar.com\/avatar\/c268f4d483ce0486e5a10fee87bbf756?s=96&d=mm&r=g\",\"contentUrl\":\"https:\/\/secure.gravatar.com\/avatar\/c268f4d483ce0486e5a10fee87bbf756?s=96&d=mm&r=g\",\"caption\":\"admin1\"},\"url\":\"https:\/\/culturbaine.com\/index.php\/author\/admin1\/\"}]}<\/script>\n<!-- \/ Yoast SEO Premium plugin. -->","yoast_head_json":{"title":"Jupiter Davibe pr\u00e9sente ses ambitions culturelles au Premier ministre - Culturbaine","robots":{"index":"index","follow":"follow","max-snippet":"max-snippet:-1","max-image-preview":"max-image-preview:large","max-video-preview":"max-video-preview:-1"},"canonical":"https:\/\/culturbaine.com\/index.php\/2025\/01\/13\/jupiter-davibe-presente-ses-ambitions-culturelles-au-premier-ministre\/","og_locale":"fr_FR","og_type":"article","og_title":"Jupiter Davibe pr\u00e9sente ses ambitions culturelles au Premier ministre","og_description":"Le chanteur et compositeur guin\u00e9en Jupiter Davibe, de son vrai nom Ibrahima Bah, a \u00e9t\u00e9 re\u00e7u au Palais de la Colombe le 10 janvier 2025 par Amadou Oury Bah, Premier ministre et Chef du Gouvernement. Cette rencontre a \u00e9t\u00e9 l\u2019occasion pour l\u2019artiste de pr\u00e9senter son projet culturel ambitieux pour la Guin\u00e9e, marqu\u00e9 notamment par son [&hellip;]","og_url":"https:\/\/culturbaine.com\/index.php\/2025\/01\/13\/jupiter-davibe-presente-ses-ambitions-culturelles-au-premier-ministre\/","og_site_name":"Culturbaine","article_publisher":"https:\/\/www.facebook.com\/Culturbaines","article_published_time":"2025-01-13T11:00:24+00:00","article_modified_time":"2025-01-13T10:11:10+00:00","og_image":[{"width":720,"height":482,"url":"https:\/\/culturbaine.com\/wp-content\/uploads\/2025\/01\/17367610038892.jpg","type":"image\/jpeg"}],"author":"admin1","twitter_card":"summary_large_image","twitter_creator":"@culturbaines","twitter_site":"@culturbaines","twitter_misc":{"\u00c9crit par":"admin1","Dur\u00e9e de lecture estim\u00e9e":"2 minutes"},"schema":{"@context":"https:\/\/schema.org","@graph":[{"@type":"Article","@id":"https:\/\/culturbaine.com\/index.php\/2025\/01\/13\/jupiter-davibe-presente-ses-ambitions-culturelles-au-premier-ministre\/#article","isPartOf":{"@id":"https:\/\/culturbaine.com\/index.php\/2025\/01\/13\/jupiter-davibe-presente-ses-ambitions-culturelles-au-premier-ministre\/"},"author":{"name":"admin1","@id":"https:\/\/culturbaine.com\/#\/schema\/person\/42eb7485c572e0746c1ea6b8216c3814"},"headline":"Jupiter Davibe pr\u00e9sente ses ambitions culturelles au Premier ministre","datePublished":"2025-01-13T11:00:24+00:00","dateModified":"2025-01-13T10:11:10+00:00","mainEntityOfPage":{"@id":"https:\/\/culturbaine.com\/index.php\/2025\/01\/13\/jupiter-davibe-presente-ses-ambitions-culturelles-au-premier-ministre\/"},"wordCount":259,"publisher":{"@id":"https:\/\/culturbaine.com\/#organization"},"image":{"@id":"https:\/\/culturbaine.com\/index.php\/2025\/01\/13\/jupiter-davibe-presente-ses-ambitions-culturelles-au-premier-ministre\/#primaryimage"},"thumbnailUrl":"https:\/\/culturbaine.com\/wp-content\/uploads\/2025\/01\/17367610038892.jpg","keywords":["Jupiter Davibe pr\u00e9sente ses ambitions culturelles au Premier ministre","Jupiter Davibe re\u00e7u par le premier ministre guin\u00e9en"],"articleSection":["Actualit\u00e9"],"inLanguage":"fr-FR"},{"@type":"WebPage","@id":"https:\/\/culturbaine.com\/index.php\/2025\/01\/13\/jupiter-davibe-presente-ses-ambitions-culturelles-au-premier-ministre\/","url":"https:\/\/culturbaine.com\/index.php\/2025\/01\/13\/jupiter-davibe-presente-ses-ambitions-culturelles-au-premier-ministre\/","name":"Jupiter Davibe pr\u00e9sente ses ambitions culturelles au Premier ministre - Culturbaine","isPartOf":{"@id":"https:\/\/culturbaine.com\/#website"},"primaryImageOfPage":{"@id":"https:\/\/culturbaine.com\/index.php\/2025\/01\/13\/jupiter-davibe-presente-ses-ambitions-culturelles-au-premier-ministre\/#primaryimage"},"image":{"@id":"https:\/\/culturbaine.com\/index.php\/2025\/01\/13\/jupiter-davibe-presente-ses-ambitions-culturelles-au-premier-ministre\/#primaryimage"},"thumbnailUrl":"https:\/\/culturbaine.com\/wp-content\/uploads\/2025\/01\/17367610038892.jpg","datePublished":"2025-01-13T11:00:24+00:00","dateModified":"2025-01-13T10:11:10+00:00","breadcrumb":{"@id":"https:\/\/culturbaine.com\/index.php\/2025\/01\/13\/jupiter-davibe-presente-ses-ambitions-culturelles-au-premier-ministre\/#breadcrumb"},"inLanguage":"fr-FR","potentialAction":[{"@type":"ReadAction","target":["https:\/\/culturbaine.com\/index.php\/2025\/01\/13\/jupiter-davibe-presente-ses-ambitions-culturelles-au-premier-ministre\/"]}]},{"@type":"ImageObject","inLanguage":"fr-FR","@id":"https:\/\/culturbaine.com\/index.php\/2025\/01\/13\/jupiter-davibe-presente-ses-ambitions-culturelles-au-premier-ministre\/#primaryimage","url":"https:\/\/culturbaine.com\/wp-content\/uploads\/2025\/01\/17367610038892.jpg","contentUrl":"https:\/\/culturbaine.com\/wp-content\/uploads\/2025\/01\/17367610038892.jpg","width":720,"height":482},{"@type":"BreadcrumbList","@id":"https:\/\/culturbaine.com\/index.php\/2025\/01\/13\/jupiter-davibe-presente-ses-ambitions-culturelles-au-premier-ministre\/#breadcrumb","itemListElement":[{"@type":"ListItem","position":1,"name":"Home","item":"https:\/\/culturbaine.com\/"},{"@type":"ListItem","position":2,"name":"Jupiter Davibe pr\u00e9sente ses ambitions culturelles au Premier ministre"}]},{"@type":"WebSite","@id":"https:\/\/culturbaine.com\/#website","url":"https:\/\/culturbaine.com\/","name":"Culturbaine.com","description":"Toute l&#039;actualit\u00e9 des Cultures Urbaines, en un clic  !","publisher":{"@id":"https:\/\/culturbaine.com\/#organization"},"potentialAction":[{"@type":"SearchAction","target":{"@type":"EntryPoint","urlTemplate":"https:\/\/culturbaine.com\/?s={search_term_string}"},"query-input":{"@type":"PropertyValueSpecification","valueRequired":true,"valueName":"search_term_string"}}],"inLanguage":"fr-FR"},{"@type":"Organization","@id":"https:\/\/culturbaine.com\/#organization","name":"Culturbaine.com","url":"https:\/\/culturbaine.com\/","logo":{"@type":"ImageObject","inLanguage":"fr-FR","@id":"https:\/\/culturbaine.com\/#\/schema\/logo\/image\/","url":"https:\/\/culturbaine.com\/wp-content\/uploads\/2023\/07\/WhatsApp-Image-2023-07-17-at-14.38.18.jpeg","contentUrl":"https:\/\/culturbaine.com\/wp-content\/uploads\/2023\/07\/WhatsApp-Image-2023-07-17-at-14.38.18.jpeg","width":855,"height":270,"caption":"Culturbaine.com"},"image":{"@id":"https:\/\/culturbaine.com\/#\/schema\/logo\/image\/"},"sameAs":["https:\/\/www.facebook.com\/Culturbaines","https:\/\/x.com\/culturbaines"]},{"@type":"Person","@id":"https:\/\/culturbaine.com\/#\/schema\/person\/42eb7485c572e0746c1ea6b8216c3814","name":"admin1","image":{"@type":"ImageObject","inLanguage":"fr-FR","@id":"https:\/\/culturbaine.com\/#\/schema\/person\/image\/","url":"https:\/\/secure.gravatar.com\/avatar\/c268f4d483ce0486e5a10fee87bbf756?s=96&d=mm&r=g","contentUrl":"https:\/\/secure.gravatar.com\/avatar\/c268f4d483ce0486e5a10fee87bbf756?s=96&d=mm&r=g","caption":"admin1"},"url":"https:\/\/culturbaine.com\/index.php\/author\/admin1\/"}]}},"_links":{"self":[{"href":"https:\/\/culturbaine.com\/index.php\/wp-json\/wp\/v2\/posts\/10724"}],"collection":[{"href":"https:\/\/culturbaine.com\/index.php\/wp-json\/wp\/v2\/posts"}],"about":[{"href":"https:\/\/culturbaine.com\/index.php\/wp-json\/wp\/v2\/types\/post"}],"author":[{"embeddable":true,"href":"https:\/\/culturbaine.com\/index.php\/wp-json\/wp\/v2\/users\/2"}],"replies":[{"embeddable":true,"href":"https:\/\/culturbaine.com\/index.php\/wp-json\/wp\/v2\/comments?post=10724"}],"version-history":[{"count":0,"href":"https:\/\/culturbaine.com\/index.php\/wp-json\/wp\/v2\/posts\/10724\/revisions"}],"wp:featuredmedia":[{"embeddable":true,"href":"https:\/\/culturbaine.com\/index.php\/wp-json\/wp\/v2\/media\/10725"}],"wp:attachment":[{"href":"https:\/\/culturbaine.com\/index.php\/wp-json\/wp\/v2\/media?parent=10724"}],"wp:term":[{"taxonomy":"category","embeddable":true,"href":"https:\/\/culturbaine.com\/index.php\/wp-json\/wp\/v2\/categories?post=10724"},{"taxonomy":"post_tag","embeddable":true,"href":"https:\/\/culturbaine.com\/index.php\/wp-json\/wp\/v2\/tags?post=10724"}],"curies":[{"name":"wp","href":"https:\/\/api.w.org\/{rel}","templated":true}]}}