{"id":10714,"date":"2025-01-12T11:00:11","date_gmt":"2025-01-12T11:00:11","guid":{"rendered":"https:\/\/culturbaine.com\/?p=10714"},"modified":"2025-01-12T10:49:56","modified_gmt":"2025-01-12T10:49:56","slug":"takana-zion-appelle-alpha-conde-sydia-toure-et-cellou-dallein-diallo-a-la-responsabilite","status":"publish","type":"post","link":"https:\/\/culturbaine.com\/index.php\/2025\/01\/12\/takana-zion-appelle-alpha-conde-sydia-toure-et-cellou-dallein-diallo-a-la-responsabilite\/","title":{"rendered":"Takana Zion appelle Alpha Cond\u00e9, Sydia Tour\u00e9 et Cellou Dallein Diallo \u00e0 la responsabilit\u00e9 !"},"content":{"rendered":"<p>Le chanteur de reggae guin\u00e9en <strong>Takana<\/strong> <strong>Zion<\/strong>, connu pour son franc-parler, n\u2019a pas m\u00e2ch\u00e9 ses mots lors d\u2019une r\u00e9cente interview accord\u00e9e \u00e0 <strong>Africaguin\u00e9e<\/strong>. L\u2019auteur des c\u00e9l\u00e8bres albums <strong>Black Mafia<\/strong> a livr\u00e9 son avis sur les figures politiques majeures de la Guin\u00e9e, notamment l\u2019ancien pr\u00e9sident <strong>Alpha Cond\u00e9<\/strong> et les deux anciens premiers ministres, <strong>Cellou Dalein Diallo <\/strong>et<strong> Sidya Tour\u00e9.<\/strong><\/p>\n<p><strong>Takana Zion<\/strong> a mis en avant l\u2019\u00e2ge avanc\u00e9 de ces dirigeants pour questionner leur pertinence \u00e0 briguer de hautes fonctions. <em><strong>\u00ab Ils sont assez \u00e2g\u00e9s pour savoir ce qui est bien pour la Guin\u00e9e. Moi je me dis que quand on a les 72 ans et 75 ans, notre utilit\u00e9 pour notre pays ne peut pas \u00eatre seulement d\u2019\u00eatre Pr\u00e9sident. Notre utilit\u00e9 peut \u00eatre aussi le fait que des jeunes personnes viennent nous consulter pour pr\u00eater notre exp\u00e9rience et donner votre avis sur comment les choses pourraient \u00eatre mieux faites. Mais ce n\u2019est pas n\u00e9cessairement qu\u2019il faut \u00eatre Pr\u00e9sident<\/strong><\/em>\u00bb, a-t-il d\u00e9clar\u00e9.<\/p>\n<p>Dans la m\u00eame lanc\u00e9e, l\u2019artiste a exhort\u00e9 ces figures politiques \u00e0 adopter une posture de sagesse, tout en rejetant tout discours pr\u00f4nant la division ou les conflits.<\/p>\n<p>\u00ab<em><strong> Vous \u00eates des croyants. Donc, ne soyez pas les maillons par lesquels quelque chose de n\u00e9gatif arriverait en Guin\u00e9e ici. Que Dieu nous en garde. Mais il faut toujours garder votre esprit de grande personne et de sagesse parce que les discours \u00e0 la division, les discours va-t\u2019en guerre ne sont plus \u00e0 la mode \u00bb,<\/strong><\/em> a martel\u00e9 <strong>Takana Zion<\/strong>.<\/p>\n<p>Pour conclure, le chanteur a affich\u00e9 son soutien au pr\u00e9sident de la transition, le <strong>G\u00e9n\u00e9ral Mamadi Doumbouya<\/strong>, saluant les changements entrepris sous son r\u00e8gne :<\/p>\n<p><em><strong>\u00abVraiment, il y a beaucoup d\u2019actes qui sont pos\u00e9s ici. 80% des jeunes Guin\u00e9ens sont dans l\u2019esprit du G\u00e9n\u00e9ral Mamadi Doumbouya. Donc, ce n\u2019est pas la peine de se fatiguer. On a trop essay\u00e9 avec eux, \u00e7a n\u2019a pas donn\u00e9 ce qu\u2019on voulait. Donc il faut qu\u2019on essaie autre chose \u00bb<\/strong><\/em>, a-t-il soulign\u00e9 avec conviction.<\/p>\n<p>\u00c0 travers ces propos, Takana Zion r\u00e9affirme son engagement pour une Guin\u00e9e tourn\u00e9e vers le renouveau, en appelant \u00e0 la jeunesse et \u00e0 la responsabilit\u00e9 des leaders politiques. Ses d\u00e9clarations suscitent des r\u00e9actions diverses, mais t\u00e9moignent d\u2019une volont\u00e9 d\u2019ouvrir un d\u00e9bat sur l\u2019avenir du pays.<\/p>\n<p><strong>Mohamed Cinq Sylla<\/strong><\/p>\n","protected":false},"excerpt":{"rendered":"<p>Le chanteur de reggae guin\u00e9en Takana Zion, connu pour son franc-parler, n\u2019a pas m\u00e2ch\u00e9 ses mots lors d\u2019une r\u00e9cente interview accord\u00e9e \u00e0 Africaguin\u00e9e. L\u2019auteur des c\u00e9l\u00e8bres albums Black Mafia a livr\u00e9 son avis sur les figures politiques majeures de la Guin\u00e9e, notamment l\u2019ancien pr\u00e9sident Alpha Cond\u00e9 et les deux anciens premiers ministres, Cellou Dalein Diallo [&hellip;]<\/p>\n","protected":false},"author":2,"featured_media":10715,"comment_status":"closed","ping_status":"closed","sticky":false,"template":"","format":"standard","meta":{"_mi_skip_tracking":false,"_monsterinsights_sitenote_active":false,"_monsterinsights_sitenote_note":"","_monsterinsights_sitenote_category":0,"footnotes":""},"categories":[21,2394],"tags":[3597,3596],"class_list":["post-10714","post","type-post","status-publish","format-standard","has-post-thumbnail","hentry","category-actualite","category-reggae","tag-sydia-toure-et-cellou-dallein-diallo-a-la-responsabilite","tag-takana-zion-appelle-alpha-conde"],"yoast_head":"<!-- This site is optimized with the Yoast SEO Premium plugin v20.1 (Yoast SEO v24.0) - https:\/\/yoast.com\/wordpress\/plugins\/seo\/ -->\n<title>Takana Zion appelle Alpha Cond\u00e9, Sydia Tour\u00e9 et Cellou Dallein Diallo \u00e0 la responsabilit\u00e9 ! - Culturbaine<\/title>\n<meta name=\"robots\" content=\"index, follow, max-snippet:-1, max-image-preview:large, max-video-preview:-1\" \/>\n<link rel=\"canonical\" href=\"https:\/\/culturbaine.com\/index.php\/2025\/01\/12\/takana-zion-appelle-alpha-conde-sydia-toure-et-cellou-dallein-diallo-a-la-responsabilite\/\" \/>\n<meta property=\"og:locale\" content=\"fr_FR\" \/>\n<meta property=\"og:type\" content=\"article\" \/>\n<meta property=\"og:title\" content=\"Takana Zion appelle Alpha Cond\u00e9, Sydia Tour\u00e9 et Cellou Dallein Diallo \u00e0 la responsabilit\u00e9 !\" \/>\n<meta property=\"og:description\" content=\"Le chanteur de reggae guin\u00e9en Takana Zion, connu pour son franc-parler, n\u2019a pas m\u00e2ch\u00e9 ses mots lors d\u2019une r\u00e9cente interview accord\u00e9e \u00e0 Africaguin\u00e9e. L\u2019auteur des c\u00e9l\u00e8bres albums Black Mafia a livr\u00e9 son avis sur les figures politiques majeures de la Guin\u00e9e, notamment l\u2019ancien pr\u00e9sident Alpha Cond\u00e9 et les deux anciens premiers ministres, Cellou Dalein Diallo [&hellip;]\" \/>\n<meta property=\"og:url\" content=\"https:\/\/culturbaine.com\/index.php\/2025\/01\/12\/takana-zion-appelle-alpha-conde-sydia-toure-et-cellou-dallein-diallo-a-la-responsabilite\/\" \/>\n<meta property=\"og:site_name\" content=\"Culturbaine\" \/>\n<meta property=\"article:publisher\" content=\"https:\/\/www.facebook.com\/Culturbaines\" \/>\n<meta property=\"article:published_time\" content=\"2025-01-12T11:00:11+00:00\" \/>\n<meta property=\"article:modified_time\" content=\"2025-01-12T10:49:56+00:00\" \/>\n<meta property=\"og:image\" content=\"https:\/\/culturbaine.com\/wp-content\/uploads\/2025\/01\/PhotoCollage_1736678646084.png\" \/>\n\t<meta property=\"og:image:width\" content=\"1920\" \/>\n\t<meta property=\"og:image:height\" content=\"1080\" \/>\n\t<meta property=\"og:image:type\" content=\"image\/png\" \/>\n<meta name=\"author\" content=\"admin1\" \/>\n<meta name=\"twitter:card\" content=\"summary_large_image\" \/>\n<meta name=\"twitter:creator\" content=\"@culturbaines\" \/>\n<meta name=\"twitter:site\" content=\"@culturbaines\" \/>\n<meta name=\"twitter:label1\" content=\"\u00c9crit par\" \/>\n\t<meta name=\"twitter:data1\" content=\"admin1\" \/>\n\t<meta name=\"twitter:label2\" content=\"Dur\u00e9e de lecture estim\u00e9e\" \/>\n\t<meta name=\"twitter:data2\" content=\"3 minutes\" \/>\n<script type=\"application\/ld+json\" class=\"yoast-schema-graph\">{\"@context\":\"https:\/\/schema.org\",\"@graph\":[{\"@type\":\"Article\",\"@id\":\"https:\/\/culturbaine.com\/index.php\/2025\/01\/12\/takana-zion-appelle-alpha-conde-sydia-toure-et-cellou-dallein-diallo-a-la-responsabilite\/#article\",\"isPartOf\":{\"@id\":\"https:\/\/culturbaine.com\/index.php\/2025\/01\/12\/takana-zion-appelle-alpha-conde-sydia-toure-et-cellou-dallein-diallo-a-la-responsabilite\/\"},\"author\":{\"name\":\"admin1\",\"@id\":\"https:\/\/culturbaine.com\/#\/schema\/person\/42eb7485c572e0746c1ea6b8216c3814\"},\"headline\":\"Takana Zion appelle Alpha Cond\u00e9, Sydia Tour\u00e9 et Cellou Dallein Diallo \u00e0 la responsabilit\u00e9 !\",\"datePublished\":\"2025-01-12T11:00:11+00:00\",\"dateModified\":\"2025-01-12T10:49:56+00:00\",\"mainEntityOfPage\":{\"@id\":\"https:\/\/culturbaine.com\/index.php\/2025\/01\/12\/takana-zion-appelle-alpha-conde-sydia-toure-et-cellou-dallein-diallo-a-la-responsabilite\/\"},\"wordCount\":428,\"publisher\":{\"@id\":\"https:\/\/culturbaine.com\/#organization\"},\"image\":{\"@id\":\"https:\/\/culturbaine.com\/index.php\/2025\/01\/12\/takana-zion-appelle-alpha-conde-sydia-toure-et-cellou-dallein-diallo-a-la-responsabilite\/#primaryimage\"},\"thumbnailUrl\":\"https:\/\/culturbaine.com\/wp-content\/uploads\/2025\/01\/PhotoCollage_1736678646084.png\",\"keywords\":[\"Sydia Tour\u00e9 et Cellou Dallein Diallo \u00e0 la responsabilit\u00e9 !\",\"Takana Zion appelle Alpha Cond\u00e9\"],\"articleSection\":[\"Actualit\u00e9\",\"Reggae\"],\"inLanguage\":\"fr-FR\"},{\"@type\":\"WebPage\",\"@id\":\"https:\/\/culturbaine.com\/index.php\/2025\/01\/12\/takana-zion-appelle-alpha-conde-sydia-toure-et-cellou-dallein-diallo-a-la-responsabilite\/\",\"url\":\"https:\/\/culturbaine.com\/index.php\/2025\/01\/12\/takana-zion-appelle-alpha-conde-sydia-toure-et-cellou-dallein-diallo-a-la-responsabilite\/\",\"name\":\"Takana Zion appelle Alpha Cond\u00e9, Sydia Tour\u00e9 et Cellou Dallein Diallo \u00e0 la responsabilit\u00e9 ! - Culturbaine\",\"isPartOf\":{\"@id\":\"https:\/\/culturbaine.com\/#website\"},\"primaryImageOfPage\":{\"@id\":\"https:\/\/culturbaine.com\/index.php\/2025\/01\/12\/takana-zion-appelle-alpha-conde-sydia-toure-et-cellou-dallein-diallo-a-la-responsabilite\/#primaryimage\"},\"image\":{\"@id\":\"https:\/\/culturbaine.com\/index.php\/2025\/01\/12\/takana-zion-appelle-alpha-conde-sydia-toure-et-cellou-dallein-diallo-a-la-responsabilite\/#primaryimage\"},\"thumbnailUrl\":\"https:\/\/culturbaine.com\/wp-content\/uploads\/2025\/01\/PhotoCollage_1736678646084.png\",\"datePublished\":\"2025-01-12T11:00:11+00:00\",\"dateModified\":\"2025-01-12T10:49:56+00:00\",\"breadcrumb\":{\"@id\":\"https:\/\/culturbaine.com\/index.php\/2025\/01\/12\/takana-zion-appelle-alpha-conde-sydia-toure-et-cellou-dallein-diallo-a-la-responsabilite\/#breadcrumb\"},\"inLanguage\":\"fr-FR\",\"potentialAction\":[{\"@type\":\"ReadAction\",\"target\":[\"https:\/\/culturbaine.com\/index.php\/2025\/01\/12\/takana-zion-appelle-alpha-conde-sydia-toure-et-cellou-dallein-diallo-a-la-responsabilite\/\"]}]},{\"@type\":\"ImageObject\",\"inLanguage\":\"fr-FR\",\"@id\":\"https:\/\/culturbaine.com\/index.php\/2025\/01\/12\/takana-zion-appelle-alpha-conde-sydia-toure-et-cellou-dallein-diallo-a-la-responsabilite\/#primaryimage\",\"url\":\"https:\/\/culturbaine.com\/wp-content\/uploads\/2025\/01\/PhotoCollage_1736678646084.png\",\"contentUrl\":\"https:\/\/culturbaine.com\/wp-content\/uploads\/2025\/01\/PhotoCollage_1736678646084.png\",\"width\":1920,\"height\":1080},{\"@type\":\"BreadcrumbList\",\"@id\":\"https:\/\/culturbaine.com\/index.php\/2025\/01\/12\/takana-zion-appelle-alpha-conde-sydia-toure-et-cellou-dallein-diallo-a-la-responsabilite\/#breadcrumb\",\"itemListElement\":[{\"@type\":\"ListItem\",\"position\":1,\"name\":\"Home\",\"item\":\"https:\/\/culturbaine.com\/\"},{\"@type\":\"ListItem\",\"position\":2,\"name\":\"Takana Zion appelle Alpha Cond\u00e9, Sydia Tour\u00e9 et Cellou Dallein Diallo \u00e0 la responsabilit\u00e9 !\"}]},{\"@type\":\"WebSite\",\"@id\":\"https:\/\/culturbaine.com\/#website\",\"url\":\"https:\/\/culturbaine.com\/\",\"name\":\"Culturbaine.com\",\"description\":\"Toute l&#039;actualit\u00e9 des Cultures Urbaines, en un clic  !\",\"publisher\":{\"@id\":\"https:\/\/culturbaine.com\/#organization\"},\"potentialAction\":[{\"@type\":\"SearchAction\",\"target\":{\"@type\":\"EntryPoint\",\"urlTemplate\":\"https:\/\/culturbaine.com\/?s={search_term_string}\"},\"query-input\":{\"@type\":\"PropertyValueSpecification\",\"valueRequired\":true,\"valueName\":\"search_term_string\"}}],\"inLanguage\":\"fr-FR\"},{\"@type\":\"Organization\",\"@id\":\"https:\/\/culturbaine.com\/#organization\",\"name\":\"Culturbaine.com\",\"url\":\"https:\/\/culturbaine.com\/\",\"logo\":{\"@type\":\"ImageObject\",\"inLanguage\":\"fr-FR\",\"@id\":\"https:\/\/culturbaine.com\/#\/schema\/logo\/image\/\",\"url\":\"https:\/\/culturbaine.com\/wp-content\/uploads\/2023\/07\/WhatsApp-Image-2023-07-17-at-14.38.18.jpeg\",\"contentUrl\":\"https:\/\/culturbaine.com\/wp-content\/uploads\/2023\/07\/WhatsApp-Image-2023-07-17-at-14.38.18.jpeg\",\"width\":855,\"height\":270,\"caption\":\"Culturbaine.com\"},\"image\":{\"@id\":\"https:\/\/culturbaine.com\/#\/schema\/logo\/image\/\"},\"sameAs\":[\"https:\/\/www.facebook.com\/Culturbaines\",\"https:\/\/x.com\/culturbaines\"]},{\"@type\":\"Person\",\"@id\":\"https:\/\/culturbaine.com\/#\/schema\/person\/42eb7485c572e0746c1ea6b8216c3814\",\"name\":\"admin1\",\"image\":{\"@type\":\"ImageObject\",\"inLanguage\":\"fr-FR\",\"@id\":\"https:\/\/culturbaine.com\/#\/schema\/person\/image\/\",\"url\":\"https:\/\/secure.gravatar.com\/avatar\/c268f4d483ce0486e5a10fee87bbf756?s=96&d=mm&r=g\",\"contentUrl\":\"https:\/\/secure.gravatar.com\/avatar\/c268f4d483ce0486e5a10fee87bbf756?s=96&d=mm&r=g\",\"caption\":\"admin1\"},\"url\":\"https:\/\/culturbaine.com\/index.php\/author\/admin1\/\"}]}<\/script>\n<!-- \/ Yoast SEO Premium plugin. -->","yoast_head_json":{"title":"Takana Zion appelle Alpha Cond\u00e9, Sydia Tour\u00e9 et Cellou Dallein Diallo \u00e0 la responsabilit\u00e9 ! - Culturbaine","robots":{"index":"index","follow":"follow","max-snippet":"max-snippet:-1","max-image-preview":"max-image-preview:large","max-video-preview":"max-video-preview:-1"},"canonical":"https:\/\/culturbaine.com\/index.php\/2025\/01\/12\/takana-zion-appelle-alpha-conde-sydia-toure-et-cellou-dallein-diallo-a-la-responsabilite\/","og_locale":"fr_FR","og_type":"article","og_title":"Takana Zion appelle Alpha Cond\u00e9, Sydia Tour\u00e9 et Cellou Dallein Diallo \u00e0 la responsabilit\u00e9 !","og_description":"Le chanteur de reggae guin\u00e9en Takana Zion, connu pour son franc-parler, n\u2019a pas m\u00e2ch\u00e9 ses mots lors d\u2019une r\u00e9cente interview accord\u00e9e \u00e0 Africaguin\u00e9e. L\u2019auteur des c\u00e9l\u00e8bres albums Black Mafia a livr\u00e9 son avis sur les figures politiques majeures de la Guin\u00e9e, notamment l\u2019ancien pr\u00e9sident Alpha Cond\u00e9 et les deux anciens premiers ministres, Cellou Dalein Diallo [&hellip;]","og_url":"https:\/\/culturbaine.com\/index.php\/2025\/01\/12\/takana-zion-appelle-alpha-conde-sydia-toure-et-cellou-dallein-diallo-a-la-responsabilite\/","og_site_name":"Culturbaine","article_publisher":"https:\/\/www.facebook.com\/Culturbaines","article_published_time":"2025-01-12T11:00:11+00:00","article_modified_time":"2025-01-12T10:49:56+00:00","og_image":[{"width":1920,"height":1080,"url":"https:\/\/culturbaine.com\/wp-content\/uploads\/2025\/01\/PhotoCollage_1736678646084.png","type":"image\/png"}],"author":"admin1","twitter_card":"summary_large_image","twitter_creator":"@culturbaines","twitter_site":"@culturbaines","twitter_misc":{"\u00c9crit par":"admin1","Dur\u00e9e de lecture estim\u00e9e":"3 minutes"},"schema":{"@context":"https:\/\/schema.org","@graph":[{"@type":"Article","@id":"https:\/\/culturbaine.com\/index.php\/2025\/01\/12\/takana-zion-appelle-alpha-conde-sydia-toure-et-cellou-dallein-diallo-a-la-responsabilite\/#article","isPartOf":{"@id":"https:\/\/culturbaine.com\/index.php\/2025\/01\/12\/takana-zion-appelle-alpha-conde-sydia-toure-et-cellou-dallein-diallo-a-la-responsabilite\/"},"author":{"name":"admin1","@id":"https:\/\/culturbaine.com\/#\/schema\/person\/42eb7485c572e0746c1ea6b8216c3814"},"headline":"Takana Zion appelle Alpha Cond\u00e9, Sydia Tour\u00e9 et Cellou Dallein Diallo \u00e0 la responsabilit\u00e9 !","datePublished":"2025-01-12T11:00:11+00:00","dateModified":"2025-01-12T10:49:56+00:00","mainEntityOfPage":{"@id":"https:\/\/culturbaine.com\/index.php\/2025\/01\/12\/takana-zion-appelle-alpha-conde-sydia-toure-et-cellou-dallein-diallo-a-la-responsabilite\/"},"wordCount":428,"publisher":{"@id":"https:\/\/culturbaine.com\/#organization"},"image":{"@id":"https:\/\/culturbaine.com\/index.php\/2025\/01\/12\/takana-zion-appelle-alpha-conde-sydia-toure-et-cellou-dallein-diallo-a-la-responsabilite\/#primaryimage"},"thumbnailUrl":"https:\/\/culturbaine.com\/wp-content\/uploads\/2025\/01\/PhotoCollage_1736678646084.png","keywords":["Sydia Tour\u00e9 et Cellou Dallein Diallo \u00e0 la responsabilit\u00e9 !","Takana Zion appelle Alpha Cond\u00e9"],"articleSection":["Actualit\u00e9","Reggae"],"inLanguage":"fr-FR"},{"@type":"WebPage","@id":"https:\/\/culturbaine.com\/index.php\/2025\/01\/12\/takana-zion-appelle-alpha-conde-sydia-toure-et-cellou-dallein-diallo-a-la-responsabilite\/","url":"https:\/\/culturbaine.com\/index.php\/2025\/01\/12\/takana-zion-appelle-alpha-conde-sydia-toure-et-cellou-dallein-diallo-a-la-responsabilite\/","name":"Takana Zion appelle Alpha Cond\u00e9, Sydia Tour\u00e9 et Cellou Dallein Diallo \u00e0 la responsabilit\u00e9 ! - Culturbaine","isPartOf":{"@id":"https:\/\/culturbaine.com\/#website"},"primaryImageOfPage":{"@id":"https:\/\/culturbaine.com\/index.php\/2025\/01\/12\/takana-zion-appelle-alpha-conde-sydia-toure-et-cellou-dallein-diallo-a-la-responsabilite\/#primaryimage"},"image":{"@id":"https:\/\/culturbaine.com\/index.php\/2025\/01\/12\/takana-zion-appelle-alpha-conde-sydia-toure-et-cellou-dallein-diallo-a-la-responsabilite\/#primaryimage"},"thumbnailUrl":"https:\/\/culturbaine.com\/wp-content\/uploads\/2025\/01\/PhotoCollage_1736678646084.png","datePublished":"2025-01-12T11:00:11+00:00","dateModified":"2025-01-12T10:49:56+00:00","breadcrumb":{"@id":"https:\/\/culturbaine.com\/index.php\/2025\/01\/12\/takana-zion-appelle-alpha-conde-sydia-toure-et-cellou-dallein-diallo-a-la-responsabilite\/#breadcrumb"},"inLanguage":"fr-FR","potentialAction":[{"@type":"ReadAction","target":["https:\/\/culturbaine.com\/index.php\/2025\/01\/12\/takana-zion-appelle-alpha-conde-sydia-toure-et-cellou-dallein-diallo-a-la-responsabilite\/"]}]},{"@type":"ImageObject","inLanguage":"fr-FR","@id":"https:\/\/culturbaine.com\/index.php\/2025\/01\/12\/takana-zion-appelle-alpha-conde-sydia-toure-et-cellou-dallein-diallo-a-la-responsabilite\/#primaryimage","url":"https:\/\/culturbaine.com\/wp-content\/uploads\/2025\/01\/PhotoCollage_1736678646084.png","contentUrl":"https:\/\/culturbaine.com\/wp-content\/uploads\/2025\/01\/PhotoCollage_1736678646084.png","width":1920,"height":1080},{"@type":"BreadcrumbList","@id":"https:\/\/culturbaine.com\/index.php\/2025\/01\/12\/takana-zion-appelle-alpha-conde-sydia-toure-et-cellou-dallein-diallo-a-la-responsabilite\/#breadcrumb","itemListElement":[{"@type":"ListItem","position":1,"name":"Home","item":"https:\/\/culturbaine.com\/"},{"@type":"ListItem","position":2,"name":"Takana Zion appelle Alpha Cond\u00e9, Sydia Tour\u00e9 et Cellou Dallein Diallo \u00e0 la responsabilit\u00e9 !"}]},{"@type":"WebSite","@id":"https:\/\/culturbaine.com\/#website","url":"https:\/\/culturbaine.com\/","name":"Culturbaine.com","description":"Toute l&#039;actualit\u00e9 des Cultures Urbaines, en un clic  !","publisher":{"@id":"https:\/\/culturbaine.com\/#organization"},"potentialAction":[{"@type":"SearchAction","target":{"@type":"EntryPoint","urlTemplate":"https:\/\/culturbaine.com\/?s={search_term_string}"},"query-input":{"@type":"PropertyValueSpecification","valueRequired":true,"valueName":"search_term_string"}}],"inLanguage":"fr-FR"},{"@type":"Organization","@id":"https:\/\/culturbaine.com\/#organization","name":"Culturbaine.com","url":"https:\/\/culturbaine.com\/","logo":{"@type":"ImageObject","inLanguage":"fr-FR","@id":"https:\/\/culturbaine.com\/#\/schema\/logo\/image\/","url":"https:\/\/culturbaine.com\/wp-content\/uploads\/2023\/07\/WhatsApp-Image-2023-07-17-at-14.38.18.jpeg","contentUrl":"https:\/\/culturbaine.com\/wp-content\/uploads\/2023\/07\/WhatsApp-Image-2023-07-17-at-14.38.18.jpeg","width":855,"height":270,"caption":"Culturbaine.com"},"image":{"@id":"https:\/\/culturbaine.com\/#\/schema\/logo\/image\/"},"sameAs":["https:\/\/www.facebook.com\/Culturbaines","https:\/\/x.com\/culturbaines"]},{"@type":"Person","@id":"https:\/\/culturbaine.com\/#\/schema\/person\/42eb7485c572e0746c1ea6b8216c3814","name":"admin1","image":{"@type":"ImageObject","inLanguage":"fr-FR","@id":"https:\/\/culturbaine.com\/#\/schema\/person\/image\/","url":"https:\/\/secure.gravatar.com\/avatar\/c268f4d483ce0486e5a10fee87bbf756?s=96&d=mm&r=g","contentUrl":"https:\/\/secure.gravatar.com\/avatar\/c268f4d483ce0486e5a10fee87bbf756?s=96&d=mm&r=g","caption":"admin1"},"url":"https:\/\/culturbaine.com\/index.php\/author\/admin1\/"}]}},"_links":{"self":[{"href":"https:\/\/culturbaine.com\/index.php\/wp-json\/wp\/v2\/posts\/10714"}],"collection":[{"href":"https:\/\/culturbaine.com\/index.php\/wp-json\/wp\/v2\/posts"}],"about":[{"href":"https:\/\/culturbaine.com\/index.php\/wp-json\/wp\/v2\/types\/post"}],"author":[{"embeddable":true,"href":"https:\/\/culturbaine.com\/index.php\/wp-json\/wp\/v2\/users\/2"}],"replies":[{"embeddable":true,"href":"https:\/\/culturbaine.com\/index.php\/wp-json\/wp\/v2\/comments?post=10714"}],"version-history":[{"count":0,"href":"https:\/\/culturbaine.com\/index.php\/wp-json\/wp\/v2\/posts\/10714\/revisions"}],"wp:featuredmedia":[{"embeddable":true,"href":"https:\/\/culturbaine.com\/index.php\/wp-json\/wp\/v2\/media\/10715"}],"wp:attachment":[{"href":"https:\/\/culturbaine.com\/index.php\/wp-json\/wp\/v2\/media?parent=10714"}],"wp:term":[{"taxonomy":"category","embeddable":true,"href":"https:\/\/culturbaine.com\/index.php\/wp-json\/wp\/v2\/categories?post=10714"},{"taxonomy":"post_tag","embeddable":true,"href":"https:\/\/culturbaine.com\/index.php\/wp-json\/wp\/v2\/tags?post=10714"}],"curies":[{"name":"wp","href":"https:\/\/api.w.org\/{rel}","templated":true}]}}