{"id":10705,"date":"2025-01-11T17:00:01","date_gmt":"2025-01-11T17:00:01","guid":{"rendered":"https:\/\/culturbaine.com\/?p=10705"},"modified":"2025-01-11T16:35:12","modified_gmt":"2025-01-11T16:35:12","slug":"one-lyrical-annonce-la-sortie-de-son-nouvel-album-demna-vol-2-pour-2025","status":"publish","type":"post","link":"https:\/\/culturbaine.com\/index.php\/2025\/01\/11\/one-lyrical-annonce-la-sortie-de-son-nouvel-album-demna-vol-2-pour-2025\/","title":{"rendered":"One Lyrical annonce la sortie de son nouvel album \u00ab\u00a0Demna Vol.2\u00a0\u00bb pour 2025"},"content":{"rendered":"<p>Le rappeur s\u00e9n\u00e9galais <strong>One Lyrical<\/strong> ne compte pas s\u2019arr\u00eater en si bon chemin. Apr\u00e8s le succ\u00e8s de <strong>Demna Vol.1<\/strong>, sorti l\u2019ann\u00e9e derni\u00e8re, l\u2019artiste a fait une annonce majeure hier soir sur sa page Facebook : la sortie imminente de son nouvel album <strong>Demna Vol.2<\/strong> en 2025.<\/p>\n<p>Dans une d\u00e9claration empreinte d\u2019\u00e9motion, <strong>One Lyrical<\/strong> a r\u00e9v\u00e9l\u00e9 que ce nouveau projet sera une v\u00e9ritable introspection :\u00ab<em><strong>Demna vol.2 est un voyage intime o\u00f9 je me suis v\u00e9ritablement livr\u00e9. Chaque morceau refl\u00e8te des moments de ma vie, des \u00e9motions brutes, des doutes, des joies et des le\u00e7ons apprises. <\/strong><\/em><em><strong>Demna 2 c\u2019est une exploration personnelle. Cet album, c\u2019est moi sans filtre.\u00bb<\/strong><\/em><\/p>\n<p>Ce deuxi\u00e8me volet s\u2019annonce comme une extension et un approfondissement de <strong>Demna Vol.1<\/strong>, promettant une immersion encore plus personnelle dans l\u2019univers de l\u2019artiste.<\/p>\n<p><img loading=\"lazy\" decoding=\"async\" class=\"aligncenter size-full wp-image-10706\" src=\"https:\/\/culturbaine.com\/wp-content\/uploads\/2025\/01\/1736551660239.jpg\" alt=\"\" width=\"720\" height=\"720\" srcset=\"https:\/\/culturbaine.com\/wp-content\/uploads\/2025\/01\/1736551660239.jpg 720w, https:\/\/culturbaine.com\/wp-content\/uploads\/2025\/01\/1736551660239-300x300.jpg 300w, https:\/\/culturbaine.com\/wp-content\/uploads\/2025\/01\/1736551660239-150x150.jpg 150w\" sizes=\"(max-width: 720px) 100vw, 720px\" \/><\/p>\n<p>Pour l\u2019instant, aucune information n\u2019a \u00e9t\u00e9 d\u00e9voil\u00e9e concernant d\u2019\u00e9ventuelles collaborations avec d\u2019autres artistes. Cependant, une chose est s\u00fbre, <strong>One<\/strong> <strong>Lyrical<\/strong> continuera de conqu\u00e9rir le public gr\u00e2ce \u00e0 ses flows puissants et ses punchlines incisives en wolof, sa langue de pr\u00e9dilection.<\/p>\n<p>Les fans devront patienter encore un peu pour d\u00e9couvrir ce projet, mais l\u2019attente promet d\u2019\u00eatre r\u00e9compens\u00e9e par une \u0153uvre sinc\u00e8re et percutante.<\/p>\n<p><strong>Mohamed Cinq Sylla<\/strong><\/p>\n","protected":false},"excerpt":{"rendered":"<p>Le rappeur s\u00e9n\u00e9galais One Lyrical ne compte pas s\u2019arr\u00eater en si bon chemin. Apr\u00e8s le succ\u00e8s de Demna Vol.1, sorti l\u2019ann\u00e9e derni\u00e8re, l\u2019artiste a fait une annonce majeure hier soir sur sa page Facebook : la sortie imminente de son nouvel album Demna Vol.2 en 2025. Dans une d\u00e9claration empreinte d\u2019\u00e9motion, One Lyrical a r\u00e9v\u00e9l\u00e9 [&hellip;]<\/p>\n","protected":false},"author":2,"featured_media":10707,"comment_status":"closed","ping_status":"closed","sticky":false,"template":"","format":"standard","meta":{"_mi_skip_tracking":false,"_monsterinsights_sitenote_active":false,"_monsterinsights_sitenote_note":"","_monsterinsights_sitenote_category":0,"footnotes":""},"categories":[21,512,3070],"tags":[3590],"class_list":["post-10705","post","type-post","status-publish","format-standard","has-post-thumbnail","hentry","category-actualite","category-rap","category-sortie-dalbum","tag-one-lyrical-annonce-la-sortie-de-son-nouvel-album-demna-vol-2-pour-2025"],"yoast_head":"<!-- This site is optimized with the Yoast SEO Premium plugin v20.1 (Yoast SEO v24.0) - https:\/\/yoast.com\/wordpress\/plugins\/seo\/ -->\n<title>One Lyrical annonce la sortie de son nouvel album &quot;Demna Vol.2&quot; pour 2025 - Culturbaine<\/title>\n<meta name=\"robots\" content=\"index, follow, max-snippet:-1, max-image-preview:large, max-video-preview:-1\" \/>\n<link rel=\"canonical\" href=\"https:\/\/culturbaine.com\/index.php\/2025\/01\/11\/one-lyrical-annonce-la-sortie-de-son-nouvel-album-demna-vol-2-pour-2025\/\" \/>\n<meta property=\"og:locale\" content=\"fr_FR\" \/>\n<meta property=\"og:type\" content=\"article\" \/>\n<meta property=\"og:title\" content=\"One Lyrical annonce la sortie de son nouvel album &quot;Demna Vol.2&quot; pour 2025\" \/>\n<meta property=\"og:description\" content=\"Le rappeur s\u00e9n\u00e9galais One Lyrical ne compte pas s\u2019arr\u00eater en si bon chemin. Apr\u00e8s le succ\u00e8s de Demna Vol.1, sorti l\u2019ann\u00e9e derni\u00e8re, l\u2019artiste a fait une annonce majeure hier soir sur sa page Facebook : la sortie imminente de son nouvel album Demna Vol.2 en 2025. Dans une d\u00e9claration empreinte d\u2019\u00e9motion, One Lyrical a r\u00e9v\u00e9l\u00e9 [&hellip;]\" \/>\n<meta property=\"og:url\" content=\"https:\/\/culturbaine.com\/index.php\/2025\/01\/11\/one-lyrical-annonce-la-sortie-de-son-nouvel-album-demna-vol-2-pour-2025\/\" \/>\n<meta property=\"og:site_name\" content=\"Culturbaine\" \/>\n<meta property=\"article:publisher\" content=\"https:\/\/www.facebook.com\/Culturbaines\" \/>\n<meta property=\"article:published_time\" content=\"2025-01-11T17:00:01+00:00\" \/>\n<meta property=\"article:modified_time\" content=\"2025-01-11T16:35:12+00:00\" \/>\n<meta property=\"og:image\" content=\"https:\/\/culturbaine.com\/wp-content\/uploads\/2025\/01\/17366129754752.jpg\" \/>\n\t<meta property=\"og:image:width\" content=\"715\" \/>\n\t<meta property=\"og:image:height\" content=\"470\" \/>\n\t<meta property=\"og:image:type\" content=\"image\/jpeg\" \/>\n<meta name=\"author\" content=\"admin1\" \/>\n<meta name=\"twitter:card\" content=\"summary_large_image\" \/>\n<meta name=\"twitter:creator\" content=\"@culturbaines\" \/>\n<meta name=\"twitter:site\" content=\"@culturbaines\" \/>\n<meta name=\"twitter:label1\" content=\"\u00c9crit par\" \/>\n\t<meta name=\"twitter:data1\" content=\"admin1\" \/>\n\t<meta name=\"twitter:label2\" content=\"Dur\u00e9e de lecture estim\u00e9e\" \/>\n\t<meta name=\"twitter:data2\" content=\"2 minutes\" \/>\n<script type=\"application\/ld+json\" class=\"yoast-schema-graph\">{\"@context\":\"https:\/\/schema.org\",\"@graph\":[{\"@type\":\"Article\",\"@id\":\"https:\/\/culturbaine.com\/index.php\/2025\/01\/11\/one-lyrical-annonce-la-sortie-de-son-nouvel-album-demna-vol-2-pour-2025\/#article\",\"isPartOf\":{\"@id\":\"https:\/\/culturbaine.com\/index.php\/2025\/01\/11\/one-lyrical-annonce-la-sortie-de-son-nouvel-album-demna-vol-2-pour-2025\/\"},\"author\":{\"name\":\"admin1\",\"@id\":\"https:\/\/culturbaine.com\/#\/schema\/person\/42eb7485c572e0746c1ea6b8216c3814\"},\"headline\":\"One Lyrical annonce la sortie de son nouvel album \u00ab\u00a0Demna Vol.2\u00a0\u00bb pour 2025\",\"datePublished\":\"2025-01-11T17:00:01+00:00\",\"dateModified\":\"2025-01-11T16:35:12+00:00\",\"mainEntityOfPage\":{\"@id\":\"https:\/\/culturbaine.com\/index.php\/2025\/01\/11\/one-lyrical-annonce-la-sortie-de-son-nouvel-album-demna-vol-2-pour-2025\/\"},\"wordCount\":242,\"publisher\":{\"@id\":\"https:\/\/culturbaine.com\/#organization\"},\"image\":{\"@id\":\"https:\/\/culturbaine.com\/index.php\/2025\/01\/11\/one-lyrical-annonce-la-sortie-de-son-nouvel-album-demna-vol-2-pour-2025\/#primaryimage\"},\"thumbnailUrl\":\"https:\/\/culturbaine.com\/wp-content\/uploads\/2025\/01\/17366129754752.jpg\",\"keywords\":[\"One Lyrical annonce la sortie de son nouvel album \\\"Demna Vol.2\\\" pour 2025\"],\"articleSection\":[\"Actualit\u00e9\",\"Rap\",\"Sortie d'album\"],\"inLanguage\":\"fr-FR\"},{\"@type\":\"WebPage\",\"@id\":\"https:\/\/culturbaine.com\/index.php\/2025\/01\/11\/one-lyrical-annonce-la-sortie-de-son-nouvel-album-demna-vol-2-pour-2025\/\",\"url\":\"https:\/\/culturbaine.com\/index.php\/2025\/01\/11\/one-lyrical-annonce-la-sortie-de-son-nouvel-album-demna-vol-2-pour-2025\/\",\"name\":\"One Lyrical annonce la sortie de son nouvel album \\\"Demna Vol.2\\\" pour 2025 - Culturbaine\",\"isPartOf\":{\"@id\":\"https:\/\/culturbaine.com\/#website\"},\"primaryImageOfPage\":{\"@id\":\"https:\/\/culturbaine.com\/index.php\/2025\/01\/11\/one-lyrical-annonce-la-sortie-de-son-nouvel-album-demna-vol-2-pour-2025\/#primaryimage\"},\"image\":{\"@id\":\"https:\/\/culturbaine.com\/index.php\/2025\/01\/11\/one-lyrical-annonce-la-sortie-de-son-nouvel-album-demna-vol-2-pour-2025\/#primaryimage\"},\"thumbnailUrl\":\"https:\/\/culturbaine.com\/wp-content\/uploads\/2025\/01\/17366129754752.jpg\",\"datePublished\":\"2025-01-11T17:00:01+00:00\",\"dateModified\":\"2025-01-11T16:35:12+00:00\",\"breadcrumb\":{\"@id\":\"https:\/\/culturbaine.com\/index.php\/2025\/01\/11\/one-lyrical-annonce-la-sortie-de-son-nouvel-album-demna-vol-2-pour-2025\/#breadcrumb\"},\"inLanguage\":\"fr-FR\",\"potentialAction\":[{\"@type\":\"ReadAction\",\"target\":[\"https:\/\/culturbaine.com\/index.php\/2025\/01\/11\/one-lyrical-annonce-la-sortie-de-son-nouvel-album-demna-vol-2-pour-2025\/\"]}]},{\"@type\":\"ImageObject\",\"inLanguage\":\"fr-FR\",\"@id\":\"https:\/\/culturbaine.com\/index.php\/2025\/01\/11\/one-lyrical-annonce-la-sortie-de-son-nouvel-album-demna-vol-2-pour-2025\/#primaryimage\",\"url\":\"https:\/\/culturbaine.com\/wp-content\/uploads\/2025\/01\/17366129754752.jpg\",\"contentUrl\":\"https:\/\/culturbaine.com\/wp-content\/uploads\/2025\/01\/17366129754752.jpg\",\"width\":715,\"height\":470},{\"@type\":\"BreadcrumbList\",\"@id\":\"https:\/\/culturbaine.com\/index.php\/2025\/01\/11\/one-lyrical-annonce-la-sortie-de-son-nouvel-album-demna-vol-2-pour-2025\/#breadcrumb\",\"itemListElement\":[{\"@type\":\"ListItem\",\"position\":1,\"name\":\"Home\",\"item\":\"https:\/\/culturbaine.com\/\"},{\"@type\":\"ListItem\",\"position\":2,\"name\":\"One Lyrical annonce la sortie de son nouvel album \u00ab\u00a0Demna Vol.2\u00a0\u00bb pour 2025\"}]},{\"@type\":\"WebSite\",\"@id\":\"https:\/\/culturbaine.com\/#website\",\"url\":\"https:\/\/culturbaine.com\/\",\"name\":\"Culturbaine.com\",\"description\":\"Toute l&#039;actualit\u00e9 des Cultures Urbaines, en un clic  !\",\"publisher\":{\"@id\":\"https:\/\/culturbaine.com\/#organization\"},\"potentialAction\":[{\"@type\":\"SearchAction\",\"target\":{\"@type\":\"EntryPoint\",\"urlTemplate\":\"https:\/\/culturbaine.com\/?s={search_term_string}\"},\"query-input\":{\"@type\":\"PropertyValueSpecification\",\"valueRequired\":true,\"valueName\":\"search_term_string\"}}],\"inLanguage\":\"fr-FR\"},{\"@type\":\"Organization\",\"@id\":\"https:\/\/culturbaine.com\/#organization\",\"name\":\"Culturbaine.com\",\"url\":\"https:\/\/culturbaine.com\/\",\"logo\":{\"@type\":\"ImageObject\",\"inLanguage\":\"fr-FR\",\"@id\":\"https:\/\/culturbaine.com\/#\/schema\/logo\/image\/\",\"url\":\"https:\/\/culturbaine.com\/wp-content\/uploads\/2023\/07\/WhatsApp-Image-2023-07-17-at-14.38.18.jpeg\",\"contentUrl\":\"https:\/\/culturbaine.com\/wp-content\/uploads\/2023\/07\/WhatsApp-Image-2023-07-17-at-14.38.18.jpeg\",\"width\":855,\"height\":270,\"caption\":\"Culturbaine.com\"},\"image\":{\"@id\":\"https:\/\/culturbaine.com\/#\/schema\/logo\/image\/\"},\"sameAs\":[\"https:\/\/www.facebook.com\/Culturbaines\",\"https:\/\/x.com\/culturbaines\"]},{\"@type\":\"Person\",\"@id\":\"https:\/\/culturbaine.com\/#\/schema\/person\/42eb7485c572e0746c1ea6b8216c3814\",\"name\":\"admin1\",\"image\":{\"@type\":\"ImageObject\",\"inLanguage\":\"fr-FR\",\"@id\":\"https:\/\/culturbaine.com\/#\/schema\/person\/image\/\",\"url\":\"https:\/\/secure.gravatar.com\/avatar\/c268f4d483ce0486e5a10fee87bbf756?s=96&d=mm&r=g\",\"contentUrl\":\"https:\/\/secure.gravatar.com\/avatar\/c268f4d483ce0486e5a10fee87bbf756?s=96&d=mm&r=g\",\"caption\":\"admin1\"},\"url\":\"https:\/\/culturbaine.com\/index.php\/author\/admin1\/\"}]}<\/script>\n<!-- \/ Yoast SEO Premium plugin. -->","yoast_head_json":{"title":"One Lyrical annonce la sortie de son nouvel album \"Demna Vol.2\" pour 2025 - Culturbaine","robots":{"index":"index","follow":"follow","max-snippet":"max-snippet:-1","max-image-preview":"max-image-preview:large","max-video-preview":"max-video-preview:-1"},"canonical":"https:\/\/culturbaine.com\/index.php\/2025\/01\/11\/one-lyrical-annonce-la-sortie-de-son-nouvel-album-demna-vol-2-pour-2025\/","og_locale":"fr_FR","og_type":"article","og_title":"One Lyrical annonce la sortie de son nouvel album \"Demna Vol.2\" pour 2025","og_description":"Le rappeur s\u00e9n\u00e9galais One Lyrical ne compte pas s\u2019arr\u00eater en si bon chemin. Apr\u00e8s le succ\u00e8s de Demna Vol.1, sorti l\u2019ann\u00e9e derni\u00e8re, l\u2019artiste a fait une annonce majeure hier soir sur sa page Facebook : la sortie imminente de son nouvel album Demna Vol.2 en 2025. Dans une d\u00e9claration empreinte d\u2019\u00e9motion, One Lyrical a r\u00e9v\u00e9l\u00e9 [&hellip;]","og_url":"https:\/\/culturbaine.com\/index.php\/2025\/01\/11\/one-lyrical-annonce-la-sortie-de-son-nouvel-album-demna-vol-2-pour-2025\/","og_site_name":"Culturbaine","article_publisher":"https:\/\/www.facebook.com\/Culturbaines","article_published_time":"2025-01-11T17:00:01+00:00","article_modified_time":"2025-01-11T16:35:12+00:00","og_image":[{"width":715,"height":470,"url":"https:\/\/culturbaine.com\/wp-content\/uploads\/2025\/01\/17366129754752.jpg","type":"image\/jpeg"}],"author":"admin1","twitter_card":"summary_large_image","twitter_creator":"@culturbaines","twitter_site":"@culturbaines","twitter_misc":{"\u00c9crit par":"admin1","Dur\u00e9e de lecture estim\u00e9e":"2 minutes"},"schema":{"@context":"https:\/\/schema.org","@graph":[{"@type":"Article","@id":"https:\/\/culturbaine.com\/index.php\/2025\/01\/11\/one-lyrical-annonce-la-sortie-de-son-nouvel-album-demna-vol-2-pour-2025\/#article","isPartOf":{"@id":"https:\/\/culturbaine.com\/index.php\/2025\/01\/11\/one-lyrical-annonce-la-sortie-de-son-nouvel-album-demna-vol-2-pour-2025\/"},"author":{"name":"admin1","@id":"https:\/\/culturbaine.com\/#\/schema\/person\/42eb7485c572e0746c1ea6b8216c3814"},"headline":"One Lyrical annonce la sortie de son nouvel album \u00ab\u00a0Demna Vol.2\u00a0\u00bb pour 2025","datePublished":"2025-01-11T17:00:01+00:00","dateModified":"2025-01-11T16:35:12+00:00","mainEntityOfPage":{"@id":"https:\/\/culturbaine.com\/index.php\/2025\/01\/11\/one-lyrical-annonce-la-sortie-de-son-nouvel-album-demna-vol-2-pour-2025\/"},"wordCount":242,"publisher":{"@id":"https:\/\/culturbaine.com\/#organization"},"image":{"@id":"https:\/\/culturbaine.com\/index.php\/2025\/01\/11\/one-lyrical-annonce-la-sortie-de-son-nouvel-album-demna-vol-2-pour-2025\/#primaryimage"},"thumbnailUrl":"https:\/\/culturbaine.com\/wp-content\/uploads\/2025\/01\/17366129754752.jpg","keywords":["One Lyrical annonce la sortie de son nouvel album \"Demna Vol.2\" pour 2025"],"articleSection":["Actualit\u00e9","Rap","Sortie d'album"],"inLanguage":"fr-FR"},{"@type":"WebPage","@id":"https:\/\/culturbaine.com\/index.php\/2025\/01\/11\/one-lyrical-annonce-la-sortie-de-son-nouvel-album-demna-vol-2-pour-2025\/","url":"https:\/\/culturbaine.com\/index.php\/2025\/01\/11\/one-lyrical-annonce-la-sortie-de-son-nouvel-album-demna-vol-2-pour-2025\/","name":"One Lyrical annonce la sortie de son nouvel album \"Demna Vol.2\" pour 2025 - Culturbaine","isPartOf":{"@id":"https:\/\/culturbaine.com\/#website"},"primaryImageOfPage":{"@id":"https:\/\/culturbaine.com\/index.php\/2025\/01\/11\/one-lyrical-annonce-la-sortie-de-son-nouvel-album-demna-vol-2-pour-2025\/#primaryimage"},"image":{"@id":"https:\/\/culturbaine.com\/index.php\/2025\/01\/11\/one-lyrical-annonce-la-sortie-de-son-nouvel-album-demna-vol-2-pour-2025\/#primaryimage"},"thumbnailUrl":"https:\/\/culturbaine.com\/wp-content\/uploads\/2025\/01\/17366129754752.jpg","datePublished":"2025-01-11T17:00:01+00:00","dateModified":"2025-01-11T16:35:12+00:00","breadcrumb":{"@id":"https:\/\/culturbaine.com\/index.php\/2025\/01\/11\/one-lyrical-annonce-la-sortie-de-son-nouvel-album-demna-vol-2-pour-2025\/#breadcrumb"},"inLanguage":"fr-FR","potentialAction":[{"@type":"ReadAction","target":["https:\/\/culturbaine.com\/index.php\/2025\/01\/11\/one-lyrical-annonce-la-sortie-de-son-nouvel-album-demna-vol-2-pour-2025\/"]}]},{"@type":"ImageObject","inLanguage":"fr-FR","@id":"https:\/\/culturbaine.com\/index.php\/2025\/01\/11\/one-lyrical-annonce-la-sortie-de-son-nouvel-album-demna-vol-2-pour-2025\/#primaryimage","url":"https:\/\/culturbaine.com\/wp-content\/uploads\/2025\/01\/17366129754752.jpg","contentUrl":"https:\/\/culturbaine.com\/wp-content\/uploads\/2025\/01\/17366129754752.jpg","width":715,"height":470},{"@type":"BreadcrumbList","@id":"https:\/\/culturbaine.com\/index.php\/2025\/01\/11\/one-lyrical-annonce-la-sortie-de-son-nouvel-album-demna-vol-2-pour-2025\/#breadcrumb","itemListElement":[{"@type":"ListItem","position":1,"name":"Home","item":"https:\/\/culturbaine.com\/"},{"@type":"ListItem","position":2,"name":"One Lyrical annonce la sortie de son nouvel album \u00ab\u00a0Demna Vol.2\u00a0\u00bb pour 2025"}]},{"@type":"WebSite","@id":"https:\/\/culturbaine.com\/#website","url":"https:\/\/culturbaine.com\/","name":"Culturbaine.com","description":"Toute l&#039;actualit\u00e9 des Cultures Urbaines, en un clic  !","publisher":{"@id":"https:\/\/culturbaine.com\/#organization"},"potentialAction":[{"@type":"SearchAction","target":{"@type":"EntryPoint","urlTemplate":"https:\/\/culturbaine.com\/?s={search_term_string}"},"query-input":{"@type":"PropertyValueSpecification","valueRequired":true,"valueName":"search_term_string"}}],"inLanguage":"fr-FR"},{"@type":"Organization","@id":"https:\/\/culturbaine.com\/#organization","name":"Culturbaine.com","url":"https:\/\/culturbaine.com\/","logo":{"@type":"ImageObject","inLanguage":"fr-FR","@id":"https:\/\/culturbaine.com\/#\/schema\/logo\/image\/","url":"https:\/\/culturbaine.com\/wp-content\/uploads\/2023\/07\/WhatsApp-Image-2023-07-17-at-14.38.18.jpeg","contentUrl":"https:\/\/culturbaine.com\/wp-content\/uploads\/2023\/07\/WhatsApp-Image-2023-07-17-at-14.38.18.jpeg","width":855,"height":270,"caption":"Culturbaine.com"},"image":{"@id":"https:\/\/culturbaine.com\/#\/schema\/logo\/image\/"},"sameAs":["https:\/\/www.facebook.com\/Culturbaines","https:\/\/x.com\/culturbaines"]},{"@type":"Person","@id":"https:\/\/culturbaine.com\/#\/schema\/person\/42eb7485c572e0746c1ea6b8216c3814","name":"admin1","image":{"@type":"ImageObject","inLanguage":"fr-FR","@id":"https:\/\/culturbaine.com\/#\/schema\/person\/image\/","url":"https:\/\/secure.gravatar.com\/avatar\/c268f4d483ce0486e5a10fee87bbf756?s=96&d=mm&r=g","contentUrl":"https:\/\/secure.gravatar.com\/avatar\/c268f4d483ce0486e5a10fee87bbf756?s=96&d=mm&r=g","caption":"admin1"},"url":"https:\/\/culturbaine.com\/index.php\/author\/admin1\/"}]}},"_links":{"self":[{"href":"https:\/\/culturbaine.com\/index.php\/wp-json\/wp\/v2\/posts\/10705"}],"collection":[{"href":"https:\/\/culturbaine.com\/index.php\/wp-json\/wp\/v2\/posts"}],"about":[{"href":"https:\/\/culturbaine.com\/index.php\/wp-json\/wp\/v2\/types\/post"}],"author":[{"embeddable":true,"href":"https:\/\/culturbaine.com\/index.php\/wp-json\/wp\/v2\/users\/2"}],"replies":[{"embeddable":true,"href":"https:\/\/culturbaine.com\/index.php\/wp-json\/wp\/v2\/comments?post=10705"}],"version-history":[{"count":0,"href":"https:\/\/culturbaine.com\/index.php\/wp-json\/wp\/v2\/posts\/10705\/revisions"}],"wp:featuredmedia":[{"embeddable":true,"href":"https:\/\/culturbaine.com\/index.php\/wp-json\/wp\/v2\/media\/10707"}],"wp:attachment":[{"href":"https:\/\/culturbaine.com\/index.php\/wp-json\/wp\/v2\/media?parent=10705"}],"wp:term":[{"taxonomy":"category","embeddable":true,"href":"https:\/\/culturbaine.com\/index.php\/wp-json\/wp\/v2\/categories?post=10705"},{"taxonomy":"post_tag","embeddable":true,"href":"https:\/\/culturbaine.com\/index.php\/wp-json\/wp\/v2\/tags?post=10705"}],"curies":[{"name":"wp","href":"https:\/\/api.w.org\/{rel}","templated":true}]}}