{"id":10695,"date":"2025-01-10T14:50:36","date_gmt":"2025-01-10T14:50:36","guid":{"rendered":"https:\/\/culturbaine.com\/?p=10695"},"modified":"2025-01-10T14:50:36","modified_gmt":"2025-01-10T14:50:36","slug":"kiff-no-beat-devoile-pas-grave-avant-leur-concert-a-la-folie-bergere","status":"publish","type":"post","link":"https:\/\/culturbaine.com\/index.php\/2025\/01\/10\/kiff-no-beat-devoile-pas-grave-avant-leur-concert-a-la-folie-bergere\/","title":{"rendered":"Kiff No Beat d\u00e9voile \u00ab\u00a0Pas Grave\u00a0\u00bb avant leur concert \u00e0 la Folie Berg\u00e8re"},"content":{"rendered":"<p>\u00c0 quelques jours de leur grand concert pr\u00e9vu le 12 janvier \u00e0 la Folie Berg\u00e8re, en France, le groupe ivoirien <strong>Kiff No Beat<\/strong>, figure embl\u00e9matique du rap francophone, revient avec un nouveau clip intitul\u00e9 <strong>Pas Grave<\/strong>. Ce morceau, destin\u00e9 \u00e0 ravir leurs fans, marque leur premi\u00e8re sortie depuis le single<strong> C Komen<\/strong>, publi\u00e9 il y a dix mois.<\/p>\n<p>Compos\u00e9e par <strong>Tam Sir<\/strong>, la chanson aborde une th\u00e9matique sociale importante : les rumeurs et les diffamations qui visent \u00e0 emp\u00eacher une personne de r\u00e9aliser ses choix personnels, notamment amoureux. Face \u00e0 ces obstacles, le message est clair : \u00ab\u00a0<strong>Pas Grave\u00a0\u00bb.<\/strong> \u00c0 travers des styles de rap distincts, les membres du groupe d\u00e9ploient leur cr\u00e9ativit\u00e9 entre rap pur et chant, conf\u00e9rant une \u00e9nergie unique et une richesse sonore \u00e0 ce morceau au flow percutant.<\/p>\n<p>Le clip, r\u00e9alis\u00e9 par <strong>Ikiga\u00ef<\/strong>, adopte une ambiance sombre et intrigante. Les cinq membres, souvent qualifi\u00e9s de \u00ab\u00a0loups\u00a0\u00bb, sont mis en sc\u00e8ne autour d&rsquo;une table dans une atmosph\u00e8re d\u00e9contract\u00e9e, parfois entour\u00e9s de figurantes. Chaque membre y exprime sa personnalit\u00e9 pour captiver l\u2019audience.<\/p>\n<p><iframe loading=\"lazy\" title=\"Kiff no beat - Pas Grave (Official music video)\" width=\"1170\" height=\"658\" src=\"https:\/\/www.youtube.com\/embed\/gqJoG2zroGU?wmode=transparent&amp;rel=0&amp;feature=oembed\" frameborder=\"0\" allow=\"accelerometer; autoplay; clipboard-write; encrypted-media; gyroscope; picture-in-picture; web-share\" referrerpolicy=\"strict-origin-when-cross-origin\" allowfullscreen><\/iframe><\/p>\n<p><strong>Mohamed Cinq<\/strong><\/p>\n","protected":false},"excerpt":{"rendered":"<p>\u00c0 quelques jours de leur grand concert pr\u00e9vu le 12 janvier \u00e0 la Folie Berg\u00e8re, en France, le groupe ivoirien Kiff No Beat, figure embl\u00e9matique du rap francophone, revient avec un nouveau clip intitul\u00e9 Pas Grave. Ce morceau, destin\u00e9 \u00e0 ravir leurs fans, marque leur premi\u00e8re sortie depuis le single C Komen, publi\u00e9 il y [&hellip;]<\/p>\n","protected":false},"author":2,"featured_media":10696,"comment_status":"closed","ping_status":"closed","sticky":false,"template":"","format":"standard","meta":{"_mi_skip_tracking":false,"_monsterinsights_sitenote_active":false,"_monsterinsights_sitenote_note":"","_monsterinsights_sitenote_category":0,"footnotes":""},"categories":[21,27,512],"tags":[3586],"class_list":["post-10695","post","type-post","status-publish","format-standard","has-post-thumbnail","hentry","category-actualite","category-clip","category-rap","tag-kiff-no-beat-devoile-pas-grave-avant-leur-concert-a-la-folie-bergere"],"yoast_head":"<!-- This site is optimized with the Yoast SEO Premium plugin v20.1 (Yoast SEO v24.0) - https:\/\/yoast.com\/wordpress\/plugins\/seo\/ -->\n<title>Kiff No Beat d\u00e9voile &quot;Pas Grave&quot; avant leur concert \u00e0 la Folie Berg\u00e8re - Culturbaine<\/title>\n<meta name=\"robots\" content=\"index, follow, max-snippet:-1, max-image-preview:large, max-video-preview:-1\" \/>\n<link rel=\"canonical\" href=\"https:\/\/culturbaine.com\/index.php\/2025\/01\/10\/kiff-no-beat-devoile-pas-grave-avant-leur-concert-a-la-folie-bergere\/\" \/>\n<meta property=\"og:locale\" content=\"fr_FR\" \/>\n<meta property=\"og:type\" content=\"article\" \/>\n<meta property=\"og:title\" content=\"Kiff No Beat d\u00e9voile &quot;Pas Grave&quot; avant leur concert \u00e0 la Folie Berg\u00e8re\" \/>\n<meta property=\"og:description\" content=\"\u00c0 quelques jours de leur grand concert pr\u00e9vu le 12 janvier \u00e0 la Folie Berg\u00e8re, en France, le groupe ivoirien Kiff No Beat, figure embl\u00e9matique du rap francophone, revient avec un nouveau clip intitul\u00e9 Pas Grave. Ce morceau, destin\u00e9 \u00e0 ravir leurs fans, marque leur premi\u00e8re sortie depuis le single C Komen, publi\u00e9 il y [&hellip;]\" \/>\n<meta property=\"og:url\" content=\"https:\/\/culturbaine.com\/index.php\/2025\/01\/10\/kiff-no-beat-devoile-pas-grave-avant-leur-concert-a-la-folie-bergere\/\" \/>\n<meta property=\"og:site_name\" content=\"Culturbaine\" \/>\n<meta property=\"article:publisher\" content=\"https:\/\/www.facebook.com\/Culturbaines\" \/>\n<meta property=\"article:published_time\" content=\"2025-01-10T14:50:36+00:00\" \/>\n<meta property=\"og:image\" content=\"https:\/\/culturbaine.com\/wp-content\/uploads\/2025\/01\/17365196898642.jpg\" \/>\n\t<meta property=\"og:image:width\" content=\"675\" \/>\n\t<meta property=\"og:image:height\" content=\"487\" \/>\n\t<meta property=\"og:image:type\" content=\"image\/jpeg\" \/>\n<meta name=\"author\" content=\"admin1\" \/>\n<meta name=\"twitter:card\" content=\"summary_large_image\" \/>\n<meta name=\"twitter:creator\" content=\"@culturbaines\" \/>\n<meta name=\"twitter:site\" content=\"@culturbaines\" \/>\n<meta name=\"twitter:label1\" content=\"\u00c9crit par\" \/>\n\t<meta name=\"twitter:data1\" content=\"admin1\" \/>\n\t<meta name=\"twitter:label2\" content=\"Dur\u00e9e de lecture estim\u00e9e\" \/>\n\t<meta name=\"twitter:data2\" content=\"2 minutes\" \/>\n<script type=\"application\/ld+json\" class=\"yoast-schema-graph\">{\"@context\":\"https:\/\/schema.org\",\"@graph\":[{\"@type\":\"Article\",\"@id\":\"https:\/\/culturbaine.com\/index.php\/2025\/01\/10\/kiff-no-beat-devoile-pas-grave-avant-leur-concert-a-la-folie-bergere\/#article\",\"isPartOf\":{\"@id\":\"https:\/\/culturbaine.com\/index.php\/2025\/01\/10\/kiff-no-beat-devoile-pas-grave-avant-leur-concert-a-la-folie-bergere\/\"},\"author\":{\"name\":\"admin1\",\"@id\":\"https:\/\/culturbaine.com\/#\/schema\/person\/42eb7485c572e0746c1ea6b8216c3814\"},\"headline\":\"Kiff No Beat d\u00e9voile \u00ab\u00a0Pas Grave\u00a0\u00bb avant leur concert \u00e0 la Folie Berg\u00e8re\",\"datePublished\":\"2025-01-10T14:50:36+00:00\",\"dateModified\":\"2025-01-10T14:50:36+00:00\",\"mainEntityOfPage\":{\"@id\":\"https:\/\/culturbaine.com\/index.php\/2025\/01\/10\/kiff-no-beat-devoile-pas-grave-avant-leur-concert-a-la-folie-bergere\/\"},\"wordCount\":207,\"publisher\":{\"@id\":\"https:\/\/culturbaine.com\/#organization\"},\"image\":{\"@id\":\"https:\/\/culturbaine.com\/index.php\/2025\/01\/10\/kiff-no-beat-devoile-pas-grave-avant-leur-concert-a-la-folie-bergere\/#primaryimage\"},\"thumbnailUrl\":\"https:\/\/culturbaine.com\/wp-content\/uploads\/2025\/01\/17365196898642.jpg\",\"keywords\":[\"Kiff No Beat d\u00e9voile \\\"Pas Grave\\\" avant leur concert \u00e0 la Folie Berg\u00e8re\"],\"articleSection\":[\"Actualit\u00e9\",\"Clip\",\"Rap\"],\"inLanguage\":\"fr-FR\"},{\"@type\":\"WebPage\",\"@id\":\"https:\/\/culturbaine.com\/index.php\/2025\/01\/10\/kiff-no-beat-devoile-pas-grave-avant-leur-concert-a-la-folie-bergere\/\",\"url\":\"https:\/\/culturbaine.com\/index.php\/2025\/01\/10\/kiff-no-beat-devoile-pas-grave-avant-leur-concert-a-la-folie-bergere\/\",\"name\":\"Kiff No Beat d\u00e9voile \\\"Pas Grave\\\" avant leur concert \u00e0 la Folie Berg\u00e8re - Culturbaine\",\"isPartOf\":{\"@id\":\"https:\/\/culturbaine.com\/#website\"},\"primaryImageOfPage\":{\"@id\":\"https:\/\/culturbaine.com\/index.php\/2025\/01\/10\/kiff-no-beat-devoile-pas-grave-avant-leur-concert-a-la-folie-bergere\/#primaryimage\"},\"image\":{\"@id\":\"https:\/\/culturbaine.com\/index.php\/2025\/01\/10\/kiff-no-beat-devoile-pas-grave-avant-leur-concert-a-la-folie-bergere\/#primaryimage\"},\"thumbnailUrl\":\"https:\/\/culturbaine.com\/wp-content\/uploads\/2025\/01\/17365196898642.jpg\",\"datePublished\":\"2025-01-10T14:50:36+00:00\",\"dateModified\":\"2025-01-10T14:50:36+00:00\",\"breadcrumb\":{\"@id\":\"https:\/\/culturbaine.com\/index.php\/2025\/01\/10\/kiff-no-beat-devoile-pas-grave-avant-leur-concert-a-la-folie-bergere\/#breadcrumb\"},\"inLanguage\":\"fr-FR\",\"potentialAction\":[{\"@type\":\"ReadAction\",\"target\":[\"https:\/\/culturbaine.com\/index.php\/2025\/01\/10\/kiff-no-beat-devoile-pas-grave-avant-leur-concert-a-la-folie-bergere\/\"]}]},{\"@type\":\"ImageObject\",\"inLanguage\":\"fr-FR\",\"@id\":\"https:\/\/culturbaine.com\/index.php\/2025\/01\/10\/kiff-no-beat-devoile-pas-grave-avant-leur-concert-a-la-folie-bergere\/#primaryimage\",\"url\":\"https:\/\/culturbaine.com\/wp-content\/uploads\/2025\/01\/17365196898642.jpg\",\"contentUrl\":\"https:\/\/culturbaine.com\/wp-content\/uploads\/2025\/01\/17365196898642.jpg\",\"width\":675,\"height\":487},{\"@type\":\"BreadcrumbList\",\"@id\":\"https:\/\/culturbaine.com\/index.php\/2025\/01\/10\/kiff-no-beat-devoile-pas-grave-avant-leur-concert-a-la-folie-bergere\/#breadcrumb\",\"itemListElement\":[{\"@type\":\"ListItem\",\"position\":1,\"name\":\"Home\",\"item\":\"https:\/\/culturbaine.com\/\"},{\"@type\":\"ListItem\",\"position\":2,\"name\":\"Kiff No Beat d\u00e9voile \u00ab\u00a0Pas Grave\u00a0\u00bb avant leur concert \u00e0 la Folie Berg\u00e8re\"}]},{\"@type\":\"WebSite\",\"@id\":\"https:\/\/culturbaine.com\/#website\",\"url\":\"https:\/\/culturbaine.com\/\",\"name\":\"Culturbaine.com\",\"description\":\"Toute l&#039;actualit\u00e9 des Cultures Urbaines, en un clic  !\",\"publisher\":{\"@id\":\"https:\/\/culturbaine.com\/#organization\"},\"potentialAction\":[{\"@type\":\"SearchAction\",\"target\":{\"@type\":\"EntryPoint\",\"urlTemplate\":\"https:\/\/culturbaine.com\/?s={search_term_string}\"},\"query-input\":{\"@type\":\"PropertyValueSpecification\",\"valueRequired\":true,\"valueName\":\"search_term_string\"}}],\"inLanguage\":\"fr-FR\"},{\"@type\":\"Organization\",\"@id\":\"https:\/\/culturbaine.com\/#organization\",\"name\":\"Culturbaine.com\",\"url\":\"https:\/\/culturbaine.com\/\",\"logo\":{\"@type\":\"ImageObject\",\"inLanguage\":\"fr-FR\",\"@id\":\"https:\/\/culturbaine.com\/#\/schema\/logo\/image\/\",\"url\":\"https:\/\/culturbaine.com\/wp-content\/uploads\/2023\/07\/WhatsApp-Image-2023-07-17-at-14.38.18.jpeg\",\"contentUrl\":\"https:\/\/culturbaine.com\/wp-content\/uploads\/2023\/07\/WhatsApp-Image-2023-07-17-at-14.38.18.jpeg\",\"width\":855,\"height\":270,\"caption\":\"Culturbaine.com\"},\"image\":{\"@id\":\"https:\/\/culturbaine.com\/#\/schema\/logo\/image\/\"},\"sameAs\":[\"https:\/\/www.facebook.com\/Culturbaines\",\"https:\/\/x.com\/culturbaines\"]},{\"@type\":\"Person\",\"@id\":\"https:\/\/culturbaine.com\/#\/schema\/person\/42eb7485c572e0746c1ea6b8216c3814\",\"name\":\"admin1\",\"image\":{\"@type\":\"ImageObject\",\"inLanguage\":\"fr-FR\",\"@id\":\"https:\/\/culturbaine.com\/#\/schema\/person\/image\/\",\"url\":\"https:\/\/secure.gravatar.com\/avatar\/c268f4d483ce0486e5a10fee87bbf756?s=96&d=mm&r=g\",\"contentUrl\":\"https:\/\/secure.gravatar.com\/avatar\/c268f4d483ce0486e5a10fee87bbf756?s=96&d=mm&r=g\",\"caption\":\"admin1\"},\"url\":\"https:\/\/culturbaine.com\/index.php\/author\/admin1\/\"}]}<\/script>\n<!-- \/ Yoast SEO Premium plugin. -->","yoast_head_json":{"title":"Kiff No Beat d\u00e9voile \"Pas Grave\" avant leur concert \u00e0 la Folie Berg\u00e8re - Culturbaine","robots":{"index":"index","follow":"follow","max-snippet":"max-snippet:-1","max-image-preview":"max-image-preview:large","max-video-preview":"max-video-preview:-1"},"canonical":"https:\/\/culturbaine.com\/index.php\/2025\/01\/10\/kiff-no-beat-devoile-pas-grave-avant-leur-concert-a-la-folie-bergere\/","og_locale":"fr_FR","og_type":"article","og_title":"Kiff No Beat d\u00e9voile \"Pas Grave\" avant leur concert \u00e0 la Folie Berg\u00e8re","og_description":"\u00c0 quelques jours de leur grand concert pr\u00e9vu le 12 janvier \u00e0 la Folie Berg\u00e8re, en France, le groupe ivoirien Kiff No Beat, figure embl\u00e9matique du rap francophone, revient avec un nouveau clip intitul\u00e9 Pas Grave. Ce morceau, destin\u00e9 \u00e0 ravir leurs fans, marque leur premi\u00e8re sortie depuis le single C Komen, publi\u00e9 il y [&hellip;]","og_url":"https:\/\/culturbaine.com\/index.php\/2025\/01\/10\/kiff-no-beat-devoile-pas-grave-avant-leur-concert-a-la-folie-bergere\/","og_site_name":"Culturbaine","article_publisher":"https:\/\/www.facebook.com\/Culturbaines","article_published_time":"2025-01-10T14:50:36+00:00","og_image":[{"width":675,"height":487,"url":"https:\/\/culturbaine.com\/wp-content\/uploads\/2025\/01\/17365196898642.jpg","type":"image\/jpeg"}],"author":"admin1","twitter_card":"summary_large_image","twitter_creator":"@culturbaines","twitter_site":"@culturbaines","twitter_misc":{"\u00c9crit par":"admin1","Dur\u00e9e de lecture estim\u00e9e":"2 minutes"},"schema":{"@context":"https:\/\/schema.org","@graph":[{"@type":"Article","@id":"https:\/\/culturbaine.com\/index.php\/2025\/01\/10\/kiff-no-beat-devoile-pas-grave-avant-leur-concert-a-la-folie-bergere\/#article","isPartOf":{"@id":"https:\/\/culturbaine.com\/index.php\/2025\/01\/10\/kiff-no-beat-devoile-pas-grave-avant-leur-concert-a-la-folie-bergere\/"},"author":{"name":"admin1","@id":"https:\/\/culturbaine.com\/#\/schema\/person\/42eb7485c572e0746c1ea6b8216c3814"},"headline":"Kiff No Beat d\u00e9voile \u00ab\u00a0Pas Grave\u00a0\u00bb avant leur concert \u00e0 la Folie Berg\u00e8re","datePublished":"2025-01-10T14:50:36+00:00","dateModified":"2025-01-10T14:50:36+00:00","mainEntityOfPage":{"@id":"https:\/\/culturbaine.com\/index.php\/2025\/01\/10\/kiff-no-beat-devoile-pas-grave-avant-leur-concert-a-la-folie-bergere\/"},"wordCount":207,"publisher":{"@id":"https:\/\/culturbaine.com\/#organization"},"image":{"@id":"https:\/\/culturbaine.com\/index.php\/2025\/01\/10\/kiff-no-beat-devoile-pas-grave-avant-leur-concert-a-la-folie-bergere\/#primaryimage"},"thumbnailUrl":"https:\/\/culturbaine.com\/wp-content\/uploads\/2025\/01\/17365196898642.jpg","keywords":["Kiff No Beat d\u00e9voile \"Pas Grave\" avant leur concert \u00e0 la Folie Berg\u00e8re"],"articleSection":["Actualit\u00e9","Clip","Rap"],"inLanguage":"fr-FR"},{"@type":"WebPage","@id":"https:\/\/culturbaine.com\/index.php\/2025\/01\/10\/kiff-no-beat-devoile-pas-grave-avant-leur-concert-a-la-folie-bergere\/","url":"https:\/\/culturbaine.com\/index.php\/2025\/01\/10\/kiff-no-beat-devoile-pas-grave-avant-leur-concert-a-la-folie-bergere\/","name":"Kiff No Beat d\u00e9voile \"Pas Grave\" avant leur concert \u00e0 la Folie Berg\u00e8re - Culturbaine","isPartOf":{"@id":"https:\/\/culturbaine.com\/#website"},"primaryImageOfPage":{"@id":"https:\/\/culturbaine.com\/index.php\/2025\/01\/10\/kiff-no-beat-devoile-pas-grave-avant-leur-concert-a-la-folie-bergere\/#primaryimage"},"image":{"@id":"https:\/\/culturbaine.com\/index.php\/2025\/01\/10\/kiff-no-beat-devoile-pas-grave-avant-leur-concert-a-la-folie-bergere\/#primaryimage"},"thumbnailUrl":"https:\/\/culturbaine.com\/wp-content\/uploads\/2025\/01\/17365196898642.jpg","datePublished":"2025-01-10T14:50:36+00:00","dateModified":"2025-01-10T14:50:36+00:00","breadcrumb":{"@id":"https:\/\/culturbaine.com\/index.php\/2025\/01\/10\/kiff-no-beat-devoile-pas-grave-avant-leur-concert-a-la-folie-bergere\/#breadcrumb"},"inLanguage":"fr-FR","potentialAction":[{"@type":"ReadAction","target":["https:\/\/culturbaine.com\/index.php\/2025\/01\/10\/kiff-no-beat-devoile-pas-grave-avant-leur-concert-a-la-folie-bergere\/"]}]},{"@type":"ImageObject","inLanguage":"fr-FR","@id":"https:\/\/culturbaine.com\/index.php\/2025\/01\/10\/kiff-no-beat-devoile-pas-grave-avant-leur-concert-a-la-folie-bergere\/#primaryimage","url":"https:\/\/culturbaine.com\/wp-content\/uploads\/2025\/01\/17365196898642.jpg","contentUrl":"https:\/\/culturbaine.com\/wp-content\/uploads\/2025\/01\/17365196898642.jpg","width":675,"height":487},{"@type":"BreadcrumbList","@id":"https:\/\/culturbaine.com\/index.php\/2025\/01\/10\/kiff-no-beat-devoile-pas-grave-avant-leur-concert-a-la-folie-bergere\/#breadcrumb","itemListElement":[{"@type":"ListItem","position":1,"name":"Home","item":"https:\/\/culturbaine.com\/"},{"@type":"ListItem","position":2,"name":"Kiff No Beat d\u00e9voile \u00ab\u00a0Pas Grave\u00a0\u00bb avant leur concert \u00e0 la Folie Berg\u00e8re"}]},{"@type":"WebSite","@id":"https:\/\/culturbaine.com\/#website","url":"https:\/\/culturbaine.com\/","name":"Culturbaine.com","description":"Toute l&#039;actualit\u00e9 des Cultures Urbaines, en un clic  !","publisher":{"@id":"https:\/\/culturbaine.com\/#organization"},"potentialAction":[{"@type":"SearchAction","target":{"@type":"EntryPoint","urlTemplate":"https:\/\/culturbaine.com\/?s={search_term_string}"},"query-input":{"@type":"PropertyValueSpecification","valueRequired":true,"valueName":"search_term_string"}}],"inLanguage":"fr-FR"},{"@type":"Organization","@id":"https:\/\/culturbaine.com\/#organization","name":"Culturbaine.com","url":"https:\/\/culturbaine.com\/","logo":{"@type":"ImageObject","inLanguage":"fr-FR","@id":"https:\/\/culturbaine.com\/#\/schema\/logo\/image\/","url":"https:\/\/culturbaine.com\/wp-content\/uploads\/2023\/07\/WhatsApp-Image-2023-07-17-at-14.38.18.jpeg","contentUrl":"https:\/\/culturbaine.com\/wp-content\/uploads\/2023\/07\/WhatsApp-Image-2023-07-17-at-14.38.18.jpeg","width":855,"height":270,"caption":"Culturbaine.com"},"image":{"@id":"https:\/\/culturbaine.com\/#\/schema\/logo\/image\/"},"sameAs":["https:\/\/www.facebook.com\/Culturbaines","https:\/\/x.com\/culturbaines"]},{"@type":"Person","@id":"https:\/\/culturbaine.com\/#\/schema\/person\/42eb7485c572e0746c1ea6b8216c3814","name":"admin1","image":{"@type":"ImageObject","inLanguage":"fr-FR","@id":"https:\/\/culturbaine.com\/#\/schema\/person\/image\/","url":"https:\/\/secure.gravatar.com\/avatar\/c268f4d483ce0486e5a10fee87bbf756?s=96&d=mm&r=g","contentUrl":"https:\/\/secure.gravatar.com\/avatar\/c268f4d483ce0486e5a10fee87bbf756?s=96&d=mm&r=g","caption":"admin1"},"url":"https:\/\/culturbaine.com\/index.php\/author\/admin1\/"}]}},"_links":{"self":[{"href":"https:\/\/culturbaine.com\/index.php\/wp-json\/wp\/v2\/posts\/10695"}],"collection":[{"href":"https:\/\/culturbaine.com\/index.php\/wp-json\/wp\/v2\/posts"}],"about":[{"href":"https:\/\/culturbaine.com\/index.php\/wp-json\/wp\/v2\/types\/post"}],"author":[{"embeddable":true,"href":"https:\/\/culturbaine.com\/index.php\/wp-json\/wp\/v2\/users\/2"}],"replies":[{"embeddable":true,"href":"https:\/\/culturbaine.com\/index.php\/wp-json\/wp\/v2\/comments?post=10695"}],"version-history":[{"count":0,"href":"https:\/\/culturbaine.com\/index.php\/wp-json\/wp\/v2\/posts\/10695\/revisions"}],"wp:featuredmedia":[{"embeddable":true,"href":"https:\/\/culturbaine.com\/index.php\/wp-json\/wp\/v2\/media\/10696"}],"wp:attachment":[{"href":"https:\/\/culturbaine.com\/index.php\/wp-json\/wp\/v2\/media?parent=10695"}],"wp:term":[{"taxonomy":"category","embeddable":true,"href":"https:\/\/culturbaine.com\/index.php\/wp-json\/wp\/v2\/categories?post=10695"},{"taxonomy":"post_tag","embeddable":true,"href":"https:\/\/culturbaine.com\/index.php\/wp-json\/wp\/v2\/tags?post=10695"}],"curies":[{"name":"wp","href":"https:\/\/api.w.org\/{rel}","templated":true}]}}