{"id":10683,"date":"2025-01-09T20:00:37","date_gmt":"2025-01-09T20:00:37","guid":{"rendered":"https:\/\/culturbaine.com\/?p=10683"},"modified":"2025-01-09T18:51:46","modified_gmt":"2025-01-09T18:51:46","slug":"ks-bloom-pret-a-defier-le-parc-des-expositions-dabidjan","status":"publish","type":"post","link":"https:\/\/culturbaine.com\/index.php\/2025\/01\/09\/ks-bloom-pret-a-defier-le-parc-des-expositions-dabidjan\/","title":{"rendered":"Ks Bloom pr\u00eat \u00e0 d\u00e9fier le Parc des Expositions d&rsquo;Abidjan !"},"content":{"rendered":"<p>Le <strong>Parc des Expositions d\u2019Abidjan<\/strong>, l\u2019une des plus grandes salles de spectacle en C\u00f4te d\u2019Ivoire, accueillera bient\u00f4t un \u00e9v\u00e9nement in\u00e9dit. Apr\u00e8s des artistes de renom comme <strong>Didi<\/strong> B ou <strong>Himra<\/strong> qui ont marqu\u00e9 cet espace \u00e0 leur mani\u00e8re, c\u2019est au tour du rappeur gospel <strong>Ks Bloom<\/strong> de relever le d\u00e9fi. L\u2019artiste se produira sur cette sc\u00e8ne embl\u00e9matique le 9 f\u00e9vrier 2025.<\/p>\n<p>Cette annonce majeure a \u00e9t\u00e9 faite par Ks Bloom lui-m\u00eame, \u00e0 travers ses plateformes de communication habituelles, suscitant une vive excitation parmi ses fans.<\/p>\n<p>Reconnu comme l\u2019un des piliers du rap ivoirien, <strong>Ks Bloom<\/strong> a su imposer son style unique et inspirant. \u00c0 travers des albums marquants tels que Discipline<strong> dans la ville<\/strong> ou encore <strong>Kdo<\/strong>, il a touch\u00e9 les c\u0153urs de milliers de m\u00e9lomanes avec des messages empreints de foi et d\u2019optimisme.<\/p>\n<p><img loading=\"lazy\" decoding=\"async\" class=\"aligncenter size-full wp-image-10684\" src=\"https:\/\/culturbaine.com\/wp-content\/uploads\/2025\/01\/1736445802304.jpg\" alt=\"\" width=\"720\" height=\"878\" srcset=\"https:\/\/culturbaine.com\/wp-content\/uploads\/2025\/01\/1736445802304.jpg 720w, https:\/\/culturbaine.com\/wp-content\/uploads\/2025\/01\/1736445802304-246x300.jpg 246w\" sizes=\"(max-width: 720px) 100vw, 720px\" \/><\/p>\n<p>Le rendez-vous est pris : le 9 f\u00e9vrier 2025, au <strong>Parc des Expositions d\u2019Abidjan<\/strong>. Ne manquez pas ce moment historique\u202f!<\/p>\n<p><strong>Mohamed Cinq Sylla\u00a0<\/strong><\/p>\n","protected":false},"excerpt":{"rendered":"<p>Le Parc des Expositions d\u2019Abidjan, l\u2019une des plus grandes salles de spectacle en C\u00f4te d\u2019Ivoire, accueillera bient\u00f4t un \u00e9v\u00e9nement in\u00e9dit. Apr\u00e8s des artistes de renom comme Didi B ou Himra qui ont marqu\u00e9 cet espace \u00e0 leur mani\u00e8re, c\u2019est au tour du rappeur gospel Ks Bloom de relever le d\u00e9fi. L\u2019artiste se produira sur cette [&hellip;]<\/p>\n","protected":false},"author":2,"featured_media":10685,"comment_status":"closed","ping_status":"closed","sticky":false,"template":"","format":"standard","meta":{"_mi_skip_tracking":false,"_monsterinsights_sitenote_active":false,"_monsterinsights_sitenote_note":"","_monsterinsights_sitenote_category":0,"footnotes":""},"categories":[21,33,512],"tags":[3581,3583,3582],"class_list":["post-10683","post","type-post","status-publish","format-standard","has-post-thumbnail","hentry","category-actualite","category-agenda","category-rap","tag-ks-bloom-pret-a-defier-le-parc-des-expositions-dabidjan","tag-rappeur-ivoirien-du-gospel","tag-rappeur-ivoirien-ks-bloom"],"yoast_head":"<!-- This site is optimized with the Yoast SEO Premium plugin v20.1 (Yoast SEO v24.0) - https:\/\/yoast.com\/wordpress\/plugins\/seo\/ -->\n<title>Ks Bloom pr\u00eat \u00e0 d\u00e9fier le Parc des Expositions d&#039;Abidjan ! - Culturbaine<\/title>\n<meta name=\"robots\" content=\"index, follow, max-snippet:-1, max-image-preview:large, max-video-preview:-1\" \/>\n<link rel=\"canonical\" href=\"https:\/\/culturbaine.com\/index.php\/2025\/01\/09\/ks-bloom-pret-a-defier-le-parc-des-expositions-dabidjan\/\" \/>\n<meta property=\"og:locale\" content=\"fr_FR\" \/>\n<meta property=\"og:type\" content=\"article\" \/>\n<meta property=\"og:title\" content=\"Ks Bloom pr\u00eat \u00e0 d\u00e9fier le Parc des Expositions d&#039;Abidjan !\" \/>\n<meta property=\"og:description\" content=\"Le Parc des Expositions d\u2019Abidjan, l\u2019une des plus grandes salles de spectacle en C\u00f4te d\u2019Ivoire, accueillera bient\u00f4t un \u00e9v\u00e9nement in\u00e9dit. Apr\u00e8s des artistes de renom comme Didi B ou Himra qui ont marqu\u00e9 cet espace \u00e0 leur mani\u00e8re, c\u2019est au tour du rappeur gospel Ks Bloom de relever le d\u00e9fi. L\u2019artiste se produira sur cette [&hellip;]\" \/>\n<meta property=\"og:url\" content=\"https:\/\/culturbaine.com\/index.php\/2025\/01\/09\/ks-bloom-pret-a-defier-le-parc-des-expositions-dabidjan\/\" \/>\n<meta property=\"og:site_name\" content=\"Culturbaine\" \/>\n<meta property=\"article:publisher\" content=\"https:\/\/www.facebook.com\/Culturbaines\" \/>\n<meta property=\"article:published_time\" content=\"2025-01-09T20:00:37+00:00\" \/>\n<meta property=\"article:modified_time\" content=\"2025-01-09T18:51:46+00:00\" \/>\n<meta property=\"og:image\" content=\"https:\/\/culturbaine.com\/wp-content\/uploads\/2025\/01\/17364480348742.jpg\" \/>\n\t<meta property=\"og:image:width\" content=\"715\" \/>\n\t<meta property=\"og:image:height\" content=\"489\" \/>\n\t<meta property=\"og:image:type\" content=\"image\/jpeg\" \/>\n<meta name=\"author\" content=\"admin1\" \/>\n<meta name=\"twitter:card\" content=\"summary_large_image\" \/>\n<meta name=\"twitter:creator\" content=\"@culturbaines\" \/>\n<meta name=\"twitter:site\" content=\"@culturbaines\" \/>\n<meta name=\"twitter:label1\" content=\"\u00c9crit par\" \/>\n\t<meta name=\"twitter:data1\" content=\"admin1\" \/>\n\t<meta name=\"twitter:label2\" content=\"Dur\u00e9e de lecture estim\u00e9e\" \/>\n\t<meta name=\"twitter:data2\" content=\"2 minutes\" \/>\n<script type=\"application\/ld+json\" class=\"yoast-schema-graph\">{\"@context\":\"https:\/\/schema.org\",\"@graph\":[{\"@type\":\"Article\",\"@id\":\"https:\/\/culturbaine.com\/index.php\/2025\/01\/09\/ks-bloom-pret-a-defier-le-parc-des-expositions-dabidjan\/#article\",\"isPartOf\":{\"@id\":\"https:\/\/culturbaine.com\/index.php\/2025\/01\/09\/ks-bloom-pret-a-defier-le-parc-des-expositions-dabidjan\/\"},\"author\":{\"name\":\"admin1\",\"@id\":\"https:\/\/culturbaine.com\/#\/schema\/person\/42eb7485c572e0746c1ea6b8216c3814\"},\"headline\":\"Ks Bloom pr\u00eat \u00e0 d\u00e9fier le Parc des Expositions d&rsquo;Abidjan !\",\"datePublished\":\"2025-01-09T20:00:37+00:00\",\"dateModified\":\"2025-01-09T18:51:46+00:00\",\"mainEntityOfPage\":{\"@id\":\"https:\/\/culturbaine.com\/index.php\/2025\/01\/09\/ks-bloom-pret-a-defier-le-parc-des-expositions-dabidjan\/\"},\"wordCount\":183,\"publisher\":{\"@id\":\"https:\/\/culturbaine.com\/#organization\"},\"image\":{\"@id\":\"https:\/\/culturbaine.com\/index.php\/2025\/01\/09\/ks-bloom-pret-a-defier-le-parc-des-expositions-dabidjan\/#primaryimage\"},\"thumbnailUrl\":\"https:\/\/culturbaine.com\/wp-content\/uploads\/2025\/01\/17364480348742.jpg\",\"keywords\":[\"Ks Bloom pr\u00eat \u00e0 d\u00e9fier le Parc des Expositions d'Abidjan\",\"Rappeur ivoirien du gospel\",\"rappeur ivoirien KS Bloom\"],\"articleSection\":[\"Actualit\u00e9\",\"Agenda\",\"Rap\"],\"inLanguage\":\"fr-FR\"},{\"@type\":\"WebPage\",\"@id\":\"https:\/\/culturbaine.com\/index.php\/2025\/01\/09\/ks-bloom-pret-a-defier-le-parc-des-expositions-dabidjan\/\",\"url\":\"https:\/\/culturbaine.com\/index.php\/2025\/01\/09\/ks-bloom-pret-a-defier-le-parc-des-expositions-dabidjan\/\",\"name\":\"Ks Bloom pr\u00eat \u00e0 d\u00e9fier le Parc des Expositions d'Abidjan ! - Culturbaine\",\"isPartOf\":{\"@id\":\"https:\/\/culturbaine.com\/#website\"},\"primaryImageOfPage\":{\"@id\":\"https:\/\/culturbaine.com\/index.php\/2025\/01\/09\/ks-bloom-pret-a-defier-le-parc-des-expositions-dabidjan\/#primaryimage\"},\"image\":{\"@id\":\"https:\/\/culturbaine.com\/index.php\/2025\/01\/09\/ks-bloom-pret-a-defier-le-parc-des-expositions-dabidjan\/#primaryimage\"},\"thumbnailUrl\":\"https:\/\/culturbaine.com\/wp-content\/uploads\/2025\/01\/17364480348742.jpg\",\"datePublished\":\"2025-01-09T20:00:37+00:00\",\"dateModified\":\"2025-01-09T18:51:46+00:00\",\"breadcrumb\":{\"@id\":\"https:\/\/culturbaine.com\/index.php\/2025\/01\/09\/ks-bloom-pret-a-defier-le-parc-des-expositions-dabidjan\/#breadcrumb\"},\"inLanguage\":\"fr-FR\",\"potentialAction\":[{\"@type\":\"ReadAction\",\"target\":[\"https:\/\/culturbaine.com\/index.php\/2025\/01\/09\/ks-bloom-pret-a-defier-le-parc-des-expositions-dabidjan\/\"]}]},{\"@type\":\"ImageObject\",\"inLanguage\":\"fr-FR\",\"@id\":\"https:\/\/culturbaine.com\/index.php\/2025\/01\/09\/ks-bloom-pret-a-defier-le-parc-des-expositions-dabidjan\/#primaryimage\",\"url\":\"https:\/\/culturbaine.com\/wp-content\/uploads\/2025\/01\/17364480348742.jpg\",\"contentUrl\":\"https:\/\/culturbaine.com\/wp-content\/uploads\/2025\/01\/17364480348742.jpg\",\"width\":715,\"height\":489},{\"@type\":\"BreadcrumbList\",\"@id\":\"https:\/\/culturbaine.com\/index.php\/2025\/01\/09\/ks-bloom-pret-a-defier-le-parc-des-expositions-dabidjan\/#breadcrumb\",\"itemListElement\":[{\"@type\":\"ListItem\",\"position\":1,\"name\":\"Home\",\"item\":\"https:\/\/culturbaine.com\/\"},{\"@type\":\"ListItem\",\"position\":2,\"name\":\"Ks Bloom pr\u00eat \u00e0 d\u00e9fier le Parc des Expositions d&rsquo;Abidjan !\"}]},{\"@type\":\"WebSite\",\"@id\":\"https:\/\/culturbaine.com\/#website\",\"url\":\"https:\/\/culturbaine.com\/\",\"name\":\"Culturbaine.com\",\"description\":\"Toute l&#039;actualit\u00e9 des Cultures Urbaines, en un clic  !\",\"publisher\":{\"@id\":\"https:\/\/culturbaine.com\/#organization\"},\"potentialAction\":[{\"@type\":\"SearchAction\",\"target\":{\"@type\":\"EntryPoint\",\"urlTemplate\":\"https:\/\/culturbaine.com\/?s={search_term_string}\"},\"query-input\":{\"@type\":\"PropertyValueSpecification\",\"valueRequired\":true,\"valueName\":\"search_term_string\"}}],\"inLanguage\":\"fr-FR\"},{\"@type\":\"Organization\",\"@id\":\"https:\/\/culturbaine.com\/#organization\",\"name\":\"Culturbaine.com\",\"url\":\"https:\/\/culturbaine.com\/\",\"logo\":{\"@type\":\"ImageObject\",\"inLanguage\":\"fr-FR\",\"@id\":\"https:\/\/culturbaine.com\/#\/schema\/logo\/image\/\",\"url\":\"https:\/\/culturbaine.com\/wp-content\/uploads\/2023\/07\/WhatsApp-Image-2023-07-17-at-14.38.18.jpeg\",\"contentUrl\":\"https:\/\/culturbaine.com\/wp-content\/uploads\/2023\/07\/WhatsApp-Image-2023-07-17-at-14.38.18.jpeg\",\"width\":855,\"height\":270,\"caption\":\"Culturbaine.com\"},\"image\":{\"@id\":\"https:\/\/culturbaine.com\/#\/schema\/logo\/image\/\"},\"sameAs\":[\"https:\/\/www.facebook.com\/Culturbaines\",\"https:\/\/x.com\/culturbaines\"]},{\"@type\":\"Person\",\"@id\":\"https:\/\/culturbaine.com\/#\/schema\/person\/42eb7485c572e0746c1ea6b8216c3814\",\"name\":\"admin1\",\"image\":{\"@type\":\"ImageObject\",\"inLanguage\":\"fr-FR\",\"@id\":\"https:\/\/culturbaine.com\/#\/schema\/person\/image\/\",\"url\":\"https:\/\/secure.gravatar.com\/avatar\/c268f4d483ce0486e5a10fee87bbf756?s=96&d=mm&r=g\",\"contentUrl\":\"https:\/\/secure.gravatar.com\/avatar\/c268f4d483ce0486e5a10fee87bbf756?s=96&d=mm&r=g\",\"caption\":\"admin1\"},\"url\":\"https:\/\/culturbaine.com\/index.php\/author\/admin1\/\"}]}<\/script>\n<!-- \/ Yoast SEO Premium plugin. -->","yoast_head_json":{"title":"Ks Bloom pr\u00eat \u00e0 d\u00e9fier le Parc des Expositions d'Abidjan ! - Culturbaine","robots":{"index":"index","follow":"follow","max-snippet":"max-snippet:-1","max-image-preview":"max-image-preview:large","max-video-preview":"max-video-preview:-1"},"canonical":"https:\/\/culturbaine.com\/index.php\/2025\/01\/09\/ks-bloom-pret-a-defier-le-parc-des-expositions-dabidjan\/","og_locale":"fr_FR","og_type":"article","og_title":"Ks Bloom pr\u00eat \u00e0 d\u00e9fier le Parc des Expositions d'Abidjan !","og_description":"Le Parc des Expositions d\u2019Abidjan, l\u2019une des plus grandes salles de spectacle en C\u00f4te d\u2019Ivoire, accueillera bient\u00f4t un \u00e9v\u00e9nement in\u00e9dit. Apr\u00e8s des artistes de renom comme Didi B ou Himra qui ont marqu\u00e9 cet espace \u00e0 leur mani\u00e8re, c\u2019est au tour du rappeur gospel Ks Bloom de relever le d\u00e9fi. L\u2019artiste se produira sur cette [&hellip;]","og_url":"https:\/\/culturbaine.com\/index.php\/2025\/01\/09\/ks-bloom-pret-a-defier-le-parc-des-expositions-dabidjan\/","og_site_name":"Culturbaine","article_publisher":"https:\/\/www.facebook.com\/Culturbaines","article_published_time":"2025-01-09T20:00:37+00:00","article_modified_time":"2025-01-09T18:51:46+00:00","og_image":[{"width":715,"height":489,"url":"https:\/\/culturbaine.com\/wp-content\/uploads\/2025\/01\/17364480348742.jpg","type":"image\/jpeg"}],"author":"admin1","twitter_card":"summary_large_image","twitter_creator":"@culturbaines","twitter_site":"@culturbaines","twitter_misc":{"\u00c9crit par":"admin1","Dur\u00e9e de lecture estim\u00e9e":"2 minutes"},"schema":{"@context":"https:\/\/schema.org","@graph":[{"@type":"Article","@id":"https:\/\/culturbaine.com\/index.php\/2025\/01\/09\/ks-bloom-pret-a-defier-le-parc-des-expositions-dabidjan\/#article","isPartOf":{"@id":"https:\/\/culturbaine.com\/index.php\/2025\/01\/09\/ks-bloom-pret-a-defier-le-parc-des-expositions-dabidjan\/"},"author":{"name":"admin1","@id":"https:\/\/culturbaine.com\/#\/schema\/person\/42eb7485c572e0746c1ea6b8216c3814"},"headline":"Ks Bloom pr\u00eat \u00e0 d\u00e9fier le Parc des Expositions d&rsquo;Abidjan !","datePublished":"2025-01-09T20:00:37+00:00","dateModified":"2025-01-09T18:51:46+00:00","mainEntityOfPage":{"@id":"https:\/\/culturbaine.com\/index.php\/2025\/01\/09\/ks-bloom-pret-a-defier-le-parc-des-expositions-dabidjan\/"},"wordCount":183,"publisher":{"@id":"https:\/\/culturbaine.com\/#organization"},"image":{"@id":"https:\/\/culturbaine.com\/index.php\/2025\/01\/09\/ks-bloom-pret-a-defier-le-parc-des-expositions-dabidjan\/#primaryimage"},"thumbnailUrl":"https:\/\/culturbaine.com\/wp-content\/uploads\/2025\/01\/17364480348742.jpg","keywords":["Ks Bloom pr\u00eat \u00e0 d\u00e9fier le Parc des Expositions d'Abidjan","Rappeur ivoirien du gospel","rappeur ivoirien KS Bloom"],"articleSection":["Actualit\u00e9","Agenda","Rap"],"inLanguage":"fr-FR"},{"@type":"WebPage","@id":"https:\/\/culturbaine.com\/index.php\/2025\/01\/09\/ks-bloom-pret-a-defier-le-parc-des-expositions-dabidjan\/","url":"https:\/\/culturbaine.com\/index.php\/2025\/01\/09\/ks-bloom-pret-a-defier-le-parc-des-expositions-dabidjan\/","name":"Ks Bloom pr\u00eat \u00e0 d\u00e9fier le Parc des Expositions d'Abidjan ! - Culturbaine","isPartOf":{"@id":"https:\/\/culturbaine.com\/#website"},"primaryImageOfPage":{"@id":"https:\/\/culturbaine.com\/index.php\/2025\/01\/09\/ks-bloom-pret-a-defier-le-parc-des-expositions-dabidjan\/#primaryimage"},"image":{"@id":"https:\/\/culturbaine.com\/index.php\/2025\/01\/09\/ks-bloom-pret-a-defier-le-parc-des-expositions-dabidjan\/#primaryimage"},"thumbnailUrl":"https:\/\/culturbaine.com\/wp-content\/uploads\/2025\/01\/17364480348742.jpg","datePublished":"2025-01-09T20:00:37+00:00","dateModified":"2025-01-09T18:51:46+00:00","breadcrumb":{"@id":"https:\/\/culturbaine.com\/index.php\/2025\/01\/09\/ks-bloom-pret-a-defier-le-parc-des-expositions-dabidjan\/#breadcrumb"},"inLanguage":"fr-FR","potentialAction":[{"@type":"ReadAction","target":["https:\/\/culturbaine.com\/index.php\/2025\/01\/09\/ks-bloom-pret-a-defier-le-parc-des-expositions-dabidjan\/"]}]},{"@type":"ImageObject","inLanguage":"fr-FR","@id":"https:\/\/culturbaine.com\/index.php\/2025\/01\/09\/ks-bloom-pret-a-defier-le-parc-des-expositions-dabidjan\/#primaryimage","url":"https:\/\/culturbaine.com\/wp-content\/uploads\/2025\/01\/17364480348742.jpg","contentUrl":"https:\/\/culturbaine.com\/wp-content\/uploads\/2025\/01\/17364480348742.jpg","width":715,"height":489},{"@type":"BreadcrumbList","@id":"https:\/\/culturbaine.com\/index.php\/2025\/01\/09\/ks-bloom-pret-a-defier-le-parc-des-expositions-dabidjan\/#breadcrumb","itemListElement":[{"@type":"ListItem","position":1,"name":"Home","item":"https:\/\/culturbaine.com\/"},{"@type":"ListItem","position":2,"name":"Ks Bloom pr\u00eat \u00e0 d\u00e9fier le Parc des Expositions d&rsquo;Abidjan !"}]},{"@type":"WebSite","@id":"https:\/\/culturbaine.com\/#website","url":"https:\/\/culturbaine.com\/","name":"Culturbaine.com","description":"Toute l&#039;actualit\u00e9 des Cultures Urbaines, en un clic  !","publisher":{"@id":"https:\/\/culturbaine.com\/#organization"},"potentialAction":[{"@type":"SearchAction","target":{"@type":"EntryPoint","urlTemplate":"https:\/\/culturbaine.com\/?s={search_term_string}"},"query-input":{"@type":"PropertyValueSpecification","valueRequired":true,"valueName":"search_term_string"}}],"inLanguage":"fr-FR"},{"@type":"Organization","@id":"https:\/\/culturbaine.com\/#organization","name":"Culturbaine.com","url":"https:\/\/culturbaine.com\/","logo":{"@type":"ImageObject","inLanguage":"fr-FR","@id":"https:\/\/culturbaine.com\/#\/schema\/logo\/image\/","url":"https:\/\/culturbaine.com\/wp-content\/uploads\/2023\/07\/WhatsApp-Image-2023-07-17-at-14.38.18.jpeg","contentUrl":"https:\/\/culturbaine.com\/wp-content\/uploads\/2023\/07\/WhatsApp-Image-2023-07-17-at-14.38.18.jpeg","width":855,"height":270,"caption":"Culturbaine.com"},"image":{"@id":"https:\/\/culturbaine.com\/#\/schema\/logo\/image\/"},"sameAs":["https:\/\/www.facebook.com\/Culturbaines","https:\/\/x.com\/culturbaines"]},{"@type":"Person","@id":"https:\/\/culturbaine.com\/#\/schema\/person\/42eb7485c572e0746c1ea6b8216c3814","name":"admin1","image":{"@type":"ImageObject","inLanguage":"fr-FR","@id":"https:\/\/culturbaine.com\/#\/schema\/person\/image\/","url":"https:\/\/secure.gravatar.com\/avatar\/c268f4d483ce0486e5a10fee87bbf756?s=96&d=mm&r=g","contentUrl":"https:\/\/secure.gravatar.com\/avatar\/c268f4d483ce0486e5a10fee87bbf756?s=96&d=mm&r=g","caption":"admin1"},"url":"https:\/\/culturbaine.com\/index.php\/author\/admin1\/"}]}},"_links":{"self":[{"href":"https:\/\/culturbaine.com\/index.php\/wp-json\/wp\/v2\/posts\/10683"}],"collection":[{"href":"https:\/\/culturbaine.com\/index.php\/wp-json\/wp\/v2\/posts"}],"about":[{"href":"https:\/\/culturbaine.com\/index.php\/wp-json\/wp\/v2\/types\/post"}],"author":[{"embeddable":true,"href":"https:\/\/culturbaine.com\/index.php\/wp-json\/wp\/v2\/users\/2"}],"replies":[{"embeddable":true,"href":"https:\/\/culturbaine.com\/index.php\/wp-json\/wp\/v2\/comments?post=10683"}],"version-history":[{"count":0,"href":"https:\/\/culturbaine.com\/index.php\/wp-json\/wp\/v2\/posts\/10683\/revisions"}],"wp:featuredmedia":[{"embeddable":true,"href":"https:\/\/culturbaine.com\/index.php\/wp-json\/wp\/v2\/media\/10685"}],"wp:attachment":[{"href":"https:\/\/culturbaine.com\/index.php\/wp-json\/wp\/v2\/media?parent=10683"}],"wp:term":[{"taxonomy":"category","embeddable":true,"href":"https:\/\/culturbaine.com\/index.php\/wp-json\/wp\/v2\/categories?post=10683"},{"taxonomy":"post_tag","embeddable":true,"href":"https:\/\/culturbaine.com\/index.php\/wp-json\/wp\/v2\/tags?post=10683"}],"curies":[{"name":"wp","href":"https:\/\/api.w.org\/{rel}","templated":true}]}}