{"id":10672,"date":"2025-01-09T11:45:24","date_gmt":"2025-01-09T11:45:24","guid":{"rendered":"https:\/\/culturbaine.com\/?p=10672"},"modified":"2025-01-09T11:45:24","modified_gmt":"2025-01-09T11:45:24","slug":"jul-iam-et-zidane-immortalises-a-travers-une-fresque-a-marseille","status":"publish","type":"post","link":"https:\/\/culturbaine.com\/index.php\/2025\/01\/09\/jul-iam-et-zidane-immortalises-a-travers-une-fresque-a-marseille\/","title":{"rendered":"Jul, IAM et Zidane immortalis\u00e9s \u00e0 travers une fresque \u00e0 Marseille"},"content":{"rendered":"<p>Le street art continue de rendre hommage aux figures embl\u00e9matiques de Marseille. Cette fois, le m\u00e9dia sp\u00e9cialis\u00e9 <strong>Street Art Avenue<\/strong> a partag\u00e9 des fresques saisissantes r\u00e9alis\u00e9es en l&rsquo;honneur de <strong>Jul, IAM<\/strong>, et <strong>Zin\u00e9dine Zidane,<\/strong> v\u00e9ritables l\u00e9gendes marseillaises.<\/p>\n<p>Ces \u0153uvres murales se trouvent au 51\/53 boulevard Capitaine G\u00e8ze, dans la cit\u00e9 phoc\u00e9enne. Elles sont sign\u00e9es par les artistes talentueux <strong>NYOTA<\/strong> et <strong>Braga Last1<\/strong>, connus pour leur capacit\u00e9 \u00e0 sublimer l&rsquo;art urbain.<\/p>\n<p>Chaque fresque capture l&rsquo;essence et l&rsquo;impact de ces figures sur la culture marseillaise : <strong>Jul<\/strong>, l\u2019ic\u00f4ne du rap contemporain ; <strong>IAM<\/strong>, les pionniers du hip-hop fran\u00e7ais ; et <strong>Zidane<\/strong>, le maestro du football mondial.<\/p>\n<p><img loading=\"lazy\" decoding=\"async\" class=\"aligncenter size-full wp-image-10675\" src=\"https:\/\/culturbaine.com\/wp-content\/uploads\/2025\/01\/1736421844663.jpg\" alt=\"\" width=\"720\" height=\"542\" srcset=\"https:\/\/culturbaine.com\/wp-content\/uploads\/2025\/01\/1736421844663.jpg 720w, https:\/\/culturbaine.com\/wp-content\/uploads\/2025\/01\/1736421844663-300x226.jpg 300w, https:\/\/culturbaine.com\/wp-content\/uploads\/2025\/01\/1736421844663-86x64.jpg 86w\" sizes=\"(max-width: 720px) 100vw, 720px\" \/><\/p>\n<p><img loading=\"lazy\" decoding=\"async\" class=\"aligncenter size-full wp-image-10676\" src=\"https:\/\/culturbaine.com\/wp-content\/uploads\/2025\/01\/1736421847765.jpg\" alt=\"\" width=\"720\" height=\"480\" srcset=\"https:\/\/culturbaine.com\/wp-content\/uploads\/2025\/01\/1736421847765.jpg 720w, https:\/\/culturbaine.com\/wp-content\/uploads\/2025\/01\/1736421847765-300x200.jpg 300w\" sizes=\"(max-width: 720px) 100vw, 720px\" \/><\/p>\n<p><img loading=\"lazy\" decoding=\"async\" class=\"aligncenter size-full wp-image-10677\" src=\"https:\/\/culturbaine.com\/wp-content\/uploads\/2025\/01\/1736421850813.jpg\" alt=\"\" width=\"720\" height=\"480\" srcset=\"https:\/\/culturbaine.com\/wp-content\/uploads\/2025\/01\/1736421850813.jpg 720w, https:\/\/culturbaine.com\/wp-content\/uploads\/2025\/01\/1736421850813-300x200.jpg 300w\" sizes=\"(max-width: 720px) 100vw, 720px\" \/><\/p>\n<p>Si vous \u00eates de passage \u00e0 Marseille, prenez le temps d&rsquo;admirer ces \u0153uvres qui c\u00e9l\u00e8brent la ville et ses h\u00e9ros avec un m\u00e9lange de cr\u00e9ativit\u00e9 et de respect. Une v\u00e9ritable ode \u00e0 l&rsquo;identit\u00e9 marseillaise.<\/p>\n<p>Savourez ces r\u00e9alisations artistiques et laissez-vous inspirer par la richesse du street art local.<\/p>\n<p><strong>Mohamed Cinq Sylla<\/strong><\/p>\n","protected":false},"excerpt":{"rendered":"<p>Le street art continue de rendre hommage aux figures embl\u00e9matiques de Marseille. Cette fois, le m\u00e9dia sp\u00e9cialis\u00e9 Street Art Avenue a partag\u00e9 des fresques saisissantes r\u00e9alis\u00e9es en l&rsquo;honneur de Jul, IAM, et Zin\u00e9dine Zidane, v\u00e9ritables l\u00e9gendes marseillaises. Ces \u0153uvres murales se trouvent au 51\/53 boulevard Capitaine G\u00e8ze, dans la cit\u00e9 phoc\u00e9enne. Elles sont sign\u00e9es par [&hellip;]<\/p>\n","protected":false},"author":2,"featured_media":10678,"comment_status":"closed","ping_status":"closed","sticky":false,"template":"","format":"standard","meta":{"_mi_skip_tracking":false,"_monsterinsights_sitenote_active":false,"_monsterinsights_sitenote_note":"","_monsterinsights_sitenote_category":0,"footnotes":""},"categories":[21,2389],"tags":[3579,1525],"class_list":["post-10672","post","type-post","status-publish","format-standard","has-post-thumbnail","hentry","category-actualite","category-graffiti","tag-iam-et-zidane-immortalises-a-travers-une-fresque-a-marseille","tag-jul"],"yoast_head":"<!-- This site is optimized with the Yoast SEO Premium plugin v20.1 (Yoast SEO v24.0) - https:\/\/yoast.com\/wordpress\/plugins\/seo\/ -->\n<title>Jul, IAM et Zidane immortalis\u00e9s \u00e0 travers une fresque \u00e0 Marseille - Culturbaine<\/title>\n<meta name=\"robots\" content=\"index, follow, max-snippet:-1, max-image-preview:large, max-video-preview:-1\" \/>\n<link rel=\"canonical\" href=\"https:\/\/culturbaine.com\/index.php\/2025\/01\/09\/jul-iam-et-zidane-immortalises-a-travers-une-fresque-a-marseille\/\" \/>\n<meta property=\"og:locale\" content=\"fr_FR\" \/>\n<meta property=\"og:type\" content=\"article\" \/>\n<meta property=\"og:title\" content=\"Jul, IAM et Zidane immortalis\u00e9s \u00e0 travers une fresque \u00e0 Marseille\" \/>\n<meta property=\"og:description\" content=\"Le street art continue de rendre hommage aux figures embl\u00e9matiques de Marseille. Cette fois, le m\u00e9dia sp\u00e9cialis\u00e9 Street Art Avenue a partag\u00e9 des fresques saisissantes r\u00e9alis\u00e9es en l&rsquo;honneur de Jul, IAM, et Zin\u00e9dine Zidane, v\u00e9ritables l\u00e9gendes marseillaises. Ces \u0153uvres murales se trouvent au 51\/53 boulevard Capitaine G\u00e8ze, dans la cit\u00e9 phoc\u00e9enne. Elles sont sign\u00e9es par [&hellip;]\" \/>\n<meta property=\"og:url\" content=\"https:\/\/culturbaine.com\/index.php\/2025\/01\/09\/jul-iam-et-zidane-immortalises-a-travers-une-fresque-a-marseille\/\" \/>\n<meta property=\"og:site_name\" content=\"Culturbaine\" \/>\n<meta property=\"article:publisher\" content=\"https:\/\/www.facebook.com\/Culturbaines\" \/>\n<meta property=\"article:published_time\" content=\"2025-01-09T11:45:24+00:00\" \/>\n<meta property=\"og:image\" content=\"https:\/\/culturbaine.com\/wp-content\/uploads\/2025\/01\/PhotoCollage_1736422581493.png\" \/>\n\t<meta property=\"og:image:width\" content=\"1920\" \/>\n\t<meta property=\"og:image:height\" content=\"1080\" \/>\n\t<meta property=\"og:image:type\" content=\"image\/png\" \/>\n<meta name=\"author\" content=\"admin1\" \/>\n<meta name=\"twitter:card\" content=\"summary_large_image\" \/>\n<meta name=\"twitter:creator\" content=\"@culturbaines\" \/>\n<meta name=\"twitter:site\" content=\"@culturbaines\" \/>\n<meta name=\"twitter:label1\" content=\"\u00c9crit par\" \/>\n\t<meta name=\"twitter:data1\" content=\"admin1\" \/>\n\t<meta name=\"twitter:label2\" content=\"Dur\u00e9e de lecture estim\u00e9e\" \/>\n\t<meta name=\"twitter:data2\" content=\"2 minutes\" \/>\n<script type=\"application\/ld+json\" class=\"yoast-schema-graph\">{\"@context\":\"https:\/\/schema.org\",\"@graph\":[{\"@type\":\"Article\",\"@id\":\"https:\/\/culturbaine.com\/index.php\/2025\/01\/09\/jul-iam-et-zidane-immortalises-a-travers-une-fresque-a-marseille\/#article\",\"isPartOf\":{\"@id\":\"https:\/\/culturbaine.com\/index.php\/2025\/01\/09\/jul-iam-et-zidane-immortalises-a-travers-une-fresque-a-marseille\/\"},\"author\":{\"name\":\"admin1\",\"@id\":\"https:\/\/culturbaine.com\/#\/schema\/person\/42eb7485c572e0746c1ea6b8216c3814\"},\"headline\":\"Jul, IAM et Zidane immortalis\u00e9s \u00e0 travers une fresque \u00e0 Marseille\",\"datePublished\":\"2025-01-09T11:45:24+00:00\",\"dateModified\":\"2025-01-09T11:45:24+00:00\",\"mainEntityOfPage\":{\"@id\":\"https:\/\/culturbaine.com\/index.php\/2025\/01\/09\/jul-iam-et-zidane-immortalises-a-travers-une-fresque-a-marseille\/\"},\"wordCount\":185,\"publisher\":{\"@id\":\"https:\/\/culturbaine.com\/#organization\"},\"image\":{\"@id\":\"https:\/\/culturbaine.com\/index.php\/2025\/01\/09\/jul-iam-et-zidane-immortalises-a-travers-une-fresque-a-marseille\/#primaryimage\"},\"thumbnailUrl\":\"https:\/\/culturbaine.com\/wp-content\/uploads\/2025\/01\/PhotoCollage_1736422581493.png\",\"keywords\":[\"IAM et Zidane immortalis\u00e9s \u00e0 travers une fresque \u00e0 Marseille\",\"Jul\"],\"articleSection\":[\"Actualit\u00e9\",\"Graffiti\"],\"inLanguage\":\"fr-FR\"},{\"@type\":\"WebPage\",\"@id\":\"https:\/\/culturbaine.com\/index.php\/2025\/01\/09\/jul-iam-et-zidane-immortalises-a-travers-une-fresque-a-marseille\/\",\"url\":\"https:\/\/culturbaine.com\/index.php\/2025\/01\/09\/jul-iam-et-zidane-immortalises-a-travers-une-fresque-a-marseille\/\",\"name\":\"Jul, IAM et Zidane immortalis\u00e9s \u00e0 travers une fresque \u00e0 Marseille - Culturbaine\",\"isPartOf\":{\"@id\":\"https:\/\/culturbaine.com\/#website\"},\"primaryImageOfPage\":{\"@id\":\"https:\/\/culturbaine.com\/index.php\/2025\/01\/09\/jul-iam-et-zidane-immortalises-a-travers-une-fresque-a-marseille\/#primaryimage\"},\"image\":{\"@id\":\"https:\/\/culturbaine.com\/index.php\/2025\/01\/09\/jul-iam-et-zidane-immortalises-a-travers-une-fresque-a-marseille\/#primaryimage\"},\"thumbnailUrl\":\"https:\/\/culturbaine.com\/wp-content\/uploads\/2025\/01\/PhotoCollage_1736422581493.png\",\"datePublished\":\"2025-01-09T11:45:24+00:00\",\"dateModified\":\"2025-01-09T11:45:24+00:00\",\"breadcrumb\":{\"@id\":\"https:\/\/culturbaine.com\/index.php\/2025\/01\/09\/jul-iam-et-zidane-immortalises-a-travers-une-fresque-a-marseille\/#breadcrumb\"},\"inLanguage\":\"fr-FR\",\"potentialAction\":[{\"@type\":\"ReadAction\",\"target\":[\"https:\/\/culturbaine.com\/index.php\/2025\/01\/09\/jul-iam-et-zidane-immortalises-a-travers-une-fresque-a-marseille\/\"]}]},{\"@type\":\"ImageObject\",\"inLanguage\":\"fr-FR\",\"@id\":\"https:\/\/culturbaine.com\/index.php\/2025\/01\/09\/jul-iam-et-zidane-immortalises-a-travers-une-fresque-a-marseille\/#primaryimage\",\"url\":\"https:\/\/culturbaine.com\/wp-content\/uploads\/2025\/01\/PhotoCollage_1736422581493.png\",\"contentUrl\":\"https:\/\/culturbaine.com\/wp-content\/uploads\/2025\/01\/PhotoCollage_1736422581493.png\",\"width\":1920,\"height\":1080},{\"@type\":\"BreadcrumbList\",\"@id\":\"https:\/\/culturbaine.com\/index.php\/2025\/01\/09\/jul-iam-et-zidane-immortalises-a-travers-une-fresque-a-marseille\/#breadcrumb\",\"itemListElement\":[{\"@type\":\"ListItem\",\"position\":1,\"name\":\"Home\",\"item\":\"https:\/\/culturbaine.com\/\"},{\"@type\":\"ListItem\",\"position\":2,\"name\":\"Jul, IAM et Zidane immortalis\u00e9s \u00e0 travers une fresque \u00e0 Marseille\"}]},{\"@type\":\"WebSite\",\"@id\":\"https:\/\/culturbaine.com\/#website\",\"url\":\"https:\/\/culturbaine.com\/\",\"name\":\"Culturbaine.com\",\"description\":\"Toute l&#039;actualit\u00e9 des Cultures Urbaines, en un clic  !\",\"publisher\":{\"@id\":\"https:\/\/culturbaine.com\/#organization\"},\"potentialAction\":[{\"@type\":\"SearchAction\",\"target\":{\"@type\":\"EntryPoint\",\"urlTemplate\":\"https:\/\/culturbaine.com\/?s={search_term_string}\"},\"query-input\":{\"@type\":\"PropertyValueSpecification\",\"valueRequired\":true,\"valueName\":\"search_term_string\"}}],\"inLanguage\":\"fr-FR\"},{\"@type\":\"Organization\",\"@id\":\"https:\/\/culturbaine.com\/#organization\",\"name\":\"Culturbaine.com\",\"url\":\"https:\/\/culturbaine.com\/\",\"logo\":{\"@type\":\"ImageObject\",\"inLanguage\":\"fr-FR\",\"@id\":\"https:\/\/culturbaine.com\/#\/schema\/logo\/image\/\",\"url\":\"https:\/\/culturbaine.com\/wp-content\/uploads\/2023\/07\/WhatsApp-Image-2023-07-17-at-14.38.18.jpeg\",\"contentUrl\":\"https:\/\/culturbaine.com\/wp-content\/uploads\/2023\/07\/WhatsApp-Image-2023-07-17-at-14.38.18.jpeg\",\"width\":855,\"height\":270,\"caption\":\"Culturbaine.com\"},\"image\":{\"@id\":\"https:\/\/culturbaine.com\/#\/schema\/logo\/image\/\"},\"sameAs\":[\"https:\/\/www.facebook.com\/Culturbaines\",\"https:\/\/x.com\/culturbaines\"]},{\"@type\":\"Person\",\"@id\":\"https:\/\/culturbaine.com\/#\/schema\/person\/42eb7485c572e0746c1ea6b8216c3814\",\"name\":\"admin1\",\"image\":{\"@type\":\"ImageObject\",\"inLanguage\":\"fr-FR\",\"@id\":\"https:\/\/culturbaine.com\/#\/schema\/person\/image\/\",\"url\":\"https:\/\/secure.gravatar.com\/avatar\/c268f4d483ce0486e5a10fee87bbf756?s=96&d=mm&r=g\",\"contentUrl\":\"https:\/\/secure.gravatar.com\/avatar\/c268f4d483ce0486e5a10fee87bbf756?s=96&d=mm&r=g\",\"caption\":\"admin1\"},\"url\":\"https:\/\/culturbaine.com\/index.php\/author\/admin1\/\"}]}<\/script>\n<!-- \/ Yoast SEO Premium plugin. -->","yoast_head_json":{"title":"Jul, IAM et Zidane immortalis\u00e9s \u00e0 travers une fresque \u00e0 Marseille - Culturbaine","robots":{"index":"index","follow":"follow","max-snippet":"max-snippet:-1","max-image-preview":"max-image-preview:large","max-video-preview":"max-video-preview:-1"},"canonical":"https:\/\/culturbaine.com\/index.php\/2025\/01\/09\/jul-iam-et-zidane-immortalises-a-travers-une-fresque-a-marseille\/","og_locale":"fr_FR","og_type":"article","og_title":"Jul, IAM et Zidane immortalis\u00e9s \u00e0 travers une fresque \u00e0 Marseille","og_description":"Le street art continue de rendre hommage aux figures embl\u00e9matiques de Marseille. Cette fois, le m\u00e9dia sp\u00e9cialis\u00e9 Street Art Avenue a partag\u00e9 des fresques saisissantes r\u00e9alis\u00e9es en l&rsquo;honneur de Jul, IAM, et Zin\u00e9dine Zidane, v\u00e9ritables l\u00e9gendes marseillaises. Ces \u0153uvres murales se trouvent au 51\/53 boulevard Capitaine G\u00e8ze, dans la cit\u00e9 phoc\u00e9enne. Elles sont sign\u00e9es par [&hellip;]","og_url":"https:\/\/culturbaine.com\/index.php\/2025\/01\/09\/jul-iam-et-zidane-immortalises-a-travers-une-fresque-a-marseille\/","og_site_name":"Culturbaine","article_publisher":"https:\/\/www.facebook.com\/Culturbaines","article_published_time":"2025-01-09T11:45:24+00:00","og_image":[{"width":1920,"height":1080,"url":"https:\/\/culturbaine.com\/wp-content\/uploads\/2025\/01\/PhotoCollage_1736422581493.png","type":"image\/png"}],"author":"admin1","twitter_card":"summary_large_image","twitter_creator":"@culturbaines","twitter_site":"@culturbaines","twitter_misc":{"\u00c9crit par":"admin1","Dur\u00e9e de lecture estim\u00e9e":"2 minutes"},"schema":{"@context":"https:\/\/schema.org","@graph":[{"@type":"Article","@id":"https:\/\/culturbaine.com\/index.php\/2025\/01\/09\/jul-iam-et-zidane-immortalises-a-travers-une-fresque-a-marseille\/#article","isPartOf":{"@id":"https:\/\/culturbaine.com\/index.php\/2025\/01\/09\/jul-iam-et-zidane-immortalises-a-travers-une-fresque-a-marseille\/"},"author":{"name":"admin1","@id":"https:\/\/culturbaine.com\/#\/schema\/person\/42eb7485c572e0746c1ea6b8216c3814"},"headline":"Jul, IAM et Zidane immortalis\u00e9s \u00e0 travers une fresque \u00e0 Marseille","datePublished":"2025-01-09T11:45:24+00:00","dateModified":"2025-01-09T11:45:24+00:00","mainEntityOfPage":{"@id":"https:\/\/culturbaine.com\/index.php\/2025\/01\/09\/jul-iam-et-zidane-immortalises-a-travers-une-fresque-a-marseille\/"},"wordCount":185,"publisher":{"@id":"https:\/\/culturbaine.com\/#organization"},"image":{"@id":"https:\/\/culturbaine.com\/index.php\/2025\/01\/09\/jul-iam-et-zidane-immortalises-a-travers-une-fresque-a-marseille\/#primaryimage"},"thumbnailUrl":"https:\/\/culturbaine.com\/wp-content\/uploads\/2025\/01\/PhotoCollage_1736422581493.png","keywords":["IAM et Zidane immortalis\u00e9s \u00e0 travers une fresque \u00e0 Marseille","Jul"],"articleSection":["Actualit\u00e9","Graffiti"],"inLanguage":"fr-FR"},{"@type":"WebPage","@id":"https:\/\/culturbaine.com\/index.php\/2025\/01\/09\/jul-iam-et-zidane-immortalises-a-travers-une-fresque-a-marseille\/","url":"https:\/\/culturbaine.com\/index.php\/2025\/01\/09\/jul-iam-et-zidane-immortalises-a-travers-une-fresque-a-marseille\/","name":"Jul, IAM et Zidane immortalis\u00e9s \u00e0 travers une fresque \u00e0 Marseille - Culturbaine","isPartOf":{"@id":"https:\/\/culturbaine.com\/#website"},"primaryImageOfPage":{"@id":"https:\/\/culturbaine.com\/index.php\/2025\/01\/09\/jul-iam-et-zidane-immortalises-a-travers-une-fresque-a-marseille\/#primaryimage"},"image":{"@id":"https:\/\/culturbaine.com\/index.php\/2025\/01\/09\/jul-iam-et-zidane-immortalises-a-travers-une-fresque-a-marseille\/#primaryimage"},"thumbnailUrl":"https:\/\/culturbaine.com\/wp-content\/uploads\/2025\/01\/PhotoCollage_1736422581493.png","datePublished":"2025-01-09T11:45:24+00:00","dateModified":"2025-01-09T11:45:24+00:00","breadcrumb":{"@id":"https:\/\/culturbaine.com\/index.php\/2025\/01\/09\/jul-iam-et-zidane-immortalises-a-travers-une-fresque-a-marseille\/#breadcrumb"},"inLanguage":"fr-FR","potentialAction":[{"@type":"ReadAction","target":["https:\/\/culturbaine.com\/index.php\/2025\/01\/09\/jul-iam-et-zidane-immortalises-a-travers-une-fresque-a-marseille\/"]}]},{"@type":"ImageObject","inLanguage":"fr-FR","@id":"https:\/\/culturbaine.com\/index.php\/2025\/01\/09\/jul-iam-et-zidane-immortalises-a-travers-une-fresque-a-marseille\/#primaryimage","url":"https:\/\/culturbaine.com\/wp-content\/uploads\/2025\/01\/PhotoCollage_1736422581493.png","contentUrl":"https:\/\/culturbaine.com\/wp-content\/uploads\/2025\/01\/PhotoCollage_1736422581493.png","width":1920,"height":1080},{"@type":"BreadcrumbList","@id":"https:\/\/culturbaine.com\/index.php\/2025\/01\/09\/jul-iam-et-zidane-immortalises-a-travers-une-fresque-a-marseille\/#breadcrumb","itemListElement":[{"@type":"ListItem","position":1,"name":"Home","item":"https:\/\/culturbaine.com\/"},{"@type":"ListItem","position":2,"name":"Jul, IAM et Zidane immortalis\u00e9s \u00e0 travers une fresque \u00e0 Marseille"}]},{"@type":"WebSite","@id":"https:\/\/culturbaine.com\/#website","url":"https:\/\/culturbaine.com\/","name":"Culturbaine.com","description":"Toute l&#039;actualit\u00e9 des Cultures Urbaines, en un clic  !","publisher":{"@id":"https:\/\/culturbaine.com\/#organization"},"potentialAction":[{"@type":"SearchAction","target":{"@type":"EntryPoint","urlTemplate":"https:\/\/culturbaine.com\/?s={search_term_string}"},"query-input":{"@type":"PropertyValueSpecification","valueRequired":true,"valueName":"search_term_string"}}],"inLanguage":"fr-FR"},{"@type":"Organization","@id":"https:\/\/culturbaine.com\/#organization","name":"Culturbaine.com","url":"https:\/\/culturbaine.com\/","logo":{"@type":"ImageObject","inLanguage":"fr-FR","@id":"https:\/\/culturbaine.com\/#\/schema\/logo\/image\/","url":"https:\/\/culturbaine.com\/wp-content\/uploads\/2023\/07\/WhatsApp-Image-2023-07-17-at-14.38.18.jpeg","contentUrl":"https:\/\/culturbaine.com\/wp-content\/uploads\/2023\/07\/WhatsApp-Image-2023-07-17-at-14.38.18.jpeg","width":855,"height":270,"caption":"Culturbaine.com"},"image":{"@id":"https:\/\/culturbaine.com\/#\/schema\/logo\/image\/"},"sameAs":["https:\/\/www.facebook.com\/Culturbaines","https:\/\/x.com\/culturbaines"]},{"@type":"Person","@id":"https:\/\/culturbaine.com\/#\/schema\/person\/42eb7485c572e0746c1ea6b8216c3814","name":"admin1","image":{"@type":"ImageObject","inLanguage":"fr-FR","@id":"https:\/\/culturbaine.com\/#\/schema\/person\/image\/","url":"https:\/\/secure.gravatar.com\/avatar\/c268f4d483ce0486e5a10fee87bbf756?s=96&d=mm&r=g","contentUrl":"https:\/\/secure.gravatar.com\/avatar\/c268f4d483ce0486e5a10fee87bbf756?s=96&d=mm&r=g","caption":"admin1"},"url":"https:\/\/culturbaine.com\/index.php\/author\/admin1\/"}]}},"_links":{"self":[{"href":"https:\/\/culturbaine.com\/index.php\/wp-json\/wp\/v2\/posts\/10672"}],"collection":[{"href":"https:\/\/culturbaine.com\/index.php\/wp-json\/wp\/v2\/posts"}],"about":[{"href":"https:\/\/culturbaine.com\/index.php\/wp-json\/wp\/v2\/types\/post"}],"author":[{"embeddable":true,"href":"https:\/\/culturbaine.com\/index.php\/wp-json\/wp\/v2\/users\/2"}],"replies":[{"embeddable":true,"href":"https:\/\/culturbaine.com\/index.php\/wp-json\/wp\/v2\/comments?post=10672"}],"version-history":[{"count":0,"href":"https:\/\/culturbaine.com\/index.php\/wp-json\/wp\/v2\/posts\/10672\/revisions"}],"wp:featuredmedia":[{"embeddable":true,"href":"https:\/\/culturbaine.com\/index.php\/wp-json\/wp\/v2\/media\/10678"}],"wp:attachment":[{"href":"https:\/\/culturbaine.com\/index.php\/wp-json\/wp\/v2\/media?parent=10672"}],"wp:term":[{"taxonomy":"category","embeddable":true,"href":"https:\/\/culturbaine.com\/index.php\/wp-json\/wp\/v2\/categories?post=10672"},{"taxonomy":"post_tag","embeddable":true,"href":"https:\/\/culturbaine.com\/index.php\/wp-json\/wp\/v2\/tags?post=10672"}],"curies":[{"name":"wp","href":"https:\/\/api.w.org\/{rel}","templated":true}]}}