{"id":10664,"date":"2025-01-08T14:00:41","date_gmt":"2025-01-08T14:00:41","guid":{"rendered":"https:\/\/culturbaine.com\/?p=10664"},"modified":"2025-01-08T13:56:01","modified_gmt":"2025-01-08T13:56:01","slug":"le-slam-a-la-croisee-des-continents-rendez-vous-en-belgique-pour-le-slamcubatorlab","status":"publish","type":"post","link":"https:\/\/culturbaine.com\/index.php\/2025\/01\/08\/le-slam-a-la-croisee-des-continents-rendez-vous-en-belgique-pour-le-slamcubatorlab\/","title":{"rendered":"Le Slam \u00e0 la Crois\u00e9e des Continents : Rendez-vous en Belgique pour le SlamCubatorLab"},"content":{"rendered":"<p>La <strong>World Poetry Slam Organization (WPSO)<\/strong> lance une initiative ambitieuse visant \u00e0 promouvoir la collaboration entre le Sud et le Nord \u00e0 travers le slam po\u00e9tique. Baptis\u00e9 <strong>SlamCubatorLab<\/strong>, ce projet r\u00e9unit des leaders mondiaux du slam pour explorer la cr\u00e9ativit\u00e9, favoriser l\u2019inclusivit\u00e9 et maximiser l\u2019impact de cet art.<\/p>\n<p>Du 12 au 15 janvier 2025, la Belgique, plus pr\u00e9cis\u00e9ment en Flandre, accueillera 30 organisateurs et artistes venus d\u2019Europe, d\u2019Afrique, d\u2019Asie et des Am\u00e9riques (Abya Yala). Ce rassemblement in\u00e9dit a pour but de renforcer les liens au sein du r\u00e9seau mondial du slam po\u00e9tique.<\/p>\n<p>Le <strong>SlamCubatorLab<\/strong> s\u2019articule autour de plusieurs objectifs : le renforcement du r\u00e9seau mondial de slam po\u00e9tique, l&rsquo;am\u00e9lioration des strat\u00e9gies organisationnelles, le d\u00e9veloppement des meilleures pratiques et la pr\u00e9paration de candidatures compl\u00e8tes pour les futurs championnats europ\u00e9ens et mondiaux de slam po\u00e9tique.<\/p>\n<p>Au-del\u00e0 des aspects techniques, l\u2019initiative met en avant des valeurs fondamentales. Elle priorise : l&rsquo;inclusion,\u00a0 la d\u00e9colonisation, la libert\u00e9 d&rsquo;expression et \u00e0 la professionnalisation du slam po\u00e9tique en tant que forme d&rsquo;art.<\/p>\n<p>En soutenant la professionnalisation du slam, le <strong>SlamCubatorLab<\/strong> se positionne comme un acteur cl\u00e9 dans l\u2019\u00e9volution de cet art, alliant innovation artistique et impact global.<\/p>\n<p><strong>Mohamed Cinq Sylla<\/strong><\/p>\n","protected":false},"excerpt":{"rendered":"<p>La World Poetry Slam Organization (WPSO) lance une initiative ambitieuse visant \u00e0 promouvoir la collaboration entre le Sud et le Nord \u00e0 travers le slam po\u00e9tique. Baptis\u00e9 SlamCubatorLab, ce projet r\u00e9unit des leaders mondiaux du slam pour explorer la cr\u00e9ativit\u00e9, favoriser l\u2019inclusivit\u00e9 et maximiser l\u2019impact de cet art. Du 12 au 15 janvier 2025, la [&hellip;]<\/p>\n","protected":false},"author":2,"featured_media":10666,"comment_status":"closed","ping_status":"closed","sticky":false,"template":"","format":"standard","meta":{"_mi_skip_tracking":false,"_monsterinsights_sitenote_active":false,"_monsterinsights_sitenote_note":"","_monsterinsights_sitenote_category":0,"footnotes":""},"categories":[21,33,2386],"tags":[],"class_list":["post-10664","post","type-post","status-publish","format-standard","has-post-thumbnail","hentry","category-actualite","category-agenda","category-slam"],"yoast_head":"<!-- This site is optimized with the Yoast SEO Premium plugin v20.1 (Yoast SEO v24.0) - https:\/\/yoast.com\/wordpress\/plugins\/seo\/ -->\n<title>Le Slam \u00e0 la Crois\u00e9e des Continents : Rendez-vous en Belgique pour le SlamCubatorLab - Culturbaine<\/title>\n<meta name=\"robots\" content=\"index, follow, max-snippet:-1, max-image-preview:large, max-video-preview:-1\" \/>\n<link rel=\"canonical\" href=\"https:\/\/culturbaine.com\/index.php\/2025\/01\/08\/le-slam-a-la-croisee-des-continents-rendez-vous-en-belgique-pour-le-slamcubatorlab\/\" \/>\n<meta property=\"og:locale\" content=\"fr_FR\" \/>\n<meta property=\"og:type\" content=\"article\" \/>\n<meta property=\"og:title\" content=\"Le Slam \u00e0 la Crois\u00e9e des Continents : Rendez-vous en Belgique pour le SlamCubatorLab\" \/>\n<meta property=\"og:description\" content=\"La World Poetry Slam Organization (WPSO) lance une initiative ambitieuse visant \u00e0 promouvoir la collaboration entre le Sud et le Nord \u00e0 travers le slam po\u00e9tique. Baptis\u00e9 SlamCubatorLab, ce projet r\u00e9unit des leaders mondiaux du slam pour explorer la cr\u00e9ativit\u00e9, favoriser l\u2019inclusivit\u00e9 et maximiser l\u2019impact de cet art. Du 12 au 15 janvier 2025, la [&hellip;]\" \/>\n<meta property=\"og:url\" content=\"https:\/\/culturbaine.com\/index.php\/2025\/01\/08\/le-slam-a-la-croisee-des-continents-rendez-vous-en-belgique-pour-le-slamcubatorlab\/\" \/>\n<meta property=\"og:site_name\" content=\"Culturbaine\" \/>\n<meta property=\"article:publisher\" content=\"https:\/\/www.facebook.com\/Culturbaines\" \/>\n<meta property=\"article:published_time\" content=\"2025-01-08T14:00:41+00:00\" \/>\n<meta property=\"article:modified_time\" content=\"2025-01-08T13:56:01+00:00\" \/>\n<meta property=\"og:image\" content=\"https:\/\/culturbaine.com\/wp-content\/uploads\/2025\/01\/17363204321522.jpg\" \/>\n\t<meta property=\"og:image:width\" content=\"720\" \/>\n\t<meta property=\"og:image:height\" content=\"556\" \/>\n\t<meta property=\"og:image:type\" content=\"image\/jpeg\" \/>\n<meta name=\"author\" content=\"admin1\" \/>\n<meta name=\"twitter:card\" content=\"summary_large_image\" \/>\n<meta name=\"twitter:creator\" content=\"@culturbaines\" \/>\n<meta name=\"twitter:site\" content=\"@culturbaines\" \/>\n<meta name=\"twitter:label1\" content=\"\u00c9crit par\" \/>\n\t<meta name=\"twitter:data1\" content=\"admin1\" \/>\n\t<meta name=\"twitter:label2\" content=\"Dur\u00e9e de lecture estim\u00e9e\" \/>\n\t<meta name=\"twitter:data2\" content=\"2 minutes\" \/>\n<script type=\"application\/ld+json\" class=\"yoast-schema-graph\">{\"@context\":\"https:\/\/schema.org\",\"@graph\":[{\"@type\":\"Article\",\"@id\":\"https:\/\/culturbaine.com\/index.php\/2025\/01\/08\/le-slam-a-la-croisee-des-continents-rendez-vous-en-belgique-pour-le-slamcubatorlab\/#article\",\"isPartOf\":{\"@id\":\"https:\/\/culturbaine.com\/index.php\/2025\/01\/08\/le-slam-a-la-croisee-des-continents-rendez-vous-en-belgique-pour-le-slamcubatorlab\/\"},\"author\":{\"name\":\"admin1\",\"@id\":\"https:\/\/culturbaine.com\/#\/schema\/person\/42eb7485c572e0746c1ea6b8216c3814\"},\"headline\":\"Le Slam \u00e0 la Crois\u00e9e des Continents : Rendez-vous en Belgique pour le SlamCubatorLab\",\"datePublished\":\"2025-01-08T14:00:41+00:00\",\"dateModified\":\"2025-01-08T13:56:01+00:00\",\"mainEntityOfPage\":{\"@id\":\"https:\/\/culturbaine.com\/index.php\/2025\/01\/08\/le-slam-a-la-croisee-des-continents-rendez-vous-en-belgique-pour-le-slamcubatorlab\/\"},\"wordCount\":229,\"publisher\":{\"@id\":\"https:\/\/culturbaine.com\/#organization\"},\"image\":{\"@id\":\"https:\/\/culturbaine.com\/index.php\/2025\/01\/08\/le-slam-a-la-croisee-des-continents-rendez-vous-en-belgique-pour-le-slamcubatorlab\/#primaryimage\"},\"thumbnailUrl\":\"https:\/\/culturbaine.com\/wp-content\/uploads\/2025\/01\/17363204321522.jpg\",\"articleSection\":[\"Actualit\u00e9\",\"Agenda\",\"Slam\"],\"inLanguage\":\"fr-FR\"},{\"@type\":\"WebPage\",\"@id\":\"https:\/\/culturbaine.com\/index.php\/2025\/01\/08\/le-slam-a-la-croisee-des-continents-rendez-vous-en-belgique-pour-le-slamcubatorlab\/\",\"url\":\"https:\/\/culturbaine.com\/index.php\/2025\/01\/08\/le-slam-a-la-croisee-des-continents-rendez-vous-en-belgique-pour-le-slamcubatorlab\/\",\"name\":\"Le Slam \u00e0 la Crois\u00e9e des Continents : Rendez-vous en Belgique pour le SlamCubatorLab - Culturbaine\",\"isPartOf\":{\"@id\":\"https:\/\/culturbaine.com\/#website\"},\"primaryImageOfPage\":{\"@id\":\"https:\/\/culturbaine.com\/index.php\/2025\/01\/08\/le-slam-a-la-croisee-des-continents-rendez-vous-en-belgique-pour-le-slamcubatorlab\/#primaryimage\"},\"image\":{\"@id\":\"https:\/\/culturbaine.com\/index.php\/2025\/01\/08\/le-slam-a-la-croisee-des-continents-rendez-vous-en-belgique-pour-le-slamcubatorlab\/#primaryimage\"},\"thumbnailUrl\":\"https:\/\/culturbaine.com\/wp-content\/uploads\/2025\/01\/17363204321522.jpg\",\"datePublished\":\"2025-01-08T14:00:41+00:00\",\"dateModified\":\"2025-01-08T13:56:01+00:00\",\"breadcrumb\":{\"@id\":\"https:\/\/culturbaine.com\/index.php\/2025\/01\/08\/le-slam-a-la-croisee-des-continents-rendez-vous-en-belgique-pour-le-slamcubatorlab\/#breadcrumb\"},\"inLanguage\":\"fr-FR\",\"potentialAction\":[{\"@type\":\"ReadAction\",\"target\":[\"https:\/\/culturbaine.com\/index.php\/2025\/01\/08\/le-slam-a-la-croisee-des-continents-rendez-vous-en-belgique-pour-le-slamcubatorlab\/\"]}]},{\"@type\":\"ImageObject\",\"inLanguage\":\"fr-FR\",\"@id\":\"https:\/\/culturbaine.com\/index.php\/2025\/01\/08\/le-slam-a-la-croisee-des-continents-rendez-vous-en-belgique-pour-le-slamcubatorlab\/#primaryimage\",\"url\":\"https:\/\/culturbaine.com\/wp-content\/uploads\/2025\/01\/17363204321522.jpg\",\"contentUrl\":\"https:\/\/culturbaine.com\/wp-content\/uploads\/2025\/01\/17363204321522.jpg\",\"width\":720,\"height\":556},{\"@type\":\"BreadcrumbList\",\"@id\":\"https:\/\/culturbaine.com\/index.php\/2025\/01\/08\/le-slam-a-la-croisee-des-continents-rendez-vous-en-belgique-pour-le-slamcubatorlab\/#breadcrumb\",\"itemListElement\":[{\"@type\":\"ListItem\",\"position\":1,\"name\":\"Home\",\"item\":\"https:\/\/culturbaine.com\/\"},{\"@type\":\"ListItem\",\"position\":2,\"name\":\"Le Slam \u00e0 la Crois\u00e9e des Continents : Rendez-vous en Belgique pour le SlamCubatorLab\"}]},{\"@type\":\"WebSite\",\"@id\":\"https:\/\/culturbaine.com\/#website\",\"url\":\"https:\/\/culturbaine.com\/\",\"name\":\"Culturbaine.com\",\"description\":\"Toute l&#039;actualit\u00e9 des Cultures Urbaines, en un clic  !\",\"publisher\":{\"@id\":\"https:\/\/culturbaine.com\/#organization\"},\"potentialAction\":[{\"@type\":\"SearchAction\",\"target\":{\"@type\":\"EntryPoint\",\"urlTemplate\":\"https:\/\/culturbaine.com\/?s={search_term_string}\"},\"query-input\":{\"@type\":\"PropertyValueSpecification\",\"valueRequired\":true,\"valueName\":\"search_term_string\"}}],\"inLanguage\":\"fr-FR\"},{\"@type\":\"Organization\",\"@id\":\"https:\/\/culturbaine.com\/#organization\",\"name\":\"Culturbaine.com\",\"url\":\"https:\/\/culturbaine.com\/\",\"logo\":{\"@type\":\"ImageObject\",\"inLanguage\":\"fr-FR\",\"@id\":\"https:\/\/culturbaine.com\/#\/schema\/logo\/image\/\",\"url\":\"https:\/\/culturbaine.com\/wp-content\/uploads\/2023\/07\/WhatsApp-Image-2023-07-17-at-14.38.18.jpeg\",\"contentUrl\":\"https:\/\/culturbaine.com\/wp-content\/uploads\/2023\/07\/WhatsApp-Image-2023-07-17-at-14.38.18.jpeg\",\"width\":855,\"height\":270,\"caption\":\"Culturbaine.com\"},\"image\":{\"@id\":\"https:\/\/culturbaine.com\/#\/schema\/logo\/image\/\"},\"sameAs\":[\"https:\/\/www.facebook.com\/Culturbaines\",\"https:\/\/x.com\/culturbaines\"]},{\"@type\":\"Person\",\"@id\":\"https:\/\/culturbaine.com\/#\/schema\/person\/42eb7485c572e0746c1ea6b8216c3814\",\"name\":\"admin1\",\"image\":{\"@type\":\"ImageObject\",\"inLanguage\":\"fr-FR\",\"@id\":\"https:\/\/culturbaine.com\/#\/schema\/person\/image\/\",\"url\":\"https:\/\/secure.gravatar.com\/avatar\/c268f4d483ce0486e5a10fee87bbf756?s=96&d=mm&r=g\",\"contentUrl\":\"https:\/\/secure.gravatar.com\/avatar\/c268f4d483ce0486e5a10fee87bbf756?s=96&d=mm&r=g\",\"caption\":\"admin1\"},\"url\":\"https:\/\/culturbaine.com\/index.php\/author\/admin1\/\"}]}<\/script>\n<!-- \/ Yoast SEO Premium plugin. -->","yoast_head_json":{"title":"Le Slam \u00e0 la Crois\u00e9e des Continents : Rendez-vous en Belgique pour le SlamCubatorLab - Culturbaine","robots":{"index":"index","follow":"follow","max-snippet":"max-snippet:-1","max-image-preview":"max-image-preview:large","max-video-preview":"max-video-preview:-1"},"canonical":"https:\/\/culturbaine.com\/index.php\/2025\/01\/08\/le-slam-a-la-croisee-des-continents-rendez-vous-en-belgique-pour-le-slamcubatorlab\/","og_locale":"fr_FR","og_type":"article","og_title":"Le Slam \u00e0 la Crois\u00e9e des Continents : Rendez-vous en Belgique pour le SlamCubatorLab","og_description":"La World Poetry Slam Organization (WPSO) lance une initiative ambitieuse visant \u00e0 promouvoir la collaboration entre le Sud et le Nord \u00e0 travers le slam po\u00e9tique. Baptis\u00e9 SlamCubatorLab, ce projet r\u00e9unit des leaders mondiaux du slam pour explorer la cr\u00e9ativit\u00e9, favoriser l\u2019inclusivit\u00e9 et maximiser l\u2019impact de cet art. Du 12 au 15 janvier 2025, la [&hellip;]","og_url":"https:\/\/culturbaine.com\/index.php\/2025\/01\/08\/le-slam-a-la-croisee-des-continents-rendez-vous-en-belgique-pour-le-slamcubatorlab\/","og_site_name":"Culturbaine","article_publisher":"https:\/\/www.facebook.com\/Culturbaines","article_published_time":"2025-01-08T14:00:41+00:00","article_modified_time":"2025-01-08T13:56:01+00:00","og_image":[{"width":720,"height":556,"url":"https:\/\/culturbaine.com\/wp-content\/uploads\/2025\/01\/17363204321522.jpg","type":"image\/jpeg"}],"author":"admin1","twitter_card":"summary_large_image","twitter_creator":"@culturbaines","twitter_site":"@culturbaines","twitter_misc":{"\u00c9crit par":"admin1","Dur\u00e9e de lecture estim\u00e9e":"2 minutes"},"schema":{"@context":"https:\/\/schema.org","@graph":[{"@type":"Article","@id":"https:\/\/culturbaine.com\/index.php\/2025\/01\/08\/le-slam-a-la-croisee-des-continents-rendez-vous-en-belgique-pour-le-slamcubatorlab\/#article","isPartOf":{"@id":"https:\/\/culturbaine.com\/index.php\/2025\/01\/08\/le-slam-a-la-croisee-des-continents-rendez-vous-en-belgique-pour-le-slamcubatorlab\/"},"author":{"name":"admin1","@id":"https:\/\/culturbaine.com\/#\/schema\/person\/42eb7485c572e0746c1ea6b8216c3814"},"headline":"Le Slam \u00e0 la Crois\u00e9e des Continents : Rendez-vous en Belgique pour le SlamCubatorLab","datePublished":"2025-01-08T14:00:41+00:00","dateModified":"2025-01-08T13:56:01+00:00","mainEntityOfPage":{"@id":"https:\/\/culturbaine.com\/index.php\/2025\/01\/08\/le-slam-a-la-croisee-des-continents-rendez-vous-en-belgique-pour-le-slamcubatorlab\/"},"wordCount":229,"publisher":{"@id":"https:\/\/culturbaine.com\/#organization"},"image":{"@id":"https:\/\/culturbaine.com\/index.php\/2025\/01\/08\/le-slam-a-la-croisee-des-continents-rendez-vous-en-belgique-pour-le-slamcubatorlab\/#primaryimage"},"thumbnailUrl":"https:\/\/culturbaine.com\/wp-content\/uploads\/2025\/01\/17363204321522.jpg","articleSection":["Actualit\u00e9","Agenda","Slam"],"inLanguage":"fr-FR"},{"@type":"WebPage","@id":"https:\/\/culturbaine.com\/index.php\/2025\/01\/08\/le-slam-a-la-croisee-des-continents-rendez-vous-en-belgique-pour-le-slamcubatorlab\/","url":"https:\/\/culturbaine.com\/index.php\/2025\/01\/08\/le-slam-a-la-croisee-des-continents-rendez-vous-en-belgique-pour-le-slamcubatorlab\/","name":"Le Slam \u00e0 la Crois\u00e9e des Continents : Rendez-vous en Belgique pour le SlamCubatorLab - Culturbaine","isPartOf":{"@id":"https:\/\/culturbaine.com\/#website"},"primaryImageOfPage":{"@id":"https:\/\/culturbaine.com\/index.php\/2025\/01\/08\/le-slam-a-la-croisee-des-continents-rendez-vous-en-belgique-pour-le-slamcubatorlab\/#primaryimage"},"image":{"@id":"https:\/\/culturbaine.com\/index.php\/2025\/01\/08\/le-slam-a-la-croisee-des-continents-rendez-vous-en-belgique-pour-le-slamcubatorlab\/#primaryimage"},"thumbnailUrl":"https:\/\/culturbaine.com\/wp-content\/uploads\/2025\/01\/17363204321522.jpg","datePublished":"2025-01-08T14:00:41+00:00","dateModified":"2025-01-08T13:56:01+00:00","breadcrumb":{"@id":"https:\/\/culturbaine.com\/index.php\/2025\/01\/08\/le-slam-a-la-croisee-des-continents-rendez-vous-en-belgique-pour-le-slamcubatorlab\/#breadcrumb"},"inLanguage":"fr-FR","potentialAction":[{"@type":"ReadAction","target":["https:\/\/culturbaine.com\/index.php\/2025\/01\/08\/le-slam-a-la-croisee-des-continents-rendez-vous-en-belgique-pour-le-slamcubatorlab\/"]}]},{"@type":"ImageObject","inLanguage":"fr-FR","@id":"https:\/\/culturbaine.com\/index.php\/2025\/01\/08\/le-slam-a-la-croisee-des-continents-rendez-vous-en-belgique-pour-le-slamcubatorlab\/#primaryimage","url":"https:\/\/culturbaine.com\/wp-content\/uploads\/2025\/01\/17363204321522.jpg","contentUrl":"https:\/\/culturbaine.com\/wp-content\/uploads\/2025\/01\/17363204321522.jpg","width":720,"height":556},{"@type":"BreadcrumbList","@id":"https:\/\/culturbaine.com\/index.php\/2025\/01\/08\/le-slam-a-la-croisee-des-continents-rendez-vous-en-belgique-pour-le-slamcubatorlab\/#breadcrumb","itemListElement":[{"@type":"ListItem","position":1,"name":"Home","item":"https:\/\/culturbaine.com\/"},{"@type":"ListItem","position":2,"name":"Le Slam \u00e0 la Crois\u00e9e des Continents : Rendez-vous en Belgique pour le SlamCubatorLab"}]},{"@type":"WebSite","@id":"https:\/\/culturbaine.com\/#website","url":"https:\/\/culturbaine.com\/","name":"Culturbaine.com","description":"Toute l&#039;actualit\u00e9 des Cultures Urbaines, en un clic  !","publisher":{"@id":"https:\/\/culturbaine.com\/#organization"},"potentialAction":[{"@type":"SearchAction","target":{"@type":"EntryPoint","urlTemplate":"https:\/\/culturbaine.com\/?s={search_term_string}"},"query-input":{"@type":"PropertyValueSpecification","valueRequired":true,"valueName":"search_term_string"}}],"inLanguage":"fr-FR"},{"@type":"Organization","@id":"https:\/\/culturbaine.com\/#organization","name":"Culturbaine.com","url":"https:\/\/culturbaine.com\/","logo":{"@type":"ImageObject","inLanguage":"fr-FR","@id":"https:\/\/culturbaine.com\/#\/schema\/logo\/image\/","url":"https:\/\/culturbaine.com\/wp-content\/uploads\/2023\/07\/WhatsApp-Image-2023-07-17-at-14.38.18.jpeg","contentUrl":"https:\/\/culturbaine.com\/wp-content\/uploads\/2023\/07\/WhatsApp-Image-2023-07-17-at-14.38.18.jpeg","width":855,"height":270,"caption":"Culturbaine.com"},"image":{"@id":"https:\/\/culturbaine.com\/#\/schema\/logo\/image\/"},"sameAs":["https:\/\/www.facebook.com\/Culturbaines","https:\/\/x.com\/culturbaines"]},{"@type":"Person","@id":"https:\/\/culturbaine.com\/#\/schema\/person\/42eb7485c572e0746c1ea6b8216c3814","name":"admin1","image":{"@type":"ImageObject","inLanguage":"fr-FR","@id":"https:\/\/culturbaine.com\/#\/schema\/person\/image\/","url":"https:\/\/secure.gravatar.com\/avatar\/c268f4d483ce0486e5a10fee87bbf756?s=96&d=mm&r=g","contentUrl":"https:\/\/secure.gravatar.com\/avatar\/c268f4d483ce0486e5a10fee87bbf756?s=96&d=mm&r=g","caption":"admin1"},"url":"https:\/\/culturbaine.com\/index.php\/author\/admin1\/"}]}},"_links":{"self":[{"href":"https:\/\/culturbaine.com\/index.php\/wp-json\/wp\/v2\/posts\/10664"}],"collection":[{"href":"https:\/\/culturbaine.com\/index.php\/wp-json\/wp\/v2\/posts"}],"about":[{"href":"https:\/\/culturbaine.com\/index.php\/wp-json\/wp\/v2\/types\/post"}],"author":[{"embeddable":true,"href":"https:\/\/culturbaine.com\/index.php\/wp-json\/wp\/v2\/users\/2"}],"replies":[{"embeddable":true,"href":"https:\/\/culturbaine.com\/index.php\/wp-json\/wp\/v2\/comments?post=10664"}],"version-history":[{"count":0,"href":"https:\/\/culturbaine.com\/index.php\/wp-json\/wp\/v2\/posts\/10664\/revisions"}],"wp:featuredmedia":[{"embeddable":true,"href":"https:\/\/culturbaine.com\/index.php\/wp-json\/wp\/v2\/media\/10666"}],"wp:attachment":[{"href":"https:\/\/culturbaine.com\/index.php\/wp-json\/wp\/v2\/media?parent=10664"}],"wp:term":[{"taxonomy":"category","embeddable":true,"href":"https:\/\/culturbaine.com\/index.php\/wp-json\/wp\/v2\/categories?post=10664"},{"taxonomy":"post_tag","embeddable":true,"href":"https:\/\/culturbaine.com\/index.php\/wp-json\/wp\/v2\/tags?post=10664"}],"curies":[{"name":"wp","href":"https:\/\/api.w.org\/{rel}","templated":true}]}}