{"id":10619,"date":"2025-01-04T21:02:54","date_gmt":"2025-01-04T21:02:54","guid":{"rendered":"https:\/\/culturbaine.com\/?p=10619"},"modified":"2025-01-04T21:02:54","modified_gmt":"2025-01-04T21:02:54","slug":"one-time-annonce-macka-traore-nest-plus-son-manager-depuis-pres-dun-an","status":"publish","type":"post","link":"https:\/\/culturbaine.com\/index.php\/2025\/01\/04\/one-time-annonce-macka-traore-nest-plus-son-manager-depuis-pres-dun-an\/","title":{"rendered":"One Time annonce : Macka Traor\u00e9 n\u2019est plus son manager depuis pr\u00e8s d\u2019un an"},"content":{"rendered":"<p>Dans une r\u00e9cente interview accord\u00e9e \u00e0 la plateforme Facebook <strong>Coz 1P<\/strong>, le chanteur guin\u00e9en de musique urbaine, <strong>One Time<\/strong>, a annonc\u00e9 officiellement que <strong>Macka<\/strong> <strong>Traor\u00e9<\/strong>, fondateur de la structure <strong>Mack Team,<\/strong> n\u2019est plus son manager depuis pres d\u2019un an.<\/p>\n<p>Bien qu\u2019ils soient tous deux originaires de Fria, leur collaboration n\u2019\u00e9tait pas formalis\u00e9e par un contrat professionnel, mais reposait sur une relation fraternelle.<\/p>\n<p>Aujourd\u2019hui, <strong>One Time<\/strong> poursuit sa carri\u00e8re en solo. Connu pour son c\u00e9l\u00e8bre slogan \u00ab <strong>Pouw\u00e9<\/strong> \u00bb, l\u2019artiste ne cesse de consolider sa place dans l\u2019univers de la musique urbaine guin\u00e9enne. Actuellement, il travaille avec d\u00e9termination sur son deuxi\u00e8me album, qui ne tardera plus \u00e0 sortir.<\/p>\n<p>Avec cette nouvelle \u00e9tape, <strong>One Time<\/strong> semble pr\u00eat \u00e0 \u00e9crire un nouveau chapitre de sa carri\u00e8re artistique.<\/p>\n<p><strong>Mohamed Cinq Sylla<\/strong><\/p>\n","protected":false},"excerpt":{"rendered":"<p>Dans une r\u00e9cente interview accord\u00e9e \u00e0 la plateforme Facebook Coz 1P, le chanteur guin\u00e9en de musique urbaine, One Time, a annonc\u00e9 officiellement que Macka Traor\u00e9, fondateur de la structure Mack Team, n\u2019est plus son manager depuis pres d\u2019un an. Bien qu\u2019ils soient tous deux originaires de Fria, leur collaboration n\u2019\u00e9tait pas formalis\u00e9e par un contrat [&hellip;]<\/p>\n","protected":false},"author":2,"featured_media":10620,"comment_status":"closed","ping_status":"closed","sticky":false,"template":"","format":"standard","meta":{"_mi_skip_tracking":false,"_monsterinsights_sitenote_active":false,"_monsterinsights_sitenote_note":"","_monsterinsights_sitenote_category":0,"footnotes":""},"categories":[21],"tags":[3564],"class_list":["post-10619","post","type-post","status-publish","format-standard","has-post-thumbnail","hentry","category-actualite","tag-macka-traore-nest-plus-le-manager-de-one-time"],"yoast_head":"<!-- This site is optimized with the Yoast SEO Premium plugin v20.1 (Yoast SEO v24.0) - https:\/\/yoast.com\/wordpress\/plugins\/seo\/ -->\n<title>One Time annonce : Macka Traor\u00e9 n\u2019est plus son manager depuis pr\u00e8s d\u2019un an - Culturbaine<\/title>\n<meta name=\"robots\" content=\"index, follow, max-snippet:-1, max-image-preview:large, max-video-preview:-1\" \/>\n<link rel=\"canonical\" href=\"https:\/\/culturbaine.com\/index.php\/2025\/01\/04\/one-time-annonce-macka-traore-nest-plus-son-manager-depuis-pres-dun-an\/\" \/>\n<meta property=\"og:locale\" content=\"fr_FR\" \/>\n<meta property=\"og:type\" content=\"article\" \/>\n<meta property=\"og:title\" content=\"One Time annonce : Macka Traor\u00e9 n\u2019est plus son manager depuis pr\u00e8s d\u2019un an\" \/>\n<meta property=\"og:description\" content=\"Dans une r\u00e9cente interview accord\u00e9e \u00e0 la plateforme Facebook Coz 1P, le chanteur guin\u00e9en de musique urbaine, One Time, a annonc\u00e9 officiellement que Macka Traor\u00e9, fondateur de la structure Mack Team, n\u2019est plus son manager depuis pres d\u2019un an. Bien qu\u2019ils soient tous deux originaires de Fria, leur collaboration n\u2019\u00e9tait pas formalis\u00e9e par un contrat [&hellip;]\" \/>\n<meta property=\"og:url\" content=\"https:\/\/culturbaine.com\/index.php\/2025\/01\/04\/one-time-annonce-macka-traore-nest-plus-son-manager-depuis-pres-dun-an\/\" \/>\n<meta property=\"og:site_name\" content=\"Culturbaine\" \/>\n<meta property=\"article:publisher\" content=\"https:\/\/www.facebook.com\/Culturbaines\" \/>\n<meta property=\"article:published_time\" content=\"2025-01-04T21:02:54+00:00\" \/>\n<meta property=\"og:image\" content=\"https:\/\/culturbaine.com\/wp-content\/uploads\/2025\/01\/1736024241321.jpg\" \/>\n\t<meta property=\"og:image:width\" content=\"720\" \/>\n\t<meta property=\"og:image:height\" content=\"480\" \/>\n\t<meta property=\"og:image:type\" content=\"image\/jpeg\" \/>\n<meta name=\"author\" content=\"admin1\" \/>\n<meta name=\"twitter:card\" content=\"summary_large_image\" \/>\n<meta name=\"twitter:creator\" content=\"@culturbaines\" \/>\n<meta name=\"twitter:site\" content=\"@culturbaines\" \/>\n<meta name=\"twitter:label1\" content=\"\u00c9crit par\" \/>\n\t<meta name=\"twitter:data1\" content=\"admin1\" \/>\n\t<meta name=\"twitter:label2\" content=\"Dur\u00e9e de lecture estim\u00e9e\" \/>\n\t<meta name=\"twitter:data2\" content=\"1 minute\" \/>\n<script type=\"application\/ld+json\" class=\"yoast-schema-graph\">{\"@context\":\"https:\/\/schema.org\",\"@graph\":[{\"@type\":\"Article\",\"@id\":\"https:\/\/culturbaine.com\/index.php\/2025\/01\/04\/one-time-annonce-macka-traore-nest-plus-son-manager-depuis-pres-dun-an\/#article\",\"isPartOf\":{\"@id\":\"https:\/\/culturbaine.com\/index.php\/2025\/01\/04\/one-time-annonce-macka-traore-nest-plus-son-manager-depuis-pres-dun-an\/\"},\"author\":{\"name\":\"admin1\",\"@id\":\"https:\/\/culturbaine.com\/#\/schema\/person\/42eb7485c572e0746c1ea6b8216c3814\"},\"headline\":\"One Time annonce : Macka Traor\u00e9 n\u2019est plus son manager depuis pr\u00e8s d\u2019un an\",\"datePublished\":\"2025-01-04T21:02:54+00:00\",\"dateModified\":\"2025-01-04T21:02:54+00:00\",\"mainEntityOfPage\":{\"@id\":\"https:\/\/culturbaine.com\/index.php\/2025\/01\/04\/one-time-annonce-macka-traore-nest-plus-son-manager-depuis-pres-dun-an\/\"},\"wordCount\":157,\"publisher\":{\"@id\":\"https:\/\/culturbaine.com\/#organization\"},\"image\":{\"@id\":\"https:\/\/culturbaine.com\/index.php\/2025\/01\/04\/one-time-annonce-macka-traore-nest-plus-son-manager-depuis-pres-dun-an\/#primaryimage\"},\"thumbnailUrl\":\"https:\/\/culturbaine.com\/wp-content\/uploads\/2025\/01\/1736024241321.jpg\",\"keywords\":[\"Macka Traor\u00e9 n'est plus le manager de One Time\"],\"articleSection\":[\"Actualit\u00e9\"],\"inLanguage\":\"fr-FR\"},{\"@type\":\"WebPage\",\"@id\":\"https:\/\/culturbaine.com\/index.php\/2025\/01\/04\/one-time-annonce-macka-traore-nest-plus-son-manager-depuis-pres-dun-an\/\",\"url\":\"https:\/\/culturbaine.com\/index.php\/2025\/01\/04\/one-time-annonce-macka-traore-nest-plus-son-manager-depuis-pres-dun-an\/\",\"name\":\"One Time annonce : Macka Traor\u00e9 n\u2019est plus son manager depuis pr\u00e8s d\u2019un an - Culturbaine\",\"isPartOf\":{\"@id\":\"https:\/\/culturbaine.com\/#website\"},\"primaryImageOfPage\":{\"@id\":\"https:\/\/culturbaine.com\/index.php\/2025\/01\/04\/one-time-annonce-macka-traore-nest-plus-son-manager-depuis-pres-dun-an\/#primaryimage\"},\"image\":{\"@id\":\"https:\/\/culturbaine.com\/index.php\/2025\/01\/04\/one-time-annonce-macka-traore-nest-plus-son-manager-depuis-pres-dun-an\/#primaryimage\"},\"thumbnailUrl\":\"https:\/\/culturbaine.com\/wp-content\/uploads\/2025\/01\/1736024241321.jpg\",\"datePublished\":\"2025-01-04T21:02:54+00:00\",\"dateModified\":\"2025-01-04T21:02:54+00:00\",\"breadcrumb\":{\"@id\":\"https:\/\/culturbaine.com\/index.php\/2025\/01\/04\/one-time-annonce-macka-traore-nest-plus-son-manager-depuis-pres-dun-an\/#breadcrumb\"},\"inLanguage\":\"fr-FR\",\"potentialAction\":[{\"@type\":\"ReadAction\",\"target\":[\"https:\/\/culturbaine.com\/index.php\/2025\/01\/04\/one-time-annonce-macka-traore-nest-plus-son-manager-depuis-pres-dun-an\/\"]}]},{\"@type\":\"ImageObject\",\"inLanguage\":\"fr-FR\",\"@id\":\"https:\/\/culturbaine.com\/index.php\/2025\/01\/04\/one-time-annonce-macka-traore-nest-plus-son-manager-depuis-pres-dun-an\/#primaryimage\",\"url\":\"https:\/\/culturbaine.com\/wp-content\/uploads\/2025\/01\/1736024241321.jpg\",\"contentUrl\":\"https:\/\/culturbaine.com\/wp-content\/uploads\/2025\/01\/1736024241321.jpg\",\"width\":720,\"height\":480},{\"@type\":\"BreadcrumbList\",\"@id\":\"https:\/\/culturbaine.com\/index.php\/2025\/01\/04\/one-time-annonce-macka-traore-nest-plus-son-manager-depuis-pres-dun-an\/#breadcrumb\",\"itemListElement\":[{\"@type\":\"ListItem\",\"position\":1,\"name\":\"Home\",\"item\":\"https:\/\/culturbaine.com\/\"},{\"@type\":\"ListItem\",\"position\":2,\"name\":\"One Time annonce : Macka Traor\u00e9 n\u2019est plus son manager depuis pr\u00e8s d\u2019un an\"}]},{\"@type\":\"WebSite\",\"@id\":\"https:\/\/culturbaine.com\/#website\",\"url\":\"https:\/\/culturbaine.com\/\",\"name\":\"Culturbaine.com\",\"description\":\"Toute l&#039;actualit\u00e9 des Cultures Urbaines, en un clic  !\",\"publisher\":{\"@id\":\"https:\/\/culturbaine.com\/#organization\"},\"potentialAction\":[{\"@type\":\"SearchAction\",\"target\":{\"@type\":\"EntryPoint\",\"urlTemplate\":\"https:\/\/culturbaine.com\/?s={search_term_string}\"},\"query-input\":{\"@type\":\"PropertyValueSpecification\",\"valueRequired\":true,\"valueName\":\"search_term_string\"}}],\"inLanguage\":\"fr-FR\"},{\"@type\":\"Organization\",\"@id\":\"https:\/\/culturbaine.com\/#organization\",\"name\":\"Culturbaine.com\",\"url\":\"https:\/\/culturbaine.com\/\",\"logo\":{\"@type\":\"ImageObject\",\"inLanguage\":\"fr-FR\",\"@id\":\"https:\/\/culturbaine.com\/#\/schema\/logo\/image\/\",\"url\":\"https:\/\/culturbaine.com\/wp-content\/uploads\/2023\/07\/WhatsApp-Image-2023-07-17-at-14.38.18.jpeg\",\"contentUrl\":\"https:\/\/culturbaine.com\/wp-content\/uploads\/2023\/07\/WhatsApp-Image-2023-07-17-at-14.38.18.jpeg\",\"width\":855,\"height\":270,\"caption\":\"Culturbaine.com\"},\"image\":{\"@id\":\"https:\/\/culturbaine.com\/#\/schema\/logo\/image\/\"},\"sameAs\":[\"https:\/\/www.facebook.com\/Culturbaines\",\"https:\/\/x.com\/culturbaines\"]},{\"@type\":\"Person\",\"@id\":\"https:\/\/culturbaine.com\/#\/schema\/person\/42eb7485c572e0746c1ea6b8216c3814\",\"name\":\"admin1\",\"image\":{\"@type\":\"ImageObject\",\"inLanguage\":\"fr-FR\",\"@id\":\"https:\/\/culturbaine.com\/#\/schema\/person\/image\/\",\"url\":\"https:\/\/secure.gravatar.com\/avatar\/c268f4d483ce0486e5a10fee87bbf756?s=96&d=mm&r=g\",\"contentUrl\":\"https:\/\/secure.gravatar.com\/avatar\/c268f4d483ce0486e5a10fee87bbf756?s=96&d=mm&r=g\",\"caption\":\"admin1\"},\"url\":\"https:\/\/culturbaine.com\/index.php\/author\/admin1\/\"}]}<\/script>\n<!-- \/ Yoast SEO Premium plugin. -->","yoast_head_json":{"title":"One Time annonce : Macka Traor\u00e9 n\u2019est plus son manager depuis pr\u00e8s d\u2019un an - Culturbaine","robots":{"index":"index","follow":"follow","max-snippet":"max-snippet:-1","max-image-preview":"max-image-preview:large","max-video-preview":"max-video-preview:-1"},"canonical":"https:\/\/culturbaine.com\/index.php\/2025\/01\/04\/one-time-annonce-macka-traore-nest-plus-son-manager-depuis-pres-dun-an\/","og_locale":"fr_FR","og_type":"article","og_title":"One Time annonce : Macka Traor\u00e9 n\u2019est plus son manager depuis pr\u00e8s d\u2019un an","og_description":"Dans une r\u00e9cente interview accord\u00e9e \u00e0 la plateforme Facebook Coz 1P, le chanteur guin\u00e9en de musique urbaine, One Time, a annonc\u00e9 officiellement que Macka Traor\u00e9, fondateur de la structure Mack Team, n\u2019est plus son manager depuis pres d\u2019un an. Bien qu\u2019ils soient tous deux originaires de Fria, leur collaboration n\u2019\u00e9tait pas formalis\u00e9e par un contrat [&hellip;]","og_url":"https:\/\/culturbaine.com\/index.php\/2025\/01\/04\/one-time-annonce-macka-traore-nest-plus-son-manager-depuis-pres-dun-an\/","og_site_name":"Culturbaine","article_publisher":"https:\/\/www.facebook.com\/Culturbaines","article_published_time":"2025-01-04T21:02:54+00:00","og_image":[{"width":720,"height":480,"url":"https:\/\/culturbaine.com\/wp-content\/uploads\/2025\/01\/1736024241321.jpg","type":"image\/jpeg"}],"author":"admin1","twitter_card":"summary_large_image","twitter_creator":"@culturbaines","twitter_site":"@culturbaines","twitter_misc":{"\u00c9crit par":"admin1","Dur\u00e9e de lecture estim\u00e9e":"1 minute"},"schema":{"@context":"https:\/\/schema.org","@graph":[{"@type":"Article","@id":"https:\/\/culturbaine.com\/index.php\/2025\/01\/04\/one-time-annonce-macka-traore-nest-plus-son-manager-depuis-pres-dun-an\/#article","isPartOf":{"@id":"https:\/\/culturbaine.com\/index.php\/2025\/01\/04\/one-time-annonce-macka-traore-nest-plus-son-manager-depuis-pres-dun-an\/"},"author":{"name":"admin1","@id":"https:\/\/culturbaine.com\/#\/schema\/person\/42eb7485c572e0746c1ea6b8216c3814"},"headline":"One Time annonce : Macka Traor\u00e9 n\u2019est plus son manager depuis pr\u00e8s d\u2019un an","datePublished":"2025-01-04T21:02:54+00:00","dateModified":"2025-01-04T21:02:54+00:00","mainEntityOfPage":{"@id":"https:\/\/culturbaine.com\/index.php\/2025\/01\/04\/one-time-annonce-macka-traore-nest-plus-son-manager-depuis-pres-dun-an\/"},"wordCount":157,"publisher":{"@id":"https:\/\/culturbaine.com\/#organization"},"image":{"@id":"https:\/\/culturbaine.com\/index.php\/2025\/01\/04\/one-time-annonce-macka-traore-nest-plus-son-manager-depuis-pres-dun-an\/#primaryimage"},"thumbnailUrl":"https:\/\/culturbaine.com\/wp-content\/uploads\/2025\/01\/1736024241321.jpg","keywords":["Macka Traor\u00e9 n'est plus le manager de One Time"],"articleSection":["Actualit\u00e9"],"inLanguage":"fr-FR"},{"@type":"WebPage","@id":"https:\/\/culturbaine.com\/index.php\/2025\/01\/04\/one-time-annonce-macka-traore-nest-plus-son-manager-depuis-pres-dun-an\/","url":"https:\/\/culturbaine.com\/index.php\/2025\/01\/04\/one-time-annonce-macka-traore-nest-plus-son-manager-depuis-pres-dun-an\/","name":"One Time annonce : Macka Traor\u00e9 n\u2019est plus son manager depuis pr\u00e8s d\u2019un an - Culturbaine","isPartOf":{"@id":"https:\/\/culturbaine.com\/#website"},"primaryImageOfPage":{"@id":"https:\/\/culturbaine.com\/index.php\/2025\/01\/04\/one-time-annonce-macka-traore-nest-plus-son-manager-depuis-pres-dun-an\/#primaryimage"},"image":{"@id":"https:\/\/culturbaine.com\/index.php\/2025\/01\/04\/one-time-annonce-macka-traore-nest-plus-son-manager-depuis-pres-dun-an\/#primaryimage"},"thumbnailUrl":"https:\/\/culturbaine.com\/wp-content\/uploads\/2025\/01\/1736024241321.jpg","datePublished":"2025-01-04T21:02:54+00:00","dateModified":"2025-01-04T21:02:54+00:00","breadcrumb":{"@id":"https:\/\/culturbaine.com\/index.php\/2025\/01\/04\/one-time-annonce-macka-traore-nest-plus-son-manager-depuis-pres-dun-an\/#breadcrumb"},"inLanguage":"fr-FR","potentialAction":[{"@type":"ReadAction","target":["https:\/\/culturbaine.com\/index.php\/2025\/01\/04\/one-time-annonce-macka-traore-nest-plus-son-manager-depuis-pres-dun-an\/"]}]},{"@type":"ImageObject","inLanguage":"fr-FR","@id":"https:\/\/culturbaine.com\/index.php\/2025\/01\/04\/one-time-annonce-macka-traore-nest-plus-son-manager-depuis-pres-dun-an\/#primaryimage","url":"https:\/\/culturbaine.com\/wp-content\/uploads\/2025\/01\/1736024241321.jpg","contentUrl":"https:\/\/culturbaine.com\/wp-content\/uploads\/2025\/01\/1736024241321.jpg","width":720,"height":480},{"@type":"BreadcrumbList","@id":"https:\/\/culturbaine.com\/index.php\/2025\/01\/04\/one-time-annonce-macka-traore-nest-plus-son-manager-depuis-pres-dun-an\/#breadcrumb","itemListElement":[{"@type":"ListItem","position":1,"name":"Home","item":"https:\/\/culturbaine.com\/"},{"@type":"ListItem","position":2,"name":"One Time annonce : Macka Traor\u00e9 n\u2019est plus son manager depuis pr\u00e8s d\u2019un an"}]},{"@type":"WebSite","@id":"https:\/\/culturbaine.com\/#website","url":"https:\/\/culturbaine.com\/","name":"Culturbaine.com","description":"Toute l&#039;actualit\u00e9 des Cultures Urbaines, en un clic  !","publisher":{"@id":"https:\/\/culturbaine.com\/#organization"},"potentialAction":[{"@type":"SearchAction","target":{"@type":"EntryPoint","urlTemplate":"https:\/\/culturbaine.com\/?s={search_term_string}"},"query-input":{"@type":"PropertyValueSpecification","valueRequired":true,"valueName":"search_term_string"}}],"inLanguage":"fr-FR"},{"@type":"Organization","@id":"https:\/\/culturbaine.com\/#organization","name":"Culturbaine.com","url":"https:\/\/culturbaine.com\/","logo":{"@type":"ImageObject","inLanguage":"fr-FR","@id":"https:\/\/culturbaine.com\/#\/schema\/logo\/image\/","url":"https:\/\/culturbaine.com\/wp-content\/uploads\/2023\/07\/WhatsApp-Image-2023-07-17-at-14.38.18.jpeg","contentUrl":"https:\/\/culturbaine.com\/wp-content\/uploads\/2023\/07\/WhatsApp-Image-2023-07-17-at-14.38.18.jpeg","width":855,"height":270,"caption":"Culturbaine.com"},"image":{"@id":"https:\/\/culturbaine.com\/#\/schema\/logo\/image\/"},"sameAs":["https:\/\/www.facebook.com\/Culturbaines","https:\/\/x.com\/culturbaines"]},{"@type":"Person","@id":"https:\/\/culturbaine.com\/#\/schema\/person\/42eb7485c572e0746c1ea6b8216c3814","name":"admin1","image":{"@type":"ImageObject","inLanguage":"fr-FR","@id":"https:\/\/culturbaine.com\/#\/schema\/person\/image\/","url":"https:\/\/secure.gravatar.com\/avatar\/c268f4d483ce0486e5a10fee87bbf756?s=96&d=mm&r=g","contentUrl":"https:\/\/secure.gravatar.com\/avatar\/c268f4d483ce0486e5a10fee87bbf756?s=96&d=mm&r=g","caption":"admin1"},"url":"https:\/\/culturbaine.com\/index.php\/author\/admin1\/"}]}},"_links":{"self":[{"href":"https:\/\/culturbaine.com\/index.php\/wp-json\/wp\/v2\/posts\/10619"}],"collection":[{"href":"https:\/\/culturbaine.com\/index.php\/wp-json\/wp\/v2\/posts"}],"about":[{"href":"https:\/\/culturbaine.com\/index.php\/wp-json\/wp\/v2\/types\/post"}],"author":[{"embeddable":true,"href":"https:\/\/culturbaine.com\/index.php\/wp-json\/wp\/v2\/users\/2"}],"replies":[{"embeddable":true,"href":"https:\/\/culturbaine.com\/index.php\/wp-json\/wp\/v2\/comments?post=10619"}],"version-history":[{"count":0,"href":"https:\/\/culturbaine.com\/index.php\/wp-json\/wp\/v2\/posts\/10619\/revisions"}],"wp:featuredmedia":[{"embeddable":true,"href":"https:\/\/culturbaine.com\/index.php\/wp-json\/wp\/v2\/media\/10620"}],"wp:attachment":[{"href":"https:\/\/culturbaine.com\/index.php\/wp-json\/wp\/v2\/media?parent=10619"}],"wp:term":[{"taxonomy":"category","embeddable":true,"href":"https:\/\/culturbaine.com\/index.php\/wp-json\/wp\/v2\/categories?post=10619"},{"taxonomy":"post_tag","embeddable":true,"href":"https:\/\/culturbaine.com\/index.php\/wp-json\/wp\/v2\/tags?post=10619"}],"curies":[{"name":"wp","href":"https:\/\/api.w.org\/{rel}","templated":true}]}}