{"id":10493,"date":"2024-12-24T11:40:41","date_gmt":"2024-12-24T11:40:41","guid":{"rendered":"https:\/\/culturbaine.com\/?p=10493"},"modified":"2024-12-24T11:40:41","modified_gmt":"2024-12-24T11:40:41","slug":"booba-revele-lorigine-de-ses-piques-envers-kylian-mbappe","status":"publish","type":"post","link":"https:\/\/culturbaine.com\/index.php\/2024\/12\/24\/booba-revele-lorigine-de-ses-piques-envers-kylian-mbappe\/","title":{"rendered":"Booba r\u00e9v\u00e8le l\u2019origine de ses piques envers Kylian Mbapp\u00e9"},"content":{"rendered":"<p>Le rappeur fran\u00e7ais <strong>Booba<\/strong>, souvent au c\u0153ur de pol\u00e9miques, a r\u00e9cemment \u00e9voqu\u00e9 ses diff\u00e9rends avec <strong>Kylian<\/strong> <strong>Mbapp\u00e9<\/strong>, la star du football fran\u00e7ais et soci\u00e9taire du Real Madrid. Invit\u00e9 sur l\u2019\u00e9mission YouTube de <strong>CKO<\/strong>, \u00ab\u00a0Le Duc de Boulogne\u00a0\u00bb a expliqu\u00e9 les raisons de ses critiques envers l\u2019enfant de Bondy.<\/p>\n<p><strong>Booba<\/strong> a d\u2019abord exprim\u00e9 sa d\u00e9ception face \u00e0 l\u2019image v\u00e9hicul\u00e9e par <strong>Kylian Mbapp\u00e9.<\/strong> Selon lui, le joueur aurait d\u00fb incarner davantage ses origines africaines, camerounaises et alg\u00e9riennes, et repr\u00e9senter les banlieues fran\u00e7aises d\u2019une mani\u00e8re plus fid\u00e8le.<\/p>\n<p>\u00ab <em><strong>\u00c7a ne veut rien dire, c\u2019est un gars du 93. Pourquoi je ne l\u2019aime pas ? Je pensais qu\u2019il allait \u00eatre une \u00e9g\u00e9rie de la banlieue, des gars comme nous, qu\u2019il allait repr\u00e9senter ses racines africaines : camerounaises et alg\u00e9riennes. J\u2019ai eu trop d\u2019attentes \u00bb,<\/strong> <\/em>a confi\u00e9 le rappeur.<\/p>\n<p>Le rappeur de Boulogne reproche \u00e9galement \u00e0 <strong>Mbapp\u00e9<\/strong> de ne pas avoir montr\u00e9 un r\u00e9el int\u00e9r\u00eat pour ses origines. Il a point\u00e9 du doigt l&rsquo;absence de visites significatives en Alg\u00e9rie ou au Cameroun avant d\u2019\u00eatre riche et c\u00e9l\u00e8bre.<\/p>\n<p><em><strong>\u00ab Il n\u2019est m\u00eame pas all\u00e9 en Alg\u00e9rie. C\u2019est inadmissible. \u00c0 quel \u00e2ge a-t-il \u00e9t\u00e9 au Cameroun ? Moi, j\u2019\u00e9tais \u00e0 Gor\u00e9e, j\u2019avais 10 ans. Lui, il y est all\u00e9 super riche, avec les cam\u00e9ras. Il n\u2019a m\u00eame pas tweet\u00e9 quand l\u2019Alg\u00e9rie a gagn\u00e9 la CAN<\/strong><\/em> \u00bb, a-t-il soulign\u00e9.<\/p>\n<p>Au-del\u00e0 de ces reproches, <strong>Booba<\/strong> semble \u00e9galement \u00eatre en d\u00e9saccord avec la personnalit\u00e9 de l&rsquo;attaquant.<\/p>\n<p>\u00ab <em><strong>Il est inint\u00e9ressant. Je n\u2019aime pas sa personnalit\u00e9<\/strong><\/em> \u00bb, a-t-il conclu.<\/p>\n<p>Ces d\u00e9clarations ne manqueront pas de raviver la pol\u00e9mique entre les deux personnalit\u00e9s, souvent au centre des d\u00e9bats sur les r\u00e9seaux sociaux. Reste \u00e0 voir si <strong>Kylian Mbapp\u00e9<\/strong> choisira de r\u00e9pondre ou d\u2019ignorer ces critiques.<\/p>\n<p><strong>Mohamed Cinq Sylla<\/strong><\/p>\n","protected":false},"excerpt":{"rendered":"<p>Le rappeur fran\u00e7ais Booba, souvent au c\u0153ur de pol\u00e9miques, a r\u00e9cemment \u00e9voqu\u00e9 ses diff\u00e9rends avec Kylian Mbapp\u00e9, la star du football fran\u00e7ais et soci\u00e9taire du Real Madrid. Invit\u00e9 sur l\u2019\u00e9mission YouTube de CKO, \u00ab\u00a0Le Duc de Boulogne\u00a0\u00bb a expliqu\u00e9 les raisons de ses critiques envers l\u2019enfant de Bondy. Booba a d\u2019abord exprim\u00e9 sa d\u00e9ception face [&hellip;]<\/p>\n","protected":false},"author":2,"featured_media":10494,"comment_status":"closed","ping_status":"closed","sticky":false,"template":"","format":"standard","meta":{"_mi_skip_tracking":false,"_monsterinsights_sitenote_active":false,"_monsterinsights_sitenote_note":"","_monsterinsights_sitenote_category":0,"footnotes":""},"categories":[21,512],"tags":[3528,3527],"class_list":["post-10493","post","type-post","status-publish","format-standard","has-post-thumbnail","hentry","category-actualite","category-rap","tag-booba-en-clash-avec-mbappe","tag-booba-revele-lorigine-de-ses-piques-envers-kylian-mbappe"],"yoast_head":"<!-- This site is optimized with the Yoast SEO Premium plugin v20.1 (Yoast SEO v24.0) - https:\/\/yoast.com\/wordpress\/plugins\/seo\/ -->\n<title>Booba r\u00e9v\u00e8le l\u2019origine de ses piques envers Kylian Mbapp\u00e9 - Culturbaine<\/title>\n<meta name=\"robots\" content=\"index, follow, max-snippet:-1, max-image-preview:large, max-video-preview:-1\" \/>\n<link rel=\"canonical\" href=\"https:\/\/culturbaine.com\/index.php\/2024\/12\/24\/booba-revele-lorigine-de-ses-piques-envers-kylian-mbappe\/\" \/>\n<meta property=\"og:locale\" content=\"fr_FR\" \/>\n<meta property=\"og:type\" content=\"article\" \/>\n<meta property=\"og:title\" content=\"Booba r\u00e9v\u00e8le l\u2019origine de ses piques envers Kylian Mbapp\u00e9\" \/>\n<meta property=\"og:description\" content=\"Le rappeur fran\u00e7ais Booba, souvent au c\u0153ur de pol\u00e9miques, a r\u00e9cemment \u00e9voqu\u00e9 ses diff\u00e9rends avec Kylian Mbapp\u00e9, la star du football fran\u00e7ais et soci\u00e9taire du Real Madrid. Invit\u00e9 sur l\u2019\u00e9mission YouTube de CKO, \u00ab\u00a0Le Duc de Boulogne\u00a0\u00bb a expliqu\u00e9 les raisons de ses critiques envers l\u2019enfant de Bondy. Booba a d\u2019abord exprim\u00e9 sa d\u00e9ception face [&hellip;]\" \/>\n<meta property=\"og:url\" content=\"https:\/\/culturbaine.com\/index.php\/2024\/12\/24\/booba-revele-lorigine-de-ses-piques-envers-kylian-mbappe\/\" \/>\n<meta property=\"og:site_name\" content=\"Culturbaine\" \/>\n<meta property=\"article:publisher\" content=\"https:\/\/www.facebook.com\/Culturbaines\" \/>\n<meta property=\"article:published_time\" content=\"2024-12-24T11:40:41+00:00\" \/>\n<meta property=\"og:image\" content=\"https:\/\/culturbaine.com\/wp-content\/uploads\/2024\/12\/PhotoCollage_1735040065803.png\" \/>\n\t<meta property=\"og:image:width\" content=\"1920\" \/>\n\t<meta property=\"og:image:height\" content=\"1080\" \/>\n\t<meta property=\"og:image:type\" content=\"image\/png\" \/>\n<meta name=\"author\" content=\"admin1\" \/>\n<meta name=\"twitter:card\" content=\"summary_large_image\" \/>\n<meta name=\"twitter:creator\" content=\"@culturbaines\" \/>\n<meta name=\"twitter:site\" content=\"@culturbaines\" \/>\n<meta name=\"twitter:label1\" content=\"\u00c9crit par\" \/>\n\t<meta name=\"twitter:data1\" content=\"admin1\" \/>\n\t<meta name=\"twitter:label2\" content=\"Dur\u00e9e de lecture estim\u00e9e\" \/>\n\t<meta name=\"twitter:data2\" content=\"2 minutes\" \/>\n<script type=\"application\/ld+json\" class=\"yoast-schema-graph\">{\"@context\":\"https:\/\/schema.org\",\"@graph\":[{\"@type\":\"Article\",\"@id\":\"https:\/\/culturbaine.com\/index.php\/2024\/12\/24\/booba-revele-lorigine-de-ses-piques-envers-kylian-mbappe\/#article\",\"isPartOf\":{\"@id\":\"https:\/\/culturbaine.com\/index.php\/2024\/12\/24\/booba-revele-lorigine-de-ses-piques-envers-kylian-mbappe\/\"},\"author\":{\"name\":\"admin1\",\"@id\":\"https:\/\/culturbaine.com\/#\/schema\/person\/42eb7485c572e0746c1ea6b8216c3814\"},\"headline\":\"Booba r\u00e9v\u00e8le l\u2019origine de ses piques envers Kylian Mbapp\u00e9\",\"datePublished\":\"2024-12-24T11:40:41+00:00\",\"dateModified\":\"2024-12-24T11:40:41+00:00\",\"mainEntityOfPage\":{\"@id\":\"https:\/\/culturbaine.com\/index.php\/2024\/12\/24\/booba-revele-lorigine-de-ses-piques-envers-kylian-mbappe\/\"},\"wordCount\":342,\"publisher\":{\"@id\":\"https:\/\/culturbaine.com\/#organization\"},\"image\":{\"@id\":\"https:\/\/culturbaine.com\/index.php\/2024\/12\/24\/booba-revele-lorigine-de-ses-piques-envers-kylian-mbappe\/#primaryimage\"},\"thumbnailUrl\":\"https:\/\/culturbaine.com\/wp-content\/uploads\/2024\/12\/PhotoCollage_1735040065803.png\",\"keywords\":[\"Booba en clash avec Mbapp\u00e9\",\"Booba r\u00e9v\u00e8le l\u2019origine de ses piques envers Kylian Mbapp\u00e9\"],\"articleSection\":[\"Actualit\u00e9\",\"Rap\"],\"inLanguage\":\"fr-FR\"},{\"@type\":\"WebPage\",\"@id\":\"https:\/\/culturbaine.com\/index.php\/2024\/12\/24\/booba-revele-lorigine-de-ses-piques-envers-kylian-mbappe\/\",\"url\":\"https:\/\/culturbaine.com\/index.php\/2024\/12\/24\/booba-revele-lorigine-de-ses-piques-envers-kylian-mbappe\/\",\"name\":\"Booba r\u00e9v\u00e8le l\u2019origine de ses piques envers Kylian Mbapp\u00e9 - Culturbaine\",\"isPartOf\":{\"@id\":\"https:\/\/culturbaine.com\/#website\"},\"primaryImageOfPage\":{\"@id\":\"https:\/\/culturbaine.com\/index.php\/2024\/12\/24\/booba-revele-lorigine-de-ses-piques-envers-kylian-mbappe\/#primaryimage\"},\"image\":{\"@id\":\"https:\/\/culturbaine.com\/index.php\/2024\/12\/24\/booba-revele-lorigine-de-ses-piques-envers-kylian-mbappe\/#primaryimage\"},\"thumbnailUrl\":\"https:\/\/culturbaine.com\/wp-content\/uploads\/2024\/12\/PhotoCollage_1735040065803.png\",\"datePublished\":\"2024-12-24T11:40:41+00:00\",\"dateModified\":\"2024-12-24T11:40:41+00:00\",\"breadcrumb\":{\"@id\":\"https:\/\/culturbaine.com\/index.php\/2024\/12\/24\/booba-revele-lorigine-de-ses-piques-envers-kylian-mbappe\/#breadcrumb\"},\"inLanguage\":\"fr-FR\",\"potentialAction\":[{\"@type\":\"ReadAction\",\"target\":[\"https:\/\/culturbaine.com\/index.php\/2024\/12\/24\/booba-revele-lorigine-de-ses-piques-envers-kylian-mbappe\/\"]}]},{\"@type\":\"ImageObject\",\"inLanguage\":\"fr-FR\",\"@id\":\"https:\/\/culturbaine.com\/index.php\/2024\/12\/24\/booba-revele-lorigine-de-ses-piques-envers-kylian-mbappe\/#primaryimage\",\"url\":\"https:\/\/culturbaine.com\/wp-content\/uploads\/2024\/12\/PhotoCollage_1735040065803.png\",\"contentUrl\":\"https:\/\/culturbaine.com\/wp-content\/uploads\/2024\/12\/PhotoCollage_1735040065803.png\",\"width\":1920,\"height\":1080},{\"@type\":\"BreadcrumbList\",\"@id\":\"https:\/\/culturbaine.com\/index.php\/2024\/12\/24\/booba-revele-lorigine-de-ses-piques-envers-kylian-mbappe\/#breadcrumb\",\"itemListElement\":[{\"@type\":\"ListItem\",\"position\":1,\"name\":\"Home\",\"item\":\"https:\/\/culturbaine.com\/\"},{\"@type\":\"ListItem\",\"position\":2,\"name\":\"Booba r\u00e9v\u00e8le l\u2019origine de ses piques envers Kylian Mbapp\u00e9\"}]},{\"@type\":\"WebSite\",\"@id\":\"https:\/\/culturbaine.com\/#website\",\"url\":\"https:\/\/culturbaine.com\/\",\"name\":\"Culturbaine.com\",\"description\":\"Toute l&#039;actualit\u00e9 des Cultures Urbaines, en un clic  !\",\"publisher\":{\"@id\":\"https:\/\/culturbaine.com\/#organization\"},\"potentialAction\":[{\"@type\":\"SearchAction\",\"target\":{\"@type\":\"EntryPoint\",\"urlTemplate\":\"https:\/\/culturbaine.com\/?s={search_term_string}\"},\"query-input\":{\"@type\":\"PropertyValueSpecification\",\"valueRequired\":true,\"valueName\":\"search_term_string\"}}],\"inLanguage\":\"fr-FR\"},{\"@type\":\"Organization\",\"@id\":\"https:\/\/culturbaine.com\/#organization\",\"name\":\"Culturbaine.com\",\"url\":\"https:\/\/culturbaine.com\/\",\"logo\":{\"@type\":\"ImageObject\",\"inLanguage\":\"fr-FR\",\"@id\":\"https:\/\/culturbaine.com\/#\/schema\/logo\/image\/\",\"url\":\"https:\/\/culturbaine.com\/wp-content\/uploads\/2023\/07\/WhatsApp-Image-2023-07-17-at-14.38.18.jpeg\",\"contentUrl\":\"https:\/\/culturbaine.com\/wp-content\/uploads\/2023\/07\/WhatsApp-Image-2023-07-17-at-14.38.18.jpeg\",\"width\":855,\"height\":270,\"caption\":\"Culturbaine.com\"},\"image\":{\"@id\":\"https:\/\/culturbaine.com\/#\/schema\/logo\/image\/\"},\"sameAs\":[\"https:\/\/www.facebook.com\/Culturbaines\",\"https:\/\/x.com\/culturbaines\"]},{\"@type\":\"Person\",\"@id\":\"https:\/\/culturbaine.com\/#\/schema\/person\/42eb7485c572e0746c1ea6b8216c3814\",\"name\":\"admin1\",\"image\":{\"@type\":\"ImageObject\",\"inLanguage\":\"fr-FR\",\"@id\":\"https:\/\/culturbaine.com\/#\/schema\/person\/image\/\",\"url\":\"https:\/\/secure.gravatar.com\/avatar\/c268f4d483ce0486e5a10fee87bbf756?s=96&d=mm&r=g\",\"contentUrl\":\"https:\/\/secure.gravatar.com\/avatar\/c268f4d483ce0486e5a10fee87bbf756?s=96&d=mm&r=g\",\"caption\":\"admin1\"},\"url\":\"https:\/\/culturbaine.com\/index.php\/author\/admin1\/\"}]}<\/script>\n<!-- \/ Yoast SEO Premium plugin. -->","yoast_head_json":{"title":"Booba r\u00e9v\u00e8le l\u2019origine de ses piques envers Kylian Mbapp\u00e9 - Culturbaine","robots":{"index":"index","follow":"follow","max-snippet":"max-snippet:-1","max-image-preview":"max-image-preview:large","max-video-preview":"max-video-preview:-1"},"canonical":"https:\/\/culturbaine.com\/index.php\/2024\/12\/24\/booba-revele-lorigine-de-ses-piques-envers-kylian-mbappe\/","og_locale":"fr_FR","og_type":"article","og_title":"Booba r\u00e9v\u00e8le l\u2019origine de ses piques envers Kylian Mbapp\u00e9","og_description":"Le rappeur fran\u00e7ais Booba, souvent au c\u0153ur de pol\u00e9miques, a r\u00e9cemment \u00e9voqu\u00e9 ses diff\u00e9rends avec Kylian Mbapp\u00e9, la star du football fran\u00e7ais et soci\u00e9taire du Real Madrid. Invit\u00e9 sur l\u2019\u00e9mission YouTube de CKO, \u00ab\u00a0Le Duc de Boulogne\u00a0\u00bb a expliqu\u00e9 les raisons de ses critiques envers l\u2019enfant de Bondy. Booba a d\u2019abord exprim\u00e9 sa d\u00e9ception face [&hellip;]","og_url":"https:\/\/culturbaine.com\/index.php\/2024\/12\/24\/booba-revele-lorigine-de-ses-piques-envers-kylian-mbappe\/","og_site_name":"Culturbaine","article_publisher":"https:\/\/www.facebook.com\/Culturbaines","article_published_time":"2024-12-24T11:40:41+00:00","og_image":[{"width":1920,"height":1080,"url":"https:\/\/culturbaine.com\/wp-content\/uploads\/2024\/12\/PhotoCollage_1735040065803.png","type":"image\/png"}],"author":"admin1","twitter_card":"summary_large_image","twitter_creator":"@culturbaines","twitter_site":"@culturbaines","twitter_misc":{"\u00c9crit par":"admin1","Dur\u00e9e de lecture estim\u00e9e":"2 minutes"},"schema":{"@context":"https:\/\/schema.org","@graph":[{"@type":"Article","@id":"https:\/\/culturbaine.com\/index.php\/2024\/12\/24\/booba-revele-lorigine-de-ses-piques-envers-kylian-mbappe\/#article","isPartOf":{"@id":"https:\/\/culturbaine.com\/index.php\/2024\/12\/24\/booba-revele-lorigine-de-ses-piques-envers-kylian-mbappe\/"},"author":{"name":"admin1","@id":"https:\/\/culturbaine.com\/#\/schema\/person\/42eb7485c572e0746c1ea6b8216c3814"},"headline":"Booba r\u00e9v\u00e8le l\u2019origine de ses piques envers Kylian Mbapp\u00e9","datePublished":"2024-12-24T11:40:41+00:00","dateModified":"2024-12-24T11:40:41+00:00","mainEntityOfPage":{"@id":"https:\/\/culturbaine.com\/index.php\/2024\/12\/24\/booba-revele-lorigine-de-ses-piques-envers-kylian-mbappe\/"},"wordCount":342,"publisher":{"@id":"https:\/\/culturbaine.com\/#organization"},"image":{"@id":"https:\/\/culturbaine.com\/index.php\/2024\/12\/24\/booba-revele-lorigine-de-ses-piques-envers-kylian-mbappe\/#primaryimage"},"thumbnailUrl":"https:\/\/culturbaine.com\/wp-content\/uploads\/2024\/12\/PhotoCollage_1735040065803.png","keywords":["Booba en clash avec Mbapp\u00e9","Booba r\u00e9v\u00e8le l\u2019origine de ses piques envers Kylian Mbapp\u00e9"],"articleSection":["Actualit\u00e9","Rap"],"inLanguage":"fr-FR"},{"@type":"WebPage","@id":"https:\/\/culturbaine.com\/index.php\/2024\/12\/24\/booba-revele-lorigine-de-ses-piques-envers-kylian-mbappe\/","url":"https:\/\/culturbaine.com\/index.php\/2024\/12\/24\/booba-revele-lorigine-de-ses-piques-envers-kylian-mbappe\/","name":"Booba r\u00e9v\u00e8le l\u2019origine de ses piques envers Kylian Mbapp\u00e9 - Culturbaine","isPartOf":{"@id":"https:\/\/culturbaine.com\/#website"},"primaryImageOfPage":{"@id":"https:\/\/culturbaine.com\/index.php\/2024\/12\/24\/booba-revele-lorigine-de-ses-piques-envers-kylian-mbappe\/#primaryimage"},"image":{"@id":"https:\/\/culturbaine.com\/index.php\/2024\/12\/24\/booba-revele-lorigine-de-ses-piques-envers-kylian-mbappe\/#primaryimage"},"thumbnailUrl":"https:\/\/culturbaine.com\/wp-content\/uploads\/2024\/12\/PhotoCollage_1735040065803.png","datePublished":"2024-12-24T11:40:41+00:00","dateModified":"2024-12-24T11:40:41+00:00","breadcrumb":{"@id":"https:\/\/culturbaine.com\/index.php\/2024\/12\/24\/booba-revele-lorigine-de-ses-piques-envers-kylian-mbappe\/#breadcrumb"},"inLanguage":"fr-FR","potentialAction":[{"@type":"ReadAction","target":["https:\/\/culturbaine.com\/index.php\/2024\/12\/24\/booba-revele-lorigine-de-ses-piques-envers-kylian-mbappe\/"]}]},{"@type":"ImageObject","inLanguage":"fr-FR","@id":"https:\/\/culturbaine.com\/index.php\/2024\/12\/24\/booba-revele-lorigine-de-ses-piques-envers-kylian-mbappe\/#primaryimage","url":"https:\/\/culturbaine.com\/wp-content\/uploads\/2024\/12\/PhotoCollage_1735040065803.png","contentUrl":"https:\/\/culturbaine.com\/wp-content\/uploads\/2024\/12\/PhotoCollage_1735040065803.png","width":1920,"height":1080},{"@type":"BreadcrumbList","@id":"https:\/\/culturbaine.com\/index.php\/2024\/12\/24\/booba-revele-lorigine-de-ses-piques-envers-kylian-mbappe\/#breadcrumb","itemListElement":[{"@type":"ListItem","position":1,"name":"Home","item":"https:\/\/culturbaine.com\/"},{"@type":"ListItem","position":2,"name":"Booba r\u00e9v\u00e8le l\u2019origine de ses piques envers Kylian Mbapp\u00e9"}]},{"@type":"WebSite","@id":"https:\/\/culturbaine.com\/#website","url":"https:\/\/culturbaine.com\/","name":"Culturbaine.com","description":"Toute l&#039;actualit\u00e9 des Cultures Urbaines, en un clic  !","publisher":{"@id":"https:\/\/culturbaine.com\/#organization"},"potentialAction":[{"@type":"SearchAction","target":{"@type":"EntryPoint","urlTemplate":"https:\/\/culturbaine.com\/?s={search_term_string}"},"query-input":{"@type":"PropertyValueSpecification","valueRequired":true,"valueName":"search_term_string"}}],"inLanguage":"fr-FR"},{"@type":"Organization","@id":"https:\/\/culturbaine.com\/#organization","name":"Culturbaine.com","url":"https:\/\/culturbaine.com\/","logo":{"@type":"ImageObject","inLanguage":"fr-FR","@id":"https:\/\/culturbaine.com\/#\/schema\/logo\/image\/","url":"https:\/\/culturbaine.com\/wp-content\/uploads\/2023\/07\/WhatsApp-Image-2023-07-17-at-14.38.18.jpeg","contentUrl":"https:\/\/culturbaine.com\/wp-content\/uploads\/2023\/07\/WhatsApp-Image-2023-07-17-at-14.38.18.jpeg","width":855,"height":270,"caption":"Culturbaine.com"},"image":{"@id":"https:\/\/culturbaine.com\/#\/schema\/logo\/image\/"},"sameAs":["https:\/\/www.facebook.com\/Culturbaines","https:\/\/x.com\/culturbaines"]},{"@type":"Person","@id":"https:\/\/culturbaine.com\/#\/schema\/person\/42eb7485c572e0746c1ea6b8216c3814","name":"admin1","image":{"@type":"ImageObject","inLanguage":"fr-FR","@id":"https:\/\/culturbaine.com\/#\/schema\/person\/image\/","url":"https:\/\/secure.gravatar.com\/avatar\/c268f4d483ce0486e5a10fee87bbf756?s=96&d=mm&r=g","contentUrl":"https:\/\/secure.gravatar.com\/avatar\/c268f4d483ce0486e5a10fee87bbf756?s=96&d=mm&r=g","caption":"admin1"},"url":"https:\/\/culturbaine.com\/index.php\/author\/admin1\/"}]}},"_links":{"self":[{"href":"https:\/\/culturbaine.com\/index.php\/wp-json\/wp\/v2\/posts\/10493"}],"collection":[{"href":"https:\/\/culturbaine.com\/index.php\/wp-json\/wp\/v2\/posts"}],"about":[{"href":"https:\/\/culturbaine.com\/index.php\/wp-json\/wp\/v2\/types\/post"}],"author":[{"embeddable":true,"href":"https:\/\/culturbaine.com\/index.php\/wp-json\/wp\/v2\/users\/2"}],"replies":[{"embeddable":true,"href":"https:\/\/culturbaine.com\/index.php\/wp-json\/wp\/v2\/comments?post=10493"}],"version-history":[{"count":0,"href":"https:\/\/culturbaine.com\/index.php\/wp-json\/wp\/v2\/posts\/10493\/revisions"}],"wp:featuredmedia":[{"embeddable":true,"href":"https:\/\/culturbaine.com\/index.php\/wp-json\/wp\/v2\/media\/10494"}],"wp:attachment":[{"href":"https:\/\/culturbaine.com\/index.php\/wp-json\/wp\/v2\/media?parent=10493"}],"wp:term":[{"taxonomy":"category","embeddable":true,"href":"https:\/\/culturbaine.com\/index.php\/wp-json\/wp\/v2\/categories?post=10493"},{"taxonomy":"post_tag","embeddable":true,"href":"https:\/\/culturbaine.com\/index.php\/wp-json\/wp\/v2\/tags?post=10493"}],"curies":[{"name":"wp","href":"https:\/\/api.w.org\/{rel}","templated":true}]}}