{"id":10483,"date":"2024-12-23T20:30:42","date_gmt":"2024-12-23T20:30:42","guid":{"rendered":"https:\/\/culturbaine.com\/?p=10483"},"modified":"2024-12-23T20:39:19","modified_gmt":"2024-12-23T20:39:19","slug":"ne-ratons-pas-le-train-la-compile-qui-invite-la-jeunesse-a-se-mettre-au-travail","status":"publish","type":"post","link":"https:\/\/culturbaine.com\/index.php\/2024\/12\/23\/ne-ratons-pas-le-train-la-compile-qui-invite-la-jeunesse-a-se-mettre-au-travail\/","title":{"rendered":"\u00ab\u00a0Ne ratons pas le train\u00a0\u00bb : La compile qui invite la jeunesse \u00e0 se mettre au travail"},"content":{"rendered":"<p>Dans un contexte o\u00f9 plusieurs projets d\u2019envergure notamment l\u2019exploitation du plus grand gisement de fer inexploit\u00e9 au monde <strong>\u00ab\u00a0Simandou\u00a0\u00bb<\/strong> sont en perspective, la jeunesse guin\u00e9enne est appel\u00e9e \u00e0 se pr\u00e9parer pour tirer parti des nombreuses opportunit\u00e9s qui se profilent. Conscient de cet enjeu, <strong>Moussa Daraba,<\/strong> entrepreneur social et consultant en communication, a lanc\u00e9 la compile \u00ab\u00a0<strong>Ne ratons pas le train<\/strong>\u00ab\u00a0.<\/p>\n<p>Sous la direction artistique du jeune compositeur et arrangeur <strong>CD A LA Prod<\/strong> avec l\u2019encadrement de <strong>Marcus<\/strong> du groupe <strong>Banlieuz\u2019art<\/strong>, le titre r\u00e9unit des artistes jeunes mais de grandes renomm\u00e9es dont <strong>Kemo Kant\u00e9, Thirdy, Marcus Blz, Md Benga, Ousmane Diabat\u00e9, Ousmane Paikoun, Miss Kalakala, Ak4seven, Kefin Doussou Kouyat\u00e9, Balthazard, Koury Simpl\u00e9 <\/strong>et<strong> Wandjan Dimedi<\/strong>. \u00c0 travers leurs voix et la puissance des messages v\u00e9hicul\u00e9s, ils appellent les jeunes \u00e0 saisir les opportunit\u00e9s li\u00e9es \u00e0 l\u2019exploitation des ressources naturelles du pays et \u00e0 s\u2019impliquer activement dans le d\u00e9veloppement et la construction di destin commun de la Guin\u00e9e.<\/p>\n<p>Dans une interview accord\u00e9e \u00e0 notre r\u00e9daction, <strong>Moussa Daraba<\/strong> a expliqu\u00e9 les motivations derri\u00e8re cette initiative : \u00ab <em><strong>Notre pays a souvent manqu\u00e9 des occasions qui n\u2019arrivent pas deux fois dans un si\u00e8cle. Les perspectives prometteuses qui s\u2019annoncent ne devraient pas \u00e9chapper aux jeunes guin\u00e9ens qui ont souvent fait l\u2019objet de mise \u00e0 l\u2019\u00e9cart. Le d\u00e9veloppement lorsqu\u2019il arrive, ne tient compte d\u2019aucune origine sociale. Il ne recherche que des comp\u00e9tences. D\u2019o\u00f9 cette initiative qui s\u2019appuie sur le pouvoir sensibilisateur de la musique, pour inviter les jeunes \u00e0 prendre leur destin en main, en se focalisant sur leur d\u00e9veloppement personnel. Cela par le biais de la formation, de l\u2019apprentissage et de l\u2019acquisition des comp\u00e9tences actualis\u00e9es<\/strong><\/em>. \u00bb<\/p>\n<p><strong>Moussa Daraba<\/strong> insiste sur la n\u00e9cessit\u00e9 pour les jeunes de se positionner comme des acteurs incontournables du d\u00e9veloppement national. \u00ab<em><strong>\u00a0Mais est-ce que notre jeunesse est aujourd&rsquo;hui pr\u00eate \u00e0 profiter de toutes les opportunit\u00e9s qui s&rsquo;annoncent \u00e0 nous ?<\/strong> <\/em>\u00bb s\u2019interroge-t-il?<\/p>\n<p>Quant au choix du titre <strong>\u00ab\u00a0Ne ratons pas le train\u00a0\u00bb,<\/strong> il assure que cela n\u2019est pas anodin. Pour l\u2019initiateur de <strong>BanlieuExpo<\/strong> et des <strong>J-Awards Guin\u00e9e<\/strong>, cette chanson con\u00e7ue par le meilleur beatmaker guin\u00e9en en 2024, symbolise l\u2019urgence d\u2019\u00eatre actif.<br \/>\n\u00ab <em><strong>Rater son train, c&rsquo;est perdre une belle opportunit\u00e9 qui s&rsquo;offre \u00e0 nous, ne pas \u00eatre au bon endroit au bon moment comme on le dit. Il y a une opportunit\u00e9 qui arrive, l&rsquo;exploitation mini\u00e8re et tout l&rsquo;effet d&rsquo;entra\u00eenement que cela suscitera sur les autres sph\u00e8res de notre \u00e9conomie nationale. Il faut \u00eatre pr\u00eat.<\/strong><\/em> \u00bb<\/p>\n<p><strong>Moussa Daraba<\/strong> souligne \u00e9galement l\u2019importance de la \u00ab\u00a0<strong>Loi sur le contenu local\u00a0\u00bb<\/strong>, qui favorise les comp\u00e9tences nationales. Cependant, il rappelle que ces derni\u00e8res doivent \u00eatre \u00e0 la hauteur des exigences pour concurrencer efficacement les talents \u00e9trangers.<\/p>\n<p>Le clip de la chanson \u00ab\u00a0<strong>Ne ratons pas le train\u00a0\u00bb<\/strong> r\u00e9alis\u00e9 par <strong>Mety Med<\/strong>, le meilleur r\u00e9alisateur 2024 en Guin\u00e9e, sera disponible le <strong>1er janvier 2025<\/strong>, sur les plateformes digitales.<\/p>\n<p>Ce projet musical ambitieux est une v\u00e9ritable alerte pour la jeunesse guin\u00e9enne : se pr\u00e9parer, se former et s\u2019organiser pour \u00eatre les acteurs du changement et du progr\u00e8s.<\/p>\n<p><strong>Mohamed Cinq Sylla<\/strong><\/p>\n","protected":false},"excerpt":{"rendered":"<p>Dans un contexte o\u00f9 plusieurs projets d\u2019envergure notamment l\u2019exploitation du plus grand gisement de fer inexploit\u00e9 au monde \u00ab\u00a0Simandou\u00a0\u00bb sont en perspective, la jeunesse guin\u00e9enne est appel\u00e9e \u00e0 se pr\u00e9parer pour tirer parti des nombreuses opportunit\u00e9s qui se profilent. Conscient de cet enjeu, Moussa Daraba, entrepreneur social et consultant en communication, a lanc\u00e9 la compile [&hellip;]<\/p>\n","protected":false},"author":2,"featured_media":10489,"comment_status":"closed","ping_status":"closed","sticky":false,"template":"","format":"standard","meta":{"_mi_skip_tracking":false,"_monsterinsights_sitenote_active":false,"_monsterinsights_sitenote_note":"","_monsterinsights_sitenote_category":0,"footnotes":""},"categories":[21,34],"tags":[],"class_list":["post-10483","post","type-post","status-publish","format-standard","has-post-thumbnail","hentry","category-actualite","category-interviews"],"yoast_head":"<!-- This site is optimized with the Yoast SEO Premium plugin v20.1 (Yoast SEO v24.0) - https:\/\/yoast.com\/wordpress\/plugins\/seo\/ -->\n<title>&quot;Ne ratons pas le train&quot; : La compile qui invite la jeunesse \u00e0 se mettre au travail - Culturbaine<\/title>\n<meta name=\"robots\" content=\"index, follow, max-snippet:-1, max-image-preview:large, max-video-preview:-1\" \/>\n<link rel=\"canonical\" href=\"https:\/\/culturbaine.com\/index.php\/2024\/12\/23\/ne-ratons-pas-le-train-la-compile-qui-invite-la-jeunesse-a-se-mettre-au-travail\/\" \/>\n<meta property=\"og:locale\" content=\"fr_FR\" \/>\n<meta property=\"og:type\" content=\"article\" \/>\n<meta property=\"og:title\" content=\"&quot;Ne ratons pas le train&quot; : La compile qui invite la jeunesse \u00e0 se mettre au travail\" \/>\n<meta property=\"og:description\" content=\"Dans un contexte o\u00f9 plusieurs projets d\u2019envergure notamment l\u2019exploitation du plus grand gisement de fer inexploit\u00e9 au monde \u00ab\u00a0Simandou\u00a0\u00bb sont en perspective, la jeunesse guin\u00e9enne est appel\u00e9e \u00e0 se pr\u00e9parer pour tirer parti des nombreuses opportunit\u00e9s qui se profilent. Conscient de cet enjeu, Moussa Daraba, entrepreneur social et consultant en communication, a lanc\u00e9 la compile [&hellip;]\" \/>\n<meta property=\"og:url\" content=\"https:\/\/culturbaine.com\/index.php\/2024\/12\/23\/ne-ratons-pas-le-train-la-compile-qui-invite-la-jeunesse-a-se-mettre-au-travail\/\" \/>\n<meta property=\"og:site_name\" content=\"Culturbaine\" \/>\n<meta property=\"article:publisher\" content=\"https:\/\/www.facebook.com\/Culturbaines\" \/>\n<meta property=\"article:published_time\" content=\"2024-12-23T20:30:42+00:00\" \/>\n<meta property=\"article:modified_time\" content=\"2024-12-23T20:39:19+00:00\" \/>\n<meta property=\"og:image\" content=\"https:\/\/culturbaine.com\/wp-content\/uploads\/2024\/12\/IMG-20241223-WA0011.jpg\" \/>\n\t<meta property=\"og:image:width\" content=\"2560\" \/>\n\t<meta property=\"og:image:height\" content=\"1810\" \/>\n\t<meta property=\"og:image:type\" content=\"image\/jpeg\" \/>\n<meta name=\"author\" content=\"admin1\" \/>\n<meta name=\"twitter:card\" content=\"summary_large_image\" \/>\n<meta name=\"twitter:creator\" content=\"@culturbaines\" \/>\n<meta name=\"twitter:site\" content=\"@culturbaines\" \/>\n<meta name=\"twitter:label1\" content=\"\u00c9crit par\" \/>\n\t<meta name=\"twitter:data1\" content=\"admin1\" \/>\n\t<meta name=\"twitter:label2\" content=\"Dur\u00e9e de lecture estim\u00e9e\" \/>\n\t<meta name=\"twitter:data2\" content=\"3 minutes\" \/>\n<script type=\"application\/ld+json\" class=\"yoast-schema-graph\">{\"@context\":\"https:\/\/schema.org\",\"@graph\":[{\"@type\":\"Article\",\"@id\":\"https:\/\/culturbaine.com\/index.php\/2024\/12\/23\/ne-ratons-pas-le-train-la-compile-qui-invite-la-jeunesse-a-se-mettre-au-travail\/#article\",\"isPartOf\":{\"@id\":\"https:\/\/culturbaine.com\/index.php\/2024\/12\/23\/ne-ratons-pas-le-train-la-compile-qui-invite-la-jeunesse-a-se-mettre-au-travail\/\"},\"author\":{\"name\":\"admin1\",\"@id\":\"https:\/\/culturbaine.com\/#\/schema\/person\/42eb7485c572e0746c1ea6b8216c3814\"},\"headline\":\"\u00ab\u00a0Ne ratons pas le train\u00a0\u00bb : La compile qui invite la jeunesse \u00e0 se mettre au travail\",\"datePublished\":\"2024-12-23T20:30:42+00:00\",\"dateModified\":\"2024-12-23T20:39:19+00:00\",\"mainEntityOfPage\":{\"@id\":\"https:\/\/culturbaine.com\/index.php\/2024\/12\/23\/ne-ratons-pas-le-train-la-compile-qui-invite-la-jeunesse-a-se-mettre-au-travail\/\"},\"wordCount\":567,\"publisher\":{\"@id\":\"https:\/\/culturbaine.com\/#organization\"},\"image\":{\"@id\":\"https:\/\/culturbaine.com\/index.php\/2024\/12\/23\/ne-ratons-pas-le-train-la-compile-qui-invite-la-jeunesse-a-se-mettre-au-travail\/#primaryimage\"},\"thumbnailUrl\":\"https:\/\/culturbaine.com\/wp-content\/uploads\/2024\/12\/IMG-20241223-WA0011.jpg\",\"articleSection\":[\"Actualit\u00e9\",\"Interviews\"],\"inLanguage\":\"fr-FR\"},{\"@type\":\"WebPage\",\"@id\":\"https:\/\/culturbaine.com\/index.php\/2024\/12\/23\/ne-ratons-pas-le-train-la-compile-qui-invite-la-jeunesse-a-se-mettre-au-travail\/\",\"url\":\"https:\/\/culturbaine.com\/index.php\/2024\/12\/23\/ne-ratons-pas-le-train-la-compile-qui-invite-la-jeunesse-a-se-mettre-au-travail\/\",\"name\":\"\\\"Ne ratons pas le train\\\" : La compile qui invite la jeunesse \u00e0 se mettre au travail - Culturbaine\",\"isPartOf\":{\"@id\":\"https:\/\/culturbaine.com\/#website\"},\"primaryImageOfPage\":{\"@id\":\"https:\/\/culturbaine.com\/index.php\/2024\/12\/23\/ne-ratons-pas-le-train-la-compile-qui-invite-la-jeunesse-a-se-mettre-au-travail\/#primaryimage\"},\"image\":{\"@id\":\"https:\/\/culturbaine.com\/index.php\/2024\/12\/23\/ne-ratons-pas-le-train-la-compile-qui-invite-la-jeunesse-a-se-mettre-au-travail\/#primaryimage\"},\"thumbnailUrl\":\"https:\/\/culturbaine.com\/wp-content\/uploads\/2024\/12\/IMG-20241223-WA0011.jpg\",\"datePublished\":\"2024-12-23T20:30:42+00:00\",\"dateModified\":\"2024-12-23T20:39:19+00:00\",\"breadcrumb\":{\"@id\":\"https:\/\/culturbaine.com\/index.php\/2024\/12\/23\/ne-ratons-pas-le-train-la-compile-qui-invite-la-jeunesse-a-se-mettre-au-travail\/#breadcrumb\"},\"inLanguage\":\"fr-FR\",\"potentialAction\":[{\"@type\":\"ReadAction\",\"target\":[\"https:\/\/culturbaine.com\/index.php\/2024\/12\/23\/ne-ratons-pas-le-train-la-compile-qui-invite-la-jeunesse-a-se-mettre-au-travail\/\"]}]},{\"@type\":\"ImageObject\",\"inLanguage\":\"fr-FR\",\"@id\":\"https:\/\/culturbaine.com\/index.php\/2024\/12\/23\/ne-ratons-pas-le-train-la-compile-qui-invite-la-jeunesse-a-se-mettre-au-travail\/#primaryimage\",\"url\":\"https:\/\/culturbaine.com\/wp-content\/uploads\/2024\/12\/IMG-20241223-WA0011.jpg\",\"contentUrl\":\"https:\/\/culturbaine.com\/wp-content\/uploads\/2024\/12\/IMG-20241223-WA0011.jpg\",\"width\":2560,\"height\":1810},{\"@type\":\"BreadcrumbList\",\"@id\":\"https:\/\/culturbaine.com\/index.php\/2024\/12\/23\/ne-ratons-pas-le-train-la-compile-qui-invite-la-jeunesse-a-se-mettre-au-travail\/#breadcrumb\",\"itemListElement\":[{\"@type\":\"ListItem\",\"position\":1,\"name\":\"Home\",\"item\":\"https:\/\/culturbaine.com\/\"},{\"@type\":\"ListItem\",\"position\":2,\"name\":\"\u00ab\u00a0Ne ratons pas le train\u00a0\u00bb : La compile qui invite la jeunesse \u00e0 se mettre au travail\"}]},{\"@type\":\"WebSite\",\"@id\":\"https:\/\/culturbaine.com\/#website\",\"url\":\"https:\/\/culturbaine.com\/\",\"name\":\"Culturbaine.com\",\"description\":\"Toute l&#039;actualit\u00e9 des Cultures Urbaines, en un clic  !\",\"publisher\":{\"@id\":\"https:\/\/culturbaine.com\/#organization\"},\"potentialAction\":[{\"@type\":\"SearchAction\",\"target\":{\"@type\":\"EntryPoint\",\"urlTemplate\":\"https:\/\/culturbaine.com\/?s={search_term_string}\"},\"query-input\":{\"@type\":\"PropertyValueSpecification\",\"valueRequired\":true,\"valueName\":\"search_term_string\"}}],\"inLanguage\":\"fr-FR\"},{\"@type\":\"Organization\",\"@id\":\"https:\/\/culturbaine.com\/#organization\",\"name\":\"Culturbaine.com\",\"url\":\"https:\/\/culturbaine.com\/\",\"logo\":{\"@type\":\"ImageObject\",\"inLanguage\":\"fr-FR\",\"@id\":\"https:\/\/culturbaine.com\/#\/schema\/logo\/image\/\",\"url\":\"https:\/\/culturbaine.com\/wp-content\/uploads\/2023\/07\/WhatsApp-Image-2023-07-17-at-14.38.18.jpeg\",\"contentUrl\":\"https:\/\/culturbaine.com\/wp-content\/uploads\/2023\/07\/WhatsApp-Image-2023-07-17-at-14.38.18.jpeg\",\"width\":855,\"height\":270,\"caption\":\"Culturbaine.com\"},\"image\":{\"@id\":\"https:\/\/culturbaine.com\/#\/schema\/logo\/image\/\"},\"sameAs\":[\"https:\/\/www.facebook.com\/Culturbaines\",\"https:\/\/x.com\/culturbaines\"]},{\"@type\":\"Person\",\"@id\":\"https:\/\/culturbaine.com\/#\/schema\/person\/42eb7485c572e0746c1ea6b8216c3814\",\"name\":\"admin1\",\"image\":{\"@type\":\"ImageObject\",\"inLanguage\":\"fr-FR\",\"@id\":\"https:\/\/culturbaine.com\/#\/schema\/person\/image\/\",\"url\":\"https:\/\/secure.gravatar.com\/avatar\/c268f4d483ce0486e5a10fee87bbf756?s=96&d=mm&r=g\",\"contentUrl\":\"https:\/\/secure.gravatar.com\/avatar\/c268f4d483ce0486e5a10fee87bbf756?s=96&d=mm&r=g\",\"caption\":\"admin1\"},\"url\":\"https:\/\/culturbaine.com\/index.php\/author\/admin1\/\"}]}<\/script>\n<!-- \/ Yoast SEO Premium plugin. -->","yoast_head_json":{"title":"\"Ne ratons pas le train\" : La compile qui invite la jeunesse \u00e0 se mettre au travail - Culturbaine","robots":{"index":"index","follow":"follow","max-snippet":"max-snippet:-1","max-image-preview":"max-image-preview:large","max-video-preview":"max-video-preview:-1"},"canonical":"https:\/\/culturbaine.com\/index.php\/2024\/12\/23\/ne-ratons-pas-le-train-la-compile-qui-invite-la-jeunesse-a-se-mettre-au-travail\/","og_locale":"fr_FR","og_type":"article","og_title":"\"Ne ratons pas le train\" : La compile qui invite la jeunesse \u00e0 se mettre au travail","og_description":"Dans un contexte o\u00f9 plusieurs projets d\u2019envergure notamment l\u2019exploitation du plus grand gisement de fer inexploit\u00e9 au monde \u00ab\u00a0Simandou\u00a0\u00bb sont en perspective, la jeunesse guin\u00e9enne est appel\u00e9e \u00e0 se pr\u00e9parer pour tirer parti des nombreuses opportunit\u00e9s qui se profilent. Conscient de cet enjeu, Moussa Daraba, entrepreneur social et consultant en communication, a lanc\u00e9 la compile [&hellip;]","og_url":"https:\/\/culturbaine.com\/index.php\/2024\/12\/23\/ne-ratons-pas-le-train-la-compile-qui-invite-la-jeunesse-a-se-mettre-au-travail\/","og_site_name":"Culturbaine","article_publisher":"https:\/\/www.facebook.com\/Culturbaines","article_published_time":"2024-12-23T20:30:42+00:00","article_modified_time":"2024-12-23T20:39:19+00:00","og_image":[{"width":2560,"height":1810,"url":"https:\/\/culturbaine.com\/wp-content\/uploads\/2024\/12\/IMG-20241223-WA0011.jpg","type":"image\/jpeg"}],"author":"admin1","twitter_card":"summary_large_image","twitter_creator":"@culturbaines","twitter_site":"@culturbaines","twitter_misc":{"\u00c9crit par":"admin1","Dur\u00e9e de lecture estim\u00e9e":"3 minutes"},"schema":{"@context":"https:\/\/schema.org","@graph":[{"@type":"Article","@id":"https:\/\/culturbaine.com\/index.php\/2024\/12\/23\/ne-ratons-pas-le-train-la-compile-qui-invite-la-jeunesse-a-se-mettre-au-travail\/#article","isPartOf":{"@id":"https:\/\/culturbaine.com\/index.php\/2024\/12\/23\/ne-ratons-pas-le-train-la-compile-qui-invite-la-jeunesse-a-se-mettre-au-travail\/"},"author":{"name":"admin1","@id":"https:\/\/culturbaine.com\/#\/schema\/person\/42eb7485c572e0746c1ea6b8216c3814"},"headline":"\u00ab\u00a0Ne ratons pas le train\u00a0\u00bb : La compile qui invite la jeunesse \u00e0 se mettre au travail","datePublished":"2024-12-23T20:30:42+00:00","dateModified":"2024-12-23T20:39:19+00:00","mainEntityOfPage":{"@id":"https:\/\/culturbaine.com\/index.php\/2024\/12\/23\/ne-ratons-pas-le-train-la-compile-qui-invite-la-jeunesse-a-se-mettre-au-travail\/"},"wordCount":567,"publisher":{"@id":"https:\/\/culturbaine.com\/#organization"},"image":{"@id":"https:\/\/culturbaine.com\/index.php\/2024\/12\/23\/ne-ratons-pas-le-train-la-compile-qui-invite-la-jeunesse-a-se-mettre-au-travail\/#primaryimage"},"thumbnailUrl":"https:\/\/culturbaine.com\/wp-content\/uploads\/2024\/12\/IMG-20241223-WA0011.jpg","articleSection":["Actualit\u00e9","Interviews"],"inLanguage":"fr-FR"},{"@type":"WebPage","@id":"https:\/\/culturbaine.com\/index.php\/2024\/12\/23\/ne-ratons-pas-le-train-la-compile-qui-invite-la-jeunesse-a-se-mettre-au-travail\/","url":"https:\/\/culturbaine.com\/index.php\/2024\/12\/23\/ne-ratons-pas-le-train-la-compile-qui-invite-la-jeunesse-a-se-mettre-au-travail\/","name":"\"Ne ratons pas le train\" : La compile qui invite la jeunesse \u00e0 se mettre au travail - Culturbaine","isPartOf":{"@id":"https:\/\/culturbaine.com\/#website"},"primaryImageOfPage":{"@id":"https:\/\/culturbaine.com\/index.php\/2024\/12\/23\/ne-ratons-pas-le-train-la-compile-qui-invite-la-jeunesse-a-se-mettre-au-travail\/#primaryimage"},"image":{"@id":"https:\/\/culturbaine.com\/index.php\/2024\/12\/23\/ne-ratons-pas-le-train-la-compile-qui-invite-la-jeunesse-a-se-mettre-au-travail\/#primaryimage"},"thumbnailUrl":"https:\/\/culturbaine.com\/wp-content\/uploads\/2024\/12\/IMG-20241223-WA0011.jpg","datePublished":"2024-12-23T20:30:42+00:00","dateModified":"2024-12-23T20:39:19+00:00","breadcrumb":{"@id":"https:\/\/culturbaine.com\/index.php\/2024\/12\/23\/ne-ratons-pas-le-train-la-compile-qui-invite-la-jeunesse-a-se-mettre-au-travail\/#breadcrumb"},"inLanguage":"fr-FR","potentialAction":[{"@type":"ReadAction","target":["https:\/\/culturbaine.com\/index.php\/2024\/12\/23\/ne-ratons-pas-le-train-la-compile-qui-invite-la-jeunesse-a-se-mettre-au-travail\/"]}]},{"@type":"ImageObject","inLanguage":"fr-FR","@id":"https:\/\/culturbaine.com\/index.php\/2024\/12\/23\/ne-ratons-pas-le-train-la-compile-qui-invite-la-jeunesse-a-se-mettre-au-travail\/#primaryimage","url":"https:\/\/culturbaine.com\/wp-content\/uploads\/2024\/12\/IMG-20241223-WA0011.jpg","contentUrl":"https:\/\/culturbaine.com\/wp-content\/uploads\/2024\/12\/IMG-20241223-WA0011.jpg","width":2560,"height":1810},{"@type":"BreadcrumbList","@id":"https:\/\/culturbaine.com\/index.php\/2024\/12\/23\/ne-ratons-pas-le-train-la-compile-qui-invite-la-jeunesse-a-se-mettre-au-travail\/#breadcrumb","itemListElement":[{"@type":"ListItem","position":1,"name":"Home","item":"https:\/\/culturbaine.com\/"},{"@type":"ListItem","position":2,"name":"\u00ab\u00a0Ne ratons pas le train\u00a0\u00bb : La compile qui invite la jeunesse \u00e0 se mettre au travail"}]},{"@type":"WebSite","@id":"https:\/\/culturbaine.com\/#website","url":"https:\/\/culturbaine.com\/","name":"Culturbaine.com","description":"Toute l&#039;actualit\u00e9 des Cultures Urbaines, en un clic  !","publisher":{"@id":"https:\/\/culturbaine.com\/#organization"},"potentialAction":[{"@type":"SearchAction","target":{"@type":"EntryPoint","urlTemplate":"https:\/\/culturbaine.com\/?s={search_term_string}"},"query-input":{"@type":"PropertyValueSpecification","valueRequired":true,"valueName":"search_term_string"}}],"inLanguage":"fr-FR"},{"@type":"Organization","@id":"https:\/\/culturbaine.com\/#organization","name":"Culturbaine.com","url":"https:\/\/culturbaine.com\/","logo":{"@type":"ImageObject","inLanguage":"fr-FR","@id":"https:\/\/culturbaine.com\/#\/schema\/logo\/image\/","url":"https:\/\/culturbaine.com\/wp-content\/uploads\/2023\/07\/WhatsApp-Image-2023-07-17-at-14.38.18.jpeg","contentUrl":"https:\/\/culturbaine.com\/wp-content\/uploads\/2023\/07\/WhatsApp-Image-2023-07-17-at-14.38.18.jpeg","width":855,"height":270,"caption":"Culturbaine.com"},"image":{"@id":"https:\/\/culturbaine.com\/#\/schema\/logo\/image\/"},"sameAs":["https:\/\/www.facebook.com\/Culturbaines","https:\/\/x.com\/culturbaines"]},{"@type":"Person","@id":"https:\/\/culturbaine.com\/#\/schema\/person\/42eb7485c572e0746c1ea6b8216c3814","name":"admin1","image":{"@type":"ImageObject","inLanguage":"fr-FR","@id":"https:\/\/culturbaine.com\/#\/schema\/person\/image\/","url":"https:\/\/secure.gravatar.com\/avatar\/c268f4d483ce0486e5a10fee87bbf756?s=96&d=mm&r=g","contentUrl":"https:\/\/secure.gravatar.com\/avatar\/c268f4d483ce0486e5a10fee87bbf756?s=96&d=mm&r=g","caption":"admin1"},"url":"https:\/\/culturbaine.com\/index.php\/author\/admin1\/"}]}},"_links":{"self":[{"href":"https:\/\/culturbaine.com\/index.php\/wp-json\/wp\/v2\/posts\/10483"}],"collection":[{"href":"https:\/\/culturbaine.com\/index.php\/wp-json\/wp\/v2\/posts"}],"about":[{"href":"https:\/\/culturbaine.com\/index.php\/wp-json\/wp\/v2\/types\/post"}],"author":[{"embeddable":true,"href":"https:\/\/culturbaine.com\/index.php\/wp-json\/wp\/v2\/users\/2"}],"replies":[{"embeddable":true,"href":"https:\/\/culturbaine.com\/index.php\/wp-json\/wp\/v2\/comments?post=10483"}],"version-history":[{"count":0,"href":"https:\/\/culturbaine.com\/index.php\/wp-json\/wp\/v2\/posts\/10483\/revisions"}],"wp:featuredmedia":[{"embeddable":true,"href":"https:\/\/culturbaine.com\/index.php\/wp-json\/wp\/v2\/media\/10489"}],"wp:attachment":[{"href":"https:\/\/culturbaine.com\/index.php\/wp-json\/wp\/v2\/media?parent=10483"}],"wp:term":[{"taxonomy":"category","embeddable":true,"href":"https:\/\/culturbaine.com\/index.php\/wp-json\/wp\/v2\/categories?post=10483"},{"taxonomy":"post_tag","embeddable":true,"href":"https:\/\/culturbaine.com\/index.php\/wp-json\/wp\/v2\/tags?post=10483"}],"curies":[{"name":"wp","href":"https:\/\/api.w.org\/{rel}","templated":true}]}}