{"id":10438,"date":"2024-12-20T11:00:47","date_gmt":"2024-12-20T11:00:47","guid":{"rendered":"https:\/\/culturbaine.com\/?p=10438"},"modified":"2024-12-20T07:22:26","modified_gmt":"2024-12-20T07:22:26","slug":"premiere-edition-de-parade-sur-scene-les-organisateurs-face-a-la-presse","status":"publish","type":"post","link":"https:\/\/culturbaine.com\/index.php\/2024\/12\/20\/premiere-edition-de-parade-sur-scene-les-organisateurs-face-a-la-presse\/","title":{"rendered":"Premi\u00e8re \u00e9dition de \u00ab Parade sur sc\u00e8ne \u00bb : les organisateurs face \u00e0 la presse"},"content":{"rendered":"<p><strong>Parade<\/strong>, l\u2019une des \u00e9missions culturelles phares de la <strong>RTG<\/strong>, a marqu\u00e9 des g\u00e9n\u00e9rations et vu passer de nombreux animateurs au fil des ann\u00e9es. Aujourd\u2019hui, apr\u00e8s deux ans en tant que pr\u00e9sentatrice principale, <strong>Aminata Kaba<\/strong> et son \u00e9quipe innovent avec un tout nouvel \u00e9v\u00e9nement : <strong>Parade sur sc\u00e8ne.<\/strong><\/p>\n<p>Lors d\u2019une conf\u00e9rence de presse tenue ce jeudi 19 d\u00e9cembre 2024, \u00e0 l\u2019espace Nimba Palace, <strong>Amika Kaba<\/strong> a expliqu\u00e9 les motivations de cette initiative :<\/p>\n<p><em><strong>\u00ab Parade a berc\u00e9 des g\u00e9n\u00e9rations et a vu passer plusieurs animateurs. Pour marquer positivement son \u00e9poque, il faut innover. C\u2019est dans cet esprit que j\u2019ai lanc\u00e9 Parade sur sc\u00e8ne, une c\u00e9r\u00e9monie prestigieuse et p\u00e9renne. Cette premi\u00e8re \u00e9dition, qui se tiendra le 21 d\u00e9cembre au complexe Nimba Palace, vise \u00e0 valoriser non seulement les clips des artistes ayant marqu\u00e9 l\u2019ann\u00e9e, mais aussi le talent, la cr\u00e9ativit\u00e9 et le savoir-faire des acteurs de l\u2019art et de la culture. \u00bb<\/strong><\/em><\/p>\n<p>Pour cette premi\u00e8re \u00e9dition, 53 clips ont \u00e9t\u00e9 diffus\u00e9s dans l\u2019\u00e9mission Parade tout au long de l\u2019ann\u00e9e, mais seulement 12 ont \u00e9t\u00e9 s\u00e9lectionn\u00e9s pour la phase finale. Ils vont concourir dans trois cat\u00e9gories principales :<\/p>\n<ol>\n<li><strong>Le troph\u00e9e du meilleur clip tradi-moderne,<\/strong><\/li>\n<li><strong>Le troph\u00e9e du meilleur clip tendance<\/strong>,<\/li>\n<li><strong>Et le troph\u00e9e coup de c\u0153ur du jury.<\/strong><\/li>\n<\/ol>\n<p>Parmi les \u0153uvres en lice, on retrouve des titres phares comme <strong>3 fois<\/strong> d\u2019<strong>Ans-T Crazy<\/strong>, <strong>Mounyigui Kolon <\/strong>de<strong> Sheba Queen<\/strong>, <strong>Sopoti <\/strong>de<strong> King D\u00e9truit<\/strong>, et bien d\u2019autres.<\/p>\n<p>En plus de mettre \u00e0 l\u2019honneur les artistes, cette c\u00e9r\u00e9monie rendra hommage aux anciens animateurs et animatrices de l\u2019\u00e9mission Parade, qui ont contribu\u00e9 \u00e0 son succ\u00e8s au fil des d\u00e9cennies.<\/p>\n<p>Le rendez-vous est donn\u00e9 le 21 d\u00e9cembre au complexe Nimba Palace pour une soir\u00e9e d\u00e9di\u00e9e \u00e0 la valorisation du talent, de la cr\u00e9ativit\u00e9 et du savoir-faire artistique et culturel. Une c\u00e9l\u00e9bration qui promet d\u2019\u00eatre un moment m\u00e9morable pour la sc\u00e8ne artistique guin\u00e9enne.<\/p>\n<p><strong>Mohamed Cinq Sylla<\/strong><\/p>\n","protected":false},"excerpt":{"rendered":"<p>Parade, l\u2019une des \u00e9missions culturelles phares de la RTG, a marqu\u00e9 des g\u00e9n\u00e9rations et vu passer de nombreux animateurs au fil des ann\u00e9es. Aujourd\u2019hui, apr\u00e8s deux ans en tant que pr\u00e9sentatrice principale, Aminata Kaba et son \u00e9quipe innovent avec un tout nouvel \u00e9v\u00e9nement : Parade sur sc\u00e8ne. Lors d\u2019une conf\u00e9rence de presse tenue ce jeudi [&hellip;]<\/p>\n","protected":false},"author":2,"featured_media":10439,"comment_status":"closed","ping_status":"closed","sticky":false,"template":"","format":"standard","meta":{"_mi_skip_tracking":false,"_monsterinsights_sitenote_active":false,"_monsterinsights_sitenote_note":"","_monsterinsights_sitenote_category":0,"footnotes":""},"categories":[21,33],"tags":[3506],"class_list":["post-10438","post","type-post","status-publish","format-standard","has-post-thumbnail","hentry","category-actualite","category-agenda","tag-premiere-edition-de-parade-sur-scene"],"yoast_head":"<!-- This site is optimized with the Yoast SEO Premium plugin v20.1 (Yoast SEO v24.0) - https:\/\/yoast.com\/wordpress\/plugins\/seo\/ -->\n<title>Premi\u00e8re \u00e9dition de \u00ab Parade sur sc\u00e8ne \u00bb : les organisateurs face \u00e0 la presse - Culturbaine<\/title>\n<meta name=\"robots\" content=\"index, follow, max-snippet:-1, max-image-preview:large, max-video-preview:-1\" \/>\n<link rel=\"canonical\" href=\"https:\/\/culturbaine.com\/index.php\/2024\/12\/20\/premiere-edition-de-parade-sur-scene-les-organisateurs-face-a-la-presse\/\" \/>\n<meta property=\"og:locale\" content=\"fr_FR\" \/>\n<meta property=\"og:type\" content=\"article\" \/>\n<meta property=\"og:title\" content=\"Premi\u00e8re \u00e9dition de \u00ab Parade sur sc\u00e8ne \u00bb : les organisateurs face \u00e0 la presse\" \/>\n<meta property=\"og:description\" content=\"Parade, l\u2019une des \u00e9missions culturelles phares de la RTG, a marqu\u00e9 des g\u00e9n\u00e9rations et vu passer de nombreux animateurs au fil des ann\u00e9es. Aujourd\u2019hui, apr\u00e8s deux ans en tant que pr\u00e9sentatrice principale, Aminata Kaba et son \u00e9quipe innovent avec un tout nouvel \u00e9v\u00e9nement : Parade sur sc\u00e8ne. Lors d\u2019une conf\u00e9rence de presse tenue ce jeudi [&hellip;]\" \/>\n<meta property=\"og:url\" content=\"https:\/\/culturbaine.com\/index.php\/2024\/12\/20\/premiere-edition-de-parade-sur-scene-les-organisateurs-face-a-la-presse\/\" \/>\n<meta property=\"og:site_name\" content=\"Culturbaine\" \/>\n<meta property=\"article:publisher\" content=\"https:\/\/www.facebook.com\/Culturbaines\" \/>\n<meta property=\"article:published_time\" content=\"2024-12-20T11:00:47+00:00\" \/>\n<meta property=\"article:modified_time\" content=\"2024-12-20T07:22:26+00:00\" \/>\n<meta property=\"og:image\" content=\"https:\/\/culturbaine.com\/wp-content\/uploads\/2024\/12\/1734651944084.jpg\" \/>\n\t<meta property=\"og:image:width\" content=\"720\" \/>\n\t<meta property=\"og:image:height\" content=\"404\" \/>\n\t<meta property=\"og:image:type\" content=\"image\/jpeg\" \/>\n<meta name=\"author\" content=\"admin1\" \/>\n<meta name=\"twitter:card\" content=\"summary_large_image\" \/>\n<meta name=\"twitter:creator\" content=\"@culturbaines\" \/>\n<meta name=\"twitter:site\" content=\"@culturbaines\" \/>\n<meta name=\"twitter:label1\" content=\"\u00c9crit par\" \/>\n\t<meta name=\"twitter:data1\" content=\"admin1\" \/>\n\t<meta name=\"twitter:label2\" content=\"Dur\u00e9e de lecture estim\u00e9e\" \/>\n\t<meta name=\"twitter:data2\" content=\"2 minutes\" \/>\n<script type=\"application\/ld+json\" class=\"yoast-schema-graph\">{\"@context\":\"https:\/\/schema.org\",\"@graph\":[{\"@type\":\"Article\",\"@id\":\"https:\/\/culturbaine.com\/index.php\/2024\/12\/20\/premiere-edition-de-parade-sur-scene-les-organisateurs-face-a-la-presse\/#article\",\"isPartOf\":{\"@id\":\"https:\/\/culturbaine.com\/index.php\/2024\/12\/20\/premiere-edition-de-parade-sur-scene-les-organisateurs-face-a-la-presse\/\"},\"author\":{\"name\":\"admin1\",\"@id\":\"https:\/\/culturbaine.com\/#\/schema\/person\/42eb7485c572e0746c1ea6b8216c3814\"},\"headline\":\"Premi\u00e8re \u00e9dition de \u00ab Parade sur sc\u00e8ne \u00bb : les organisateurs face \u00e0 la presse\",\"datePublished\":\"2024-12-20T11:00:47+00:00\",\"dateModified\":\"2024-12-20T07:22:26+00:00\",\"mainEntityOfPage\":{\"@id\":\"https:\/\/culturbaine.com\/index.php\/2024\/12\/20\/premiere-edition-de-parade-sur-scene-les-organisateurs-face-a-la-presse\/\"},\"wordCount\":362,\"publisher\":{\"@id\":\"https:\/\/culturbaine.com\/#organization\"},\"image\":{\"@id\":\"https:\/\/culturbaine.com\/index.php\/2024\/12\/20\/premiere-edition-de-parade-sur-scene-les-organisateurs-face-a-la-presse\/#primaryimage\"},\"thumbnailUrl\":\"https:\/\/culturbaine.com\/wp-content\/uploads\/2024\/12\/1734651944084.jpg\",\"keywords\":[\"Premi\u00e8re \u00e9dition de \u00ab Parade sur sc\u00e8ne \u00bb\"],\"articleSection\":[\"Actualit\u00e9\",\"Agenda\"],\"inLanguage\":\"fr-FR\"},{\"@type\":\"WebPage\",\"@id\":\"https:\/\/culturbaine.com\/index.php\/2024\/12\/20\/premiere-edition-de-parade-sur-scene-les-organisateurs-face-a-la-presse\/\",\"url\":\"https:\/\/culturbaine.com\/index.php\/2024\/12\/20\/premiere-edition-de-parade-sur-scene-les-organisateurs-face-a-la-presse\/\",\"name\":\"Premi\u00e8re \u00e9dition de \u00ab Parade sur sc\u00e8ne \u00bb : les organisateurs face \u00e0 la presse - Culturbaine\",\"isPartOf\":{\"@id\":\"https:\/\/culturbaine.com\/#website\"},\"primaryImageOfPage\":{\"@id\":\"https:\/\/culturbaine.com\/index.php\/2024\/12\/20\/premiere-edition-de-parade-sur-scene-les-organisateurs-face-a-la-presse\/#primaryimage\"},\"image\":{\"@id\":\"https:\/\/culturbaine.com\/index.php\/2024\/12\/20\/premiere-edition-de-parade-sur-scene-les-organisateurs-face-a-la-presse\/#primaryimage\"},\"thumbnailUrl\":\"https:\/\/culturbaine.com\/wp-content\/uploads\/2024\/12\/1734651944084.jpg\",\"datePublished\":\"2024-12-20T11:00:47+00:00\",\"dateModified\":\"2024-12-20T07:22:26+00:00\",\"breadcrumb\":{\"@id\":\"https:\/\/culturbaine.com\/index.php\/2024\/12\/20\/premiere-edition-de-parade-sur-scene-les-organisateurs-face-a-la-presse\/#breadcrumb\"},\"inLanguage\":\"fr-FR\",\"potentialAction\":[{\"@type\":\"ReadAction\",\"target\":[\"https:\/\/culturbaine.com\/index.php\/2024\/12\/20\/premiere-edition-de-parade-sur-scene-les-organisateurs-face-a-la-presse\/\"]}]},{\"@type\":\"ImageObject\",\"inLanguage\":\"fr-FR\",\"@id\":\"https:\/\/culturbaine.com\/index.php\/2024\/12\/20\/premiere-edition-de-parade-sur-scene-les-organisateurs-face-a-la-presse\/#primaryimage\",\"url\":\"https:\/\/culturbaine.com\/wp-content\/uploads\/2024\/12\/1734651944084.jpg\",\"contentUrl\":\"https:\/\/culturbaine.com\/wp-content\/uploads\/2024\/12\/1734651944084.jpg\",\"width\":720,\"height\":404},{\"@type\":\"BreadcrumbList\",\"@id\":\"https:\/\/culturbaine.com\/index.php\/2024\/12\/20\/premiere-edition-de-parade-sur-scene-les-organisateurs-face-a-la-presse\/#breadcrumb\",\"itemListElement\":[{\"@type\":\"ListItem\",\"position\":1,\"name\":\"Home\",\"item\":\"https:\/\/culturbaine.com\/\"},{\"@type\":\"ListItem\",\"position\":2,\"name\":\"Premi\u00e8re \u00e9dition de \u00ab Parade sur sc\u00e8ne \u00bb : les organisateurs face \u00e0 la presse\"}]},{\"@type\":\"WebSite\",\"@id\":\"https:\/\/culturbaine.com\/#website\",\"url\":\"https:\/\/culturbaine.com\/\",\"name\":\"Culturbaine.com\",\"description\":\"Toute l&#039;actualit\u00e9 des Cultures Urbaines, en un clic  !\",\"publisher\":{\"@id\":\"https:\/\/culturbaine.com\/#organization\"},\"potentialAction\":[{\"@type\":\"SearchAction\",\"target\":{\"@type\":\"EntryPoint\",\"urlTemplate\":\"https:\/\/culturbaine.com\/?s={search_term_string}\"},\"query-input\":{\"@type\":\"PropertyValueSpecification\",\"valueRequired\":true,\"valueName\":\"search_term_string\"}}],\"inLanguage\":\"fr-FR\"},{\"@type\":\"Organization\",\"@id\":\"https:\/\/culturbaine.com\/#organization\",\"name\":\"Culturbaine.com\",\"url\":\"https:\/\/culturbaine.com\/\",\"logo\":{\"@type\":\"ImageObject\",\"inLanguage\":\"fr-FR\",\"@id\":\"https:\/\/culturbaine.com\/#\/schema\/logo\/image\/\",\"url\":\"https:\/\/culturbaine.com\/wp-content\/uploads\/2023\/07\/WhatsApp-Image-2023-07-17-at-14.38.18.jpeg\",\"contentUrl\":\"https:\/\/culturbaine.com\/wp-content\/uploads\/2023\/07\/WhatsApp-Image-2023-07-17-at-14.38.18.jpeg\",\"width\":855,\"height\":270,\"caption\":\"Culturbaine.com\"},\"image\":{\"@id\":\"https:\/\/culturbaine.com\/#\/schema\/logo\/image\/\"},\"sameAs\":[\"https:\/\/www.facebook.com\/Culturbaines\",\"https:\/\/x.com\/culturbaines\"]},{\"@type\":\"Person\",\"@id\":\"https:\/\/culturbaine.com\/#\/schema\/person\/42eb7485c572e0746c1ea6b8216c3814\",\"name\":\"admin1\",\"image\":{\"@type\":\"ImageObject\",\"inLanguage\":\"fr-FR\",\"@id\":\"https:\/\/culturbaine.com\/#\/schema\/person\/image\/\",\"url\":\"https:\/\/secure.gravatar.com\/avatar\/c268f4d483ce0486e5a10fee87bbf756?s=96&d=mm&r=g\",\"contentUrl\":\"https:\/\/secure.gravatar.com\/avatar\/c268f4d483ce0486e5a10fee87bbf756?s=96&d=mm&r=g\",\"caption\":\"admin1\"},\"url\":\"https:\/\/culturbaine.com\/index.php\/author\/admin1\/\"}]}<\/script>\n<!-- \/ Yoast SEO Premium plugin. -->","yoast_head_json":{"title":"Premi\u00e8re \u00e9dition de \u00ab Parade sur sc\u00e8ne \u00bb : les organisateurs face \u00e0 la presse - Culturbaine","robots":{"index":"index","follow":"follow","max-snippet":"max-snippet:-1","max-image-preview":"max-image-preview:large","max-video-preview":"max-video-preview:-1"},"canonical":"https:\/\/culturbaine.com\/index.php\/2024\/12\/20\/premiere-edition-de-parade-sur-scene-les-organisateurs-face-a-la-presse\/","og_locale":"fr_FR","og_type":"article","og_title":"Premi\u00e8re \u00e9dition de \u00ab Parade sur sc\u00e8ne \u00bb : les organisateurs face \u00e0 la presse","og_description":"Parade, l\u2019une des \u00e9missions culturelles phares de la RTG, a marqu\u00e9 des g\u00e9n\u00e9rations et vu passer de nombreux animateurs au fil des ann\u00e9es. Aujourd\u2019hui, apr\u00e8s deux ans en tant que pr\u00e9sentatrice principale, Aminata Kaba et son \u00e9quipe innovent avec un tout nouvel \u00e9v\u00e9nement : Parade sur sc\u00e8ne. Lors d\u2019une conf\u00e9rence de presse tenue ce jeudi [&hellip;]","og_url":"https:\/\/culturbaine.com\/index.php\/2024\/12\/20\/premiere-edition-de-parade-sur-scene-les-organisateurs-face-a-la-presse\/","og_site_name":"Culturbaine","article_publisher":"https:\/\/www.facebook.com\/Culturbaines","article_published_time":"2024-12-20T11:00:47+00:00","article_modified_time":"2024-12-20T07:22:26+00:00","og_image":[{"width":720,"height":404,"url":"https:\/\/culturbaine.com\/wp-content\/uploads\/2024\/12\/1734651944084.jpg","type":"image\/jpeg"}],"author":"admin1","twitter_card":"summary_large_image","twitter_creator":"@culturbaines","twitter_site":"@culturbaines","twitter_misc":{"\u00c9crit par":"admin1","Dur\u00e9e de lecture estim\u00e9e":"2 minutes"},"schema":{"@context":"https:\/\/schema.org","@graph":[{"@type":"Article","@id":"https:\/\/culturbaine.com\/index.php\/2024\/12\/20\/premiere-edition-de-parade-sur-scene-les-organisateurs-face-a-la-presse\/#article","isPartOf":{"@id":"https:\/\/culturbaine.com\/index.php\/2024\/12\/20\/premiere-edition-de-parade-sur-scene-les-organisateurs-face-a-la-presse\/"},"author":{"name":"admin1","@id":"https:\/\/culturbaine.com\/#\/schema\/person\/42eb7485c572e0746c1ea6b8216c3814"},"headline":"Premi\u00e8re \u00e9dition de \u00ab Parade sur sc\u00e8ne \u00bb : les organisateurs face \u00e0 la presse","datePublished":"2024-12-20T11:00:47+00:00","dateModified":"2024-12-20T07:22:26+00:00","mainEntityOfPage":{"@id":"https:\/\/culturbaine.com\/index.php\/2024\/12\/20\/premiere-edition-de-parade-sur-scene-les-organisateurs-face-a-la-presse\/"},"wordCount":362,"publisher":{"@id":"https:\/\/culturbaine.com\/#organization"},"image":{"@id":"https:\/\/culturbaine.com\/index.php\/2024\/12\/20\/premiere-edition-de-parade-sur-scene-les-organisateurs-face-a-la-presse\/#primaryimage"},"thumbnailUrl":"https:\/\/culturbaine.com\/wp-content\/uploads\/2024\/12\/1734651944084.jpg","keywords":["Premi\u00e8re \u00e9dition de \u00ab Parade sur sc\u00e8ne \u00bb"],"articleSection":["Actualit\u00e9","Agenda"],"inLanguage":"fr-FR"},{"@type":"WebPage","@id":"https:\/\/culturbaine.com\/index.php\/2024\/12\/20\/premiere-edition-de-parade-sur-scene-les-organisateurs-face-a-la-presse\/","url":"https:\/\/culturbaine.com\/index.php\/2024\/12\/20\/premiere-edition-de-parade-sur-scene-les-organisateurs-face-a-la-presse\/","name":"Premi\u00e8re \u00e9dition de \u00ab Parade sur sc\u00e8ne \u00bb : les organisateurs face \u00e0 la presse - Culturbaine","isPartOf":{"@id":"https:\/\/culturbaine.com\/#website"},"primaryImageOfPage":{"@id":"https:\/\/culturbaine.com\/index.php\/2024\/12\/20\/premiere-edition-de-parade-sur-scene-les-organisateurs-face-a-la-presse\/#primaryimage"},"image":{"@id":"https:\/\/culturbaine.com\/index.php\/2024\/12\/20\/premiere-edition-de-parade-sur-scene-les-organisateurs-face-a-la-presse\/#primaryimage"},"thumbnailUrl":"https:\/\/culturbaine.com\/wp-content\/uploads\/2024\/12\/1734651944084.jpg","datePublished":"2024-12-20T11:00:47+00:00","dateModified":"2024-12-20T07:22:26+00:00","breadcrumb":{"@id":"https:\/\/culturbaine.com\/index.php\/2024\/12\/20\/premiere-edition-de-parade-sur-scene-les-organisateurs-face-a-la-presse\/#breadcrumb"},"inLanguage":"fr-FR","potentialAction":[{"@type":"ReadAction","target":["https:\/\/culturbaine.com\/index.php\/2024\/12\/20\/premiere-edition-de-parade-sur-scene-les-organisateurs-face-a-la-presse\/"]}]},{"@type":"ImageObject","inLanguage":"fr-FR","@id":"https:\/\/culturbaine.com\/index.php\/2024\/12\/20\/premiere-edition-de-parade-sur-scene-les-organisateurs-face-a-la-presse\/#primaryimage","url":"https:\/\/culturbaine.com\/wp-content\/uploads\/2024\/12\/1734651944084.jpg","contentUrl":"https:\/\/culturbaine.com\/wp-content\/uploads\/2024\/12\/1734651944084.jpg","width":720,"height":404},{"@type":"BreadcrumbList","@id":"https:\/\/culturbaine.com\/index.php\/2024\/12\/20\/premiere-edition-de-parade-sur-scene-les-organisateurs-face-a-la-presse\/#breadcrumb","itemListElement":[{"@type":"ListItem","position":1,"name":"Home","item":"https:\/\/culturbaine.com\/"},{"@type":"ListItem","position":2,"name":"Premi\u00e8re \u00e9dition de \u00ab Parade sur sc\u00e8ne \u00bb : les organisateurs face \u00e0 la presse"}]},{"@type":"WebSite","@id":"https:\/\/culturbaine.com\/#website","url":"https:\/\/culturbaine.com\/","name":"Culturbaine.com","description":"Toute l&#039;actualit\u00e9 des Cultures Urbaines, en un clic  !","publisher":{"@id":"https:\/\/culturbaine.com\/#organization"},"potentialAction":[{"@type":"SearchAction","target":{"@type":"EntryPoint","urlTemplate":"https:\/\/culturbaine.com\/?s={search_term_string}"},"query-input":{"@type":"PropertyValueSpecification","valueRequired":true,"valueName":"search_term_string"}}],"inLanguage":"fr-FR"},{"@type":"Organization","@id":"https:\/\/culturbaine.com\/#organization","name":"Culturbaine.com","url":"https:\/\/culturbaine.com\/","logo":{"@type":"ImageObject","inLanguage":"fr-FR","@id":"https:\/\/culturbaine.com\/#\/schema\/logo\/image\/","url":"https:\/\/culturbaine.com\/wp-content\/uploads\/2023\/07\/WhatsApp-Image-2023-07-17-at-14.38.18.jpeg","contentUrl":"https:\/\/culturbaine.com\/wp-content\/uploads\/2023\/07\/WhatsApp-Image-2023-07-17-at-14.38.18.jpeg","width":855,"height":270,"caption":"Culturbaine.com"},"image":{"@id":"https:\/\/culturbaine.com\/#\/schema\/logo\/image\/"},"sameAs":["https:\/\/www.facebook.com\/Culturbaines","https:\/\/x.com\/culturbaines"]},{"@type":"Person","@id":"https:\/\/culturbaine.com\/#\/schema\/person\/42eb7485c572e0746c1ea6b8216c3814","name":"admin1","image":{"@type":"ImageObject","inLanguage":"fr-FR","@id":"https:\/\/culturbaine.com\/#\/schema\/person\/image\/","url":"https:\/\/secure.gravatar.com\/avatar\/c268f4d483ce0486e5a10fee87bbf756?s=96&d=mm&r=g","contentUrl":"https:\/\/secure.gravatar.com\/avatar\/c268f4d483ce0486e5a10fee87bbf756?s=96&d=mm&r=g","caption":"admin1"},"url":"https:\/\/culturbaine.com\/index.php\/author\/admin1\/"}]}},"_links":{"self":[{"href":"https:\/\/culturbaine.com\/index.php\/wp-json\/wp\/v2\/posts\/10438"}],"collection":[{"href":"https:\/\/culturbaine.com\/index.php\/wp-json\/wp\/v2\/posts"}],"about":[{"href":"https:\/\/culturbaine.com\/index.php\/wp-json\/wp\/v2\/types\/post"}],"author":[{"embeddable":true,"href":"https:\/\/culturbaine.com\/index.php\/wp-json\/wp\/v2\/users\/2"}],"replies":[{"embeddable":true,"href":"https:\/\/culturbaine.com\/index.php\/wp-json\/wp\/v2\/comments?post=10438"}],"version-history":[{"count":0,"href":"https:\/\/culturbaine.com\/index.php\/wp-json\/wp\/v2\/posts\/10438\/revisions"}],"wp:featuredmedia":[{"embeddable":true,"href":"https:\/\/culturbaine.com\/index.php\/wp-json\/wp\/v2\/media\/10439"}],"wp:attachment":[{"href":"https:\/\/culturbaine.com\/index.php\/wp-json\/wp\/v2\/media?parent=10438"}],"wp:term":[{"taxonomy":"category","embeddable":true,"href":"https:\/\/culturbaine.com\/index.php\/wp-json\/wp\/v2\/categories?post=10438"},{"taxonomy":"post_tag","embeddable":true,"href":"https:\/\/culturbaine.com\/index.php\/wp-json\/wp\/v2\/tags?post=10438"}],"curies":[{"name":"wp","href":"https:\/\/api.w.org\/{rel}","templated":true}]}}