{"id":10263,"date":"2024-12-09T08:02:58","date_gmt":"2024-12-09T08:02:58","guid":{"rendered":"https:\/\/culturbaine.com\/?p=10263"},"modified":"2024-12-09T08:02:58","modified_gmt":"2024-12-09T08:02:58","slug":"dimedislam-devoile-la-tracklist-de-son-ep-sinden","status":"publish","type":"post","link":"https:\/\/culturbaine.com\/index.php\/2024\/12\/09\/dimedislam-devoile-la-tracklist-de-son-ep-sinden\/","title":{"rendered":"DimediSlam d\u00e9voile la tracklist de son EP &lsquo;Sinden&rsquo;"},"content":{"rendered":"<p>Le groupe <strong>DimediSlam<\/strong> continue de captiver l&rsquo;attention de ses fans avec l&rsquo;annonce de la tracklist de leur EP intitul\u00e9 \u00ab\u00a0<strong>Sinden<\/strong>\u00ab\u00a0, dont la sortie est pr\u00e9vue ce dimanche 10 d\u00e9cembre sur les plateformes digitales. Ce projet, tr\u00e8s attendu, promet d\u2019\u00eatre une exp\u00e9rience unique pour les amateurs de musique et de po\u00e9sie.<\/p>\n<p>Compos\u00e9 de cinq titres, \u00ab\u00a0<strong>Sinden<\/strong>\u00a0\u00bb marque une nouvelle \u00e9tape dans la carri\u00e8re du duo <strong>Dieng<\/strong> &amp; <strong>EOB<\/strong>, dont la notori\u00e9t\u00e9 d\u00e9passe les fronti\u00e8res guin\u00e9ennes. L\u2019EP comprend une unique collaboration, r\u00e9alis\u00e9e avec le c\u00e9l\u00e8bre groupe <strong>Degg J Force 3,<\/strong> renfor\u00e7ant ainsi l&rsquo;attrait de ce projet.<\/p>\n<p>La production de l\u2019EP a mobilis\u00e9 plusieurs talents :<\/p>\n<p><strong>\u0178udini<\/strong> a travaill\u00e9 sur les titres 3 et 5<strong>,Kelet\u00ff Kamano<\/strong> s\u2019est occup\u00e9 de l\u2019introduction et du deuxi\u00e8me morceau, <strong>CD A la prod<\/strong> a sign\u00e9 la production du titre \u00ab\u00a0<strong>Kiridi<\/strong>\u00ab\u00a0.<\/p>\n<p><img loading=\"lazy\" decoding=\"async\" class=\"alignnone size-medium wp-image-10266\" src=\"https:\/\/culturbaine.com\/wp-content\/uploads\/2024\/12\/1733662641654-300x300.jpg\" alt=\"\" width=\"300\" height=\"300\" srcset=\"https:\/\/culturbaine.com\/wp-content\/uploads\/2024\/12\/1733662641654-300x300.jpg 300w, https:\/\/culturbaine.com\/wp-content\/uploads\/2024\/12\/1733662641654-150x150.jpg 150w, https:\/\/culturbaine.com\/wp-content\/uploads\/2024\/12\/1733662641654.jpg 720w\" sizes=\"(max-width: 300px) 100vw, 300px\" \/><\/p>\n<p>En plus de ces producteurs, des musiciens chevronn\u00e9s ont apport\u00e9 leur touche artistique : <strong>Bego<\/strong> \u00e0 la guitare, <strong>Baba Gall\u00e8<\/strong> \u00e0 la fl\u00fbte, <strong>Ousmane<\/strong> \u00e0 la kora et <strong>Sax Brahm\u2019s<\/strong> au saxophone.<\/p>\n<p>Le projet int\u00e8gre \u00e9galement la voix envo\u00fbtante de <strong>Sira Cond\u00e9<\/strong> sur le morceau \u00ab\u00a0<strong>Demain<\/strong>\u00a0\u00bb d\u00e9j\u00e0 disponible sur les plateformes digitales.<\/p>\n<p>Avec cet EP, <strong>DimediSlam<\/strong> invite son public \u00e0 plonger dans un univers o\u00f9 la puissance des mots et des m\u00e9lodies transporte vers des horizons po\u00e9tiques. \u00c0 travers leurs textes profonds et engag\u00e9s, <strong>Dieng<\/strong> &amp; <strong>EOB<\/strong> promettent de livrer une \u0153uvre riche en \u00e9motions et en r\u00e9flexions.<\/p>\n<p><strong>Mohamed Cinq Sylla\u00a0<\/strong><\/p>\n","protected":false},"excerpt":{"rendered":"<p>Le groupe DimediSlam continue de captiver l&rsquo;attention de ses fans avec l&rsquo;annonce de la tracklist de leur EP intitul\u00e9 \u00ab\u00a0Sinden\u00ab\u00a0, dont la sortie est pr\u00e9vue ce dimanche 10 d\u00e9cembre sur les plateformes digitales. Ce projet, tr\u00e8s attendu, promet d\u2019\u00eatre une exp\u00e9rience unique pour les amateurs de musique et de po\u00e9sie. Compos\u00e9 de cinq titres, \u00ab\u00a0Sinden\u00a0\u00bb [&hellip;]<\/p>\n","protected":false},"author":2,"featured_media":10264,"comment_status":"closed","ping_status":"closed","sticky":false,"template":"","format":"standard","meta":{"_mi_skip_tracking":false,"_monsterinsights_sitenote_active":false,"_monsterinsights_sitenote_note":"","_monsterinsights_sitenote_category":0,"footnotes":""},"categories":[21,2386,3070],"tags":[1259,3453],"class_list":["post-10263","post","type-post","status-publish","format-standard","has-post-thumbnail","hentry","category-actualite","category-slam","category-sortie-dalbum","tag-dimedislam","tag-sinden"],"yoast_head":"<!-- This site is optimized with the Yoast SEO Premium plugin v20.1 (Yoast SEO v24.0) - https:\/\/yoast.com\/wordpress\/plugins\/seo\/ -->\n<title>DimediSlam d\u00e9voile la tracklist de son EP &#039;Sinden&#039; - Culturbaine<\/title>\n<meta name=\"robots\" content=\"index, follow, max-snippet:-1, max-image-preview:large, max-video-preview:-1\" \/>\n<link rel=\"canonical\" href=\"https:\/\/culturbaine.com\/index.php\/2024\/12\/09\/dimedislam-devoile-la-tracklist-de-son-ep-sinden\/\" \/>\n<meta property=\"og:locale\" content=\"fr_FR\" \/>\n<meta property=\"og:type\" content=\"article\" \/>\n<meta property=\"og:title\" content=\"DimediSlam d\u00e9voile la tracklist de son EP &#039;Sinden&#039;\" \/>\n<meta property=\"og:description\" content=\"Le groupe DimediSlam continue de captiver l&rsquo;attention de ses fans avec l&rsquo;annonce de la tracklist de leur EP intitul\u00e9 \u00ab\u00a0Sinden\u00ab\u00a0, dont la sortie est pr\u00e9vue ce dimanche 10 d\u00e9cembre sur les plateformes digitales. Ce projet, tr\u00e8s attendu, promet d\u2019\u00eatre une exp\u00e9rience unique pour les amateurs de musique et de po\u00e9sie. Compos\u00e9 de cinq titres, \u00ab\u00a0Sinden\u00a0\u00bb [&hellip;]\" \/>\n<meta property=\"og:url\" content=\"https:\/\/culturbaine.com\/index.php\/2024\/12\/09\/dimedislam-devoile-la-tracklist-de-son-ep-sinden\/\" \/>\n<meta property=\"og:site_name\" content=\"Culturbaine\" \/>\n<meta property=\"article:publisher\" content=\"https:\/\/www.facebook.com\/Culturbaines\" \/>\n<meta property=\"article:published_time\" content=\"2024-12-09T08:02:58+00:00\" \/>\n<meta property=\"og:image\" content=\"https:\/\/culturbaine.com\/wp-content\/uploads\/2024\/12\/17337308799432.jpg\" \/>\n\t<meta property=\"og:image:width\" content=\"715\" \/>\n\t<meta property=\"og:image:height\" content=\"462\" \/>\n\t<meta property=\"og:image:type\" content=\"image\/jpeg\" \/>\n<meta name=\"author\" content=\"admin1\" \/>\n<meta name=\"twitter:card\" content=\"summary_large_image\" \/>\n<meta name=\"twitter:creator\" content=\"@culturbaines\" \/>\n<meta name=\"twitter:site\" content=\"@culturbaines\" \/>\n<meta name=\"twitter:label1\" content=\"\u00c9crit par\" \/>\n\t<meta name=\"twitter:data1\" content=\"admin1\" \/>\n\t<meta name=\"twitter:label2\" content=\"Dur\u00e9e de lecture estim\u00e9e\" \/>\n\t<meta name=\"twitter:data2\" content=\"2 minutes\" \/>\n<script type=\"application\/ld+json\" class=\"yoast-schema-graph\">{\"@context\":\"https:\/\/schema.org\",\"@graph\":[{\"@type\":\"Article\",\"@id\":\"https:\/\/culturbaine.com\/index.php\/2024\/12\/09\/dimedislam-devoile-la-tracklist-de-son-ep-sinden\/#article\",\"isPartOf\":{\"@id\":\"https:\/\/culturbaine.com\/index.php\/2024\/12\/09\/dimedislam-devoile-la-tracklist-de-son-ep-sinden\/\"},\"author\":{\"name\":\"admin1\",\"@id\":\"https:\/\/culturbaine.com\/#\/schema\/person\/42eb7485c572e0746c1ea6b8216c3814\"},\"headline\":\"DimediSlam d\u00e9voile la tracklist de son EP &lsquo;Sinden&rsquo;\",\"datePublished\":\"2024-12-09T08:02:58+00:00\",\"dateModified\":\"2024-12-09T08:02:58+00:00\",\"mainEntityOfPage\":{\"@id\":\"https:\/\/culturbaine.com\/index.php\/2024\/12\/09\/dimedislam-devoile-la-tracklist-de-son-ep-sinden\/\"},\"wordCount\":266,\"publisher\":{\"@id\":\"https:\/\/culturbaine.com\/#organization\"},\"image\":{\"@id\":\"https:\/\/culturbaine.com\/index.php\/2024\/12\/09\/dimedislam-devoile-la-tracklist-de-son-ep-sinden\/#primaryimage\"},\"thumbnailUrl\":\"https:\/\/culturbaine.com\/wp-content\/uploads\/2024\/12\/17337308799432.jpg\",\"keywords\":[\"DimediSlam\",\"Sinden\"],\"articleSection\":[\"Actualit\u00e9\",\"Slam\",\"Sortie d'album\"],\"inLanguage\":\"fr-FR\"},{\"@type\":\"WebPage\",\"@id\":\"https:\/\/culturbaine.com\/index.php\/2024\/12\/09\/dimedislam-devoile-la-tracklist-de-son-ep-sinden\/\",\"url\":\"https:\/\/culturbaine.com\/index.php\/2024\/12\/09\/dimedislam-devoile-la-tracklist-de-son-ep-sinden\/\",\"name\":\"DimediSlam d\u00e9voile la tracklist de son EP 'Sinden' - Culturbaine\",\"isPartOf\":{\"@id\":\"https:\/\/culturbaine.com\/#website\"},\"primaryImageOfPage\":{\"@id\":\"https:\/\/culturbaine.com\/index.php\/2024\/12\/09\/dimedislam-devoile-la-tracklist-de-son-ep-sinden\/#primaryimage\"},\"image\":{\"@id\":\"https:\/\/culturbaine.com\/index.php\/2024\/12\/09\/dimedislam-devoile-la-tracklist-de-son-ep-sinden\/#primaryimage\"},\"thumbnailUrl\":\"https:\/\/culturbaine.com\/wp-content\/uploads\/2024\/12\/17337308799432.jpg\",\"datePublished\":\"2024-12-09T08:02:58+00:00\",\"dateModified\":\"2024-12-09T08:02:58+00:00\",\"breadcrumb\":{\"@id\":\"https:\/\/culturbaine.com\/index.php\/2024\/12\/09\/dimedislam-devoile-la-tracklist-de-son-ep-sinden\/#breadcrumb\"},\"inLanguage\":\"fr-FR\",\"potentialAction\":[{\"@type\":\"ReadAction\",\"target\":[\"https:\/\/culturbaine.com\/index.php\/2024\/12\/09\/dimedislam-devoile-la-tracklist-de-son-ep-sinden\/\"]}]},{\"@type\":\"ImageObject\",\"inLanguage\":\"fr-FR\",\"@id\":\"https:\/\/culturbaine.com\/index.php\/2024\/12\/09\/dimedislam-devoile-la-tracklist-de-son-ep-sinden\/#primaryimage\",\"url\":\"https:\/\/culturbaine.com\/wp-content\/uploads\/2024\/12\/17337308799432.jpg\",\"contentUrl\":\"https:\/\/culturbaine.com\/wp-content\/uploads\/2024\/12\/17337308799432.jpg\",\"width\":715,\"height\":462},{\"@type\":\"BreadcrumbList\",\"@id\":\"https:\/\/culturbaine.com\/index.php\/2024\/12\/09\/dimedislam-devoile-la-tracklist-de-son-ep-sinden\/#breadcrumb\",\"itemListElement\":[{\"@type\":\"ListItem\",\"position\":1,\"name\":\"Home\",\"item\":\"https:\/\/culturbaine.com\/\"},{\"@type\":\"ListItem\",\"position\":2,\"name\":\"DimediSlam d\u00e9voile la tracklist de son EP &lsquo;Sinden&rsquo;\"}]},{\"@type\":\"WebSite\",\"@id\":\"https:\/\/culturbaine.com\/#website\",\"url\":\"https:\/\/culturbaine.com\/\",\"name\":\"Culturbaine.com\",\"description\":\"Toute l&#039;actualit\u00e9 des Cultures Urbaines, en un clic  !\",\"publisher\":{\"@id\":\"https:\/\/culturbaine.com\/#organization\"},\"potentialAction\":[{\"@type\":\"SearchAction\",\"target\":{\"@type\":\"EntryPoint\",\"urlTemplate\":\"https:\/\/culturbaine.com\/?s={search_term_string}\"},\"query-input\":{\"@type\":\"PropertyValueSpecification\",\"valueRequired\":true,\"valueName\":\"search_term_string\"}}],\"inLanguage\":\"fr-FR\"},{\"@type\":\"Organization\",\"@id\":\"https:\/\/culturbaine.com\/#organization\",\"name\":\"Culturbaine.com\",\"url\":\"https:\/\/culturbaine.com\/\",\"logo\":{\"@type\":\"ImageObject\",\"inLanguage\":\"fr-FR\",\"@id\":\"https:\/\/culturbaine.com\/#\/schema\/logo\/image\/\",\"url\":\"https:\/\/culturbaine.com\/wp-content\/uploads\/2023\/07\/WhatsApp-Image-2023-07-17-at-14.38.18.jpeg\",\"contentUrl\":\"https:\/\/culturbaine.com\/wp-content\/uploads\/2023\/07\/WhatsApp-Image-2023-07-17-at-14.38.18.jpeg\",\"width\":855,\"height\":270,\"caption\":\"Culturbaine.com\"},\"image\":{\"@id\":\"https:\/\/culturbaine.com\/#\/schema\/logo\/image\/\"},\"sameAs\":[\"https:\/\/www.facebook.com\/Culturbaines\",\"https:\/\/x.com\/culturbaines\"]},{\"@type\":\"Person\",\"@id\":\"https:\/\/culturbaine.com\/#\/schema\/person\/42eb7485c572e0746c1ea6b8216c3814\",\"name\":\"admin1\",\"image\":{\"@type\":\"ImageObject\",\"inLanguage\":\"fr-FR\",\"@id\":\"https:\/\/culturbaine.com\/#\/schema\/person\/image\/\",\"url\":\"https:\/\/secure.gravatar.com\/avatar\/c268f4d483ce0486e5a10fee87bbf756?s=96&d=mm&r=g\",\"contentUrl\":\"https:\/\/secure.gravatar.com\/avatar\/c268f4d483ce0486e5a10fee87bbf756?s=96&d=mm&r=g\",\"caption\":\"admin1\"},\"url\":\"https:\/\/culturbaine.com\/index.php\/author\/admin1\/\"}]}<\/script>\n<!-- \/ Yoast SEO Premium plugin. -->","yoast_head_json":{"title":"DimediSlam d\u00e9voile la tracklist de son EP 'Sinden' - Culturbaine","robots":{"index":"index","follow":"follow","max-snippet":"max-snippet:-1","max-image-preview":"max-image-preview:large","max-video-preview":"max-video-preview:-1"},"canonical":"https:\/\/culturbaine.com\/index.php\/2024\/12\/09\/dimedislam-devoile-la-tracklist-de-son-ep-sinden\/","og_locale":"fr_FR","og_type":"article","og_title":"DimediSlam d\u00e9voile la tracklist de son EP 'Sinden'","og_description":"Le groupe DimediSlam continue de captiver l&rsquo;attention de ses fans avec l&rsquo;annonce de la tracklist de leur EP intitul\u00e9 \u00ab\u00a0Sinden\u00ab\u00a0, dont la sortie est pr\u00e9vue ce dimanche 10 d\u00e9cembre sur les plateformes digitales. Ce projet, tr\u00e8s attendu, promet d\u2019\u00eatre une exp\u00e9rience unique pour les amateurs de musique et de po\u00e9sie. Compos\u00e9 de cinq titres, \u00ab\u00a0Sinden\u00a0\u00bb [&hellip;]","og_url":"https:\/\/culturbaine.com\/index.php\/2024\/12\/09\/dimedislam-devoile-la-tracklist-de-son-ep-sinden\/","og_site_name":"Culturbaine","article_publisher":"https:\/\/www.facebook.com\/Culturbaines","article_published_time":"2024-12-09T08:02:58+00:00","og_image":[{"width":715,"height":462,"url":"https:\/\/culturbaine.com\/wp-content\/uploads\/2024\/12\/17337308799432.jpg","type":"image\/jpeg"}],"author":"admin1","twitter_card":"summary_large_image","twitter_creator":"@culturbaines","twitter_site":"@culturbaines","twitter_misc":{"\u00c9crit par":"admin1","Dur\u00e9e de lecture estim\u00e9e":"2 minutes"},"schema":{"@context":"https:\/\/schema.org","@graph":[{"@type":"Article","@id":"https:\/\/culturbaine.com\/index.php\/2024\/12\/09\/dimedislam-devoile-la-tracklist-de-son-ep-sinden\/#article","isPartOf":{"@id":"https:\/\/culturbaine.com\/index.php\/2024\/12\/09\/dimedislam-devoile-la-tracklist-de-son-ep-sinden\/"},"author":{"name":"admin1","@id":"https:\/\/culturbaine.com\/#\/schema\/person\/42eb7485c572e0746c1ea6b8216c3814"},"headline":"DimediSlam d\u00e9voile la tracklist de son EP &lsquo;Sinden&rsquo;","datePublished":"2024-12-09T08:02:58+00:00","dateModified":"2024-12-09T08:02:58+00:00","mainEntityOfPage":{"@id":"https:\/\/culturbaine.com\/index.php\/2024\/12\/09\/dimedislam-devoile-la-tracklist-de-son-ep-sinden\/"},"wordCount":266,"publisher":{"@id":"https:\/\/culturbaine.com\/#organization"},"image":{"@id":"https:\/\/culturbaine.com\/index.php\/2024\/12\/09\/dimedislam-devoile-la-tracklist-de-son-ep-sinden\/#primaryimage"},"thumbnailUrl":"https:\/\/culturbaine.com\/wp-content\/uploads\/2024\/12\/17337308799432.jpg","keywords":["DimediSlam","Sinden"],"articleSection":["Actualit\u00e9","Slam","Sortie d'album"],"inLanguage":"fr-FR"},{"@type":"WebPage","@id":"https:\/\/culturbaine.com\/index.php\/2024\/12\/09\/dimedislam-devoile-la-tracklist-de-son-ep-sinden\/","url":"https:\/\/culturbaine.com\/index.php\/2024\/12\/09\/dimedislam-devoile-la-tracklist-de-son-ep-sinden\/","name":"DimediSlam d\u00e9voile la tracklist de son EP 'Sinden' - Culturbaine","isPartOf":{"@id":"https:\/\/culturbaine.com\/#website"},"primaryImageOfPage":{"@id":"https:\/\/culturbaine.com\/index.php\/2024\/12\/09\/dimedislam-devoile-la-tracklist-de-son-ep-sinden\/#primaryimage"},"image":{"@id":"https:\/\/culturbaine.com\/index.php\/2024\/12\/09\/dimedislam-devoile-la-tracklist-de-son-ep-sinden\/#primaryimage"},"thumbnailUrl":"https:\/\/culturbaine.com\/wp-content\/uploads\/2024\/12\/17337308799432.jpg","datePublished":"2024-12-09T08:02:58+00:00","dateModified":"2024-12-09T08:02:58+00:00","breadcrumb":{"@id":"https:\/\/culturbaine.com\/index.php\/2024\/12\/09\/dimedislam-devoile-la-tracklist-de-son-ep-sinden\/#breadcrumb"},"inLanguage":"fr-FR","potentialAction":[{"@type":"ReadAction","target":["https:\/\/culturbaine.com\/index.php\/2024\/12\/09\/dimedislam-devoile-la-tracklist-de-son-ep-sinden\/"]}]},{"@type":"ImageObject","inLanguage":"fr-FR","@id":"https:\/\/culturbaine.com\/index.php\/2024\/12\/09\/dimedislam-devoile-la-tracklist-de-son-ep-sinden\/#primaryimage","url":"https:\/\/culturbaine.com\/wp-content\/uploads\/2024\/12\/17337308799432.jpg","contentUrl":"https:\/\/culturbaine.com\/wp-content\/uploads\/2024\/12\/17337308799432.jpg","width":715,"height":462},{"@type":"BreadcrumbList","@id":"https:\/\/culturbaine.com\/index.php\/2024\/12\/09\/dimedislam-devoile-la-tracklist-de-son-ep-sinden\/#breadcrumb","itemListElement":[{"@type":"ListItem","position":1,"name":"Home","item":"https:\/\/culturbaine.com\/"},{"@type":"ListItem","position":2,"name":"DimediSlam d\u00e9voile la tracklist de son EP &lsquo;Sinden&rsquo;"}]},{"@type":"WebSite","@id":"https:\/\/culturbaine.com\/#website","url":"https:\/\/culturbaine.com\/","name":"Culturbaine.com","description":"Toute l&#039;actualit\u00e9 des Cultures Urbaines, en un clic  !","publisher":{"@id":"https:\/\/culturbaine.com\/#organization"},"potentialAction":[{"@type":"SearchAction","target":{"@type":"EntryPoint","urlTemplate":"https:\/\/culturbaine.com\/?s={search_term_string}"},"query-input":{"@type":"PropertyValueSpecification","valueRequired":true,"valueName":"search_term_string"}}],"inLanguage":"fr-FR"},{"@type":"Organization","@id":"https:\/\/culturbaine.com\/#organization","name":"Culturbaine.com","url":"https:\/\/culturbaine.com\/","logo":{"@type":"ImageObject","inLanguage":"fr-FR","@id":"https:\/\/culturbaine.com\/#\/schema\/logo\/image\/","url":"https:\/\/culturbaine.com\/wp-content\/uploads\/2023\/07\/WhatsApp-Image-2023-07-17-at-14.38.18.jpeg","contentUrl":"https:\/\/culturbaine.com\/wp-content\/uploads\/2023\/07\/WhatsApp-Image-2023-07-17-at-14.38.18.jpeg","width":855,"height":270,"caption":"Culturbaine.com"},"image":{"@id":"https:\/\/culturbaine.com\/#\/schema\/logo\/image\/"},"sameAs":["https:\/\/www.facebook.com\/Culturbaines","https:\/\/x.com\/culturbaines"]},{"@type":"Person","@id":"https:\/\/culturbaine.com\/#\/schema\/person\/42eb7485c572e0746c1ea6b8216c3814","name":"admin1","image":{"@type":"ImageObject","inLanguage":"fr-FR","@id":"https:\/\/culturbaine.com\/#\/schema\/person\/image\/","url":"https:\/\/secure.gravatar.com\/avatar\/c268f4d483ce0486e5a10fee87bbf756?s=96&d=mm&r=g","contentUrl":"https:\/\/secure.gravatar.com\/avatar\/c268f4d483ce0486e5a10fee87bbf756?s=96&d=mm&r=g","caption":"admin1"},"url":"https:\/\/culturbaine.com\/index.php\/author\/admin1\/"}]}},"_links":{"self":[{"href":"https:\/\/culturbaine.com\/index.php\/wp-json\/wp\/v2\/posts\/10263"}],"collection":[{"href":"https:\/\/culturbaine.com\/index.php\/wp-json\/wp\/v2\/posts"}],"about":[{"href":"https:\/\/culturbaine.com\/index.php\/wp-json\/wp\/v2\/types\/post"}],"author":[{"embeddable":true,"href":"https:\/\/culturbaine.com\/index.php\/wp-json\/wp\/v2\/users\/2"}],"replies":[{"embeddable":true,"href":"https:\/\/culturbaine.com\/index.php\/wp-json\/wp\/v2\/comments?post=10263"}],"version-history":[{"count":0,"href":"https:\/\/culturbaine.com\/index.php\/wp-json\/wp\/v2\/posts\/10263\/revisions"}],"wp:featuredmedia":[{"embeddable":true,"href":"https:\/\/culturbaine.com\/index.php\/wp-json\/wp\/v2\/media\/10264"}],"wp:attachment":[{"href":"https:\/\/culturbaine.com\/index.php\/wp-json\/wp\/v2\/media?parent=10263"}],"wp:term":[{"taxonomy":"category","embeddable":true,"href":"https:\/\/culturbaine.com\/index.php\/wp-json\/wp\/v2\/categories?post=10263"},{"taxonomy":"post_tag","embeddable":true,"href":"https:\/\/culturbaine.com\/index.php\/wp-json\/wp\/v2\/tags?post=10263"}],"curies":[{"name":"wp","href":"https:\/\/api.w.org\/{rel}","templated":true}]}}