{"id":10255,"date":"2024-12-08T17:59:44","date_gmt":"2024-12-08T17:59:44","guid":{"rendered":"https:\/\/culturbaine.com\/?p=10255"},"modified":"2024-12-08T17:59:44","modified_gmt":"2024-12-08T17:59:44","slug":"fria-sensibilisation-contre-la-migration-irreguliere-le-groupe-depotoir-a-loeuvre","status":"publish","type":"post","link":"https:\/\/culturbaine.com\/index.php\/2024\/12\/08\/fria-sensibilisation-contre-la-migration-irreguliere-le-groupe-depotoir-a-loeuvre\/","title":{"rendered":"Fria : Sensibilisation contre la migration irr\u00e9guli\u00e8re \u2013 Le groupe D\u00e9potoir \u00e0 l&rsquo;\u0153uvre !"},"content":{"rendered":"<p>Le vendredi 6 d\u00e9cembre, la maison des jeunes de Fria a accueilli une initiative importante de sensibilisation contre la<strong> migration irr\u00e9guli\u00e8re.<\/strong> Organis\u00e9 par l&rsquo;Organisation Guin\u00e9enne pour la Lutte contre la Migration Irr\u00e9guli\u00e8re (OGLMI), cet \u00e9v\u00e9nement a vu la participation du groupe de rap guin\u00e9en <strong>D\u00e9potoir<\/strong>.<\/p>\n<p>L\u2019objectif de cette rencontre \u00e9tait de mobiliser les jeunes et les \u00e9tudiants autour des dangers li\u00e9s \u00e0 la migration irr\u00e9guli\u00e8re. Pour marquer les esprits, le film \u00ab\u00a0<strong>Moi, Capitaine<\/strong>\u00ab\u00a0, qui aborde avec r\u00e9alisme les d\u00e9fis et les risques li\u00e9s \u00e0 ce ph\u00e9nom\u00e8ne, a \u00e9t\u00e9 projet\u00e9. Cette projection a servi de point de d\u00e9part pour un \u00e9change constructif entre les participants.<\/p>\n<p>Outre la dimension cin\u00e9matographique, l&rsquo;\u00e9v\u00e9nement s&rsquo;est transform\u00e9 en un v\u00e9ritable espace de dialogue, enrichi par des performances musicales du groupe <strong>D\u00e9potoir<\/strong>. Leurs morceaux, porteurs de messages d\u2019espoir et de responsabilit\u00e9, ont touch\u00e9 le public, renfor\u00e7ant l&rsquo;id\u00e9e d&rsquo;un avenir meilleur \u00e0 construire en Guin\u00e9e.<\/p>\n<p>Cette premi\u00e8re exp\u00e9rience a marqu\u00e9 les esprits en combinant art, sensibilisation et engagement citoyen. <strong>L\u2019OGLMI<\/strong>, avec des partenaires comme D\u00e9potoir, d\u00e9montre qu\u2019il est possible d\u2019aborder des sujets complexes \u00e0 travers des initiatives culturelles qui interpellent directement la jeunesse.<\/p>\n<p><strong>Mohamed Cinq Sylla\u00a0<\/strong><\/p>\n","protected":false},"excerpt":{"rendered":"<p>Le vendredi 6 d\u00e9cembre, la maison des jeunes de Fria a accueilli une initiative importante de sensibilisation contre la migration irr\u00e9guli\u00e8re. Organis\u00e9 par l&rsquo;Organisation Guin\u00e9enne pour la Lutte contre la Migration Irr\u00e9guli\u00e8re (OGLMI), cet \u00e9v\u00e9nement a vu la participation du groupe de rap guin\u00e9en D\u00e9potoir. L\u2019objectif de cette rencontre \u00e9tait de mobiliser les jeunes et [&hellip;]<\/p>\n","protected":false},"author":2,"featured_media":10256,"comment_status":"closed","ping_status":"closed","sticky":false,"template":"","format":"standard","meta":{"_mi_skip_tracking":false,"_monsterinsights_sitenote_active":false,"_monsterinsights_sitenote_note":"","_monsterinsights_sitenote_category":0,"footnotes":""},"categories":[21,512],"tags":[],"class_list":["post-10255","post","type-post","status-publish","format-standard","has-post-thumbnail","hentry","category-actualite","category-rap"],"yoast_head":"<!-- This site is optimized with the Yoast SEO Premium plugin v20.1 (Yoast SEO v24.0) - https:\/\/yoast.com\/wordpress\/plugins\/seo\/ -->\n<title>Fria : Sensibilisation contre la migration irr\u00e9guli\u00e8re \u2013 Le groupe D\u00e9potoir \u00e0 l&#039;\u0153uvre ! - Culturbaine<\/title>\n<meta name=\"robots\" content=\"index, follow, max-snippet:-1, max-image-preview:large, max-video-preview:-1\" \/>\n<link rel=\"canonical\" href=\"https:\/\/culturbaine.com\/index.php\/2024\/12\/08\/fria-sensibilisation-contre-la-migration-irreguliere-le-groupe-depotoir-a-loeuvre\/\" \/>\n<meta property=\"og:locale\" content=\"fr_FR\" \/>\n<meta property=\"og:type\" content=\"article\" \/>\n<meta property=\"og:title\" content=\"Fria : Sensibilisation contre la migration irr\u00e9guli\u00e8re \u2013 Le groupe D\u00e9potoir \u00e0 l&#039;\u0153uvre !\" \/>\n<meta property=\"og:description\" content=\"Le vendredi 6 d\u00e9cembre, la maison des jeunes de Fria a accueilli une initiative importante de sensibilisation contre la migration irr\u00e9guli\u00e8re. Organis\u00e9 par l&rsquo;Organisation Guin\u00e9enne pour la Lutte contre la Migration Irr\u00e9guli\u00e8re (OGLMI), cet \u00e9v\u00e9nement a vu la participation du groupe de rap guin\u00e9en D\u00e9potoir. L\u2019objectif de cette rencontre \u00e9tait de mobiliser les jeunes et [&hellip;]\" \/>\n<meta property=\"og:url\" content=\"https:\/\/culturbaine.com\/index.php\/2024\/12\/08\/fria-sensibilisation-contre-la-migration-irreguliere-le-groupe-depotoir-a-loeuvre\/\" \/>\n<meta property=\"og:site_name\" content=\"Culturbaine\" \/>\n<meta property=\"article:publisher\" content=\"https:\/\/www.facebook.com\/Culturbaines\" \/>\n<meta property=\"article:published_time\" content=\"2024-12-08T17:59:44+00:00\" \/>\n<meta property=\"og:image\" content=\"https:\/\/culturbaine.com\/wp-content\/uploads\/2024\/12\/Screenshot_20241208-175104.jpg\" \/>\n\t<meta property=\"og:image:width\" content=\"716\" \/>\n\t<meta property=\"og:image:height\" content=\"371\" \/>\n\t<meta property=\"og:image:type\" content=\"image\/jpeg\" \/>\n<meta name=\"author\" content=\"admin1\" \/>\n<meta name=\"twitter:card\" content=\"summary_large_image\" \/>\n<meta name=\"twitter:creator\" content=\"@culturbaines\" \/>\n<meta name=\"twitter:site\" content=\"@culturbaines\" \/>\n<meta name=\"twitter:label1\" content=\"\u00c9crit par\" \/>\n\t<meta name=\"twitter:data1\" content=\"admin1\" \/>\n\t<meta name=\"twitter:label2\" content=\"Dur\u00e9e de lecture estim\u00e9e\" \/>\n\t<meta name=\"twitter:data2\" content=\"2 minutes\" \/>\n<script type=\"application\/ld+json\" class=\"yoast-schema-graph\">{\"@context\":\"https:\/\/schema.org\",\"@graph\":[{\"@type\":\"Article\",\"@id\":\"https:\/\/culturbaine.com\/index.php\/2024\/12\/08\/fria-sensibilisation-contre-la-migration-irreguliere-le-groupe-depotoir-a-loeuvre\/#article\",\"isPartOf\":{\"@id\":\"https:\/\/culturbaine.com\/index.php\/2024\/12\/08\/fria-sensibilisation-contre-la-migration-irreguliere-le-groupe-depotoir-a-loeuvre\/\"},\"author\":{\"name\":\"admin1\",\"@id\":\"https:\/\/culturbaine.com\/#\/schema\/person\/42eb7485c572e0746c1ea6b8216c3814\"},\"headline\":\"Fria : Sensibilisation contre la migration irr\u00e9guli\u00e8re \u2013 Le groupe D\u00e9potoir \u00e0 l&rsquo;\u0153uvre !\",\"datePublished\":\"2024-12-08T17:59:44+00:00\",\"dateModified\":\"2024-12-08T17:59:44+00:00\",\"mainEntityOfPage\":{\"@id\":\"https:\/\/culturbaine.com\/index.php\/2024\/12\/08\/fria-sensibilisation-contre-la-migration-irreguliere-le-groupe-depotoir-a-loeuvre\/\"},\"wordCount\":236,\"publisher\":{\"@id\":\"https:\/\/culturbaine.com\/#organization\"},\"image\":{\"@id\":\"https:\/\/culturbaine.com\/index.php\/2024\/12\/08\/fria-sensibilisation-contre-la-migration-irreguliere-le-groupe-depotoir-a-loeuvre\/#primaryimage\"},\"thumbnailUrl\":\"https:\/\/culturbaine.com\/wp-content\/uploads\/2024\/12\/Screenshot_20241208-175104.jpg\",\"articleSection\":[\"Actualit\u00e9\",\"Rap\"],\"inLanguage\":\"fr-FR\"},{\"@type\":\"WebPage\",\"@id\":\"https:\/\/culturbaine.com\/index.php\/2024\/12\/08\/fria-sensibilisation-contre-la-migration-irreguliere-le-groupe-depotoir-a-loeuvre\/\",\"url\":\"https:\/\/culturbaine.com\/index.php\/2024\/12\/08\/fria-sensibilisation-contre-la-migration-irreguliere-le-groupe-depotoir-a-loeuvre\/\",\"name\":\"Fria : Sensibilisation contre la migration irr\u00e9guli\u00e8re \u2013 Le groupe D\u00e9potoir \u00e0 l'\u0153uvre ! - Culturbaine\",\"isPartOf\":{\"@id\":\"https:\/\/culturbaine.com\/#website\"},\"primaryImageOfPage\":{\"@id\":\"https:\/\/culturbaine.com\/index.php\/2024\/12\/08\/fria-sensibilisation-contre-la-migration-irreguliere-le-groupe-depotoir-a-loeuvre\/#primaryimage\"},\"image\":{\"@id\":\"https:\/\/culturbaine.com\/index.php\/2024\/12\/08\/fria-sensibilisation-contre-la-migration-irreguliere-le-groupe-depotoir-a-loeuvre\/#primaryimage\"},\"thumbnailUrl\":\"https:\/\/culturbaine.com\/wp-content\/uploads\/2024\/12\/Screenshot_20241208-175104.jpg\",\"datePublished\":\"2024-12-08T17:59:44+00:00\",\"dateModified\":\"2024-12-08T17:59:44+00:00\",\"breadcrumb\":{\"@id\":\"https:\/\/culturbaine.com\/index.php\/2024\/12\/08\/fria-sensibilisation-contre-la-migration-irreguliere-le-groupe-depotoir-a-loeuvre\/#breadcrumb\"},\"inLanguage\":\"fr-FR\",\"potentialAction\":[{\"@type\":\"ReadAction\",\"target\":[\"https:\/\/culturbaine.com\/index.php\/2024\/12\/08\/fria-sensibilisation-contre-la-migration-irreguliere-le-groupe-depotoir-a-loeuvre\/\"]}]},{\"@type\":\"ImageObject\",\"inLanguage\":\"fr-FR\",\"@id\":\"https:\/\/culturbaine.com\/index.php\/2024\/12\/08\/fria-sensibilisation-contre-la-migration-irreguliere-le-groupe-depotoir-a-loeuvre\/#primaryimage\",\"url\":\"https:\/\/culturbaine.com\/wp-content\/uploads\/2024\/12\/Screenshot_20241208-175104.jpg\",\"contentUrl\":\"https:\/\/culturbaine.com\/wp-content\/uploads\/2024\/12\/Screenshot_20241208-175104.jpg\",\"width\":716,\"height\":371},{\"@type\":\"BreadcrumbList\",\"@id\":\"https:\/\/culturbaine.com\/index.php\/2024\/12\/08\/fria-sensibilisation-contre-la-migration-irreguliere-le-groupe-depotoir-a-loeuvre\/#breadcrumb\",\"itemListElement\":[{\"@type\":\"ListItem\",\"position\":1,\"name\":\"Home\",\"item\":\"https:\/\/culturbaine.com\/\"},{\"@type\":\"ListItem\",\"position\":2,\"name\":\"Fria : Sensibilisation contre la migration irr\u00e9guli\u00e8re \u2013 Le groupe D\u00e9potoir \u00e0 l&rsquo;\u0153uvre !\"}]},{\"@type\":\"WebSite\",\"@id\":\"https:\/\/culturbaine.com\/#website\",\"url\":\"https:\/\/culturbaine.com\/\",\"name\":\"Culturbaine.com\",\"description\":\"Toute l&#039;actualit\u00e9 des Cultures Urbaines, en un clic  !\",\"publisher\":{\"@id\":\"https:\/\/culturbaine.com\/#organization\"},\"potentialAction\":[{\"@type\":\"SearchAction\",\"target\":{\"@type\":\"EntryPoint\",\"urlTemplate\":\"https:\/\/culturbaine.com\/?s={search_term_string}\"},\"query-input\":{\"@type\":\"PropertyValueSpecification\",\"valueRequired\":true,\"valueName\":\"search_term_string\"}}],\"inLanguage\":\"fr-FR\"},{\"@type\":\"Organization\",\"@id\":\"https:\/\/culturbaine.com\/#organization\",\"name\":\"Culturbaine.com\",\"url\":\"https:\/\/culturbaine.com\/\",\"logo\":{\"@type\":\"ImageObject\",\"inLanguage\":\"fr-FR\",\"@id\":\"https:\/\/culturbaine.com\/#\/schema\/logo\/image\/\",\"url\":\"https:\/\/culturbaine.com\/wp-content\/uploads\/2023\/07\/WhatsApp-Image-2023-07-17-at-14.38.18.jpeg\",\"contentUrl\":\"https:\/\/culturbaine.com\/wp-content\/uploads\/2023\/07\/WhatsApp-Image-2023-07-17-at-14.38.18.jpeg\",\"width\":855,\"height\":270,\"caption\":\"Culturbaine.com\"},\"image\":{\"@id\":\"https:\/\/culturbaine.com\/#\/schema\/logo\/image\/\"},\"sameAs\":[\"https:\/\/www.facebook.com\/Culturbaines\",\"https:\/\/x.com\/culturbaines\"]},{\"@type\":\"Person\",\"@id\":\"https:\/\/culturbaine.com\/#\/schema\/person\/42eb7485c572e0746c1ea6b8216c3814\",\"name\":\"admin1\",\"image\":{\"@type\":\"ImageObject\",\"inLanguage\":\"fr-FR\",\"@id\":\"https:\/\/culturbaine.com\/#\/schema\/person\/image\/\",\"url\":\"https:\/\/secure.gravatar.com\/avatar\/c268f4d483ce0486e5a10fee87bbf756?s=96&d=mm&r=g\",\"contentUrl\":\"https:\/\/secure.gravatar.com\/avatar\/c268f4d483ce0486e5a10fee87bbf756?s=96&d=mm&r=g\",\"caption\":\"admin1\"},\"url\":\"https:\/\/culturbaine.com\/index.php\/author\/admin1\/\"}]}<\/script>\n<!-- \/ Yoast SEO Premium plugin. -->","yoast_head_json":{"title":"Fria : Sensibilisation contre la migration irr\u00e9guli\u00e8re \u2013 Le groupe D\u00e9potoir \u00e0 l'\u0153uvre ! - Culturbaine","robots":{"index":"index","follow":"follow","max-snippet":"max-snippet:-1","max-image-preview":"max-image-preview:large","max-video-preview":"max-video-preview:-1"},"canonical":"https:\/\/culturbaine.com\/index.php\/2024\/12\/08\/fria-sensibilisation-contre-la-migration-irreguliere-le-groupe-depotoir-a-loeuvre\/","og_locale":"fr_FR","og_type":"article","og_title":"Fria : Sensibilisation contre la migration irr\u00e9guli\u00e8re \u2013 Le groupe D\u00e9potoir \u00e0 l'\u0153uvre !","og_description":"Le vendredi 6 d\u00e9cembre, la maison des jeunes de Fria a accueilli une initiative importante de sensibilisation contre la migration irr\u00e9guli\u00e8re. Organis\u00e9 par l&rsquo;Organisation Guin\u00e9enne pour la Lutte contre la Migration Irr\u00e9guli\u00e8re (OGLMI), cet \u00e9v\u00e9nement a vu la participation du groupe de rap guin\u00e9en D\u00e9potoir. L\u2019objectif de cette rencontre \u00e9tait de mobiliser les jeunes et [&hellip;]","og_url":"https:\/\/culturbaine.com\/index.php\/2024\/12\/08\/fria-sensibilisation-contre-la-migration-irreguliere-le-groupe-depotoir-a-loeuvre\/","og_site_name":"Culturbaine","article_publisher":"https:\/\/www.facebook.com\/Culturbaines","article_published_time":"2024-12-08T17:59:44+00:00","og_image":[{"width":716,"height":371,"url":"https:\/\/culturbaine.com\/wp-content\/uploads\/2024\/12\/Screenshot_20241208-175104.jpg","type":"image\/jpeg"}],"author":"admin1","twitter_card":"summary_large_image","twitter_creator":"@culturbaines","twitter_site":"@culturbaines","twitter_misc":{"\u00c9crit par":"admin1","Dur\u00e9e de lecture estim\u00e9e":"2 minutes"},"schema":{"@context":"https:\/\/schema.org","@graph":[{"@type":"Article","@id":"https:\/\/culturbaine.com\/index.php\/2024\/12\/08\/fria-sensibilisation-contre-la-migration-irreguliere-le-groupe-depotoir-a-loeuvre\/#article","isPartOf":{"@id":"https:\/\/culturbaine.com\/index.php\/2024\/12\/08\/fria-sensibilisation-contre-la-migration-irreguliere-le-groupe-depotoir-a-loeuvre\/"},"author":{"name":"admin1","@id":"https:\/\/culturbaine.com\/#\/schema\/person\/42eb7485c572e0746c1ea6b8216c3814"},"headline":"Fria : Sensibilisation contre la migration irr\u00e9guli\u00e8re \u2013 Le groupe D\u00e9potoir \u00e0 l&rsquo;\u0153uvre !","datePublished":"2024-12-08T17:59:44+00:00","dateModified":"2024-12-08T17:59:44+00:00","mainEntityOfPage":{"@id":"https:\/\/culturbaine.com\/index.php\/2024\/12\/08\/fria-sensibilisation-contre-la-migration-irreguliere-le-groupe-depotoir-a-loeuvre\/"},"wordCount":236,"publisher":{"@id":"https:\/\/culturbaine.com\/#organization"},"image":{"@id":"https:\/\/culturbaine.com\/index.php\/2024\/12\/08\/fria-sensibilisation-contre-la-migration-irreguliere-le-groupe-depotoir-a-loeuvre\/#primaryimage"},"thumbnailUrl":"https:\/\/culturbaine.com\/wp-content\/uploads\/2024\/12\/Screenshot_20241208-175104.jpg","articleSection":["Actualit\u00e9","Rap"],"inLanguage":"fr-FR"},{"@type":"WebPage","@id":"https:\/\/culturbaine.com\/index.php\/2024\/12\/08\/fria-sensibilisation-contre-la-migration-irreguliere-le-groupe-depotoir-a-loeuvre\/","url":"https:\/\/culturbaine.com\/index.php\/2024\/12\/08\/fria-sensibilisation-contre-la-migration-irreguliere-le-groupe-depotoir-a-loeuvre\/","name":"Fria : Sensibilisation contre la migration irr\u00e9guli\u00e8re \u2013 Le groupe D\u00e9potoir \u00e0 l'\u0153uvre ! - Culturbaine","isPartOf":{"@id":"https:\/\/culturbaine.com\/#website"},"primaryImageOfPage":{"@id":"https:\/\/culturbaine.com\/index.php\/2024\/12\/08\/fria-sensibilisation-contre-la-migration-irreguliere-le-groupe-depotoir-a-loeuvre\/#primaryimage"},"image":{"@id":"https:\/\/culturbaine.com\/index.php\/2024\/12\/08\/fria-sensibilisation-contre-la-migration-irreguliere-le-groupe-depotoir-a-loeuvre\/#primaryimage"},"thumbnailUrl":"https:\/\/culturbaine.com\/wp-content\/uploads\/2024\/12\/Screenshot_20241208-175104.jpg","datePublished":"2024-12-08T17:59:44+00:00","dateModified":"2024-12-08T17:59:44+00:00","breadcrumb":{"@id":"https:\/\/culturbaine.com\/index.php\/2024\/12\/08\/fria-sensibilisation-contre-la-migration-irreguliere-le-groupe-depotoir-a-loeuvre\/#breadcrumb"},"inLanguage":"fr-FR","potentialAction":[{"@type":"ReadAction","target":["https:\/\/culturbaine.com\/index.php\/2024\/12\/08\/fria-sensibilisation-contre-la-migration-irreguliere-le-groupe-depotoir-a-loeuvre\/"]}]},{"@type":"ImageObject","inLanguage":"fr-FR","@id":"https:\/\/culturbaine.com\/index.php\/2024\/12\/08\/fria-sensibilisation-contre-la-migration-irreguliere-le-groupe-depotoir-a-loeuvre\/#primaryimage","url":"https:\/\/culturbaine.com\/wp-content\/uploads\/2024\/12\/Screenshot_20241208-175104.jpg","contentUrl":"https:\/\/culturbaine.com\/wp-content\/uploads\/2024\/12\/Screenshot_20241208-175104.jpg","width":716,"height":371},{"@type":"BreadcrumbList","@id":"https:\/\/culturbaine.com\/index.php\/2024\/12\/08\/fria-sensibilisation-contre-la-migration-irreguliere-le-groupe-depotoir-a-loeuvre\/#breadcrumb","itemListElement":[{"@type":"ListItem","position":1,"name":"Home","item":"https:\/\/culturbaine.com\/"},{"@type":"ListItem","position":2,"name":"Fria : Sensibilisation contre la migration irr\u00e9guli\u00e8re \u2013 Le groupe D\u00e9potoir \u00e0 l&rsquo;\u0153uvre !"}]},{"@type":"WebSite","@id":"https:\/\/culturbaine.com\/#website","url":"https:\/\/culturbaine.com\/","name":"Culturbaine.com","description":"Toute l&#039;actualit\u00e9 des Cultures Urbaines, en un clic  !","publisher":{"@id":"https:\/\/culturbaine.com\/#organization"},"potentialAction":[{"@type":"SearchAction","target":{"@type":"EntryPoint","urlTemplate":"https:\/\/culturbaine.com\/?s={search_term_string}"},"query-input":{"@type":"PropertyValueSpecification","valueRequired":true,"valueName":"search_term_string"}}],"inLanguage":"fr-FR"},{"@type":"Organization","@id":"https:\/\/culturbaine.com\/#organization","name":"Culturbaine.com","url":"https:\/\/culturbaine.com\/","logo":{"@type":"ImageObject","inLanguage":"fr-FR","@id":"https:\/\/culturbaine.com\/#\/schema\/logo\/image\/","url":"https:\/\/culturbaine.com\/wp-content\/uploads\/2023\/07\/WhatsApp-Image-2023-07-17-at-14.38.18.jpeg","contentUrl":"https:\/\/culturbaine.com\/wp-content\/uploads\/2023\/07\/WhatsApp-Image-2023-07-17-at-14.38.18.jpeg","width":855,"height":270,"caption":"Culturbaine.com"},"image":{"@id":"https:\/\/culturbaine.com\/#\/schema\/logo\/image\/"},"sameAs":["https:\/\/www.facebook.com\/Culturbaines","https:\/\/x.com\/culturbaines"]},{"@type":"Person","@id":"https:\/\/culturbaine.com\/#\/schema\/person\/42eb7485c572e0746c1ea6b8216c3814","name":"admin1","image":{"@type":"ImageObject","inLanguage":"fr-FR","@id":"https:\/\/culturbaine.com\/#\/schema\/person\/image\/","url":"https:\/\/secure.gravatar.com\/avatar\/c268f4d483ce0486e5a10fee87bbf756?s=96&d=mm&r=g","contentUrl":"https:\/\/secure.gravatar.com\/avatar\/c268f4d483ce0486e5a10fee87bbf756?s=96&d=mm&r=g","caption":"admin1"},"url":"https:\/\/culturbaine.com\/index.php\/author\/admin1\/"}]}},"_links":{"self":[{"href":"https:\/\/culturbaine.com\/index.php\/wp-json\/wp\/v2\/posts\/10255"}],"collection":[{"href":"https:\/\/culturbaine.com\/index.php\/wp-json\/wp\/v2\/posts"}],"about":[{"href":"https:\/\/culturbaine.com\/index.php\/wp-json\/wp\/v2\/types\/post"}],"author":[{"embeddable":true,"href":"https:\/\/culturbaine.com\/index.php\/wp-json\/wp\/v2\/users\/2"}],"replies":[{"embeddable":true,"href":"https:\/\/culturbaine.com\/index.php\/wp-json\/wp\/v2\/comments?post=10255"}],"version-history":[{"count":0,"href":"https:\/\/culturbaine.com\/index.php\/wp-json\/wp\/v2\/posts\/10255\/revisions"}],"wp:featuredmedia":[{"embeddable":true,"href":"https:\/\/culturbaine.com\/index.php\/wp-json\/wp\/v2\/media\/10256"}],"wp:attachment":[{"href":"https:\/\/culturbaine.com\/index.php\/wp-json\/wp\/v2\/media?parent=10255"}],"wp:term":[{"taxonomy":"category","embeddable":true,"href":"https:\/\/culturbaine.com\/index.php\/wp-json\/wp\/v2\/categories?post=10255"},{"taxonomy":"post_tag","embeddable":true,"href":"https:\/\/culturbaine.com\/index.php\/wp-json\/wp\/v2\/tags?post=10255"}],"curies":[{"name":"wp","href":"https:\/\/api.w.org\/{rel}","templated":true}]}}