{"id":10224,"date":"2024-12-07T08:36:58","date_gmt":"2024-12-07T08:36:58","guid":{"rendered":"https:\/\/culturbaine.com\/?p=10224"},"modified":"2024-12-07T08:36:58","modified_gmt":"2024-12-07T08:36:58","slug":"soul-bangs-en-eclat-au-lancement-du-salon-de-la-bijouterie-guineenne","status":"publish","type":"post","link":"https:\/\/culturbaine.com\/index.php\/2024\/12\/07\/soul-bangs-en-eclat-au-lancement-du-salon-de-la-bijouterie-guineenne\/","title":{"rendered":"Soul Bang\u2019s en \u00e9clat au lancement du Salon de la bijouterie guin\u00e9enne"},"content":{"rendered":"<p>Le chanteur guin\u00e9en de RnB, <strong>Soul Bang\u2019s<\/strong>, a honor\u00e9 de sa pr\u00e9sence, cet apr\u00e8s-midi, le lancement officiel de la premi\u00e8re \u00e9dition du <strong>Salon de la bijouterie guin\u00e9enne<\/strong>, organis\u00e9 \u00e0 l\u2019h\u00f4tel Kaloum par<strong> Univers Design Pro<\/strong> . Fid\u00e8le \u00e0 son engagement pour la promotion des talents locaux, l\u2019artiste \u00e0 la voix soul a apport\u00e9 son soutien \u00e0 cet \u00e9v\u00e9nement, mettant en lumi\u00e8re le savoir-faire des artisans guin\u00e9ens sp\u00e9cialis\u00e9s dans la bijouterie.<\/p>\n<p>La c\u00e9r\u00e9monie d\u2019ouverture a rassembl\u00e9 plusieurs personnalit\u00e9s de haut rang, parmi lesquelles des autorit\u00e9s publiques, des artisans, ainsi que des amateurs et passionn\u00e9s de bijoux. Dans son discours, M. <strong>Joe Keita<\/strong>, responsable des programmes, a expliqu\u00e9 les motivations et objectifs de ce salon :<\/p>\n<p>\u00ab <em><strong>Nous avons pens\u00e9 \u00e0 honorer et \u00e0 gratifier le savoir-faire guin\u00e9en \u00e0 travers cet \u00e9v\u00e9nement. Nous n\u2019allons pas passer sans dire \u201cmerci\u201d aux autorit\u00e9s comp\u00e9tentes. \u00c7a n\u2019a pas \u00e9t\u00e9 facile certes, mais \u00e7a nous a permis de tirer des le\u00e7ons pour l\u2019organisation. Je dis \u00e9galement merci \u00e0 l\u2019Union nationale des orpailleurs et des bijoutiers de Guin\u00e9e. Au nom de toute la commission d\u2019organisation, nous vous invitons \u00e0 visiter pendant trois jours les stands, les panels [\u2026]. \u00bb<\/strong><\/em><\/p>\n<p>Apr\u00e8s les discours officiels et une visite des stands, la c\u00e9r\u00e9monie a pris une autre dimension gr\u00e2ce \u00e0 la prestation sc\u00e9nique de <strong>Soul Bang\u2019s<\/strong>. Fid\u00e8le \u00e0 son surnom de \u00ab\u00a0<strong>RNB Boss<\/strong>\u00ab\u00a0, l\u2019artiste a envo\u00fbt\u00e9 l\u2019audience avec sa voix captivante et ses chansons \u00e0 succ\u00e8s. Il a litt\u00e9ralement pris le public en otage avec une performance pleine d\u2019\u00e9motions, suscitant enthousiasme et admiration parmi les invit\u00e9s.<\/p>\n<p>Le Salon de la bijouterie guin\u00e9enne, qui se tient jusqu\u2019au 8 d\u00e9cembre \u00e0 l\u2019h\u00f4tel Kaloum, pr\u00e9voit de multiples activit\u00e9s : expositions, \u00e9changes et ventes de bijoux fabriqu\u00e9s par des artisans locaux. Une initiative qui offre une plateforme de visibilit\u00e9 unique pour ces derniers, tout en c\u00e9l\u00e9brant l\u2019art et la culture guin\u00e9enne dans toute leur splendeur.<\/p>\n<p>Ce salon constitue une occasion id\u00e9ale pour les visiteurs de d\u00e9couvrir et soutenir les tr\u00e9sors artisanaux du pays, tout en s\u2019impr\u00e9gnant d\u2019une ambiance festive rehauss\u00e9e par des artistes de renom tels que <strong>Soul Bang\u2019s<\/strong>.<\/p>\n<p><strong>Mohamed Cinq Sylla<\/strong><\/p>\n","protected":false},"excerpt":{"rendered":"<p>Le chanteur guin\u00e9en de RnB, Soul Bang\u2019s, a honor\u00e9 de sa pr\u00e9sence, cet apr\u00e8s-midi, le lancement officiel de la premi\u00e8re \u00e9dition du Salon de la bijouterie guin\u00e9enne, organis\u00e9 \u00e0 l\u2019h\u00f4tel Kaloum par Univers Design Pro . Fid\u00e8le \u00e0 son engagement pour la promotion des talents locaux, l\u2019artiste \u00e0 la voix soul a apport\u00e9 son soutien [&hellip;]<\/p>\n","protected":false},"author":2,"featured_media":10225,"comment_status":"closed","ping_status":"closed","sticky":false,"template":"","format":"standard","meta":{"_mi_skip_tracking":false,"_monsterinsights_sitenote_active":false,"_monsterinsights_sitenote_note":"","_monsterinsights_sitenote_category":0,"footnotes":""},"categories":[21,2831],"tags":[3425,246],"class_list":["post-10224","post","type-post","status-publish","format-standard","has-post-thumbnail","hentry","category-actualite","category-rnb","tag-salon-de-la-bijouterie-guineenne","tag-soul-bangs"],"yoast_head":"<!-- This site is optimized with the Yoast SEO Premium plugin v20.1 (Yoast SEO v24.0) - https:\/\/yoast.com\/wordpress\/plugins\/seo\/ -->\n<title>Soul Bang\u2019s en \u00e9clat au lancement du Salon de la bijouterie guin\u00e9enne - Culturbaine<\/title>\n<meta name=\"robots\" content=\"index, follow, max-snippet:-1, max-image-preview:large, max-video-preview:-1\" \/>\n<link rel=\"canonical\" href=\"https:\/\/culturbaine.com\/index.php\/2024\/12\/07\/soul-bangs-en-eclat-au-lancement-du-salon-de-la-bijouterie-guineenne\/\" \/>\n<meta property=\"og:locale\" content=\"fr_FR\" \/>\n<meta property=\"og:type\" content=\"article\" \/>\n<meta property=\"og:title\" content=\"Soul Bang\u2019s en \u00e9clat au lancement du Salon de la bijouterie guin\u00e9enne\" \/>\n<meta property=\"og:description\" content=\"Le chanteur guin\u00e9en de RnB, Soul Bang\u2019s, a honor\u00e9 de sa pr\u00e9sence, cet apr\u00e8s-midi, le lancement officiel de la premi\u00e8re \u00e9dition du Salon de la bijouterie guin\u00e9enne, organis\u00e9 \u00e0 l\u2019h\u00f4tel Kaloum par Univers Design Pro . Fid\u00e8le \u00e0 son engagement pour la promotion des talents locaux, l\u2019artiste \u00e0 la voix soul a apport\u00e9 son soutien [&hellip;]\" \/>\n<meta property=\"og:url\" content=\"https:\/\/culturbaine.com\/index.php\/2024\/12\/07\/soul-bangs-en-eclat-au-lancement-du-salon-de-la-bijouterie-guineenne\/\" \/>\n<meta property=\"og:site_name\" content=\"Culturbaine\" \/>\n<meta property=\"article:publisher\" content=\"https:\/\/www.facebook.com\/Culturbaines\" \/>\n<meta property=\"article:published_time\" content=\"2024-12-07T08:36:58+00:00\" \/>\n<meta property=\"og:image\" content=\"https:\/\/culturbaine.com\/wp-content\/uploads\/2024\/12\/IMG_20241207_011650.jpg\" \/>\n\t<meta property=\"og:image:width\" content=\"573\" \/>\n\t<meta property=\"og:image:height\" content=\"347\" \/>\n\t<meta property=\"og:image:type\" content=\"image\/jpeg\" \/>\n<meta name=\"author\" content=\"admin1\" \/>\n<meta name=\"twitter:card\" content=\"summary_large_image\" \/>\n<meta name=\"twitter:creator\" content=\"@culturbaines\" \/>\n<meta name=\"twitter:site\" content=\"@culturbaines\" \/>\n<meta name=\"twitter:label1\" content=\"\u00c9crit par\" \/>\n\t<meta name=\"twitter:data1\" content=\"admin1\" \/>\n\t<meta name=\"twitter:label2\" content=\"Dur\u00e9e de lecture estim\u00e9e\" \/>\n\t<meta name=\"twitter:data2\" content=\"2 minutes\" \/>\n<script type=\"application\/ld+json\" class=\"yoast-schema-graph\">{\"@context\":\"https:\/\/schema.org\",\"@graph\":[{\"@type\":\"Article\",\"@id\":\"https:\/\/culturbaine.com\/index.php\/2024\/12\/07\/soul-bangs-en-eclat-au-lancement-du-salon-de-la-bijouterie-guineenne\/#article\",\"isPartOf\":{\"@id\":\"https:\/\/culturbaine.com\/index.php\/2024\/12\/07\/soul-bangs-en-eclat-au-lancement-du-salon-de-la-bijouterie-guineenne\/\"},\"author\":{\"name\":\"admin1\",\"@id\":\"https:\/\/culturbaine.com\/#\/schema\/person\/42eb7485c572e0746c1ea6b8216c3814\"},\"headline\":\"Soul Bang\u2019s en \u00e9clat au lancement du Salon de la bijouterie guin\u00e9enne\",\"datePublished\":\"2024-12-07T08:36:58+00:00\",\"dateModified\":\"2024-12-07T08:36:58+00:00\",\"mainEntityOfPage\":{\"@id\":\"https:\/\/culturbaine.com\/index.php\/2024\/12\/07\/soul-bangs-en-eclat-au-lancement-du-salon-de-la-bijouterie-guineenne\/\"},\"wordCount\":408,\"publisher\":{\"@id\":\"https:\/\/culturbaine.com\/#organization\"},\"image\":{\"@id\":\"https:\/\/culturbaine.com\/index.php\/2024\/12\/07\/soul-bangs-en-eclat-au-lancement-du-salon-de-la-bijouterie-guineenne\/#primaryimage\"},\"thumbnailUrl\":\"https:\/\/culturbaine.com\/wp-content\/uploads\/2024\/12\/IMG_20241207_011650.jpg\",\"keywords\":[\"Salon de la bijouterie guin\u00e9enne\",\"Soul Bang's\"],\"articleSection\":[\"Actualit\u00e9\",\"Rnb\"],\"inLanguage\":\"fr-FR\"},{\"@type\":\"WebPage\",\"@id\":\"https:\/\/culturbaine.com\/index.php\/2024\/12\/07\/soul-bangs-en-eclat-au-lancement-du-salon-de-la-bijouterie-guineenne\/\",\"url\":\"https:\/\/culturbaine.com\/index.php\/2024\/12\/07\/soul-bangs-en-eclat-au-lancement-du-salon-de-la-bijouterie-guineenne\/\",\"name\":\"Soul Bang\u2019s en \u00e9clat au lancement du Salon de la bijouterie guin\u00e9enne - Culturbaine\",\"isPartOf\":{\"@id\":\"https:\/\/culturbaine.com\/#website\"},\"primaryImageOfPage\":{\"@id\":\"https:\/\/culturbaine.com\/index.php\/2024\/12\/07\/soul-bangs-en-eclat-au-lancement-du-salon-de-la-bijouterie-guineenne\/#primaryimage\"},\"image\":{\"@id\":\"https:\/\/culturbaine.com\/index.php\/2024\/12\/07\/soul-bangs-en-eclat-au-lancement-du-salon-de-la-bijouterie-guineenne\/#primaryimage\"},\"thumbnailUrl\":\"https:\/\/culturbaine.com\/wp-content\/uploads\/2024\/12\/IMG_20241207_011650.jpg\",\"datePublished\":\"2024-12-07T08:36:58+00:00\",\"dateModified\":\"2024-12-07T08:36:58+00:00\",\"breadcrumb\":{\"@id\":\"https:\/\/culturbaine.com\/index.php\/2024\/12\/07\/soul-bangs-en-eclat-au-lancement-du-salon-de-la-bijouterie-guineenne\/#breadcrumb\"},\"inLanguage\":\"fr-FR\",\"potentialAction\":[{\"@type\":\"ReadAction\",\"target\":[\"https:\/\/culturbaine.com\/index.php\/2024\/12\/07\/soul-bangs-en-eclat-au-lancement-du-salon-de-la-bijouterie-guineenne\/\"]}]},{\"@type\":\"ImageObject\",\"inLanguage\":\"fr-FR\",\"@id\":\"https:\/\/culturbaine.com\/index.php\/2024\/12\/07\/soul-bangs-en-eclat-au-lancement-du-salon-de-la-bijouterie-guineenne\/#primaryimage\",\"url\":\"https:\/\/culturbaine.com\/wp-content\/uploads\/2024\/12\/IMG_20241207_011650.jpg\",\"contentUrl\":\"https:\/\/culturbaine.com\/wp-content\/uploads\/2024\/12\/IMG_20241207_011650.jpg\",\"width\":573,\"height\":347},{\"@type\":\"BreadcrumbList\",\"@id\":\"https:\/\/culturbaine.com\/index.php\/2024\/12\/07\/soul-bangs-en-eclat-au-lancement-du-salon-de-la-bijouterie-guineenne\/#breadcrumb\",\"itemListElement\":[{\"@type\":\"ListItem\",\"position\":1,\"name\":\"Home\",\"item\":\"https:\/\/culturbaine.com\/\"},{\"@type\":\"ListItem\",\"position\":2,\"name\":\"Soul Bang\u2019s en \u00e9clat au lancement du Salon de la bijouterie guin\u00e9enne\"}]},{\"@type\":\"WebSite\",\"@id\":\"https:\/\/culturbaine.com\/#website\",\"url\":\"https:\/\/culturbaine.com\/\",\"name\":\"Culturbaine.com\",\"description\":\"Toute l&#039;actualit\u00e9 des Cultures Urbaines, en un clic  !\",\"publisher\":{\"@id\":\"https:\/\/culturbaine.com\/#organization\"},\"potentialAction\":[{\"@type\":\"SearchAction\",\"target\":{\"@type\":\"EntryPoint\",\"urlTemplate\":\"https:\/\/culturbaine.com\/?s={search_term_string}\"},\"query-input\":{\"@type\":\"PropertyValueSpecification\",\"valueRequired\":true,\"valueName\":\"search_term_string\"}}],\"inLanguage\":\"fr-FR\"},{\"@type\":\"Organization\",\"@id\":\"https:\/\/culturbaine.com\/#organization\",\"name\":\"Culturbaine.com\",\"url\":\"https:\/\/culturbaine.com\/\",\"logo\":{\"@type\":\"ImageObject\",\"inLanguage\":\"fr-FR\",\"@id\":\"https:\/\/culturbaine.com\/#\/schema\/logo\/image\/\",\"url\":\"https:\/\/culturbaine.com\/wp-content\/uploads\/2023\/07\/WhatsApp-Image-2023-07-17-at-14.38.18.jpeg\",\"contentUrl\":\"https:\/\/culturbaine.com\/wp-content\/uploads\/2023\/07\/WhatsApp-Image-2023-07-17-at-14.38.18.jpeg\",\"width\":855,\"height\":270,\"caption\":\"Culturbaine.com\"},\"image\":{\"@id\":\"https:\/\/culturbaine.com\/#\/schema\/logo\/image\/\"},\"sameAs\":[\"https:\/\/www.facebook.com\/Culturbaines\",\"https:\/\/x.com\/culturbaines\"]},{\"@type\":\"Person\",\"@id\":\"https:\/\/culturbaine.com\/#\/schema\/person\/42eb7485c572e0746c1ea6b8216c3814\",\"name\":\"admin1\",\"image\":{\"@type\":\"ImageObject\",\"inLanguage\":\"fr-FR\",\"@id\":\"https:\/\/culturbaine.com\/#\/schema\/person\/image\/\",\"url\":\"https:\/\/secure.gravatar.com\/avatar\/c268f4d483ce0486e5a10fee87bbf756?s=96&d=mm&r=g\",\"contentUrl\":\"https:\/\/secure.gravatar.com\/avatar\/c268f4d483ce0486e5a10fee87bbf756?s=96&d=mm&r=g\",\"caption\":\"admin1\"},\"url\":\"https:\/\/culturbaine.com\/index.php\/author\/admin1\/\"}]}<\/script>\n<!-- \/ Yoast SEO Premium plugin. -->","yoast_head_json":{"title":"Soul Bang\u2019s en \u00e9clat au lancement du Salon de la bijouterie guin\u00e9enne - Culturbaine","robots":{"index":"index","follow":"follow","max-snippet":"max-snippet:-1","max-image-preview":"max-image-preview:large","max-video-preview":"max-video-preview:-1"},"canonical":"https:\/\/culturbaine.com\/index.php\/2024\/12\/07\/soul-bangs-en-eclat-au-lancement-du-salon-de-la-bijouterie-guineenne\/","og_locale":"fr_FR","og_type":"article","og_title":"Soul Bang\u2019s en \u00e9clat au lancement du Salon de la bijouterie guin\u00e9enne","og_description":"Le chanteur guin\u00e9en de RnB, Soul Bang\u2019s, a honor\u00e9 de sa pr\u00e9sence, cet apr\u00e8s-midi, le lancement officiel de la premi\u00e8re \u00e9dition du Salon de la bijouterie guin\u00e9enne, organis\u00e9 \u00e0 l\u2019h\u00f4tel Kaloum par Univers Design Pro . Fid\u00e8le \u00e0 son engagement pour la promotion des talents locaux, l\u2019artiste \u00e0 la voix soul a apport\u00e9 son soutien [&hellip;]","og_url":"https:\/\/culturbaine.com\/index.php\/2024\/12\/07\/soul-bangs-en-eclat-au-lancement-du-salon-de-la-bijouterie-guineenne\/","og_site_name":"Culturbaine","article_publisher":"https:\/\/www.facebook.com\/Culturbaines","article_published_time":"2024-12-07T08:36:58+00:00","og_image":[{"width":573,"height":347,"url":"https:\/\/culturbaine.com\/wp-content\/uploads\/2024\/12\/IMG_20241207_011650.jpg","type":"image\/jpeg"}],"author":"admin1","twitter_card":"summary_large_image","twitter_creator":"@culturbaines","twitter_site":"@culturbaines","twitter_misc":{"\u00c9crit par":"admin1","Dur\u00e9e de lecture estim\u00e9e":"2 minutes"},"schema":{"@context":"https:\/\/schema.org","@graph":[{"@type":"Article","@id":"https:\/\/culturbaine.com\/index.php\/2024\/12\/07\/soul-bangs-en-eclat-au-lancement-du-salon-de-la-bijouterie-guineenne\/#article","isPartOf":{"@id":"https:\/\/culturbaine.com\/index.php\/2024\/12\/07\/soul-bangs-en-eclat-au-lancement-du-salon-de-la-bijouterie-guineenne\/"},"author":{"name":"admin1","@id":"https:\/\/culturbaine.com\/#\/schema\/person\/42eb7485c572e0746c1ea6b8216c3814"},"headline":"Soul Bang\u2019s en \u00e9clat au lancement du Salon de la bijouterie guin\u00e9enne","datePublished":"2024-12-07T08:36:58+00:00","dateModified":"2024-12-07T08:36:58+00:00","mainEntityOfPage":{"@id":"https:\/\/culturbaine.com\/index.php\/2024\/12\/07\/soul-bangs-en-eclat-au-lancement-du-salon-de-la-bijouterie-guineenne\/"},"wordCount":408,"publisher":{"@id":"https:\/\/culturbaine.com\/#organization"},"image":{"@id":"https:\/\/culturbaine.com\/index.php\/2024\/12\/07\/soul-bangs-en-eclat-au-lancement-du-salon-de-la-bijouterie-guineenne\/#primaryimage"},"thumbnailUrl":"https:\/\/culturbaine.com\/wp-content\/uploads\/2024\/12\/IMG_20241207_011650.jpg","keywords":["Salon de la bijouterie guin\u00e9enne","Soul Bang's"],"articleSection":["Actualit\u00e9","Rnb"],"inLanguage":"fr-FR"},{"@type":"WebPage","@id":"https:\/\/culturbaine.com\/index.php\/2024\/12\/07\/soul-bangs-en-eclat-au-lancement-du-salon-de-la-bijouterie-guineenne\/","url":"https:\/\/culturbaine.com\/index.php\/2024\/12\/07\/soul-bangs-en-eclat-au-lancement-du-salon-de-la-bijouterie-guineenne\/","name":"Soul Bang\u2019s en \u00e9clat au lancement du Salon de la bijouterie guin\u00e9enne - Culturbaine","isPartOf":{"@id":"https:\/\/culturbaine.com\/#website"},"primaryImageOfPage":{"@id":"https:\/\/culturbaine.com\/index.php\/2024\/12\/07\/soul-bangs-en-eclat-au-lancement-du-salon-de-la-bijouterie-guineenne\/#primaryimage"},"image":{"@id":"https:\/\/culturbaine.com\/index.php\/2024\/12\/07\/soul-bangs-en-eclat-au-lancement-du-salon-de-la-bijouterie-guineenne\/#primaryimage"},"thumbnailUrl":"https:\/\/culturbaine.com\/wp-content\/uploads\/2024\/12\/IMG_20241207_011650.jpg","datePublished":"2024-12-07T08:36:58+00:00","dateModified":"2024-12-07T08:36:58+00:00","breadcrumb":{"@id":"https:\/\/culturbaine.com\/index.php\/2024\/12\/07\/soul-bangs-en-eclat-au-lancement-du-salon-de-la-bijouterie-guineenne\/#breadcrumb"},"inLanguage":"fr-FR","potentialAction":[{"@type":"ReadAction","target":["https:\/\/culturbaine.com\/index.php\/2024\/12\/07\/soul-bangs-en-eclat-au-lancement-du-salon-de-la-bijouterie-guineenne\/"]}]},{"@type":"ImageObject","inLanguage":"fr-FR","@id":"https:\/\/culturbaine.com\/index.php\/2024\/12\/07\/soul-bangs-en-eclat-au-lancement-du-salon-de-la-bijouterie-guineenne\/#primaryimage","url":"https:\/\/culturbaine.com\/wp-content\/uploads\/2024\/12\/IMG_20241207_011650.jpg","contentUrl":"https:\/\/culturbaine.com\/wp-content\/uploads\/2024\/12\/IMG_20241207_011650.jpg","width":573,"height":347},{"@type":"BreadcrumbList","@id":"https:\/\/culturbaine.com\/index.php\/2024\/12\/07\/soul-bangs-en-eclat-au-lancement-du-salon-de-la-bijouterie-guineenne\/#breadcrumb","itemListElement":[{"@type":"ListItem","position":1,"name":"Home","item":"https:\/\/culturbaine.com\/"},{"@type":"ListItem","position":2,"name":"Soul Bang\u2019s en \u00e9clat au lancement du Salon de la bijouterie guin\u00e9enne"}]},{"@type":"WebSite","@id":"https:\/\/culturbaine.com\/#website","url":"https:\/\/culturbaine.com\/","name":"Culturbaine.com","description":"Toute l&#039;actualit\u00e9 des Cultures Urbaines, en un clic  !","publisher":{"@id":"https:\/\/culturbaine.com\/#organization"},"potentialAction":[{"@type":"SearchAction","target":{"@type":"EntryPoint","urlTemplate":"https:\/\/culturbaine.com\/?s={search_term_string}"},"query-input":{"@type":"PropertyValueSpecification","valueRequired":true,"valueName":"search_term_string"}}],"inLanguage":"fr-FR"},{"@type":"Organization","@id":"https:\/\/culturbaine.com\/#organization","name":"Culturbaine.com","url":"https:\/\/culturbaine.com\/","logo":{"@type":"ImageObject","inLanguage":"fr-FR","@id":"https:\/\/culturbaine.com\/#\/schema\/logo\/image\/","url":"https:\/\/culturbaine.com\/wp-content\/uploads\/2023\/07\/WhatsApp-Image-2023-07-17-at-14.38.18.jpeg","contentUrl":"https:\/\/culturbaine.com\/wp-content\/uploads\/2023\/07\/WhatsApp-Image-2023-07-17-at-14.38.18.jpeg","width":855,"height":270,"caption":"Culturbaine.com"},"image":{"@id":"https:\/\/culturbaine.com\/#\/schema\/logo\/image\/"},"sameAs":["https:\/\/www.facebook.com\/Culturbaines","https:\/\/x.com\/culturbaines"]},{"@type":"Person","@id":"https:\/\/culturbaine.com\/#\/schema\/person\/42eb7485c572e0746c1ea6b8216c3814","name":"admin1","image":{"@type":"ImageObject","inLanguage":"fr-FR","@id":"https:\/\/culturbaine.com\/#\/schema\/person\/image\/","url":"https:\/\/secure.gravatar.com\/avatar\/c268f4d483ce0486e5a10fee87bbf756?s=96&d=mm&r=g","contentUrl":"https:\/\/secure.gravatar.com\/avatar\/c268f4d483ce0486e5a10fee87bbf756?s=96&d=mm&r=g","caption":"admin1"},"url":"https:\/\/culturbaine.com\/index.php\/author\/admin1\/"}]}},"_links":{"self":[{"href":"https:\/\/culturbaine.com\/index.php\/wp-json\/wp\/v2\/posts\/10224"}],"collection":[{"href":"https:\/\/culturbaine.com\/index.php\/wp-json\/wp\/v2\/posts"}],"about":[{"href":"https:\/\/culturbaine.com\/index.php\/wp-json\/wp\/v2\/types\/post"}],"author":[{"embeddable":true,"href":"https:\/\/culturbaine.com\/index.php\/wp-json\/wp\/v2\/users\/2"}],"replies":[{"embeddable":true,"href":"https:\/\/culturbaine.com\/index.php\/wp-json\/wp\/v2\/comments?post=10224"}],"version-history":[{"count":0,"href":"https:\/\/culturbaine.com\/index.php\/wp-json\/wp\/v2\/posts\/10224\/revisions"}],"wp:featuredmedia":[{"embeddable":true,"href":"https:\/\/culturbaine.com\/index.php\/wp-json\/wp\/v2\/media\/10225"}],"wp:attachment":[{"href":"https:\/\/culturbaine.com\/index.php\/wp-json\/wp\/v2\/media?parent=10224"}],"wp:term":[{"taxonomy":"category","embeddable":true,"href":"https:\/\/culturbaine.com\/index.php\/wp-json\/wp\/v2\/categories?post=10224"},{"taxonomy":"post_tag","embeddable":true,"href":"https:\/\/culturbaine.com\/index.php\/wp-json\/wp\/v2\/tags?post=10224"}],"curies":[{"name":"wp","href":"https:\/\/api.w.org\/{rel}","templated":true}]}}