{"id":10026,"date":"2024-11-23T14:00:29","date_gmt":"2024-11-23T14:00:29","guid":{"rendered":"https:\/\/culturbaine.com\/?p=10026"},"modified":"2024-11-23T13:16:47","modified_gmt":"2024-11-23T13:16:47","slug":"youssef-swatts-dans-le-tout-1er-classement-30-under-30-de-forbes-belgique","status":"publish","type":"post","link":"https:\/\/culturbaine.com\/index.php\/2024\/11\/23\/youssef-swatts-dans-le-tout-1er-classement-30-under-30-de-forbes-belgique\/","title":{"rendered":"Youssef Swatt&rsquo;s dans le tout 1er classement \u00ab\u00a030 under 30\u00a0\u00bb de Forbes Belgique"},"content":{"rendered":"<p>Le rappeur belge <strong>Youssef Swatt&rsquo;s,<\/strong> vainqueur de la saison 3 du concours de rap <strong>Nouvelle \u00c9cole,<\/strong> continue de briller. Jeudi, la version belge du c\u00e9l\u00e8bre magazine am\u00e9ricain Forbes a annonc\u00e9 qu&rsquo;il figurait parmi les trente laur\u00e9ats du tout premier classement \u00ab\u00a0<strong>30 Under 30&Prime;<\/strong> de Forbes Belgique.<\/p>\n<p>Depuis plus de dix ans, <strong>Forbes<\/strong> \u00e9tablit des listes \u00ab\u00a0<strong>30 Under 30<\/strong>\u00a0\u00bb \u00e0 travers le monde. Ces classements mettent en avant de jeunes talents exceptionnels dans divers domaines, c\u00e9l\u00e9brant leurs contributions \u00e9conomiques, sociales et culturelles.<\/p>\n<p>La s\u00e9lection belge honore 30 jeunes entrepreneurs, scientifiques, cr\u00e9ateurs et leaders \u00e2g\u00e9s de moins de 30 ans. Selon le magazine, ces laur\u00e9ats \u00ab\u00a0<em><strong>ne se contentent pas d\u2019exceller dans leur domaine, mais participent \u00e9galement au d\u00e9veloppement \u00e9conomique et social de la Belgique, et parfois bien au-del\u00e0<\/strong><\/em>\u00ab\u00a0.<\/p>\n<p><strong>Youssef Swatt&rsquo;s,<\/strong> \u00e0 travers ses textes poignants et sa plume engag\u00e9e, incarne parfaitement cette vision. F\u00e9licitations \u00e0 ce jeune artiste dont l&rsquo;impact d\u00e9passe d\u00e9sormais les fronti\u00e8res belges.<\/p>\n<p><strong>Mohamed Cinq Sylla<\/strong><\/p>\n","protected":false},"excerpt":{"rendered":"<p>Le rappeur belge Youssef Swatt&rsquo;s, vainqueur de la saison 3 du concours de rap Nouvelle \u00c9cole, continue de briller. Jeudi, la version belge du c\u00e9l\u00e8bre magazine am\u00e9ricain Forbes a annonc\u00e9 qu&rsquo;il figurait parmi les trente laur\u00e9ats du tout premier classement \u00ab\u00a030 Under 30&Prime; de Forbes Belgique. Depuis plus de dix ans, Forbes \u00e9tablit des listes [&hellip;]<\/p>\n","protected":false},"author":2,"featured_media":10027,"comment_status":"closed","ping_status":"closed","sticky":false,"template":"","format":"standard","meta":{"_mi_skip_tracking":false,"_monsterinsights_sitenote_active":false,"_monsterinsights_sitenote_note":"","_monsterinsights_sitenote_category":0,"footnotes":""},"categories":[21,512],"tags":[3438,3435,3436,3437,2777,2763],"class_list":["post-10026","post","type-post","status-publish","format-standard","has-post-thumbnail","hentry","category-actualite","category-rap","tag-30-under-30","tag-forbes","tag-forbes-belgique","tag-magazine-americain","tag-rappeur-belge","tag-youssef-swatts"],"yoast_head":"<!-- This site is optimized with the Yoast SEO Premium plugin v20.1 (Yoast SEO v24.0) - https:\/\/yoast.com\/wordpress\/plugins\/seo\/ -->\n<title>Youssef Swatt&#039;s dans le tout 1er classement &quot;30 under 30&quot; de Forbes Belgique - Culturbaine<\/title>\n<meta name=\"robots\" content=\"index, follow, max-snippet:-1, max-image-preview:large, max-video-preview:-1\" \/>\n<link rel=\"canonical\" href=\"https:\/\/culturbaine.com\/index.php\/2024\/11\/23\/youssef-swatts-dans-le-tout-1er-classement-30-under-30-de-forbes-belgique\/\" \/>\n<meta property=\"og:locale\" content=\"fr_FR\" \/>\n<meta property=\"og:type\" content=\"article\" \/>\n<meta property=\"og:title\" content=\"Youssef Swatt&#039;s dans le tout 1er classement &quot;30 under 30&quot; de Forbes Belgique\" \/>\n<meta property=\"og:description\" content=\"Le rappeur belge Youssef Swatt&rsquo;s, vainqueur de la saison 3 du concours de rap Nouvelle \u00c9cole, continue de briller. Jeudi, la version belge du c\u00e9l\u00e8bre magazine am\u00e9ricain Forbes a annonc\u00e9 qu&rsquo;il figurait parmi les trente laur\u00e9ats du tout premier classement \u00ab\u00a030 Under 30&Prime; de Forbes Belgique. Depuis plus de dix ans, Forbes \u00e9tablit des listes [&hellip;]\" \/>\n<meta property=\"og:url\" content=\"https:\/\/culturbaine.com\/index.php\/2024\/11\/23\/youssef-swatts-dans-le-tout-1er-classement-30-under-30-de-forbes-belgique\/\" \/>\n<meta property=\"og:site_name\" content=\"Culturbaine\" \/>\n<meta property=\"article:publisher\" content=\"https:\/\/www.facebook.com\/Culturbaines\" \/>\n<meta property=\"article:published_time\" content=\"2024-11-23T14:00:29+00:00\" \/>\n<meta property=\"article:modified_time\" content=\"2024-11-23T13:16:47+00:00\" \/>\n<meta property=\"og:image\" content=\"https:\/\/culturbaine.com\/wp-content\/uploads\/2024\/11\/Screenshot_20241123-130555.jpg\" \/>\n\t<meta property=\"og:image:width\" content=\"720\" \/>\n\t<meta property=\"og:image:height\" content=\"386\" \/>\n\t<meta property=\"og:image:type\" content=\"image\/jpeg\" \/>\n<meta name=\"author\" content=\"admin1\" \/>\n<meta name=\"twitter:card\" content=\"summary_large_image\" \/>\n<meta name=\"twitter:creator\" content=\"@culturbaines\" \/>\n<meta name=\"twitter:site\" content=\"@culturbaines\" \/>\n<meta name=\"twitter:label1\" content=\"\u00c9crit par\" \/>\n\t<meta name=\"twitter:data1\" content=\"admin1\" \/>\n\t<meta name=\"twitter:label2\" content=\"Dur\u00e9e de lecture estim\u00e9e\" \/>\n\t<meta name=\"twitter:data2\" content=\"1 minute\" \/>\n<script type=\"application\/ld+json\" class=\"yoast-schema-graph\">{\"@context\":\"https:\/\/schema.org\",\"@graph\":[{\"@type\":\"Article\",\"@id\":\"https:\/\/culturbaine.com\/index.php\/2024\/11\/23\/youssef-swatts-dans-le-tout-1er-classement-30-under-30-de-forbes-belgique\/#article\",\"isPartOf\":{\"@id\":\"https:\/\/culturbaine.com\/index.php\/2024\/11\/23\/youssef-swatts-dans-le-tout-1er-classement-30-under-30-de-forbes-belgique\/\"},\"author\":{\"name\":\"admin1\",\"@id\":\"https:\/\/culturbaine.com\/#\/schema\/person\/42eb7485c572e0746c1ea6b8216c3814\"},\"headline\":\"Youssef Swatt&rsquo;s dans le tout 1er classement \u00ab\u00a030 under 30\u00a0\u00bb de Forbes Belgique\",\"datePublished\":\"2024-11-23T14:00:29+00:00\",\"dateModified\":\"2024-11-23T13:16:47+00:00\",\"mainEntityOfPage\":{\"@id\":\"https:\/\/culturbaine.com\/index.php\/2024\/11\/23\/youssef-swatts-dans-le-tout-1er-classement-30-under-30-de-forbes-belgique\/\"},\"wordCount\":179,\"publisher\":{\"@id\":\"https:\/\/culturbaine.com\/#organization\"},\"image\":{\"@id\":\"https:\/\/culturbaine.com\/index.php\/2024\/11\/23\/youssef-swatts-dans-le-tout-1er-classement-30-under-30-de-forbes-belgique\/#primaryimage\"},\"thumbnailUrl\":\"https:\/\/culturbaine.com\/wp-content\/uploads\/2024\/11\/Screenshot_20241123-130555.jpg\",\"keywords\":[\"30 Under 30\",\"Forbes\",\"Forbes Belgique\",\"Magazine am\u00e9ricain\",\"Rappeur belge\",\"Youssef Swatt's\"],\"articleSection\":[\"Actualit\u00e9\",\"Rap\"],\"inLanguage\":\"fr-FR\"},{\"@type\":\"WebPage\",\"@id\":\"https:\/\/culturbaine.com\/index.php\/2024\/11\/23\/youssef-swatts-dans-le-tout-1er-classement-30-under-30-de-forbes-belgique\/\",\"url\":\"https:\/\/culturbaine.com\/index.php\/2024\/11\/23\/youssef-swatts-dans-le-tout-1er-classement-30-under-30-de-forbes-belgique\/\",\"name\":\"Youssef Swatt's dans le tout 1er classement \\\"30 under 30\\\" de Forbes Belgique - Culturbaine\",\"isPartOf\":{\"@id\":\"https:\/\/culturbaine.com\/#website\"},\"primaryImageOfPage\":{\"@id\":\"https:\/\/culturbaine.com\/index.php\/2024\/11\/23\/youssef-swatts-dans-le-tout-1er-classement-30-under-30-de-forbes-belgique\/#primaryimage\"},\"image\":{\"@id\":\"https:\/\/culturbaine.com\/index.php\/2024\/11\/23\/youssef-swatts-dans-le-tout-1er-classement-30-under-30-de-forbes-belgique\/#primaryimage\"},\"thumbnailUrl\":\"https:\/\/culturbaine.com\/wp-content\/uploads\/2024\/11\/Screenshot_20241123-130555.jpg\",\"datePublished\":\"2024-11-23T14:00:29+00:00\",\"dateModified\":\"2024-11-23T13:16:47+00:00\",\"breadcrumb\":{\"@id\":\"https:\/\/culturbaine.com\/index.php\/2024\/11\/23\/youssef-swatts-dans-le-tout-1er-classement-30-under-30-de-forbes-belgique\/#breadcrumb\"},\"inLanguage\":\"fr-FR\",\"potentialAction\":[{\"@type\":\"ReadAction\",\"target\":[\"https:\/\/culturbaine.com\/index.php\/2024\/11\/23\/youssef-swatts-dans-le-tout-1er-classement-30-under-30-de-forbes-belgique\/\"]}]},{\"@type\":\"ImageObject\",\"inLanguage\":\"fr-FR\",\"@id\":\"https:\/\/culturbaine.com\/index.php\/2024\/11\/23\/youssef-swatts-dans-le-tout-1er-classement-30-under-30-de-forbes-belgique\/#primaryimage\",\"url\":\"https:\/\/culturbaine.com\/wp-content\/uploads\/2024\/11\/Screenshot_20241123-130555.jpg\",\"contentUrl\":\"https:\/\/culturbaine.com\/wp-content\/uploads\/2024\/11\/Screenshot_20241123-130555.jpg\",\"width\":720,\"height\":386},{\"@type\":\"BreadcrumbList\",\"@id\":\"https:\/\/culturbaine.com\/index.php\/2024\/11\/23\/youssef-swatts-dans-le-tout-1er-classement-30-under-30-de-forbes-belgique\/#breadcrumb\",\"itemListElement\":[{\"@type\":\"ListItem\",\"position\":1,\"name\":\"Home\",\"item\":\"https:\/\/culturbaine.com\/\"},{\"@type\":\"ListItem\",\"position\":2,\"name\":\"Youssef Swatt&rsquo;s dans le tout 1er classement \u00ab\u00a030 under 30\u00a0\u00bb de Forbes Belgique\"}]},{\"@type\":\"WebSite\",\"@id\":\"https:\/\/culturbaine.com\/#website\",\"url\":\"https:\/\/culturbaine.com\/\",\"name\":\"Culturbaine.com\",\"description\":\"Toute l&#039;actualit\u00e9 des Cultures Urbaines, en un clic  !\",\"publisher\":{\"@id\":\"https:\/\/culturbaine.com\/#organization\"},\"potentialAction\":[{\"@type\":\"SearchAction\",\"target\":{\"@type\":\"EntryPoint\",\"urlTemplate\":\"https:\/\/culturbaine.com\/?s={search_term_string}\"},\"query-input\":{\"@type\":\"PropertyValueSpecification\",\"valueRequired\":true,\"valueName\":\"search_term_string\"}}],\"inLanguage\":\"fr-FR\"},{\"@type\":\"Organization\",\"@id\":\"https:\/\/culturbaine.com\/#organization\",\"name\":\"Culturbaine.com\",\"url\":\"https:\/\/culturbaine.com\/\",\"logo\":{\"@type\":\"ImageObject\",\"inLanguage\":\"fr-FR\",\"@id\":\"https:\/\/culturbaine.com\/#\/schema\/logo\/image\/\",\"url\":\"https:\/\/culturbaine.com\/wp-content\/uploads\/2023\/07\/WhatsApp-Image-2023-07-17-at-14.38.18.jpeg\",\"contentUrl\":\"https:\/\/culturbaine.com\/wp-content\/uploads\/2023\/07\/WhatsApp-Image-2023-07-17-at-14.38.18.jpeg\",\"width\":855,\"height\":270,\"caption\":\"Culturbaine.com\"},\"image\":{\"@id\":\"https:\/\/culturbaine.com\/#\/schema\/logo\/image\/\"},\"sameAs\":[\"https:\/\/www.facebook.com\/Culturbaines\",\"https:\/\/x.com\/culturbaines\"]},{\"@type\":\"Person\",\"@id\":\"https:\/\/culturbaine.com\/#\/schema\/person\/42eb7485c572e0746c1ea6b8216c3814\",\"name\":\"admin1\",\"image\":{\"@type\":\"ImageObject\",\"inLanguage\":\"fr-FR\",\"@id\":\"https:\/\/culturbaine.com\/#\/schema\/person\/image\/\",\"url\":\"https:\/\/secure.gravatar.com\/avatar\/c268f4d483ce0486e5a10fee87bbf756?s=96&d=mm&r=g\",\"contentUrl\":\"https:\/\/secure.gravatar.com\/avatar\/c268f4d483ce0486e5a10fee87bbf756?s=96&d=mm&r=g\",\"caption\":\"admin1\"},\"url\":\"https:\/\/culturbaine.com\/index.php\/author\/admin1\/\"}]}<\/script>\n<!-- \/ Yoast SEO Premium plugin. -->","yoast_head_json":{"title":"Youssef Swatt's dans le tout 1er classement \"30 under 30\" de Forbes Belgique - Culturbaine","robots":{"index":"index","follow":"follow","max-snippet":"max-snippet:-1","max-image-preview":"max-image-preview:large","max-video-preview":"max-video-preview:-1"},"canonical":"https:\/\/culturbaine.com\/index.php\/2024\/11\/23\/youssef-swatts-dans-le-tout-1er-classement-30-under-30-de-forbes-belgique\/","og_locale":"fr_FR","og_type":"article","og_title":"Youssef Swatt's dans le tout 1er classement \"30 under 30\" de Forbes Belgique","og_description":"Le rappeur belge Youssef Swatt&rsquo;s, vainqueur de la saison 3 du concours de rap Nouvelle \u00c9cole, continue de briller. Jeudi, la version belge du c\u00e9l\u00e8bre magazine am\u00e9ricain Forbes a annonc\u00e9 qu&rsquo;il figurait parmi les trente laur\u00e9ats du tout premier classement \u00ab\u00a030 Under 30&Prime; de Forbes Belgique. Depuis plus de dix ans, Forbes \u00e9tablit des listes [&hellip;]","og_url":"https:\/\/culturbaine.com\/index.php\/2024\/11\/23\/youssef-swatts-dans-le-tout-1er-classement-30-under-30-de-forbes-belgique\/","og_site_name":"Culturbaine","article_publisher":"https:\/\/www.facebook.com\/Culturbaines","article_published_time":"2024-11-23T14:00:29+00:00","article_modified_time":"2024-11-23T13:16:47+00:00","og_image":[{"width":720,"height":386,"url":"https:\/\/culturbaine.com\/wp-content\/uploads\/2024\/11\/Screenshot_20241123-130555.jpg","type":"image\/jpeg"}],"author":"admin1","twitter_card":"summary_large_image","twitter_creator":"@culturbaines","twitter_site":"@culturbaines","twitter_misc":{"\u00c9crit par":"admin1","Dur\u00e9e de lecture estim\u00e9e":"1 minute"},"schema":{"@context":"https:\/\/schema.org","@graph":[{"@type":"Article","@id":"https:\/\/culturbaine.com\/index.php\/2024\/11\/23\/youssef-swatts-dans-le-tout-1er-classement-30-under-30-de-forbes-belgique\/#article","isPartOf":{"@id":"https:\/\/culturbaine.com\/index.php\/2024\/11\/23\/youssef-swatts-dans-le-tout-1er-classement-30-under-30-de-forbes-belgique\/"},"author":{"name":"admin1","@id":"https:\/\/culturbaine.com\/#\/schema\/person\/42eb7485c572e0746c1ea6b8216c3814"},"headline":"Youssef Swatt&rsquo;s dans le tout 1er classement \u00ab\u00a030 under 30\u00a0\u00bb de Forbes Belgique","datePublished":"2024-11-23T14:00:29+00:00","dateModified":"2024-11-23T13:16:47+00:00","mainEntityOfPage":{"@id":"https:\/\/culturbaine.com\/index.php\/2024\/11\/23\/youssef-swatts-dans-le-tout-1er-classement-30-under-30-de-forbes-belgique\/"},"wordCount":179,"publisher":{"@id":"https:\/\/culturbaine.com\/#organization"},"image":{"@id":"https:\/\/culturbaine.com\/index.php\/2024\/11\/23\/youssef-swatts-dans-le-tout-1er-classement-30-under-30-de-forbes-belgique\/#primaryimage"},"thumbnailUrl":"https:\/\/culturbaine.com\/wp-content\/uploads\/2024\/11\/Screenshot_20241123-130555.jpg","keywords":["30 Under 30","Forbes","Forbes Belgique","Magazine am\u00e9ricain","Rappeur belge","Youssef Swatt's"],"articleSection":["Actualit\u00e9","Rap"],"inLanguage":"fr-FR"},{"@type":"WebPage","@id":"https:\/\/culturbaine.com\/index.php\/2024\/11\/23\/youssef-swatts-dans-le-tout-1er-classement-30-under-30-de-forbes-belgique\/","url":"https:\/\/culturbaine.com\/index.php\/2024\/11\/23\/youssef-swatts-dans-le-tout-1er-classement-30-under-30-de-forbes-belgique\/","name":"Youssef Swatt's dans le tout 1er classement \"30 under 30\" de Forbes Belgique - Culturbaine","isPartOf":{"@id":"https:\/\/culturbaine.com\/#website"},"primaryImageOfPage":{"@id":"https:\/\/culturbaine.com\/index.php\/2024\/11\/23\/youssef-swatts-dans-le-tout-1er-classement-30-under-30-de-forbes-belgique\/#primaryimage"},"image":{"@id":"https:\/\/culturbaine.com\/index.php\/2024\/11\/23\/youssef-swatts-dans-le-tout-1er-classement-30-under-30-de-forbes-belgique\/#primaryimage"},"thumbnailUrl":"https:\/\/culturbaine.com\/wp-content\/uploads\/2024\/11\/Screenshot_20241123-130555.jpg","datePublished":"2024-11-23T14:00:29+00:00","dateModified":"2024-11-23T13:16:47+00:00","breadcrumb":{"@id":"https:\/\/culturbaine.com\/index.php\/2024\/11\/23\/youssef-swatts-dans-le-tout-1er-classement-30-under-30-de-forbes-belgique\/#breadcrumb"},"inLanguage":"fr-FR","potentialAction":[{"@type":"ReadAction","target":["https:\/\/culturbaine.com\/index.php\/2024\/11\/23\/youssef-swatts-dans-le-tout-1er-classement-30-under-30-de-forbes-belgique\/"]}]},{"@type":"ImageObject","inLanguage":"fr-FR","@id":"https:\/\/culturbaine.com\/index.php\/2024\/11\/23\/youssef-swatts-dans-le-tout-1er-classement-30-under-30-de-forbes-belgique\/#primaryimage","url":"https:\/\/culturbaine.com\/wp-content\/uploads\/2024\/11\/Screenshot_20241123-130555.jpg","contentUrl":"https:\/\/culturbaine.com\/wp-content\/uploads\/2024\/11\/Screenshot_20241123-130555.jpg","width":720,"height":386},{"@type":"BreadcrumbList","@id":"https:\/\/culturbaine.com\/index.php\/2024\/11\/23\/youssef-swatts-dans-le-tout-1er-classement-30-under-30-de-forbes-belgique\/#breadcrumb","itemListElement":[{"@type":"ListItem","position":1,"name":"Home","item":"https:\/\/culturbaine.com\/"},{"@type":"ListItem","position":2,"name":"Youssef Swatt&rsquo;s dans le tout 1er classement \u00ab\u00a030 under 30\u00a0\u00bb de Forbes Belgique"}]},{"@type":"WebSite","@id":"https:\/\/culturbaine.com\/#website","url":"https:\/\/culturbaine.com\/","name":"Culturbaine.com","description":"Toute l&#039;actualit\u00e9 des Cultures Urbaines, en un clic  !","publisher":{"@id":"https:\/\/culturbaine.com\/#organization"},"potentialAction":[{"@type":"SearchAction","target":{"@type":"EntryPoint","urlTemplate":"https:\/\/culturbaine.com\/?s={search_term_string}"},"query-input":{"@type":"PropertyValueSpecification","valueRequired":true,"valueName":"search_term_string"}}],"inLanguage":"fr-FR"},{"@type":"Organization","@id":"https:\/\/culturbaine.com\/#organization","name":"Culturbaine.com","url":"https:\/\/culturbaine.com\/","logo":{"@type":"ImageObject","inLanguage":"fr-FR","@id":"https:\/\/culturbaine.com\/#\/schema\/logo\/image\/","url":"https:\/\/culturbaine.com\/wp-content\/uploads\/2023\/07\/WhatsApp-Image-2023-07-17-at-14.38.18.jpeg","contentUrl":"https:\/\/culturbaine.com\/wp-content\/uploads\/2023\/07\/WhatsApp-Image-2023-07-17-at-14.38.18.jpeg","width":855,"height":270,"caption":"Culturbaine.com"},"image":{"@id":"https:\/\/culturbaine.com\/#\/schema\/logo\/image\/"},"sameAs":["https:\/\/www.facebook.com\/Culturbaines","https:\/\/x.com\/culturbaines"]},{"@type":"Person","@id":"https:\/\/culturbaine.com\/#\/schema\/person\/42eb7485c572e0746c1ea6b8216c3814","name":"admin1","image":{"@type":"ImageObject","inLanguage":"fr-FR","@id":"https:\/\/culturbaine.com\/#\/schema\/person\/image\/","url":"https:\/\/secure.gravatar.com\/avatar\/c268f4d483ce0486e5a10fee87bbf756?s=96&d=mm&r=g","contentUrl":"https:\/\/secure.gravatar.com\/avatar\/c268f4d483ce0486e5a10fee87bbf756?s=96&d=mm&r=g","caption":"admin1"},"url":"https:\/\/culturbaine.com\/index.php\/author\/admin1\/"}]}},"_links":{"self":[{"href":"https:\/\/culturbaine.com\/index.php\/wp-json\/wp\/v2\/posts\/10026"}],"collection":[{"href":"https:\/\/culturbaine.com\/index.php\/wp-json\/wp\/v2\/posts"}],"about":[{"href":"https:\/\/culturbaine.com\/index.php\/wp-json\/wp\/v2\/types\/post"}],"author":[{"embeddable":true,"href":"https:\/\/culturbaine.com\/index.php\/wp-json\/wp\/v2\/users\/2"}],"replies":[{"embeddable":true,"href":"https:\/\/culturbaine.com\/index.php\/wp-json\/wp\/v2\/comments?post=10026"}],"version-history":[{"count":0,"href":"https:\/\/culturbaine.com\/index.php\/wp-json\/wp\/v2\/posts\/10026\/revisions"}],"wp:featuredmedia":[{"embeddable":true,"href":"https:\/\/culturbaine.com\/index.php\/wp-json\/wp\/v2\/media\/10027"}],"wp:attachment":[{"href":"https:\/\/culturbaine.com\/index.php\/wp-json\/wp\/v2\/media?parent=10026"}],"wp:term":[{"taxonomy":"category","embeddable":true,"href":"https:\/\/culturbaine.com\/index.php\/wp-json\/wp\/v2\/categories?post=10026"},{"taxonomy":"post_tag","embeddable":true,"href":"https:\/\/culturbaine.com\/index.php\/wp-json\/wp\/v2\/tags?post=10026"}],"curies":[{"name":"wp","href":"https:\/\/api.w.org\/{rel}","templated":true}]}}